{"id":10706,"date":"2020-02-11T12:07:22","date_gmt":"2020-02-11T11:07:22","guid":{"rendered":"http:\/\/www.exclusifmag.com\/online\/?p=10706"},"modified":"2021-11-28T16:35:36","modified_gmt":"2021-11-28T15:35:36","slug":"10706-2","status":"publish","type":"post","link":"https:\/\/www.exclusifmag.com\/online\/10706-2\/","title":{"rendered":"St. Moritz Gourmet Festival 2020"},"content":{"rendered":"<h2>Femmes Chefs super stars<br \/>\n<em>La Girl Power aux fourneaux<\/em><\/h2>\n<p><strong>Apr\u00e8s le lancement en janvier, pris d\u2019assaut par les fid\u00e8les du St Moritz Gourmet Festival, avec un sublime programme mitonn\u00e9 aux petits oignons, la manifestation 2020 a connu un triomphe en r\u00e9galant pas moins de 4000 passionn\u00e9s de haute cuisine et amateurs de d\u00e9couvertes culinaires. Pour sa 27e \u00e9dition, le Festival a d\u00e9rog\u00e9 \u00e0 ses habitudes en invitant en exclusivit\u00e9 des femmes &#8211; 10 cheffes internationales toutes multiprim\u00e9es &#8211; \u00e0 faire le <em>buzz<\/em> dans la c\u00e9l\u00e8bre station, install\u00e9es aux fourneaux des plus grands h\u00f4tels partenaires. Tour d\u2019horizon.<\/strong><\/p>\n\n\t\t<style type=\"text\/css\">\n\t\t\t#gallery-1 {\n\t\t\t\tmargin: auto;\n\t\t\t}\n\t\t\t#gallery-1 .gallery-item {\n\t\t\t\tfloat: left;\n\t\t\t\tmargin-top: 10px;\n\t\t\t\ttext-align: center;\n\t\t\t\twidth: 33%;\n\t\t\t}\n\t\t\t#gallery-1 img {\n\t\t\t\tborder: 2px solid #cfcfcf;\n\t\t\t}\n\t\t\t#gallery-1 .gallery-caption {\n\t\t\t\tmargin-left: 0;\n\t\t\t}\n\t\t\t\/* see gallery_shortcode() in wp-includes\/media.php *\/\n\t\t<\/style>\n\t\t<div id='gallery-1' class='gallery galleryid-10706 gallery-columns-3 gallery-size-full'><dl class='gallery-item'>\n\t\t\t<dt class='gallery-icon landscape'>\n\t\t\t\t<a href='https:\/\/www.exclusifmag.com\/online\/wp-content\/uploads\/2020\/02\/1.-St.-Moritz-gourmet-Festival-grande-ouverture-Julius-Baer-2020-au-Kulm-Hotel-.jpg'><img loading=\"lazy\" decoding=\"async\" width=\"900\" height=\"600\" src=\"https:\/\/www.exclusifmag.com\/online\/wp-content\/uploads\/2020\/02\/1.-St.-Moritz-gourmet-Festival-grande-ouverture-Julius-Baer-2020-au-Kulm-Hotel-.jpg\" class=\"attachment-full size-full\" alt=\"St. Moritz Gourmet Festival grande ouverture Julius Baer 2020 au Kulm Hotel\" srcset=\"https:\/\/www.exclusifmag.com\/online\/wp-content\/uploads\/2020\/02\/1.-St.-Moritz-gourmet-Festival-grande-ouverture-Julius-Baer-2020-au-Kulm-Hotel-.jpg 900w, https:\/\/www.exclusifmag.com\/online\/wp-content\/uploads\/2020\/02\/1.-St.-Moritz-gourmet-Festival-grande-ouverture-Julius-Baer-2020-au-Kulm-Hotel--400x267.jpg 400w, https:\/\/www.exclusifmag.com\/online\/wp-content\/uploads\/2020\/02\/1.-St.-Moritz-gourmet-Festival-grande-ouverture-Julius-Baer-2020-au-Kulm-Hotel--768x512.jpg 768w, https:\/\/www.exclusifmag.com\/online\/wp-content\/uploads\/2020\/02\/1.-St.-Moritz-gourmet-Festival-grande-ouverture-Julius-Baer-2020-au-Kulm-Hotel--825x550.jpg 825w\" sizes=\"auto, (max-width: 900px) 100vw, 900px\" \/><\/a>\n\t\t\t<\/dt><\/dl><dl class='gallery-item'>\n\t\t\t<dt class='gallery-icon landscape'>\n\t\t\t\t<a href='https:\/\/www.exclusifmag.com\/online\/wp-content\/uploads\/2020\/02\/2.-Judy-Joo-Grande-ouverture-Julius-Baer-du-Festival-2020-d\u00e9gustation-.jpg'><img loading=\"lazy\" decoding=\"async\" width=\"900\" height=\"600\" src=\"https:\/\/www.exclusifmag.com\/online\/wp-content\/uploads\/2020\/02\/2.-Judy-Joo-Grande-ouverture-Julius-Baer-du-Festival-2020-d\u00e9gustation-.jpg\" class=\"attachment-full size-full\" alt=\"Judy Joo Grande ouverture Julius Baer du Festival 2020 d\u00e9gustation\" srcset=\"https:\/\/www.exclusifmag.com\/online\/wp-content\/uploads\/2020\/02\/2.-Judy-Joo-Grande-ouverture-Julius-Baer-du-Festival-2020-d\u00e9gustation-.jpg 900w, https:\/\/www.exclusifmag.com\/online\/wp-content\/uploads\/2020\/02\/2.-Judy-Joo-Grande-ouverture-Julius-Baer-du-Festival-2020-d\u00e9gustation--400x267.jpg 400w, https:\/\/www.exclusifmag.com\/online\/wp-content\/uploads\/2020\/02\/2.-Judy-Joo-Grande-ouverture-Julius-Baer-du-Festival-2020-d\u00e9gustation--768x512.jpg 768w, https:\/\/www.exclusifmag.com\/online\/wp-content\/uploads\/2020\/02\/2.-Judy-Joo-Grande-ouverture-Julius-Baer-du-Festival-2020-d\u00e9gustation--825x550.jpg 825w\" sizes=\"auto, (max-width: 900px) 100vw, 900px\" \/><\/a>\n\t\t\t<\/dt><\/dl><dl class='gallery-item'>\n\t\t\t<dt class='gallery-icon landscape'>\n\t\t\t\t<a href='https:\/\/www.exclusifmag.com\/online\/wp-content\/uploads\/2020\/02\/3.-Gourmet-Safari-en-Porsche-sponsor-principal-du-festival-et-sponsor-transport-2020.jpg'><img loading=\"lazy\" decoding=\"async\" width=\"900\" height=\"600\" src=\"https:\/\/www.exclusifmag.com\/online\/wp-content\/uploads\/2020\/02\/3.-Gourmet-Safari-en-Porsche-sponsor-principal-du-festival-et-sponsor-transport-2020.jpg\" class=\"attachment-full size-full\" alt=\"Gourmet-Safari en Porsche sponsor principal du Festival et sponsor transport 2020\" srcset=\"https:\/\/www.exclusifmag.com\/online\/wp-content\/uploads\/2020\/02\/3.-Gourmet-Safari-en-Porsche-sponsor-principal-du-festival-et-sponsor-transport-2020.jpg 900w, https:\/\/www.exclusifmag.com\/online\/wp-content\/uploads\/2020\/02\/3.-Gourmet-Safari-en-Porsche-sponsor-principal-du-festival-et-sponsor-transport-2020-400x267.jpg 400w, https:\/\/www.exclusifmag.com\/online\/wp-content\/uploads\/2020\/02\/3.-Gourmet-Safari-en-Porsche-sponsor-principal-du-festival-et-sponsor-transport-2020-768x512.jpg 768w, https:\/\/www.exclusifmag.com\/online\/wp-content\/uploads\/2020\/02\/3.-Gourmet-Safari-en-Porsche-sponsor-principal-du-festival-et-sponsor-transport-2020-825x550.jpg 825w\" sizes=\"auto, (max-width: 900px) 100vw, 900px\" \/><\/a>\n\t\t\t<\/dt><\/dl><br style=\"clear: both\" \/>\n\t\t<\/div>\n\n<p>La <em>Girl Power<\/em> a fonctionn\u00e9 au-del\u00e0 des esp\u00e9rances. En deux \u00e9tapes et par groupes de cinq cheffes, ces dames ont offici\u00e9 \u00e0 tour de r\u00f4le en collaboration avec les chefs r\u00e9sidents et leur brigade qui les ont accueillies en cuisine. Dans le saint des saints d\u2019un fief typiquement masculin, r\u00e9put\u00e9 chasse gard\u00e9e, ils ont cordialement \u00e9chang\u00e9 exp\u00e9riences et id\u00e9es. Et livr\u00e9 leurs petits secrets. D\u00e9couvrant de part et d\u2019autre des m\u00e9thodes, des cuissons, des ingr\u00e9dients et des produits venus d\u2019ailleurs, une op\u00e9ration <em>win-win<\/em> au sommet ! Fabrizio Zanetti, Directeur culinaire du Festival et Chef ex\u00e9cutif du Suvretta House St. Moritz, fid\u00e8le partenaire h\u00f4telier de la manifestation, ne s\u2019est pas tromp\u00e9 dans son choix. Excellent ! En r\u00e9alit\u00e9, il y aurait une pr\u00e9c\u00e9dente s\u00e9lection f\u00e9minine dans l\u2019histoire du Festival. Oui, mais il y a longtemps !<\/p>\n\n\t\t<style type=\"text\/css\">\n\t\t\t#gallery-2 {\n\t\t\t\tmargin: auto;\n\t\t\t}\n\t\t\t#gallery-2 .gallery-item {\n\t\t\t\tfloat: left;\n\t\t\t\tmargin-top: 10px;\n\t\t\t\ttext-align: center;\n\t\t\t\twidth: 50%;\n\t\t\t}\n\t\t\t#gallery-2 img {\n\t\t\t\tborder: 2px solid #cfcfcf;\n\t\t\t}\n\t\t\t#gallery-2 .gallery-caption {\n\t\t\t\tmargin-left: 0;\n\t\t\t}\n\t\t\t\/* see gallery_shortcode() in wp-includes\/media.php *\/\n\t\t<\/style>\n\t\t<div id='gallery-2' class='gallery galleryid-10706 gallery-columns-2 gallery-size-full'><dl class='gallery-item'>\n\t\t\t<dt class='gallery-icon landscape'>\n\t\t\t\t<a href='https:\/\/www.exclusifmag.com\/online\/wp-content\/uploads\/2020\/02\/4.-Fascination-Champagne-2020-avec-Laurent-Perrier-et-ses-subtils-accords-champagne-et-mets-.jpg'><img loading=\"lazy\" decoding=\"async\" width=\"900\" height=\"600\" src=\"https:\/\/www.exclusifmag.com\/online\/wp-content\/uploads\/2020\/02\/4.-Fascination-Champagne-2020-avec-Laurent-Perrier-et-ses-subtils-accords-champagne-et-mets-.jpg\" class=\"attachment-full size-full\" alt=\"Fascination Champagne 2020 avec Laurent Perrier et ses subtils accords champagne et mets\" srcset=\"https:\/\/www.exclusifmag.com\/online\/wp-content\/uploads\/2020\/02\/4.-Fascination-Champagne-2020-avec-Laurent-Perrier-et-ses-subtils-accords-champagne-et-mets-.jpg 900w, https:\/\/www.exclusifmag.com\/online\/wp-content\/uploads\/2020\/02\/4.-Fascination-Champagne-2020-avec-Laurent-Perrier-et-ses-subtils-accords-champagne-et-mets--400x267.jpg 400w, https:\/\/www.exclusifmag.com\/online\/wp-content\/uploads\/2020\/02\/4.-Fascination-Champagne-2020-avec-Laurent-Perrier-et-ses-subtils-accords-champagne-et-mets--768x512.jpg 768w, https:\/\/www.exclusifmag.com\/online\/wp-content\/uploads\/2020\/02\/4.-Fascination-Champagne-2020-avec-Laurent-Perrier-et-ses-subtils-accords-champagne-et-mets--825x550.jpg 825w\" sizes=\"auto, (max-width: 900px) 100vw, 900px\" \/><\/a>\n\t\t\t<\/dt><\/dl><dl class='gallery-item'>\n\t\t\t<dt class='gallery-icon landscape'>\n\t\t\t\t<a href='https:\/\/www.exclusifmag.com\/online\/wp-content\/uploads\/2020\/02\/6.-Gourmet-Safari-Asma-Khan-et-Mario-Taufer-Chef-ex\u00e9cutif-du-Kulm-Hotel-St-Moritz-.jpg'><img loading=\"lazy\" decoding=\"async\" width=\"900\" height=\"600\" src=\"https:\/\/www.exclusifmag.com\/online\/wp-content\/uploads\/2020\/02\/6.-Gourmet-Safari-Asma-Khan-et-Mario-Taufer-Chef-ex\u00e9cutif-du-Kulm-Hotel-St-Moritz-.jpg\" class=\"attachment-full size-full\" alt=\"Gourmet-Safari Asma Khan et Mario Taufer Chef ex\u00e9cutif du Kulm Hotel St Moritz\" srcset=\"https:\/\/www.exclusifmag.com\/online\/wp-content\/uploads\/2020\/02\/6.-Gourmet-Safari-Asma-Khan-et-Mario-Taufer-Chef-ex\u00e9cutif-du-Kulm-Hotel-St-Moritz-.jpg 900w, https:\/\/www.exclusifmag.com\/online\/wp-content\/uploads\/2020\/02\/6.-Gourmet-Safari-Asma-Khan-et-Mario-Taufer-Chef-ex\u00e9cutif-du-Kulm-Hotel-St-Moritz--400x267.jpg 400w, https:\/\/www.exclusifmag.com\/online\/wp-content\/uploads\/2020\/02\/6.-Gourmet-Safari-Asma-Khan-et-Mario-Taufer-Chef-ex\u00e9cutif-du-Kulm-Hotel-St-Moritz--768x512.jpg 768w, https:\/\/www.exclusifmag.com\/online\/wp-content\/uploads\/2020\/02\/6.-Gourmet-Safari-Asma-Khan-et-Mario-Taufer-Chef-ex\u00e9cutif-du-Kulm-Hotel-St-Moritz--825x550.jpg 825w\" sizes=\"auto, (max-width: 900px) 100vw, 900px\" \/><\/a>\n\t\t\t<\/dt><\/dl><br style=\"clear: both\" \/>\n\t\t<\/div>\n\n<p>Elles sont venues de loin, de tr\u00e8s loin m\u00eame. \u00c9merveill\u00e9es de l\u2019accueil re\u00e7u \u2013 encore plus chaleureux qu\u2019en Asie, plus efficace qu\u2019en Scandinavie &#8211; de l\u2019hospitalit\u00e9 et de la bienveillance dispens\u00e9es \u00e0 leurs \u00e9gards. Tout a fonctionn\u00e9 comme une horloge suisse, les relations avec les Chefs r\u00e9sidents ont achev\u00e9 de faire de la collaboration, mieux qu\u2019un \u00e9change de grande qualit\u00e9, un partenariat au vrai sens du terme ! <em>Lanshu Chen<\/em> de Taichung \u00e0 Taiwan, <em>Renu Homsombat<\/em> et <em>Bee Satongun<\/em> de Bangkok, <em>Bel Coelho<\/em> de S\u00e0o Paolo, <em>Carolina Baz\u00e1n<\/em> en provenance de Santiago de Chile, <em>Emma Bengtsson<\/em> de New York City, <em>Kamilla Seidler<\/em> de Copenhagen, <em>Cristina Bowerman<\/em> de Rome, ainsi que <em>Asma Khan<\/em> &#8211; d\u2019origine indienne, h\u00e9riti\u00e8re de recettes royales mogholes &#8211; et <em>Judy Joo<\/em>, install\u00e9es toutes les deux \u00e0 Londres\u2026 Un groupe multiculturel dont l\u2019inspiration tient du\u2026 monde !<\/p>\n\n\t\t<style type=\"text\/css\">\n\t\t\t#gallery-3 {\n\t\t\t\tmargin: auto;\n\t\t\t}\n\t\t\t#gallery-3 .gallery-item {\n\t\t\t\tfloat: left;\n\t\t\t\tmargin-top: 10px;\n\t\t\t\ttext-align: center;\n\t\t\t\twidth: 33%;\n\t\t\t}\n\t\t\t#gallery-3 img {\n\t\t\t\tborder: 2px solid #cfcfcf;\n\t\t\t}\n\t\t\t#gallery-3 .gallery-caption {\n\t\t\t\tmargin-left: 0;\n\t\t\t}\n\t\t\t\/* see gallery_shortcode() in wp-includes\/media.php *\/\n\t\t<\/style>\n\t\t<div id='gallery-3' class='gallery galleryid-10706 gallery-columns-3 gallery-size-full'><dl class='gallery-item'>\n\t\t\t<dt class='gallery-icon landscape'>\n\t\t\t\t<a href='https:\/\/www.exclusifmag.com\/online\/wp-content\/uploads\/2020\/02\/7.-Gourmet-Safari-une-m\u00eame-soir\u00e9e-gourmande-dh\u00f4tel-partenaire-en-h\u00f4tel-partenaire-.jpg'><img loading=\"lazy\" decoding=\"async\" width=\"900\" height=\"600\" src=\"https:\/\/www.exclusifmag.com\/online\/wp-content\/uploads\/2020\/02\/7.-Gourmet-Safari-une-m\u00eame-soir\u00e9e-gourmande-dh\u00f4tel-partenaire-en-h\u00f4tel-partenaire-.jpg\" class=\"attachment-full size-full\" alt=\"Gourmet-Safari une m\u00eame soir\u00e9e gourmande d&#039;h\u00f4tel partenaire en h\u00f4tel partenaire\" srcset=\"https:\/\/www.exclusifmag.com\/online\/wp-content\/uploads\/2020\/02\/7.-Gourmet-Safari-une-m\u00eame-soir\u00e9e-gourmande-dh\u00f4tel-partenaire-en-h\u00f4tel-partenaire-.jpg 900w, https:\/\/www.exclusifmag.com\/online\/wp-content\/uploads\/2020\/02\/7.-Gourmet-Safari-une-m\u00eame-soir\u00e9e-gourmande-dh\u00f4tel-partenaire-en-h\u00f4tel-partenaire--400x267.jpg 400w, https:\/\/www.exclusifmag.com\/online\/wp-content\/uploads\/2020\/02\/7.-Gourmet-Safari-une-m\u00eame-soir\u00e9e-gourmande-dh\u00f4tel-partenaire-en-h\u00f4tel-partenaire--768x512.jpg 768w, https:\/\/www.exclusifmag.com\/online\/wp-content\/uploads\/2020\/02\/7.-Gourmet-Safari-une-m\u00eame-soir\u00e9e-gourmande-dh\u00f4tel-partenaire-en-h\u00f4tel-partenaire--825x550.jpg 825w\" sizes=\"auto, (max-width: 900px) 100vw, 900px\" \/><\/a>\n\t\t\t<\/dt><\/dl><dl class='gallery-item'>\n\t\t\t<dt class='gallery-icon landscape'>\n\t\t\t\t<a href='https:\/\/www.exclusifmag.com\/online\/wp-content\/uploads\/2020\/02\/8.-Fabrizio-Zanetti-et-Laushu-Chen-Gourmet-Safari_2020.jpg'><img loading=\"lazy\" decoding=\"async\" width=\"900\" height=\"600\" src=\"https:\/\/www.exclusifmag.com\/online\/wp-content\/uploads\/2020\/02\/8.-Fabrizio-Zanetti-et-Laushu-Chen-Gourmet-Safari_2020.jpg\" class=\"attachment-full size-full\" alt=\"Fabrizio Zanetti et Lanshu Chen Gourmet-Safari_2020\" srcset=\"https:\/\/www.exclusifmag.com\/online\/wp-content\/uploads\/2020\/02\/8.-Fabrizio-Zanetti-et-Laushu-Chen-Gourmet-Safari_2020.jpg 900w, https:\/\/www.exclusifmag.com\/online\/wp-content\/uploads\/2020\/02\/8.-Fabrizio-Zanetti-et-Laushu-Chen-Gourmet-Safari_2020-400x267.jpg 400w, https:\/\/www.exclusifmag.com\/online\/wp-content\/uploads\/2020\/02\/8.-Fabrizio-Zanetti-et-Laushu-Chen-Gourmet-Safari_2020-768x512.jpg 768w, https:\/\/www.exclusifmag.com\/online\/wp-content\/uploads\/2020\/02\/8.-Fabrizio-Zanetti-et-Laushu-Chen-Gourmet-Safari_2020-825x550.jpg 825w\" sizes=\"auto, (max-width: 900px) 100vw, 900px\" \/><\/a>\n\t\t\t<\/dt><\/dl><dl class='gallery-item'>\n\t\t\t<dt class='gallery-icon landscape'>\n\t\t\t\t<a href='https:\/\/www.exclusifmag.com\/online\/wp-content\/uploads\/2020\/02\/9.-Chocolate-Cult-d\u00e9lices-au-Badrutts-Palace-.jpg'><img loading=\"lazy\" decoding=\"async\" width=\"900\" height=\"600\" src=\"https:\/\/www.exclusifmag.com\/online\/wp-content\/uploads\/2020\/02\/9.-Chocolate-Cult-d\u00e9lices-au-Badrutts-Palace-.jpg\" class=\"attachment-full size-full\" alt=\"Chocolate Cult d\u00e9lices au Badrutt&#039;s Palace\" srcset=\"https:\/\/www.exclusifmag.com\/online\/wp-content\/uploads\/2020\/02\/9.-Chocolate-Cult-d\u00e9lices-au-Badrutts-Palace-.jpg 900w, https:\/\/www.exclusifmag.com\/online\/wp-content\/uploads\/2020\/02\/9.-Chocolate-Cult-d\u00e9lices-au-Badrutts-Palace--400x267.jpg 400w, https:\/\/www.exclusifmag.com\/online\/wp-content\/uploads\/2020\/02\/9.-Chocolate-Cult-d\u00e9lices-au-Badrutts-Palace--768x512.jpg 768w, https:\/\/www.exclusifmag.com\/online\/wp-content\/uploads\/2020\/02\/9.-Chocolate-Cult-d\u00e9lices-au-Badrutts-Palace--825x550.jpg 825w\" sizes=\"auto, (max-width: 900px) 100vw, 900px\" \/><\/a>\n\t\t\t<\/dt><\/dl><br style=\"clear: both\" \/>\n\t\t<\/div>\n\n<p>Les influences ta\u00efwanaises, br\u00e9siliennes chiliennes, tha\u00efes, scandinaves et italiennes tout comme indiennes et cor\u00e9ennes ont plus que s\u00e9duit les in\u00e9luctables gourmets et gourmands que l\u2019\u00e9v\u00e9nement attire. Avec le grand succ\u00e8s de l\u2019ouverture officielle du Festival, sous l\u2019\u00e9gide de Julius Baer tenue au Kulm Hotel St Moritz, r\u00e9partie sur 9 jours, l\u2019ensemble de la quarantaine de propositions du Festival a trouv\u00e9 son public, se r\u00e9jouit Martin Scherer. Pr\u00e9sident de l\u2019Association St Moritz Festival, il souligne l\u2019ind\u00e9niable attrait <em>Girl Power,<\/em> c\u2019est en effet un mix heureux, v\u00e9ritable bouquet de rendez-vous gastronomiques et culinaires qui a ravi les convives. Entre autres, <em>Fascination Champagne<\/em>, avec Laurent Perrier au Suvretta House, <em>Gourmet Safari<\/em>, \u00e0 la recherche de saveurs nouvelles d\u2019h\u00f4tel en h\u00f4tel, <em>Gourmet Dinner<\/em> \u00e0 choix avec les chefs r\u00e9sidents et invit\u00e9s, <em>Chocolate Cult<\/em>, d\u00e9gustation au Badrutt\u2019s Palace, le <em>Mountain Brunch<\/em> de Reto Mathis cofondateur du Gourmet Festival\u2026 Et fondre de plaisir, toujours et encore !<\/p>\n\n\t\t<style type=\"text\/css\">\n\t\t\t#gallery-4 {\n\t\t\t\tmargin: auto;\n\t\t\t}\n\t\t\t#gallery-4 .gallery-item {\n\t\t\t\tfloat: left;\n\t\t\t\tmargin-top: 10px;\n\t\t\t\ttext-align: center;\n\t\t\t\twidth: 50%;\n\t\t\t}\n\t\t\t#gallery-4 img {\n\t\t\t\tborder: 2px solid #cfcfcf;\n\t\t\t}\n\t\t\t#gallery-4 .gallery-caption {\n\t\t\t\tmargin-left: 0;\n\t\t\t}\n\t\t\t\/* see gallery_shortcode() in wp-includes\/media.php *\/\n\t\t<\/style>\n\t\t<div id='gallery-4' class='gallery galleryid-10706 gallery-columns-2 gallery-size-full'><dl class='gallery-item'>\n\t\t\t<dt class='gallery-icon landscape'>\n\t\t\t\t<a href='https:\/\/www.exclusifmag.com\/online\/wp-content\/uploads\/2020\/02\/10.Mountain-Brunch-avec-Reto-et-ses-sp\u00e9cialit\u00e9s-r\u00e9gionales-et-autres-delicatessen-..-.jpg'><img loading=\"lazy\" decoding=\"async\" width=\"900\" height=\"600\" src=\"https:\/\/www.exclusifmag.com\/online\/wp-content\/uploads\/2020\/02\/10.Mountain-Brunch-avec-Reto-et-ses-sp\u00e9cialit\u00e9s-r\u00e9gionales-et-autres-delicatessen-..-.jpg\" class=\"attachment-full size-full\" alt=\"Reto Mountain Brunch avec Reto Mathis et ses sp\u00e9cialit\u00e9s r\u00e9gionales et autres delicatessen ..\" srcset=\"https:\/\/www.exclusifmag.com\/online\/wp-content\/uploads\/2020\/02\/10.Mountain-Brunch-avec-Reto-et-ses-sp\u00e9cialit\u00e9s-r\u00e9gionales-et-autres-delicatessen-..-.jpg 900w, https:\/\/www.exclusifmag.com\/online\/wp-content\/uploads\/2020\/02\/10.Mountain-Brunch-avec-Reto-et-ses-sp\u00e9cialit\u00e9s-r\u00e9gionales-et-autres-delicatessen-..--400x267.jpg 400w, https:\/\/www.exclusifmag.com\/online\/wp-content\/uploads\/2020\/02\/10.Mountain-Brunch-avec-Reto-et-ses-sp\u00e9cialit\u00e9s-r\u00e9gionales-et-autres-delicatessen-..--768x512.jpg 768w, https:\/\/www.exclusifmag.com\/online\/wp-content\/uploads\/2020\/02\/10.Mountain-Brunch-avec-Reto-et-ses-sp\u00e9cialit\u00e9s-r\u00e9gionales-et-autres-delicatessen-..--825x550.jpg 825w\" sizes=\"auto, (max-width: 900px) 100vw, 900px\" \/><\/a>\n\t\t\t<\/dt><\/dl><dl class='gallery-item'>\n\t\t\t<dt class='gallery-icon landscape'>\n\t\t\t\t<a href='https:\/\/www.exclusifmag.com\/online\/wp-content\/uploads\/2020\/02\/11.-Mountain-Brunch-le-fromage-\u00e0-lhonneur-.jpg'><img loading=\"lazy\" decoding=\"async\" width=\"900\" height=\"600\" src=\"https:\/\/www.exclusifmag.com\/online\/wp-content\/uploads\/2020\/02\/11.-Mountain-Brunch-le-fromage-\u00e0-lhonneur-.jpg\" class=\"attachment-full size-full\" alt=\"Mountain Brunch le fromage \u00e0 l&#039;honneur\" srcset=\"https:\/\/www.exclusifmag.com\/online\/wp-content\/uploads\/2020\/02\/11.-Mountain-Brunch-le-fromage-\u00e0-lhonneur-.jpg 900w, https:\/\/www.exclusifmag.com\/online\/wp-content\/uploads\/2020\/02\/11.-Mountain-Brunch-le-fromage-\u00e0-lhonneur--400x267.jpg 400w, https:\/\/www.exclusifmag.com\/online\/wp-content\/uploads\/2020\/02\/11.-Mountain-Brunch-le-fromage-\u00e0-lhonneur--768x512.jpg 768w, https:\/\/www.exclusifmag.com\/online\/wp-content\/uploads\/2020\/02\/11.-Mountain-Brunch-le-fromage-\u00e0-lhonneur--825x550.jpg 825w\" sizes=\"auto, (max-width: 900px) 100vw, 900px\" \/><\/a>\n\t\t\t<\/dt><\/dl><br style=\"clear: both\" \/>\n\t\t<\/div>\n\n<p>Pour la cl\u00f4ture du 27e <em>St Moritz Gourmet Festiva<\/em>l, c\u2019est au nouveau sponsor principal du Festival &#8211; la c\u00e9l\u00e8bre marque automobile Porsche qui a v\u00e9hicul\u00e9 les convives durant la manifestation &#8211; que revient la palme du <em>Porsche Gourmet Finale<\/em>. En pr\u00e9sence de Michael Glinski, CEO de Porsche Schweiz AG, la soir\u00e9e de gala, point culminant de St Moritz et de ses 9 journ\u00e9es gastronomiques, a \u00e9t\u00e9 accueillie au Suvretta House accompagn\u00e9e par le Walter Ricci Quartet. Apr\u00e8s l\u2019\u00e9l\u00e9gant cocktail au Champagne et la ronde des entr\u00e9es, \u00e0 l\u2019issue du repas, pr\u00e9sent\u00e9es par Anna Campell, les cinq cheffes invit\u00e9es officiant ce soir-l\u00e0 en collaboration avec les chefs r\u00e9sidents, ont re\u00e7u une ovation. Bien m\u00e9rit\u00e9e. La date du rendez-vous de 2021 sera d\u00e9voil\u00e9e prochainement.<\/p>\n\n\t\t<style type=\"text\/css\">\n\t\t\t#gallery-5 {\n\t\t\t\tmargin: auto;\n\t\t\t}\n\t\t\t#gallery-5 .gallery-item {\n\t\t\t\tfloat: left;\n\t\t\t\tmargin-top: 10px;\n\t\t\t\ttext-align: center;\n\t\t\t\twidth: 33%;\n\t\t\t}\n\t\t\t#gallery-5 img {\n\t\t\t\tborder: 2px solid #cfcfcf;\n\t\t\t}\n\t\t\t#gallery-5 .gallery-caption {\n\t\t\t\tmargin-left: 0;\n\t\t\t}\n\t\t\t\/* see gallery_shortcode() in wp-includes\/media.php *\/\n\t\t<\/style>\n\t\t<div id='gallery-5' class='gallery galleryid-10706 gallery-columns-3 gallery-size-full'><dl class='gallery-item'>\n\t\t\t<dt class='gallery-icon landscape'>\n\t\t\t\t<a href='https:\/\/www.exclusifmag.com\/online\/wp-content\/uploads\/2020\/02\/15.-Les-Chefs-en-cusine-excitation-avant-le-rush-de-la-soir\u00e9e-de-gala-Porsche-Gourmet-Finale2020.jpg'><img loading=\"lazy\" decoding=\"async\" width=\"900\" height=\"600\" src=\"https:\/\/www.exclusifmag.com\/online\/wp-content\/uploads\/2020\/02\/15.-Les-Chefs-en-cusine-excitation-avant-le-rush-de-la-soir\u00e9e-de-gala-Porsche-Gourmet-Finale2020.jpg\" class=\"attachment-full size-full\" alt=\"Les Chefs en cusine excitation avant le rush de la soir\u00e9e de gala Porsche Gourmet Finale2020\" srcset=\"https:\/\/www.exclusifmag.com\/online\/wp-content\/uploads\/2020\/02\/15.-Les-Chefs-en-cusine-excitation-avant-le-rush-de-la-soir\u00e9e-de-gala-Porsche-Gourmet-Finale2020.jpg 900w, https:\/\/www.exclusifmag.com\/online\/wp-content\/uploads\/2020\/02\/15.-Les-Chefs-en-cusine-excitation-avant-le-rush-de-la-soir\u00e9e-de-gala-Porsche-Gourmet-Finale2020-400x267.jpg 400w, https:\/\/www.exclusifmag.com\/online\/wp-content\/uploads\/2020\/02\/15.-Les-Chefs-en-cusine-excitation-avant-le-rush-de-la-soir\u00e9e-de-gala-Porsche-Gourmet-Finale2020-768x512.jpg 768w, https:\/\/www.exclusifmag.com\/online\/wp-content\/uploads\/2020\/02\/15.-Les-Chefs-en-cusine-excitation-avant-le-rush-de-la-soir\u00e9e-de-gala-Porsche-Gourmet-Finale2020-825x550.jpg 825w\" sizes=\"auto, (max-width: 900px) 100vw, 900px\" \/><\/a>\n\t\t\t<\/dt><\/dl><dl class='gallery-item'>\n\t\t\t<dt class='gallery-icon landscape'>\n\t\t\t\t<a href='https:\/\/www.exclusifmag.com\/online\/wp-content\/uploads\/2020\/02\/13.-Kitchen-Party-les-dix-cheffes-invit\u00e9es-stars-de-l\u00e9dition-2020-et-les-chefs-r\u00e9sidents-des-h\u00f4tels-partenaires-.jpg'><img loading=\"lazy\" decoding=\"async\" width=\"900\" height=\"600\" src=\"https:\/\/www.exclusifmag.com\/online\/wp-content\/uploads\/2020\/02\/13.-Kitchen-Party-les-dix-cheffes-invit\u00e9es-stars-de-l\u00e9dition-2020-et-les-chefs-r\u00e9sidents-des-h\u00f4tels-partenaires-.jpg\" class=\"attachment-full size-full\" alt=\"Kitchen Party les dix cheffes invit\u00e9es stars de l&#039;\u00e9dition 2020 et les chefs r\u00e9sidents des h\u00f4tels partenaires\" srcset=\"https:\/\/www.exclusifmag.com\/online\/wp-content\/uploads\/2020\/02\/13.-Kitchen-Party-les-dix-cheffes-invit\u00e9es-stars-de-l\u00e9dition-2020-et-les-chefs-r\u00e9sidents-des-h\u00f4tels-partenaires-.jpg 900w, https:\/\/www.exclusifmag.com\/online\/wp-content\/uploads\/2020\/02\/13.-Kitchen-Party-les-dix-cheffes-invit\u00e9es-stars-de-l\u00e9dition-2020-et-les-chefs-r\u00e9sidents-des-h\u00f4tels-partenaires--400x267.jpg 400w, https:\/\/www.exclusifmag.com\/online\/wp-content\/uploads\/2020\/02\/13.-Kitchen-Party-les-dix-cheffes-invit\u00e9es-stars-de-l\u00e9dition-2020-et-les-chefs-r\u00e9sidents-des-h\u00f4tels-partenaires--768x512.jpg 768w, https:\/\/www.exclusifmag.com\/online\/wp-content\/uploads\/2020\/02\/13.-Kitchen-Party-les-dix-cheffes-invit\u00e9es-stars-de-l\u00e9dition-2020-et-les-chefs-r\u00e9sidents-des-h\u00f4tels-partenaires--825x550.jpg 825w\" sizes=\"auto, (max-width: 900px) 100vw, 900px\" \/><\/a>\n\t\t\t<\/dt><\/dl><dl class='gallery-item'>\n\t\t\t<dt class='gallery-icon landscape'>\n\t\t\t\t<a href='https:\/\/www.exclusifmag.com\/online\/wp-content\/uploads\/2020\/02\/16.-Avec-le-CEO-de-Porsche-Schweitz-AG-Michael-Glinski-lors-du-gala-Porsche-Gourmet-Finale-2020.jpg'><img loading=\"lazy\" decoding=\"async\" width=\"900\" height=\"600\" src=\"https:\/\/www.exclusifmag.com\/online\/wp-content\/uploads\/2020\/02\/16.-Avec-le-CEO-de-Porsche-Schweitz-AG-Michael-Glinski-lors-du-gala-Porsche-Gourmet-Finale-2020.jpg\" class=\"attachment-full size-full\" alt=\"Avec le CEO de Porsche Schweiz AG Michael Glinski lors du gala Porsche Gourmet Finale 2020\" srcset=\"https:\/\/www.exclusifmag.com\/online\/wp-content\/uploads\/2020\/02\/16.-Avec-le-CEO-de-Porsche-Schweitz-AG-Michael-Glinski-lors-du-gala-Porsche-Gourmet-Finale-2020.jpg 900w, https:\/\/www.exclusifmag.com\/online\/wp-content\/uploads\/2020\/02\/16.-Avec-le-CEO-de-Porsche-Schweitz-AG-Michael-Glinski-lors-du-gala-Porsche-Gourmet-Finale-2020-400x267.jpg 400w, https:\/\/www.exclusifmag.com\/online\/wp-content\/uploads\/2020\/02\/16.-Avec-le-CEO-de-Porsche-Schweitz-AG-Michael-Glinski-lors-du-gala-Porsche-Gourmet-Finale-2020-768x512.jpg 768w, https:\/\/www.exclusifmag.com\/online\/wp-content\/uploads\/2020\/02\/16.-Avec-le-CEO-de-Porsche-Schweitz-AG-Michael-Glinski-lors-du-gala-Porsche-Gourmet-Finale-2020-825x550.jpg 825w\" sizes=\"auto, (max-width: 900px) 100vw, 900px\" \/><\/a>\n\t\t\t<\/dt><\/dl><br style=\"clear: both\" \/>\n\t\t<\/div>\n\n<p>&nbsp;<\/p>\n","protected":false},"excerpt":{"rendered":"<p>St Moritz Gourmet Festival 2020<br \/>\nFemmes Chefs super stars<br \/>\nLa Girl Power aux fourneaux<\/p>\n","protected":false},"author":1,"featured_media":10725,"comment_status":"open","ping_status":"open","sticky":false,"template":"","format":"standard","meta":{"footnotes":""},"categories":[4,6,2],"tags":[789,790,788,791,585,144,230,619],"class_list":["post-10706","post","type-post","status-publish","format-standard","has-post-thumbnail","hentry","category-events","category-gastronomie","category-people","tag-haute-gastronomie","tag-martin-scherer","tag-porsche-gourmet-finale","tag-porsche-schweiz","tag-reto-mathis","tag-st-moritz","tag-st-moritz-gourmet-festival","tag-suisse"],"_links":{"self":[{"href":"https:\/\/www.exclusifmag.com\/online\/wp-json\/wp\/v2\/posts\/10706","targetHints":{"allow":["GET"]}}],"collection":[{"href":"https:\/\/www.exclusifmag.com\/online\/wp-json\/wp\/v2\/posts"}],"about":[{"href":"https:\/\/www.exclusifmag.com\/online\/wp-json\/wp\/v2\/types\/post"}],"author":[{"embeddable":true,"href":"https:\/\/www.exclusifmag.com\/online\/wp-json\/wp\/v2\/users\/1"}],"replies":[{"embeddable":true,"href":"https:\/\/www.exclusifmag.com\/online\/wp-json\/wp\/v2\/comments?post=10706"}],"version-history":[{"count":29,"href":"https:\/\/www.exclusifmag.com\/online\/wp-json\/wp\/v2\/posts\/10706\/revisions"}],"predecessor-version":[{"id":10740,"href":"https:\/\/www.exclusifmag.com\/online\/wp-json\/wp\/v2\/posts\/10706\/revisions\/10740"}],"wp:featuredmedia":[{"embeddable":true,"href":"https:\/\/www.exclusifmag.com\/online\/wp-json\/wp\/v2\/media\/10725"}],"wp:attachment":[{"href":"https:\/\/www.exclusifmag.com\/online\/wp-json\/wp\/v2\/media?parent=10706"}],"wp:term":[{"taxonomy":"category","embeddable":true,"href":"https:\/\/www.exclusifmag.com\/online\/wp-json\/wp\/v2\/categories?post=10706"},{"taxonomy":"post_tag","embeddable":true,"href":"https:\/\/www.exclusifmag.com\/online\/wp-json\/wp\/v2\/tags?post=10706"}],"curies":[{"name":"wp","href":"https:\/\/api.w.org\/{rel}","templated":true}]}}