{"id":10757,"date":"2020-02-11T20:29:02","date_gmt":"2020-02-11T19:29:02","guid":{"rendered":"http:\/\/www.exclusifmag.com\/online\/?p=10757"},"modified":"2021-11-28T16:33:37","modified_gmt":"2021-11-28T15:33:37","slug":"du-darjeeling-express-londres","status":"publish","type":"post","link":"https:\/\/www.exclusifmag.com\/online\/du-darjeeling-express-londres\/","title":{"rendered":"Du Darjeeling Express Londres"},"content":{"rendered":"<h2><strong>Au St Moritz Gourmet Festival<\/strong><\/h2>\n<h2><strong><em>Asma Khan enchante les papilles<\/em><\/strong><\/h2>\n<p><strong>Rendez-vous au <em>Kulm Country<\/em> Club avec Asma Khan du <em>Darjeeling Express<\/em> \u00e0 Londres pour un exceptionnel <em>Gourmet Dinner<\/em> de d\u00e9gustation. Cheffe multi \u2013 r\u00e9compens\u00e9e, <em>Woman in Food<\/em> 2019, list\u00e9e au Guide Michelin 2019, elle cumule les distinctions et ne cache pas sa passion pour les mets de ses anc\u00eatres de haute lign\u00e9e moghole. La cheffe \u00e9tait en cuisine avec Christina Bowerman (<em>Glass Hosteria Rome<\/em>), Kamilla Seidler (<em>Lola Copenhague<\/em>), Emma Bengtsson (<em>Aquavit New York City<\/em>) et Bee Santongun (<em>Paste Bangkok<\/em>) pour le grand gala de cl\u00f4ture <em>Porsche Gourmet Finale<\/em> au Suvretta House. Rencontre.<\/strong><\/p>\n\n\t\t<style type=\"text\/css\">\n\t\t\t#gallery-1 {\n\t\t\t\tmargin: auto;\n\t\t\t}\n\t\t\t#gallery-1 .gallery-item {\n\t\t\t\tfloat: left;\n\t\t\t\tmargin-top: 10px;\n\t\t\t\ttext-align: center;\n\t\t\t\twidth: 33%;\n\t\t\t}\n\t\t\t#gallery-1 img {\n\t\t\t\tborder: 2px solid #cfcfcf;\n\t\t\t}\n\t\t\t#gallery-1 .gallery-caption {\n\t\t\t\tmargin-left: 0;\n\t\t\t}\n\t\t\t\/* see gallery_shortcode() in wp-includes\/media.php *\/\n\t\t<\/style>\n\t\t<div id='gallery-1' class='gallery galleryid-10757 gallery-columns-3 gallery-size-full'><dl class='gallery-item'>\n\t\t\t<dt class='gallery-icon landscape'>\n\t\t\t\t<a href='https:\/\/www.exclusifmag.com\/online\/wp-content\/uploads\/2020\/02\/1.-Asma-Khan-et-Mario-Taufer-Chef-ex\u00e9cutive-Hotel-Kum-St-Moritz-lors-dun-Gourmet-Safari-.jpg'><img loading=\"lazy\" decoding=\"async\" width=\"900\" height=\"600\" src=\"https:\/\/www.exclusifmag.com\/online\/wp-content\/uploads\/2020\/02\/1.-Asma-Khan-et-Mario-Taufer-Chef-ex\u00e9cutive-Hotel-Kum-St-Moritz-lors-dun-Gourmet-Safari-.jpg\" class=\"attachment-full size-full\" alt=\"Asma Khan et Mario Taufer Chef ex\u00e9cutive Hotel Kum St Moritz lors d&#039;un Gourmet-Safari\" srcset=\"https:\/\/www.exclusifmag.com\/online\/wp-content\/uploads\/2020\/02\/1.-Asma-Khan-et-Mario-Taufer-Chef-ex\u00e9cutive-Hotel-Kum-St-Moritz-lors-dun-Gourmet-Safari-.jpg 900w, https:\/\/www.exclusifmag.com\/online\/wp-content\/uploads\/2020\/02\/1.-Asma-Khan-et-Mario-Taufer-Chef-ex\u00e9cutive-Hotel-Kum-St-Moritz-lors-dun-Gourmet-Safari--400x267.jpg 400w, https:\/\/www.exclusifmag.com\/online\/wp-content\/uploads\/2020\/02\/1.-Asma-Khan-et-Mario-Taufer-Chef-ex\u00e9cutive-Hotel-Kum-St-Moritz-lors-dun-Gourmet-Safari--768x512.jpg 768w, https:\/\/www.exclusifmag.com\/online\/wp-content\/uploads\/2020\/02\/1.-Asma-Khan-et-Mario-Taufer-Chef-ex\u00e9cutive-Hotel-Kum-St-Moritz-lors-dun-Gourmet-Safari--825x550.jpg 825w\" sizes=\"auto, (max-width: 900px) 100vw, 900px\" \/><\/a>\n\t\t\t<\/dt><\/dl><dl class='gallery-item'>\n\t\t\t<dt class='gallery-icon landscape'>\n\t\t\t\t<a href='https:\/\/www.exclusifmag.com\/online\/wp-content\/uploads\/2020\/02\/2.-Asma-Khan-cheffe-du-Darjeeling-Express-a-Londres-list\u00e9e-au-Guide-Michelin-Woman-in-Food-2019-cumule-les-Prix.jpg'><img loading=\"lazy\" decoding=\"async\" width=\"900\" height=\"600\" src=\"https:\/\/www.exclusifmag.com\/online\/wp-content\/uploads\/2020\/02\/2.-Asma-Khan-cheffe-du-Darjeeling-Express-a-Londres-list\u00e9e-au-Guide-Michelin-Woman-in-Food-2019-cumule-les-Prix.jpg\" class=\"attachment-full size-full\" alt=\"Asma Khan cheffe du Darjeeling Express a Londres, list\u00e9e au Guide Michelin, Woman in Food 2019, cumule les Prix\" srcset=\"https:\/\/www.exclusifmag.com\/online\/wp-content\/uploads\/2020\/02\/2.-Asma-Khan-cheffe-du-Darjeeling-Express-a-Londres-list\u00e9e-au-Guide-Michelin-Woman-in-Food-2019-cumule-les-Prix.jpg 900w, https:\/\/www.exclusifmag.com\/online\/wp-content\/uploads\/2020\/02\/2.-Asma-Khan-cheffe-du-Darjeeling-Express-a-Londres-list\u00e9e-au-Guide-Michelin-Woman-in-Food-2019-cumule-les-Prix-400x267.jpg 400w, https:\/\/www.exclusifmag.com\/online\/wp-content\/uploads\/2020\/02\/2.-Asma-Khan-cheffe-du-Darjeeling-Express-a-Londres-list\u00e9e-au-Guide-Michelin-Woman-in-Food-2019-cumule-les-Prix-768x512.jpg 768w, https:\/\/www.exclusifmag.com\/online\/wp-content\/uploads\/2020\/02\/2.-Asma-Khan-cheffe-du-Darjeeling-Express-a-Londres-list\u00e9e-au-Guide-Michelin-Woman-in-Food-2019-cumule-les-Prix-825x550.jpg 825w\" sizes=\"auto, (max-width: 900px) 100vw, 900px\" \/><\/a>\n\t\t\t<\/dt><\/dl><dl class='gallery-item'>\n\t\t\t<dt class='gallery-icon landscape'>\n\t\t\t\t<a href='https:\/\/www.exclusifmag.com\/online\/wp-content\/uploads\/2020\/02\/4.-Color\u00e9s-pleins-de-saveurs-et-de-parfums-les-plats-dAsma-dinspiration-moghole-cGAD-.jpg'><img loading=\"lazy\" decoding=\"async\" width=\"900\" height=\"600\" src=\"https:\/\/www.exclusifmag.com\/online\/wp-content\/uploads\/2020\/02\/4.-Color\u00e9s-pleins-de-saveurs-et-de-parfums-les-plats-dAsma-dinspiration-moghole-cGAD-.jpg\" class=\"attachment-full size-full\" alt=\"Color\u00e9s pleins de saveurs et de parfums les plats d&#039;Asma d&#039;inspiration moghole (c)GAD\" srcset=\"https:\/\/www.exclusifmag.com\/online\/wp-content\/uploads\/2020\/02\/4.-Color\u00e9s-pleins-de-saveurs-et-de-parfums-les-plats-dAsma-dinspiration-moghole-cGAD-.jpg 900w, https:\/\/www.exclusifmag.com\/online\/wp-content\/uploads\/2020\/02\/4.-Color\u00e9s-pleins-de-saveurs-et-de-parfums-les-plats-dAsma-dinspiration-moghole-cGAD--400x267.jpg 400w, https:\/\/www.exclusifmag.com\/online\/wp-content\/uploads\/2020\/02\/4.-Color\u00e9s-pleins-de-saveurs-et-de-parfums-les-plats-dAsma-dinspiration-moghole-cGAD--768x512.jpg 768w, https:\/\/www.exclusifmag.com\/online\/wp-content\/uploads\/2020\/02\/4.-Color\u00e9s-pleins-de-saveurs-et-de-parfums-les-plats-dAsma-dinspiration-moghole-cGAD--825x550.jpg 825w\" sizes=\"auto, (max-width: 900px) 100vw, 900px\" \/><\/a>\n\t\t\t<\/dt><\/dl><br style=\"clear: both\" \/>\n\t\t<\/div>\n\n<p><strong>S<\/strong>on parcours est \u00e9tonnant et son histoire personnelle pourrait faire l\u2019objet d\u2019un sc\u00e9nario \u00e0 Bollywood. N\u00e9e \u00e0 Calcutta d\u2019une famille d\u2019ascendance royale par sa m\u00e8re, si Asma se passionne d\u00e8s son jeune \u00e2ge pour la cuisine maternelle inspir\u00e9e de ses origines mogholes, elle n\u2019en poursuit pas moins respectueusement la fili\u00e8re dict\u00e9e par sa famille et prend le chemin de la facult\u00e9 de Droit et devient\u2026avocate. Elle pr\u00e9sentera sa th\u00e8se en Droit constitutionnel et se pliera \u00e0 un mariage arrang\u00e9, en accord avec son rang, en \u00e9pousant un professeur d\u2019\u00e9conomie. Tout en r\u00eavant toujours de cuisiner. Le couple vit \u00e0 Londres o\u00f9 son \u00e9poux jouit d\u2019une belle situation et voyage beaucoup\u2026 La <em>success-story<\/em> ne fait que commencer.<\/p>\n\n\t\t<style type=\"text\/css\">\n\t\t\t#gallery-2 {\n\t\t\t\tmargin: auto;\n\t\t\t}\n\t\t\t#gallery-2 .gallery-item {\n\t\t\t\tfloat: left;\n\t\t\t\tmargin-top: 10px;\n\t\t\t\ttext-align: center;\n\t\t\t\twidth: 50%;\n\t\t\t}\n\t\t\t#gallery-2 img {\n\t\t\t\tborder: 2px solid #cfcfcf;\n\t\t\t}\n\t\t\t#gallery-2 .gallery-caption {\n\t\t\t\tmargin-left: 0;\n\t\t\t}\n\t\t\t\/* see gallery_shortcode() in wp-includes\/media.php *\/\n\t\t<\/style>\n\t\t<div id='gallery-2' class='gallery galleryid-10757 gallery-columns-2 gallery-size-full'><dl class='gallery-item'>\n\t\t\t<dt class='gallery-icon landscape'>\n\t\t\t\t<a href='https:\/\/www.exclusifmag.com\/online\/wp-content\/uploads\/2020\/02\/5.-Chefs-Table-toujours-chaleureuse-Asma-Khan-saluant-une-cheffe-invit\u00e9e-_2020.jpg'><img loading=\"lazy\" decoding=\"async\" width=\"900\" height=\"600\" src=\"https:\/\/www.exclusifmag.com\/online\/wp-content\/uploads\/2020\/02\/5.-Chefs-Table-toujours-chaleureuse-Asma-Khan-saluant-une-cheffe-invit\u00e9e-_2020.jpg\" class=\"attachment-full size-full\" alt=\"Toujours chaleureuse Asma Khan saluant une cheffe invit\u00e9e\" srcset=\"https:\/\/www.exclusifmag.com\/online\/wp-content\/uploads\/2020\/02\/5.-Chefs-Table-toujours-chaleureuse-Asma-Khan-saluant-une-cheffe-invit\u00e9e-_2020.jpg 900w, https:\/\/www.exclusifmag.com\/online\/wp-content\/uploads\/2020\/02\/5.-Chefs-Table-toujours-chaleureuse-Asma-Khan-saluant-une-cheffe-invit\u00e9e-_2020-400x267.jpg 400w, https:\/\/www.exclusifmag.com\/online\/wp-content\/uploads\/2020\/02\/5.-Chefs-Table-toujours-chaleureuse-Asma-Khan-saluant-une-cheffe-invit\u00e9e-_2020-768x512.jpg 768w, https:\/\/www.exclusifmag.com\/online\/wp-content\/uploads\/2020\/02\/5.-Chefs-Table-toujours-chaleureuse-Asma-Khan-saluant-une-cheffe-invit\u00e9e-_2020-825x550.jpg 825w\" sizes=\"auto, (max-width: 900px) 100vw, 900px\" \/><\/a>\n\t\t\t<\/dt><\/dl><dl class='gallery-item'>\n\t\t\t<dt class='gallery-icon landscape'>\n\t\t\t\t<a href='https:\/\/www.exclusifmag.com\/online\/wp-content\/uploads\/2020\/02\/7.-Chefs-Table-2020-Asma-Khan-et-les-cheffes-d\u00e9couvrent-la-montagne-.jpg'><img loading=\"lazy\" decoding=\"async\" width=\"900\" height=\"600\" src=\"https:\/\/www.exclusifmag.com\/online\/wp-content\/uploads\/2020\/02\/7.-Chefs-Table-2020-Asma-Khan-et-les-cheffes-d\u00e9couvrent-la-montagne-.jpg\" class=\"attachment-full size-full\" alt=\"Asma Khan et les cheffes d\u00e9couvrent la montagne\" srcset=\"https:\/\/www.exclusifmag.com\/online\/wp-content\/uploads\/2020\/02\/7.-Chefs-Table-2020-Asma-Khan-et-les-cheffes-d\u00e9couvrent-la-montagne-.jpg 900w, https:\/\/www.exclusifmag.com\/online\/wp-content\/uploads\/2020\/02\/7.-Chefs-Table-2020-Asma-Khan-et-les-cheffes-d\u00e9couvrent-la-montagne--400x267.jpg 400w, https:\/\/www.exclusifmag.com\/online\/wp-content\/uploads\/2020\/02\/7.-Chefs-Table-2020-Asma-Khan-et-les-cheffes-d\u00e9couvrent-la-montagne--768x512.jpg 768w, https:\/\/www.exclusifmag.com\/online\/wp-content\/uploads\/2020\/02\/7.-Chefs-Table-2020-Asma-Khan-et-les-cheffes-d\u00e9couvrent-la-montagne--825x550.jpg 825w\" sizes=\"auto, (max-width: 900px) 100vw, 900px\" \/><\/a>\n\t\t\t<\/dt><\/dl><br style=\"clear: both\" \/>\n\t\t<\/div>\n\n<p><a href=\"http:\/\/www.exclusifmag.com\/online\/wp-content\/uploads\/2020\/02\/3.-Les-entr\u00e9es-du-Gourmet-Dinner-concoct\u00e9-par-Asma-Khan-au-Country-Kulm-St-moritz-Gourmet-Festival-c-GAD-.jpg\"><img loading=\"lazy\" decoding=\"async\" class=\"alignleft wp-image-10772\" src=\"http:\/\/www.exclusifmag.com\/online\/wp-content\/uploads\/2020\/02\/3.-Les-entr\u00e9es-du-Gourmet-Dinner-concoct\u00e9-par-Asma-Khan-au-Country-Kulm-St-moritz-Gourmet-Festival-c-GAD-.jpg\" alt=\"Les entr\u00e9es du Gourmet Dinner concoct\u00e9 par Asma Khan au Country Kulm St Moritz Gourmet Festival (c) GAD\" width=\"203\" height=\"305\" srcset=\"https:\/\/www.exclusifmag.com\/online\/wp-content\/uploads\/2020\/02\/3.-Les-entr\u00e9es-du-Gourmet-Dinner-concoct\u00e9-par-Asma-Khan-au-Country-Kulm-St-moritz-Gourmet-Festival-c-GAD-.jpg 600w, https:\/\/www.exclusifmag.com\/online\/wp-content\/uploads\/2020\/02\/3.-Les-entr\u00e9es-du-Gourmet-Dinner-concoct\u00e9-par-Asma-Khan-au-Country-Kulm-St-moritz-Gourmet-Festival-c-GAD--267x400.jpg 267w, https:\/\/www.exclusifmag.com\/online\/wp-content\/uploads\/2020\/02\/3.-Les-entr\u00e9es-du-Gourmet-Dinner-concoct\u00e9-par-Asma-Khan-au-Country-Kulm-St-moritz-Gourmet-Festival-c-GAD--400x600.jpg 400w, https:\/\/www.exclusifmag.com\/online\/wp-content\/uploads\/2020\/02\/3.-Les-entr\u00e9es-du-Gourmet-Dinner-concoct\u00e9-par-Asma-Khan-au-Country-Kulm-St-moritz-Gourmet-Festival-c-GAD--367x550.jpg 367w\" sizes=\"auto, (max-width: 203px) 100vw, 203px\" \/><\/a><strong>P<\/strong>oss\u00e9d\u00e9e par sa passion, avant l\u2019heure, Asma Khan imagine ce qu\u2019on appelle aujourd\u2019hui un pop-up restaurant, un \u00e9tablissement \u00e9ph\u00e9m\u00e8re, \u00e0 domicile qu\u2019elle ouvrira exclusivement en l\u2019absence de son mari. Et, \u00e0 l\u2019insu de celui-ci. Audacieux ! Courageux et insens\u00e9 ! Mais \u00e7a marche, le bouche-\u00e0-oreille galope et les r\u00e9servations pleuvent, explos\u00e9es par les critiques dithyrambiques d\u2019un journaliste. La formule simplifi\u00e9e plait : pas plus de 40 personnes, les convives s\u2019inscrivent \u00e0 l\u2019avance, un menu diff\u00e9rent chaque fois et l\u2019on apporte son alcool pour \u00e9viter les formalit\u00e9s de licence\u2026 La situation s&rsquo;est poursuivie\u00a0 ainsi pendant 4 ans, avant que ses enfants \u2013 incommod\u00e9s par les va-et-vient et tous ces \u00e9trangers envahissants, ne d\u00e9cident de r\u00e9v\u00e9ler l\u2019affaire \u00e0 leur p\u00e8re et \u00e0 la famille.<\/p>\n<p><strong>C<\/strong>\u2019\u00e9tait la fin de ce super club secret que les gens adoraient. Son \u00e9poux, bien que tr\u00e8s d\u00e9\u00e7u par ses agissements et trahi dans sa confiance, a tourn\u00e9 la page sans autre forme de proc\u00e8s\u2026 Et le mariage tient. Mais ce n\u2019est pas pour autant qu\u2019Asma va s\u2019arr\u00eater l\u00e0. Les Moghuls sont des guerriers, des braves, ils ne s\u2019avouent pas vaincus et ne baissent pas les bras. Asma sera bient\u00f4t une cheffe reconnue, une vedette. Ce qui est \u00e9crit adviendra <em>maktoub<\/em> ! Le destin sous l\u2019identit\u00e9 d\u2019un gros propri\u00e9taire immobilier lui propose un espace \u00e0 Londres, parfaitement situ\u00e9 pour un restaurant. Le <em>Darjeeling Express<\/em> est n\u00e9 ! Depuis, Asma Khan caracole en t\u00eate des <em>charts<\/em> d\u00e9crochant successivement les <em>Asian Restaurant Awards<\/em> et <em>Femme Entrepreneure de l\u2019ann\u00e9e 2018<\/em> et dans la m\u00eame foul\u00e9e, l\u2019<em>Asian Women of Achievements Awards<\/em> sans oublier le <em>Prix Gourmand World Cookbook 2018.<\/em> En 2019, Asma Khan verra son portrait r\u00e9alis\u00e9 par Netflix dans la s\u00e9rie \u00e0 succ\u00e8s <em>Chef\u2019s Table<\/em>, une premi\u00e8re en Angleterre !<\/p>\n\n\t\t<style type=\"text\/css\">\n\t\t\t#gallery-3 {\n\t\t\t\tmargin: auto;\n\t\t\t}\n\t\t\t#gallery-3 .gallery-item {\n\t\t\t\tfloat: left;\n\t\t\t\tmargin-top: 10px;\n\t\t\t\ttext-align: center;\n\t\t\t\twidth: 33%;\n\t\t\t}\n\t\t\t#gallery-3 img {\n\t\t\t\tborder: 2px solid #cfcfcf;\n\t\t\t}\n\t\t\t#gallery-3 .gallery-caption {\n\t\t\t\tmargin-left: 0;\n\t\t\t}\n\t\t\t\/* see gallery_shortcode() in wp-includes\/media.php *\/\n\t\t<\/style>\n\t\t<div id='gallery-3' class='gallery galleryid-10757 gallery-columns-3 gallery-size-full'><dl class='gallery-item'>\n\t\t\t<dt class='gallery-icon landscape'>\n\t\t\t\t<a href='https:\/\/www.exclusifmag.com\/online\/wp-content\/uploads\/2020\/02\/8.-Asma-Khan-toujours-conviviale-et-\u00e0-laise-entour\u00e9e-des-cheffes-invit\u00e9s-pour-Chefs-Table-2020.jpg'><img loading=\"lazy\" decoding=\"async\" width=\"900\" height=\"600\" src=\"https:\/\/www.exclusifmag.com\/online\/wp-content\/uploads\/2020\/02\/8.-Asma-Khan-toujours-conviviale-et-\u00e0-laise-entour\u00e9e-des-cheffes-invit\u00e9s-pour-Chefs-Table-2020.jpg\" class=\"attachment-full size-full\" alt=\"Asma Khan toujours conviviale et \u00e0 l&#039;aise entour\u00e9e des cheffes invit\u00e9s pour Chefs Table 2020\" srcset=\"https:\/\/www.exclusifmag.com\/online\/wp-content\/uploads\/2020\/02\/8.-Asma-Khan-toujours-conviviale-et-\u00e0-laise-entour\u00e9e-des-cheffes-invit\u00e9s-pour-Chefs-Table-2020.jpg 900w, https:\/\/www.exclusifmag.com\/online\/wp-content\/uploads\/2020\/02\/8.-Asma-Khan-toujours-conviviale-et-\u00e0-laise-entour\u00e9e-des-cheffes-invit\u00e9s-pour-Chefs-Table-2020-400x267.jpg 400w, https:\/\/www.exclusifmag.com\/online\/wp-content\/uploads\/2020\/02\/8.-Asma-Khan-toujours-conviviale-et-\u00e0-laise-entour\u00e9e-des-cheffes-invit\u00e9s-pour-Chefs-Table-2020-768x512.jpg 768w, https:\/\/www.exclusifmag.com\/online\/wp-content\/uploads\/2020\/02\/8.-Asma-Khan-toujours-conviviale-et-\u00e0-laise-entour\u00e9e-des-cheffes-invit\u00e9s-pour-Chefs-Table-2020-825x550.jpg 825w\" sizes=\"auto, (max-width: 900px) 100vw, 900px\" \/><\/a>\n\t\t\t<\/dt><\/dl><dl class='gallery-item'>\n\t\t\t<dt class='gallery-icon landscape'>\n\t\t\t\t<a href='https:\/\/www.exclusifmag.com\/online\/wp-content\/uploads\/2020\/02\/9.-Asma-en-cuisine-Kitchen-Party-2020-d\u00e9gustation-dans-le-saint-des-saints-.jpg'><img loading=\"lazy\" decoding=\"async\" width=\"900\" height=\"600\" src=\"https:\/\/www.exclusifmag.com\/online\/wp-content\/uploads\/2020\/02\/9.-Asma-en-cuisine-Kitchen-Party-2020-d\u00e9gustation-dans-le-saint-des-saints-.jpg\" class=\"attachment-full size-full\" alt=\"Asma en cuisine Kitchen-Party 2020 d\u00e9gustation dans le saint des saints\" srcset=\"https:\/\/www.exclusifmag.com\/online\/wp-content\/uploads\/2020\/02\/9.-Asma-en-cuisine-Kitchen-Party-2020-d\u00e9gustation-dans-le-saint-des-saints-.jpg 900w, https:\/\/www.exclusifmag.com\/online\/wp-content\/uploads\/2020\/02\/9.-Asma-en-cuisine-Kitchen-Party-2020-d\u00e9gustation-dans-le-saint-des-saints--400x267.jpg 400w, https:\/\/www.exclusifmag.com\/online\/wp-content\/uploads\/2020\/02\/9.-Asma-en-cuisine-Kitchen-Party-2020-d\u00e9gustation-dans-le-saint-des-saints--768x512.jpg 768w, https:\/\/www.exclusifmag.com\/online\/wp-content\/uploads\/2020\/02\/9.-Asma-en-cuisine-Kitchen-Party-2020-d\u00e9gustation-dans-le-saint-des-saints--825x550.jpg 825w\" sizes=\"auto, (max-width: 900px) 100vw, 900px\" \/><\/a>\n\t\t\t<\/dt><\/dl><dl class='gallery-item'>\n\t\t\t<dt class='gallery-icon landscape'>\n\t\t\t\t<a href='https:\/\/www.exclusifmag.com\/online\/wp-content\/uploads\/2020\/02\/10.-Asma-Khan-Kitchen-Party-au-programme-avec-un-chef-r\u00e9sident-St.Moritz-Gourmet-Festival-2020-.jpg'><img loading=\"lazy\" decoding=\"async\" width=\"900\" height=\"600\" src=\"https:\/\/www.exclusifmag.com\/online\/wp-content\/uploads\/2020\/02\/10.-Asma-Khan-Kitchen-Party-au-programme-avec-un-chef-r\u00e9sident-St.Moritz-Gourmet-Festival-2020-.jpg\" class=\"attachment-full size-full\" alt=\"Asma Khan Kitchen Party au programme avec un chef r\u00e9sident St.Moritz Gourmet Festival 2020\" srcset=\"https:\/\/www.exclusifmag.com\/online\/wp-content\/uploads\/2020\/02\/10.-Asma-Khan-Kitchen-Party-au-programme-avec-un-chef-r\u00e9sident-St.Moritz-Gourmet-Festival-2020-.jpg 900w, https:\/\/www.exclusifmag.com\/online\/wp-content\/uploads\/2020\/02\/10.-Asma-Khan-Kitchen-Party-au-programme-avec-un-chef-r\u00e9sident-St.Moritz-Gourmet-Festival-2020--400x267.jpg 400w, https:\/\/www.exclusifmag.com\/online\/wp-content\/uploads\/2020\/02\/10.-Asma-Khan-Kitchen-Party-au-programme-avec-un-chef-r\u00e9sident-St.Moritz-Gourmet-Festival-2020--768x512.jpg 768w, https:\/\/www.exclusifmag.com\/online\/wp-content\/uploads\/2020\/02\/10.-Asma-Khan-Kitchen-Party-au-programme-avec-un-chef-r\u00e9sident-St.Moritz-Gourmet-Festival-2020--825x550.jpg 825w\" sizes=\"auto, (max-width: 900px) 100vw, 900px\" \/><\/a>\n\t\t\t<\/dt><\/dl><br style=\"clear: both\" \/>\n\t\t<\/div>\n\n<p>Passionn\u00e9e par son m\u00e9tier, Asma est tout autant impliqu\u00e9e politiquement. A l\u2019\u00e9coute du monde, elle s\u2019investit socialement et notamment aupr\u00e8s des femmes d\u00e9favoris\u00e9es, victimes de guerres et d\u2019atrocit\u00e9s. En Irak, par exemple, autour d\u2019elles, la cheffe d\u00e9veloppe des caf\u00e9s avec une formation \u00e0 la cl\u00e9, assist\u00e9e de volontaires qu\u2019elle coache. Elle en est convaincue, cuisiner peut briser des cha\u00eenes et apporter la force de s\u2019en sortir, retrouver la confiance perdue dans la souffrance et l\u2019humiliation. Asma travaille en proche collaboration avec la Fondation Lotus. Ces projets, aider les femmes rohingyas &#8211; minorit\u00e9 musulmane de Birmanie &#8211; r\u00e9fugi\u00e9es dans les camps au Bengladesh et, ces malheureuses \u00e0 Calcutta, contraintes \u00e0 la prostitution dans les quartiers dits <em>Red Light District<\/em>. La cheffe veut tout faire pour qu\u2019elles vendent d\u00e9sormais de la nourriture \u00e0 la place de leurs corps\u2026<\/p>\n\n\t\t<style type=\"text\/css\">\n\t\t\t#gallery-4 {\n\t\t\t\tmargin: auto;\n\t\t\t}\n\t\t\t#gallery-4 .gallery-item {\n\t\t\t\tfloat: left;\n\t\t\t\tmargin-top: 10px;\n\t\t\t\ttext-align: center;\n\t\t\t\twidth: 50%;\n\t\t\t}\n\t\t\t#gallery-4 img {\n\t\t\t\tborder: 2px solid #cfcfcf;\n\t\t\t}\n\t\t\t#gallery-4 .gallery-caption {\n\t\t\t\tmargin-left: 0;\n\t\t\t}\n\t\t\t\/* see gallery_shortcode() in wp-includes\/media.php *\/\n\t\t<\/style>\n\t\t<div id='gallery-4' class='gallery galleryid-10757 gallery-columns-2 gallery-size-full'><dl class='gallery-item'>\n\t\t\t<dt class='gallery-icon landscape'>\n\t\t\t\t<a href='https:\/\/www.exclusifmag.com\/online\/wp-content\/uploads\/2020\/02\/11.-Porsche-Gourmet-Finale-2020-Asma-pr\u00e9sent\u00e9e-sur-la-sc\u00e8ne-du-Suvretta-House-.jpg'><img loading=\"lazy\" decoding=\"async\" width=\"900\" height=\"600\" src=\"https:\/\/www.exclusifmag.com\/online\/wp-content\/uploads\/2020\/02\/11.-Porsche-Gourmet-Finale-2020-Asma-pr\u00e9sent\u00e9e-sur-la-sc\u00e8ne-du-Suvretta-House-.jpg\" class=\"attachment-full size-full\" alt=\"Porsche Gourmet Finale 2020 Asma pr\u00e9sent\u00e9e sur la sc\u00e8ne du Suvretta House\" srcset=\"https:\/\/www.exclusifmag.com\/online\/wp-content\/uploads\/2020\/02\/11.-Porsche-Gourmet-Finale-2020-Asma-pr\u00e9sent\u00e9e-sur-la-sc\u00e8ne-du-Suvretta-House-.jpg 900w, https:\/\/www.exclusifmag.com\/online\/wp-content\/uploads\/2020\/02\/11.-Porsche-Gourmet-Finale-2020-Asma-pr\u00e9sent\u00e9e-sur-la-sc\u00e8ne-du-Suvretta-House--400x267.jpg 400w, https:\/\/www.exclusifmag.com\/online\/wp-content\/uploads\/2020\/02\/11.-Porsche-Gourmet-Finale-2020-Asma-pr\u00e9sent\u00e9e-sur-la-sc\u00e8ne-du-Suvretta-House--768x512.jpg 768w, https:\/\/www.exclusifmag.com\/online\/wp-content\/uploads\/2020\/02\/11.-Porsche-Gourmet-Finale-2020-Asma-pr\u00e9sent\u00e9e-sur-la-sc\u00e8ne-du-Suvretta-House--825x550.jpg 825w\" sizes=\"auto, (max-width: 900px) 100vw, 900px\" \/><\/a>\n\t\t\t<\/dt><\/dl><dl class='gallery-item'>\n\t\t\t<dt class='gallery-icon landscape'>\n\t\t\t\t<a href='https:\/\/www.exclusifmag.com\/online\/wp-content\/uploads\/2020\/02\/12.-Emma-Bengstsson-Asma-Khan-Bee-Santongun-Michael-Glinski-CEO-Porsche-Schweitz-AGChristina-Bowermann-Kamilla-Seidler-Porsche-Gourmet-Finale-.jpg'><img loading=\"lazy\" decoding=\"async\" width=\"900\" height=\"600\" src=\"https:\/\/www.exclusifmag.com\/online\/wp-content\/uploads\/2020\/02\/12.-Emma-Bengstsson-Asma-Khan-Bee-Santongun-Michael-Glinski-CEO-Porsche-Schweitz-AGChristina-Bowermann-Kamilla-Seidler-Porsche-Gourmet-Finale-.jpg\" class=\"attachment-full size-full\" alt=\"Emma Bengstsson, Asma Khan, Bee Santongun, Michael Glinski CEO Porsche Schweitz AG,Christina Bowermann, Kamilla Seidler, Porsche Gourmet Finale\" srcset=\"https:\/\/www.exclusifmag.com\/online\/wp-content\/uploads\/2020\/02\/12.-Emma-Bengstsson-Asma-Khan-Bee-Santongun-Michael-Glinski-CEO-Porsche-Schweitz-AGChristina-Bowermann-Kamilla-Seidler-Porsche-Gourmet-Finale-.jpg 900w, https:\/\/www.exclusifmag.com\/online\/wp-content\/uploads\/2020\/02\/12.-Emma-Bengstsson-Asma-Khan-Bee-Santongun-Michael-Glinski-CEO-Porsche-Schweitz-AGChristina-Bowermann-Kamilla-Seidler-Porsche-Gourmet-Finale--400x267.jpg 400w, https:\/\/www.exclusifmag.com\/online\/wp-content\/uploads\/2020\/02\/12.-Emma-Bengstsson-Asma-Khan-Bee-Santongun-Michael-Glinski-CEO-Porsche-Schweitz-AGChristina-Bowermann-Kamilla-Seidler-Porsche-Gourmet-Finale--768x512.jpg 768w, https:\/\/www.exclusifmag.com\/online\/wp-content\/uploads\/2020\/02\/12.-Emma-Bengstsson-Asma-Khan-Bee-Santongun-Michael-Glinski-CEO-Porsche-Schweitz-AGChristina-Bowermann-Kamilla-Seidler-Porsche-Gourmet-Finale--825x550.jpg 825w\" sizes=\"auto, (max-width: 900px) 100vw, 900px\" \/><\/a>\n\t\t\t<\/dt><\/dl><br style=\"clear: both\" \/>\n\t\t<\/div>\n\n<p>Asma Khan r\u00eave de prendre le monde dans ses bras et par sa cuisine et ses saveurs toucher les \u00e2mes ardentes. Offrir son exp\u00e9rience d\u2019auteur, de conf\u00e9renci\u00e8re et de restauratrice pour apporter aux femmes de milieux d\u00e9favoris\u00e9s davantage d\u2019opportunit\u00e9s de s\u2019affirmer en cuisine. Et gastronomie ! Ne manquez pas de la retrouver au <em>Darjeeling Express<\/em>&#8230;<\/p>\n","protected":false},"excerpt":{"rendered":"<p>Du Darjeeling Express &#8211; Londres<br \/>\nAu St Moritz Gourmet Festival<br \/>\nAsma Khan enchante les papilles <\/p>\n","protected":false},"author":1,"featured_media":10782,"comment_status":"open","ping_status":"open","sticky":false,"template":"","format":"standard","meta":{"footnotes":""},"categories":[4,6,5,2],"tags":[794,792,793,144,230,619],"class_list":["post-10757","post","type-post","status-publish","format-standard","has-post-thumbnail","hentry","category-events","category-gastronomie","category-life-art-de-vivre","category-people","tag-asma-khan","tag-darjeeling-express","tag-londres","tag-st-moritz","tag-st-moritz-gourmet-festival","tag-suisse"],"_links":{"self":[{"href":"https:\/\/www.exclusifmag.com\/online\/wp-json\/wp\/v2\/posts\/10757","targetHints":{"allow":["GET"]}}],"collection":[{"href":"https:\/\/www.exclusifmag.com\/online\/wp-json\/wp\/v2\/posts"}],"about":[{"href":"https:\/\/www.exclusifmag.com\/online\/wp-json\/wp\/v2\/types\/post"}],"author":[{"embeddable":true,"href":"https:\/\/www.exclusifmag.com\/online\/wp-json\/wp\/v2\/users\/1"}],"replies":[{"embeddable":true,"href":"https:\/\/www.exclusifmag.com\/online\/wp-json\/wp\/v2\/comments?post=10757"}],"version-history":[{"count":30,"href":"https:\/\/www.exclusifmag.com\/online\/wp-json\/wp\/v2\/posts\/10757\/revisions"}],"predecessor-version":[{"id":17485,"href":"https:\/\/www.exclusifmag.com\/online\/wp-json\/wp\/v2\/posts\/10757\/revisions\/17485"}],"wp:featuredmedia":[{"embeddable":true,"href":"https:\/\/www.exclusifmag.com\/online\/wp-json\/wp\/v2\/media\/10782"}],"wp:attachment":[{"href":"https:\/\/www.exclusifmag.com\/online\/wp-json\/wp\/v2\/media?parent=10757"}],"wp:term":[{"taxonomy":"category","embeddable":true,"href":"https:\/\/www.exclusifmag.com\/online\/wp-json\/wp\/v2\/categories?post=10757"},{"taxonomy":"post_tag","embeddable":true,"href":"https:\/\/www.exclusifmag.com\/online\/wp-json\/wp\/v2\/tags?post=10757"}],"curies":[{"name":"wp","href":"https:\/\/api.w.org\/{rel}","templated":true}]}}