{"id":12318,"date":"2020-07-07T19:23:36","date_gmt":"2020-07-07T17:23:36","guid":{"rendered":"http:\/\/www.exclusifmag.com\/online\/?p=12318"},"modified":"2022-02-07T16:14:07","modified_gmt":"2022-02-07T15:14:07","slug":"retrouvez-la-liberte-de-voyager","status":"publish","type":"post","link":"https:\/\/www.exclusifmag.com\/online\/retrouvez-la-liberte-de-voyager\/","title":{"rendered":"Retrouvez la libert\u00e9 de voyager"},"content":{"rendered":"<h3>Panorama des destinations les plus pris\u00e9es<\/h3>\n<p><a href=\"http:\/\/www.exclusifmag.com\/online\/wp-content\/uploads\/2020\/07\/1.1.-c-ailes-Manuel-Chablais-Kyoto-le-coeur-culturel-du-Japon-est-lex-capitale-imp\u00e9riale-du-pays.jpeg\"><img loading=\"lazy\" decoding=\"async\" class=\"alignleft wp-image-12333\" src=\"http:\/\/www.exclusifmag.com\/online\/wp-content\/uploads\/2020\/07\/1.1.-c-ailes-Manuel-Chablais-Kyoto-le-coeur-culturel-du-Japon-est-lex-capitale-imp\u00e9riale-du-pays.jpeg\" alt=\"(c) ailes Manuel Chablais Kyoto le coeur culturel du Japon est l'ex capitale imp\u00e9riale du pays\" width=\"253\" height=\"337\" srcset=\"https:\/\/www.exclusifmag.com\/online\/wp-content\/uploads\/2020\/07\/1.1.-c-ailes-Manuel-Chablais-Kyoto-le-coeur-culturel-du-Japon-est-lex-capitale-imp\u00e9riale-du-pays.jpeg 675w, https:\/\/www.exclusifmag.com\/online\/wp-content\/uploads\/2020\/07\/1.1.-c-ailes-Manuel-Chablais-Kyoto-le-coeur-culturel-du-Japon-est-lex-capitale-imp\u00e9riale-du-pays-300x400.jpeg 300w, https:\/\/www.exclusifmag.com\/online\/wp-content\/uploads\/2020\/07\/1.1.-c-ailes-Manuel-Chablais-Kyoto-le-coeur-culturel-du-Japon-est-lex-capitale-imp\u00e9riale-du-pays-413x550.jpeg 413w\" sizes=\"auto, (max-width: 253px) 100vw, 253px\" \/><\/a><strong>Confin\u00e9 en un cercle de vie restreint, le monde s\u2019est content\u00e9 ces mois derniers de bourlinguer en r\u00eave. De sillonner l\u2019espace en des parcours virtuels, de naviguer vers des rives inconnues\u2026 De revivre le souvenir de ces rivages familiers faisant partie d\u2019un quotidien qu\u2019on croyait immuable. Et qui, d\u00e9sormais, mena\u00e7ait de s\u2019\u00e9crouler. A\u00e9roports ferm\u00e9s, trains \u00e0 l\u2019arr\u00eat, h\u00f4tels d\u00e9sert\u00e9s, sous le spectre du Coronavirus, le songe s\u2019\u00e9tait fig\u00e9. Mise \u00e0 mal, l\u2019industrie du voyage s\u2019accroche pour survivre, pour perp\u00e9tuer le r\u00eave. Les fronti\u00e8res lev\u00e9es, elle peaufine ses destinations et se lance tous les d\u00e9fis. Regards.<\/strong><\/p>\n<p>Offices de tourisme, compagnies d\u2019aviation, palaces r\u00e9put\u00e9s &#8211; grandes cha\u00eenes internationales ou c\u00e9l\u00e8bres Maisons priv\u00e9es &#8211; toutes les instances concern\u00e9es s\u2019activent pour retrouver leur lustre. Et leurs clients.<\/p>\n<p>&nbsp;<\/p>\n\n\t\t<style type=\"text\/css\">\n\t\t\t#gallery-1 {\n\t\t\t\tmargin: auto;\n\t\t\t}\n\t\t\t#gallery-1 .gallery-item {\n\t\t\t\tfloat: left;\n\t\t\t\tmargin-top: 10px;\n\t\t\t\ttext-align: center;\n\t\t\t\twidth: 50%;\n\t\t\t}\n\t\t\t#gallery-1 img {\n\t\t\t\tborder: 2px solid #cfcfcf;\n\t\t\t}\n\t\t\t#gallery-1 .gallery-caption {\n\t\t\t\tmargin-left: 0;\n\t\t\t}\n\t\t\t\/* see gallery_shortcode() in wp-includes\/media.php *\/\n\t\t<\/style>\n\t\t<div id='gallery-1' class='gallery galleryid-12318 gallery-columns-2 gallery-size-full'><dl class='gallery-item'>\n\t\t\t<dt class='gallery-icon landscape'>\n\t\t\t\t<a href='https:\/\/www.exclusifmag.com\/online\/wp-content\/uploads\/2020\/07\/2.2.-c-CVT-Maldives-Gaafushi-acc\u00e8s-au-restaurant-par-la-passerelle-sur-la-mer.jpg'><img loading=\"lazy\" decoding=\"async\" width=\"900\" height=\"600\" src=\"https:\/\/www.exclusifmag.com\/online\/wp-content\/uploads\/2020\/07\/2.2.-c-CVT-Maldives-Gaafushi-acc\u00e8s-au-restaurant-par-la-passerelle-sur-la-mer.jpg\" class=\"attachment-full size-full\" alt=\"(c) CVT Maldives Gaafushi acc\u00e8s au restaurant par la passerelle sur la mer\" srcset=\"https:\/\/www.exclusifmag.com\/online\/wp-content\/uploads\/2020\/07\/2.2.-c-CVT-Maldives-Gaafushi-acc\u00e8s-au-restaurant-par-la-passerelle-sur-la-mer.jpg 900w, https:\/\/www.exclusifmag.com\/online\/wp-content\/uploads\/2020\/07\/2.2.-c-CVT-Maldives-Gaafushi-acc\u00e8s-au-restaurant-par-la-passerelle-sur-la-mer-400x267.jpg 400w, https:\/\/www.exclusifmag.com\/online\/wp-content\/uploads\/2020\/07\/2.2.-c-CVT-Maldives-Gaafushi-acc\u00e8s-au-restaurant-par-la-passerelle-sur-la-mer-768x512.jpg 768w, https:\/\/www.exclusifmag.com\/online\/wp-content\/uploads\/2020\/07\/2.2.-c-CVT-Maldives-Gaafushi-acc\u00e8s-au-restaurant-par-la-passerelle-sur-la-mer-825x550.jpg 825w\" sizes=\"auto, (max-width: 900px) 100vw, 900px\" \/><\/a>\n\t\t\t<\/dt><\/dl><dl class='gallery-item'>\n\t\t\t<dt class='gallery-icon landscape'>\n\t\t\t\t<a href='https:\/\/www.exclusifmag.com\/online\/wp-content\/uploads\/2020\/07\/2.1.-c-FSHR-Les-Maldives-d\u00e9tente-au-bord-de-la-piscine-face-\u00e0-la-mer.jpg'><img loading=\"lazy\" decoding=\"async\" width=\"900\" height=\"600\" src=\"https:\/\/www.exclusifmag.com\/online\/wp-content\/uploads\/2020\/07\/2.1.-c-FSHR-Les-Maldives-d\u00e9tente-au-bord-de-la-piscine-face-\u00e0-la-mer.jpg\" class=\"attachment-full size-full\" alt=\"(c) FSH&amp;R Les Maldives d\u00e9tente au bord de la piscine face \u00e0 la mer\" srcset=\"https:\/\/www.exclusifmag.com\/online\/wp-content\/uploads\/2020\/07\/2.1.-c-FSHR-Les-Maldives-d\u00e9tente-au-bord-de-la-piscine-face-\u00e0-la-mer.jpg 900w, https:\/\/www.exclusifmag.com\/online\/wp-content\/uploads\/2020\/07\/2.1.-c-FSHR-Les-Maldives-d\u00e9tente-au-bord-de-la-piscine-face-\u00e0-la-mer-400x267.jpg 400w, https:\/\/www.exclusifmag.com\/online\/wp-content\/uploads\/2020\/07\/2.1.-c-FSHR-Les-Maldives-d\u00e9tente-au-bord-de-la-piscine-face-\u00e0-la-mer-768x512.jpg 768w, https:\/\/www.exclusifmag.com\/online\/wp-content\/uploads\/2020\/07\/2.1.-c-FSHR-Les-Maldives-d\u00e9tente-au-bord-de-la-piscine-face-\u00e0-la-mer-825x550.jpg 825w\" sizes=\"auto, (max-width: 900px) 100vw, 900px\" \/><\/a>\n\t\t\t<\/dt><\/dl><br style=\"clear: both\" \/>\n\t\t<\/div>\n\n<p>Investissant massivement dans l\u2019hygi\u00e8ne, prenant garde aux distanciations recommand\u00e9es, s\u2019imposant des certifications <strong><em>Covid 19 Free<\/em><\/strong> et des contr\u00f4les stricts pour rassurer leurs h\u00f4tes, les acteurs principaux de la reprise vont tous au-del\u00e0 des normes requises. Recouvrer la confiance et la s\u00e9curit\u00e9 du voyageur &#8211; et pr\u00e9server celle des collaborateurs &#8211; est le fin mot de la bataille sanitaire. En attendant que (toutes) les fronti\u00e8res s\u2019ouvrent apr\u00e8s celles de Schengen, les contr\u00e9es lointaines hors des limites de l\u2019Europe h\u00e9sitant encore, les professionnels s\u2019activent faisant preuve d\u2019imagination, de formules cr\u00e9atives\u2026 Et de r\u00e9alisme. En ces temps chahut\u00e9s, quels sont les itin\u00e9raires pl\u00e9biscit\u00e9s ?<\/p>\n\n\t\t<style type=\"text\/css\">\n\t\t\t#gallery-2 {\n\t\t\t\tmargin: auto;\n\t\t\t}\n\t\t\t#gallery-2 .gallery-item {\n\t\t\t\tfloat: left;\n\t\t\t\tmargin-top: 10px;\n\t\t\t\ttext-align: center;\n\t\t\t\twidth: 50%;\n\t\t\t}\n\t\t\t#gallery-2 img {\n\t\t\t\tborder: 2px solid #cfcfcf;\n\t\t\t}\n\t\t\t#gallery-2 .gallery-caption {\n\t\t\t\tmargin-left: 0;\n\t\t\t}\n\t\t\t\/* see gallery_shortcode() in wp-includes\/media.php *\/\n\t\t<\/style>\n\t\t<div id='gallery-2' class='gallery galleryid-12318 gallery-columns-2 gallery-size-full'><dl class='gallery-item'>\n\t\t\t<dt class='gallery-icon landscape'>\n\t\t\t\t<a href='https:\/\/www.exclusifmag.com\/online\/wp-content\/uploads\/2020\/07\/4.3.-Sfaktiria-une-petite-\u00eele-\u00e0-lentr\u00e9e-de-la-baie-de-Pylos-cCosta-Navarino.jpg'><img loading=\"lazy\" decoding=\"async\" width=\"900\" height=\"600\" src=\"https:\/\/www.exclusifmag.com\/online\/wp-content\/uploads\/2020\/07\/4.3.-Sfaktiria-une-petite-\u00eele-\u00e0-lentr\u00e9e-de-la-baie-de-Pylos-cCosta-Navarino.jpg\" class=\"attachment-full size-full\" alt=\"Sfaktiria une petite \u00eele \u00e0 l&#039;entr\u00e9e de la baie de Pylos (c)Costa Navarino\" srcset=\"https:\/\/www.exclusifmag.com\/online\/wp-content\/uploads\/2020\/07\/4.3.-Sfaktiria-une-petite-\u00eele-\u00e0-lentr\u00e9e-de-la-baie-de-Pylos-cCosta-Navarino.jpg 900w, https:\/\/www.exclusifmag.com\/online\/wp-content\/uploads\/2020\/07\/4.3.-Sfaktiria-une-petite-\u00eele-\u00e0-lentr\u00e9e-de-la-baie-de-Pylos-cCosta-Navarino-400x267.jpg 400w, https:\/\/www.exclusifmag.com\/online\/wp-content\/uploads\/2020\/07\/4.3.-Sfaktiria-une-petite-\u00eele-\u00e0-lentr\u00e9e-de-la-baie-de-Pylos-cCosta-Navarino-768x512.jpg 768w, https:\/\/www.exclusifmag.com\/online\/wp-content\/uploads\/2020\/07\/4.3.-Sfaktiria-une-petite-\u00eele-\u00e0-lentr\u00e9e-de-la-baie-de-Pylos-cCosta-Navarino-825x550.jpg 825w\" sizes=\"auto, (max-width: 900px) 100vw, 900px\" \/><\/a>\n\t\t\t<\/dt><\/dl><dl class='gallery-item'>\n\t\t\t<dt class='gallery-icon landscape'>\n\t\t\t\t<a href='https:\/\/www.exclusifmag.com\/online\/wp-content\/uploads\/2020\/07\/4.1.-Gr\u00e8ce-Tr\u00e8s-visit\u00e9e-la-ville-de-Pylos-c-Costa-Navarino.jpg'><img loading=\"lazy\" decoding=\"async\" width=\"900\" height=\"600\" src=\"https:\/\/www.exclusifmag.com\/online\/wp-content\/uploads\/2020\/07\/4.1.-Gr\u00e8ce-Tr\u00e8s-visit\u00e9e-la-ville-de-Pylos-c-Costa-Navarino.jpg\" class=\"attachment-full size-full\" alt=\"Gr\u00e8ce Tr\u00e8s visit\u00e9e la ville de Pylos (c) Costa Navarino\" srcset=\"https:\/\/www.exclusifmag.com\/online\/wp-content\/uploads\/2020\/07\/4.1.-Gr\u00e8ce-Tr\u00e8s-visit\u00e9e-la-ville-de-Pylos-c-Costa-Navarino.jpg 900w, https:\/\/www.exclusifmag.com\/online\/wp-content\/uploads\/2020\/07\/4.1.-Gr\u00e8ce-Tr\u00e8s-visit\u00e9e-la-ville-de-Pylos-c-Costa-Navarino-400x267.jpg 400w, https:\/\/www.exclusifmag.com\/online\/wp-content\/uploads\/2020\/07\/4.1.-Gr\u00e8ce-Tr\u00e8s-visit\u00e9e-la-ville-de-Pylos-c-Costa-Navarino-768x512.jpg 768w, https:\/\/www.exclusifmag.com\/online\/wp-content\/uploads\/2020\/07\/4.1.-Gr\u00e8ce-Tr\u00e8s-visit\u00e9e-la-ville-de-Pylos-c-Costa-Navarino-825x550.jpg 825w\" sizes=\"auto, (max-width: 900px) 100vw, 900px\" \/><\/a>\n\t\t\t<\/dt><\/dl><br style=\"clear: both\" \/>\n\t\t<\/div>\n\n<p>Fruit d\u2019une ann\u00e9e de travail, de r\u00e9flexions et de d\u00e9cisions, rassemblant l\u2019\u00e9lite de l\u2019industrie du voyage grand luxe, <strong><em>Traveller Made<\/em><\/strong> s\u2019appr\u00eatait, avec la 6\u00e8me \u00e9dition de<em><strong> Essence of Luxury Travel Show<\/strong>,<\/em> \u00e0 accueillir \u00e0 Marbella les plus \u00e9minents sp\u00e9cialistes et cr\u00e9ateurs de s\u00e9jours d\u2019exception. Le rendez-vous annuel international devait confronter les r\u00e9alit\u00e9s d\u2019un march\u00e9 exigeant et pr\u00e9senter les derni\u00e8res audaces des meilleurs concepteurs de destinations Haute Couture et leurs projets pour les clients <strong><em>Ultra High Net Worth Individuals<\/em> (<\/strong><em><strong>UHNWI<\/strong>)<\/em>. Les \u00e9v\u00e9nements en ont d\u00e9cid\u00e9 autrement et la grande rencontre 2020, sous la houlette de Quentin Desurmont CEO de<strong><em> Traveller Made<\/em><\/strong>, a \u00e9t\u00e9 report\u00e9e pour causes sanitaires, par arr\u00eat\u00e9 des autorit\u00e9s espagnoles.<\/p>\n<p><a href=\"http:\/\/www.exclusifmag.com\/online\/wp-content\/uploads\/2020\/07\/3.2.-Les-monuments-historiques-de-la-Toscane.jpg\"><img loading=\"lazy\" decoding=\"async\" class=\"alignright wp-image-12352\" src=\"http:\/\/www.exclusifmag.com\/online\/wp-content\/uploads\/2020\/07\/3.2.-Les-monuments-historiques-de-la-Toscane.jpg\" alt=\"Les monuments historiques de la Toscane (c) GAD\" width=\"226\" height=\"301\" srcset=\"https:\/\/www.exclusifmag.com\/online\/wp-content\/uploads\/2020\/07\/3.2.-Les-monuments-historiques-de-la-Toscane.jpg 675w, https:\/\/www.exclusifmag.com\/online\/wp-content\/uploads\/2020\/07\/3.2.-Les-monuments-historiques-de-la-Toscane-300x400.jpg 300w, https:\/\/www.exclusifmag.com\/online\/wp-content\/uploads\/2020\/07\/3.2.-Les-monuments-historiques-de-la-Toscane-413x550.jpg 413w\" sizes=\"auto, (max-width: 226px) 100vw, 226px\" \/><\/a><strong>S<\/strong>i \u00e0 l\u2019occasion de son salon professionnel et workshop, <strong><em>Traveller Made<\/em><\/strong> s\u2019attendait \u00e0 accueillir les stars de l\u2019industrie du voyage grand luxe et leurs partenaires pour \u00e9changer et comparer leurs exp\u00e9riences, \u00e0 l\u2019issue de la d\u00e9cision de reporter l\u2019\u00e9v\u00e9nement, le groupe et ses membres ne sont pas rest\u00e9s inactifs. Dans une dynamique imparable, au moyen de r\u00e9unions en vid\u00e9os conf\u00e9rences internationales, par des cessions de discussion autour de questions de s\u00e9curit\u00e9 et de mesures \u00e0 prendre au sortir de la crise <strong><em>Covid 19<\/em><\/strong>, c\u2019est \u00e0 distance, avec l\u2019\u00e9lite de la profession, que les tendances se sont affich\u00e9es, r\u00e9v\u00e9lant les destinations qui s\u2019imposent, se confirment et \u00e9mergent ! Des concertations qui dessinent d\u2019ores et d\u00e9j\u00e0 les futurs options et itin\u00e9raires \u00e0 succ\u00e8s. Anticiper les d\u00e9sirs permet de s\u2019organiser : gouverner c\u2019est pr\u00e9voir et l\u2019impossible devient un challenge. A tenir !<\/p>\n<p>Garantissant le d\u00e9paysement, le Japon reste la destination favorite des voyageurs. Manuel Chablais avec <strong><em>ailes<\/em> <\/strong>&#8211; nomin\u00e9 par <strong><em>Traveller Made<\/em><\/strong> l\u2019agence la plus cr\u00e9ative &#8211; en est le meilleur sp\u00e9cialiste en Suisse. En N\u00b0 1, au sommet de la pyramide des s\u00e9lections, \u00e0 la fois moderne et attach\u00e9 aux traditions, le Japon, on y vient et on y revient sans se lasser. Un choix, certes, exigeant un certain budget, mais avec l\u2019assurance absolue que tout sera r\u00e9alis\u00e9 dans les moindres d\u00e9tails pr\u00e9vus.<strong> <em>C\u2019est un pays qui enchante par sa culture<\/em><\/strong>\u2026 affirme Quentin Desurmont. Ici tout s\u2019organise largement en amont. Et tr\u00e8s minutieusement. Une fois les options \u00e9tablies, on ne peut plus rien changer. Comme en Suisse : <em><strong>They go by the book<\/strong> !<\/em> En 2\u00e8me position, dans une ambiance diam\u00e9tralement oppos\u00e9e, les Maldives et leur ronde d\u2019\u00eeles extraordinaires. Accessibles en hydravion, on peut choisir de passer de l\u2019une \u00e0 l\u2019autre ou, plus paisiblement, profiter du repos dans des h\u00f4tels de r\u00eave, les pieds dans l\u2019eau ! D\u00e9paysement assur\u00e9.<\/p>\n\n\t\t<style type=\"text\/css\">\n\t\t\t#gallery-3 {\n\t\t\t\tmargin: auto;\n\t\t\t}\n\t\t\t#gallery-3 .gallery-item {\n\t\t\t\tfloat: left;\n\t\t\t\tmargin-top: 10px;\n\t\t\t\ttext-align: center;\n\t\t\t\twidth: 33%;\n\t\t\t}\n\t\t\t#gallery-3 img {\n\t\t\t\tborder: 2px solid #cfcfcf;\n\t\t\t}\n\t\t\t#gallery-3 .gallery-caption {\n\t\t\t\tmargin-left: 0;\n\t\t\t}\n\t\t\t\/* see gallery_shortcode() in wp-includes\/media.php *\/\n\t\t<\/style>\n\t\t<div id='gallery-3' class='gallery galleryid-12318 gallery-columns-3 gallery-size-full'><dl class='gallery-item'>\n\t\t\t<dt class='gallery-icon portrait'>\n\t\t\t\t<a href='https:\/\/www.exclusifmag.com\/online\/wp-content\/uploads\/2020\/07\/5.1.-Jodhpur-La-Cit\u00e9-bleue-au-sommer-du-plateau-la-forteresse-Mehrangarth-symbole-de-la-gloire-rajpoute.jpg'><img loading=\"lazy\" decoding=\"async\" width=\"675\" height=\"900\" src=\"https:\/\/www.exclusifmag.com\/online\/wp-content\/uploads\/2020\/07\/5.1.-Jodhpur-La-Cit\u00e9-bleue-au-sommer-du-plateau-la-forteresse-Mehrangarth-symbole-de-la-gloire-rajpoute.jpg\" class=\"attachment-full size-full\" alt=\"Jodhpur La Cit\u00e9 bleue au sommer du plateau la forteresse Mehrangarth symbole de la gloire rajpoute (c) GAD\" srcset=\"https:\/\/www.exclusifmag.com\/online\/wp-content\/uploads\/2020\/07\/5.1.-Jodhpur-La-Cit\u00e9-bleue-au-sommer-du-plateau-la-forteresse-Mehrangarth-symbole-de-la-gloire-rajpoute.jpg 675w, https:\/\/www.exclusifmag.com\/online\/wp-content\/uploads\/2020\/07\/5.1.-Jodhpur-La-Cit\u00e9-bleue-au-sommer-du-plateau-la-forteresse-Mehrangarth-symbole-de-la-gloire-rajpoute-300x400.jpg 300w, https:\/\/www.exclusifmag.com\/online\/wp-content\/uploads\/2020\/07\/5.1.-Jodhpur-La-Cit\u00e9-bleue-au-sommer-du-plateau-la-forteresse-Mehrangarth-symbole-de-la-gloire-rajpoute-413x550.jpg 413w\" sizes=\"auto, (max-width: 675px) 100vw, 675px\" \/><\/a>\n\t\t\t<\/dt><\/dl><dl class='gallery-item'>\n\t\t\t<dt class='gallery-icon portrait'>\n\t\t\t\t<a href='https:\/\/www.exclusifmag.com\/online\/wp-content\/uploads\/2020\/07\/5.2.-Qutb-Minar-Tour-de-la-Victoire-\u00e0-Delhi-le-plus-grand-minaret-du-monde-en-briques.jpg'><img loading=\"lazy\" decoding=\"async\" width=\"675\" height=\"900\" src=\"https:\/\/www.exclusifmag.com\/online\/wp-content\/uploads\/2020\/07\/5.2.-Qutb-Minar-Tour-de-la-Victoire-\u00e0-Delhi-le-plus-grand-minaret-du-monde-en-briques.jpg\" class=\"attachment-full size-full\" alt=\"Qutb Minar - Tour de la Victoire- \u00e0 Delhi le plus grand minaret du monde en briques (c) GAD\" srcset=\"https:\/\/www.exclusifmag.com\/online\/wp-content\/uploads\/2020\/07\/5.2.-Qutb-Minar-Tour-de-la-Victoire-\u00e0-Delhi-le-plus-grand-minaret-du-monde-en-briques.jpg 675w, https:\/\/www.exclusifmag.com\/online\/wp-content\/uploads\/2020\/07\/5.2.-Qutb-Minar-Tour-de-la-Victoire-\u00e0-Delhi-le-plus-grand-minaret-du-monde-en-briques-300x400.jpg 300w, https:\/\/www.exclusifmag.com\/online\/wp-content\/uploads\/2020\/07\/5.2.-Qutb-Minar-Tour-de-la-Victoire-\u00e0-Delhi-le-plus-grand-minaret-du-monde-en-briques-413x550.jpg 413w\" sizes=\"auto, (max-width: 675px) 100vw, 675px\" \/><\/a>\n\t\t\t<\/dt><\/dl><dl class='gallery-item'>\n\t\t\t<dt class='gallery-icon portrait'>\n\t\t\t\t<a href='https:\/\/www.exclusifmag.com\/online\/wp-content\/uploads\/2020\/07\/5.3.-Guwahati-Festival-des-tribus-du-Nord-Est-de-lInde-c-GAD.jpg'><img loading=\"lazy\" decoding=\"async\" width=\"675\" height=\"900\" src=\"https:\/\/www.exclusifmag.com\/online\/wp-content\/uploads\/2020\/07\/5.3.-Guwahati-Festival-des-tribus-du-Nord-Est-de-lInde-c-GAD.jpg\" class=\"attachment-full size-full\" alt=\"Guwahati Festival des tribus du Nord-Est de l&#039;Inde (c) GAD\" srcset=\"https:\/\/www.exclusifmag.com\/online\/wp-content\/uploads\/2020\/07\/5.3.-Guwahati-Festival-des-tribus-du-Nord-Est-de-lInde-c-GAD.jpg 675w, https:\/\/www.exclusifmag.com\/online\/wp-content\/uploads\/2020\/07\/5.3.-Guwahati-Festival-des-tribus-du-Nord-Est-de-lInde-c-GAD-300x400.jpg 300w, https:\/\/www.exclusifmag.com\/online\/wp-content\/uploads\/2020\/07\/5.3.-Guwahati-Festival-des-tribus-du-Nord-Est-de-lInde-c-GAD-413x550.jpg 413w\" sizes=\"auto, (max-width: 675px) 100vw, 675px\" \/><\/a>\n\t\t\t<\/dt><\/dl><br style=\"clear: both\" \/>\n\t\t<\/div>\n\n<p>L\u2019Italie, qui n\u2019en finit pas d\u2019\u00e9tonner et de s\u00e9duire, prend la 3\u00e8me place des destinations les plus convoit\u00e9es. C\u2019est un immense mus\u00e9e en plein air o\u00f9 culture et luxe raffin\u00e9 sont partout. Absolument exceptionnel. Une notori\u00e9t\u00e9 amplement m\u00e9rit\u00e9e ! Autrement, \u00e0 d\u00e9couvrir sans tarder, avec ses paysages \u00e0 couper le souffle o\u00f9 on retrouve, en m\u00eame temps, l\u2019ambiance des Alpes et l\u2019Am\u00e9rique du Sud : la Nouvelle-Z\u00e9lande s\u2019installe sur la 4\u00e8me marche du podium des pr\u00e9f\u00e9rences. Elle s\u00e9duit par ses panoramas, mais \u00e9galement par sa propret\u00e9 et par l\u2019attrait de sa population\u2026 Une visite s\u2019impose ! Au 5\u00e8me rang, la Gr\u00e8ce qui d\u00e9croche la palme pour son style de vie festif, et encore et toujours, pour sa culture. Et l\u2019incomparable beaut\u00e9 de ses sites en g\u00e9n\u00e9ral et, notamment sans conteste, celle des Cyclades. En suivant, se pointent respectivement l\u2019Afrique du Sud et l\u2019Inde, suivis de la Namibie, du Kenya, de l\u2019Argentine\u2026 L\u2019appel de l\u2019aventure et de la nature !<\/p>\n\n\t\t<style type=\"text\/css\">\n\t\t\t#gallery-4 {\n\t\t\t\tmargin: auto;\n\t\t\t}\n\t\t\t#gallery-4 .gallery-item {\n\t\t\t\tfloat: left;\n\t\t\t\tmargin-top: 10px;\n\t\t\t\ttext-align: center;\n\t\t\t\twidth: 50%;\n\t\t\t}\n\t\t\t#gallery-4 img {\n\t\t\t\tborder: 2px solid #cfcfcf;\n\t\t\t}\n\t\t\t#gallery-4 .gallery-caption {\n\t\t\t\tmargin-left: 0;\n\t\t\t}\n\t\t\t\/* see gallery_shortcode() in wp-includes\/media.php *\/\n\t\t<\/style>\n\t\t<div id='gallery-4' class='gallery galleryid-12318 gallery-columns-2 gallery-size-full'><dl class='gallery-item'>\n\t\t\t<dt class='gallery-icon landscape'>\n\t\t\t\t<a href='https:\/\/www.exclusifmag.com\/online\/wp-content\/uploads\/2020\/07\/6.2.-Magnifique-perspectives-sur-les-maisons-typiques-de-Norv\u00e8ge-c-Roger-Juillierat-I.jpeg'><img loading=\"lazy\" decoding=\"async\" width=\"900\" height=\"600\" src=\"https:\/\/www.exclusifmag.com\/online\/wp-content\/uploads\/2020\/07\/6.2.-Magnifique-perspectives-sur-les-maisons-typiques-de-Norv\u00e8ge-c-Roger-Juillierat-I.jpeg\" class=\"attachment-full size-full\" alt=\"Magnifique perspectives sur les maisons typiques de Norv\u00e8ge (c) Roger Juillierat\" srcset=\"https:\/\/www.exclusifmag.com\/online\/wp-content\/uploads\/2020\/07\/6.2.-Magnifique-perspectives-sur-les-maisons-typiques-de-Norv\u00e8ge-c-Roger-Juillierat-I.jpeg 900w, https:\/\/www.exclusifmag.com\/online\/wp-content\/uploads\/2020\/07\/6.2.-Magnifique-perspectives-sur-les-maisons-typiques-de-Norv\u00e8ge-c-Roger-Juillierat-I-400x267.jpeg 400w, https:\/\/www.exclusifmag.com\/online\/wp-content\/uploads\/2020\/07\/6.2.-Magnifique-perspectives-sur-les-maisons-typiques-de-Norv\u00e8ge-c-Roger-Juillierat-I-768x512.jpeg 768w, https:\/\/www.exclusifmag.com\/online\/wp-content\/uploads\/2020\/07\/6.2.-Magnifique-perspectives-sur-les-maisons-typiques-de-Norv\u00e8ge-c-Roger-Juillierat-I-825x550.jpeg 825w\" sizes=\"auto, (max-width: 900px) 100vw, 900px\" \/><\/a>\n\t\t\t<\/dt><\/dl><dl class='gallery-item'>\n\t\t\t<dt class='gallery-icon landscape'>\n\t\t\t\t<a href='https:\/\/www.exclusifmag.com\/online\/wp-content\/uploads\/2020\/07\/6.3.-Croisi\u00e8re-dans-les-r\u00e9gions-polaires-c-Roger-Juillierat-scandi-IMG_0171.jpg'><img loading=\"lazy\" decoding=\"async\" width=\"900\" height=\"600\" src=\"https:\/\/www.exclusifmag.com\/online\/wp-content\/uploads\/2020\/07\/6.3.-Croisi\u00e8re-dans-les-r\u00e9gions-polaires-c-Roger-Juillierat-scandi-IMG_0171.jpg\" class=\"attachment-full size-full\" alt=\"Croisi\u00e8re dans les r\u00e9gions polaires (c) Roger Juillierat\" srcset=\"https:\/\/www.exclusifmag.com\/online\/wp-content\/uploads\/2020\/07\/6.3.-Croisi\u00e8re-dans-les-r\u00e9gions-polaires-c-Roger-Juillierat-scandi-IMG_0171.jpg 900w, https:\/\/www.exclusifmag.com\/online\/wp-content\/uploads\/2020\/07\/6.3.-Croisi\u00e8re-dans-les-r\u00e9gions-polaires-c-Roger-Juillierat-scandi-IMG_0171-400x267.jpg 400w, https:\/\/www.exclusifmag.com\/online\/wp-content\/uploads\/2020\/07\/6.3.-Croisi\u00e8re-dans-les-r\u00e9gions-polaires-c-Roger-Juillierat-scandi-IMG_0171-768x512.jpg 768w, https:\/\/www.exclusifmag.com\/online\/wp-content\/uploads\/2020\/07\/6.3.-Croisi\u00e8re-dans-les-r\u00e9gions-polaires-c-Roger-Juillierat-scandi-IMG_0171-825x550.jpg 825w\" sizes=\"auto, (max-width: 900px) 100vw, 900px\" \/><\/a>\n\t\t\t<\/dt><\/dl><br style=\"clear: both\" \/>\n\t\t<\/div>\n\n<p>Ces destinations,<strong> <em>classiquement<\/em><\/strong> en position de force, sont talonn\u00e9es par ce qu\u2019on appellerait, les lieux \u00e9mergents \u00e0 la mode, les <strong><em>recent trends emerging<\/em><\/strong>. On voit appara\u00eetre en t\u00eate de liste sur cette classification, la Scandinavie &#8211; notre Nouvelle-Z\u00e9lande europ\u00e9enne &#8211; en termes de paysages, d\u2019exp\u00e9riences diverses et vari\u00e9es. Avec l\u2019ouverture d\u2019excellents h\u00f4tels, surmontant les habitudes scandinaves, tr\u00e8s appr\u00e9ci\u00e9e, une notion toute r\u00e9cente de service raffin\u00e9 s\u2019est impos\u00e9e pour le plus grand bonheur des clients. De la Scandinavie aux r\u00e9gions polaires, \u00e0 la rencontre de conditions et de d\u00e9couvertes extraordinaires, la destination a rapidement pris du galon\u2026 V\u00e9ritable aventure en brise-glace ou, croisi\u00e8re au P\u00f4le-Nord en \u00e9t\u00e9, il ne s\u2019agit pas ici de luxe dans le confort, mais d\u2019une exp\u00e9dition unique et de multiples \u00e9motions\u2026 Inoubliables.<\/p>\n\n\t\t<style type=\"text\/css\">\n\t\t\t#gallery-5 {\n\t\t\t\tmargin: auto;\n\t\t\t}\n\t\t\t#gallery-5 .gallery-item {\n\t\t\t\tfloat: left;\n\t\t\t\tmargin-top: 10px;\n\t\t\t\ttext-align: center;\n\t\t\t\twidth: 50%;\n\t\t\t}\n\t\t\t#gallery-5 img {\n\t\t\t\tborder: 2px solid #cfcfcf;\n\t\t\t}\n\t\t\t#gallery-5 .gallery-caption {\n\t\t\t\tmargin-left: 0;\n\t\t\t}\n\t\t\t\/* see gallery_shortcode() in wp-includes\/media.php *\/\n\t\t<\/style>\n\t\t<div id='gallery-5' class='gallery galleryid-12318 gallery-columns-2 gallery-size-full'><dl class='gallery-item'>\n\t\t\t<dt class='gallery-icon landscape'>\n\t\t\t\t<a href='https:\/\/www.exclusifmag.com\/online\/wp-content\/uploads\/2020\/07\/7.2.-Vue-a\u00e9rienne-sur-Oman-Shangri-Las-Barr-Al-Jissah-Resort-et-Spa-c-OTO.jpg'><img loading=\"lazy\" decoding=\"async\" width=\"900\" height=\"600\" src=\"https:\/\/www.exclusifmag.com\/online\/wp-content\/uploads\/2020\/07\/7.2.-Vue-a\u00e9rienne-sur-Oman-Shangri-Las-Barr-Al-Jissah-Resort-et-Spa-c-OTO.jpg\" class=\"attachment-full size-full\" alt=\"Vue a\u00e9rienne sur Oman Shangri-La&#039;s Barr Al Jissah Resort et Spa (c) OTO\" srcset=\"https:\/\/www.exclusifmag.com\/online\/wp-content\/uploads\/2020\/07\/7.2.-Vue-a\u00e9rienne-sur-Oman-Shangri-Las-Barr-Al-Jissah-Resort-et-Spa-c-OTO.jpg 900w, https:\/\/www.exclusifmag.com\/online\/wp-content\/uploads\/2020\/07\/7.2.-Vue-a\u00e9rienne-sur-Oman-Shangri-Las-Barr-Al-Jissah-Resort-et-Spa-c-OTO-400x267.jpg 400w, https:\/\/www.exclusifmag.com\/online\/wp-content\/uploads\/2020\/07\/7.2.-Vue-a\u00e9rienne-sur-Oman-Shangri-Las-Barr-Al-Jissah-Resort-et-Spa-c-OTO-768x512.jpg 768w, https:\/\/www.exclusifmag.com\/online\/wp-content\/uploads\/2020\/07\/7.2.-Vue-a\u00e9rienne-sur-Oman-Shangri-Las-Barr-Al-Jissah-Resort-et-Spa-c-OTO-825x550.jpg 825w\" sizes=\"auto, (max-width: 900px) 100vw, 900px\" \/><\/a>\n\t\t\t<\/dt><\/dl><dl class='gallery-item'>\n\t\t\t<dt class='gallery-icon landscape'>\n\t\t\t\t<a href='https:\/\/www.exclusifmag.com\/online\/wp-content\/uploads\/2020\/07\/7.1.-La-grande-Mosqu\u00e9e-dOman-\u00e0-Muscat-c-GAD-1.jpg'><img loading=\"lazy\" decoding=\"async\" width=\"900\" height=\"600\" src=\"https:\/\/www.exclusifmag.com\/online\/wp-content\/uploads\/2020\/07\/7.1.-La-grande-Mosqu\u00e9e-dOman-\u00e0-Muscat-c-GAD-1.jpg\" class=\"attachment-full size-full\" alt=\"La grande Mosqu\u00e9e d&#039;Oman \u00e0 Muscat (c) GAD\" srcset=\"https:\/\/www.exclusifmag.com\/online\/wp-content\/uploads\/2020\/07\/7.1.-La-grande-Mosqu\u00e9e-dOman-\u00e0-Muscat-c-GAD-1.jpg 900w, https:\/\/www.exclusifmag.com\/online\/wp-content\/uploads\/2020\/07\/7.1.-La-grande-Mosqu\u00e9e-dOman-\u00e0-Muscat-c-GAD-1-400x267.jpg 400w, https:\/\/www.exclusifmag.com\/online\/wp-content\/uploads\/2020\/07\/7.1.-La-grande-Mosqu\u00e9e-dOman-\u00e0-Muscat-c-GAD-1-768x512.jpg 768w, https:\/\/www.exclusifmag.com\/online\/wp-content\/uploads\/2020\/07\/7.1.-La-grande-Mosqu\u00e9e-dOman-\u00e0-Muscat-c-GAD-1-825x550.jpg 825w\" sizes=\"auto, (max-width: 900px) 100vw, 900px\" \/><\/a>\n\t\t\t<\/dt><\/dl><br style=\"clear: both\" \/>\n\t\t<\/div>\n\n<p>Emergeant sur la carte du tendre, mais bien connu d\u2019un certain public, vient ensuite Oman, le magnifique Sultanat qu\u2019on ne pr\u00e9sente pas. Un pays de mille et une nuits, stable dans une r\u00e9gion mouvement\u00e9e et enflamm\u00e9e, unique de beaut\u00e9. Et d\u2019hospitalit\u00e9 ! Dans la m\u00eame mouvance exceptionnelle, le Maroc qui se (re)d\u00e9couvre \u00e0 chaque voyage et se r\u00e9v\u00e8le un et multiple \u00e0 chaque s\u00e9jour. Encore une destination pl\u00e9biscit\u00e9e \u00e0 visiter et revoir. Autrement, c\u2019est le Sri Lanka, l\u2019\u00eele longtemps oubli\u00e9e qui revient sur le tableau d\u2019honneur ainsi que le Rwanda et l\u2019Ouganda avec la fascination pour la nature et les animaux\u2026 Des merveilles \u00e0 ne pas manquer !<\/p>\n\n\t\t<style type=\"text\/css\">\n\t\t\t#gallery-6 {\n\t\t\t\tmargin: auto;\n\t\t\t}\n\t\t\t#gallery-6 .gallery-item {\n\t\t\t\tfloat: left;\n\t\t\t\tmargin-top: 10px;\n\t\t\t\ttext-align: center;\n\t\t\t\twidth: 33%;\n\t\t\t}\n\t\t\t#gallery-6 img {\n\t\t\t\tborder: 2px solid #cfcfcf;\n\t\t\t}\n\t\t\t#gallery-6 .gallery-caption {\n\t\t\t\tmargin-left: 0;\n\t\t\t}\n\t\t\t\/* see gallery_shortcode() in wp-includes\/media.php *\/\n\t\t<\/style>\n\t\t<div id='gallery-6' class='gallery galleryid-12318 gallery-columns-3 gallery-size-full'><dl class='gallery-item'>\n\t\t\t<dt class='gallery-icon portrait'>\n\t\t\t\t<a href='https:\/\/www.exclusifmag.com\/online\/wp-content\/uploads\/2020\/07\/8.2.-La-Koutoubia-minaret-de-la-mosqu\u00e9e-embl\u00e8me-de-Marrakech-c-GAD.jpg'><img loading=\"lazy\" decoding=\"async\" width=\"675\" height=\"900\" src=\"https:\/\/www.exclusifmag.com\/online\/wp-content\/uploads\/2020\/07\/8.2.-La-Koutoubia-minaret-de-la-mosqu\u00e9e-embl\u00e8me-de-Marrakech-c-GAD.jpg\" class=\"attachment-full size-full\" alt=\"La Koutoubia minaret de la mosqu\u00e9e embl\u00e8me de Marrakech (c) GAD\" srcset=\"https:\/\/www.exclusifmag.com\/online\/wp-content\/uploads\/2020\/07\/8.2.-La-Koutoubia-minaret-de-la-mosqu\u00e9e-embl\u00e8me-de-Marrakech-c-GAD.jpg 675w, https:\/\/www.exclusifmag.com\/online\/wp-content\/uploads\/2020\/07\/8.2.-La-Koutoubia-minaret-de-la-mosqu\u00e9e-embl\u00e8me-de-Marrakech-c-GAD-300x400.jpg 300w, https:\/\/www.exclusifmag.com\/online\/wp-content\/uploads\/2020\/07\/8.2.-La-Koutoubia-minaret-de-la-mosqu\u00e9e-embl\u00e8me-de-Marrakech-c-GAD-413x550.jpg 413w\" sizes=\"auto, (max-width: 675px) 100vw, 675px\" \/><\/a>\n\t\t\t<\/dt><\/dl><dl class='gallery-item'>\n\t\t\t<dt class='gallery-icon portrait'>\n\t\t\t\t<a href='https:\/\/www.exclusifmag.com\/online\/wp-content\/uploads\/2020\/07\/8.5.-Joker-Splendeurs-de-lartisanat-marocain-au-Royal-Mansour-c-Royal-Mansour.jpg'><img loading=\"lazy\" decoding=\"async\" width=\"675\" height=\"900\" src=\"https:\/\/www.exclusifmag.com\/online\/wp-content\/uploads\/2020\/07\/8.5.-Joker-Splendeurs-de-lartisanat-marocain-au-Royal-Mansour-c-Royal-Mansour.jpg\" class=\"attachment-full size-full\" alt=\"Splendeurs de l&#039;artisanat marocain au Royal Mansour (c) Royal Mansour\" srcset=\"https:\/\/www.exclusifmag.com\/online\/wp-content\/uploads\/2020\/07\/8.5.-Joker-Splendeurs-de-lartisanat-marocain-au-Royal-Mansour-c-Royal-Mansour.jpg 675w, https:\/\/www.exclusifmag.com\/online\/wp-content\/uploads\/2020\/07\/8.5.-Joker-Splendeurs-de-lartisanat-marocain-au-Royal-Mansour-c-Royal-Mansour-300x400.jpg 300w, https:\/\/www.exclusifmag.com\/online\/wp-content\/uploads\/2020\/07\/8.5.-Joker-Splendeurs-de-lartisanat-marocain-au-Royal-Mansour-c-Royal-Mansour-413x550.jpg 413w\" sizes=\"auto, (max-width: 675px) 100vw, 675px\" \/><\/a>\n\t\t\t<\/dt><\/dl><dl class='gallery-item'>\n\t\t\t<dt class='gallery-icon portrait'>\n\t\t\t\t<a href='https:\/\/www.exclusifmag.com\/online\/wp-content\/uploads\/2020\/07\/8.4.-Vue-sur-Marrakech-depuis-le-Royal-Mansour-c-GAD.jpg'><img loading=\"lazy\" decoding=\"async\" width=\"675\" height=\"900\" src=\"https:\/\/www.exclusifmag.com\/online\/wp-content\/uploads\/2020\/07\/8.4.-Vue-sur-Marrakech-depuis-le-Royal-Mansour-c-GAD.jpg\" class=\"attachment-full size-full\" alt=\"Vue sur Marrakech depuis le Royal Mansour (c) GAD\" srcset=\"https:\/\/www.exclusifmag.com\/online\/wp-content\/uploads\/2020\/07\/8.4.-Vue-sur-Marrakech-depuis-le-Royal-Mansour-c-GAD.jpg 675w, https:\/\/www.exclusifmag.com\/online\/wp-content\/uploads\/2020\/07\/8.4.-Vue-sur-Marrakech-depuis-le-Royal-Mansour-c-GAD-300x400.jpg 300w, https:\/\/www.exclusifmag.com\/online\/wp-content\/uploads\/2020\/07\/8.4.-Vue-sur-Marrakech-depuis-le-Royal-Mansour-c-GAD-413x550.jpg 413w\" sizes=\"auto, (max-width: 675px) 100vw, 675px\" \/><\/a>\n\t\t\t<\/dt><\/dl><br style=\"clear: both\" \/>\n\t\t<\/div>\n\n<p>Encore absente des manuels et des guides de voyages, une destination qui va bient\u00f4t passionner les amateurs de nouveaut\u00e9, Al-Ula, le tr\u00e9sor arch\u00e9ologique situ\u00e9 en Arabie Saoudite. Edifi\u00e9 il y a plus de 2000 ans par les Nabat\u00e9ens, dont on connait la civilisation par les fameuses tombes creus\u00e9es dans la roche \u00e0 Petra en Jordanie, c\u2019est un projet colossal. Le Royaume d\u2019Arabie Saoudite, d\u00e9cid\u00e9 de s\u2019ouvrir au tourisme, a nou\u00e9 un partenariat avec la France pour d\u00e9velopper le site et mener \u00e0 bien un mus\u00e9e consacr\u00e9 \u00e0 la culture nabat\u00e9enne. Al-Ula,une destination qui ne manquera pas de s\u2019imposer sur la sc\u00e8ne du voyage haut de gamme. A suivre de tr\u00e8s pr\u00e8s !<\/p>\n\n\t\t<style type=\"text\/css\">\n\t\t\t#gallery-7 {\n\t\t\t\tmargin: auto;\n\t\t\t}\n\t\t\t#gallery-7 .gallery-item {\n\t\t\t\tfloat: left;\n\t\t\t\tmargin-top: 10px;\n\t\t\t\ttext-align: center;\n\t\t\t\twidth: 50%;\n\t\t\t}\n\t\t\t#gallery-7 img {\n\t\t\t\tborder: 2px solid #cfcfcf;\n\t\t\t}\n\t\t\t#gallery-7 .gallery-caption {\n\t\t\t\tmargin-left: 0;\n\t\t\t}\n\t\t\t\/* see gallery_shortcode() in wp-includes\/media.php *\/\n\t\t<\/style>\n\t\t<div id='gallery-7' class='gallery galleryid-12318 gallery-columns-2 gallery-size-full'><dl class='gallery-item'>\n\t\t\t<dt class='gallery-icon landscape'>\n\t\t\t\t<a href='https:\/\/www.exclusifmag.com\/online\/wp-content\/uploads\/2020\/07\/9.4.-Les-z\u00e8bres-une-rare-apparition-\u00e0-voir-de-pr\u00e8s-c-Roger-Juillierat.jpg'><img loading=\"lazy\" decoding=\"async\" width=\"900\" height=\"600\" src=\"https:\/\/www.exclusifmag.com\/online\/wp-content\/uploads\/2020\/07\/9.4.-Les-z\u00e8bres-une-rare-apparition-\u00e0-voir-de-pr\u00e8s-c-Roger-Juillierat.jpg\" class=\"attachment-full size-full\" alt=\"Les z\u00e8bres une rare apparition \u00e0 voir de pr\u00e8s (c) Roger Juillierat\" srcset=\"https:\/\/www.exclusifmag.com\/online\/wp-content\/uploads\/2020\/07\/9.4.-Les-z\u00e8bres-une-rare-apparition-\u00e0-voir-de-pr\u00e8s-c-Roger-Juillierat.jpg 900w, https:\/\/www.exclusifmag.com\/online\/wp-content\/uploads\/2020\/07\/9.4.-Les-z\u00e8bres-une-rare-apparition-\u00e0-voir-de-pr\u00e8s-c-Roger-Juillierat-400x267.jpg 400w, https:\/\/www.exclusifmag.com\/online\/wp-content\/uploads\/2020\/07\/9.4.-Les-z\u00e8bres-une-rare-apparition-\u00e0-voir-de-pr\u00e8s-c-Roger-Juillierat-768x512.jpg 768w, https:\/\/www.exclusifmag.com\/online\/wp-content\/uploads\/2020\/07\/9.4.-Les-z\u00e8bres-une-rare-apparition-\u00e0-voir-de-pr\u00e8s-c-Roger-Juillierat-825x550.jpg 825w\" sizes=\"auto, (max-width: 900px) 100vw, 900px\" \/><\/a>\n\t\t\t<\/dt><\/dl><dl class='gallery-item'>\n\t\t\t<dt class='gallery-icon landscape'>\n\t\t\t\t<a href='https:\/\/www.exclusifmag.com\/online\/wp-content\/uploads\/2020\/07\/9.1.-Gorille-en-son-environnement-une-image-forte-du-Rwanda-New-c-Roger-Juillierat.jpg'><img loading=\"lazy\" decoding=\"async\" width=\"900\" height=\"600\" src=\"https:\/\/www.exclusifmag.com\/online\/wp-content\/uploads\/2020\/07\/9.1.-Gorille-en-son-environnement-une-image-forte-du-Rwanda-New-c-Roger-Juillierat.jpg\" class=\"attachment-full size-full\" alt=\"Gorille en son environnement une image forte du Rwanda (c) Roger Juillierat\" srcset=\"https:\/\/www.exclusifmag.com\/online\/wp-content\/uploads\/2020\/07\/9.1.-Gorille-en-son-environnement-une-image-forte-du-Rwanda-New-c-Roger-Juillierat.jpg 900w, https:\/\/www.exclusifmag.com\/online\/wp-content\/uploads\/2020\/07\/9.1.-Gorille-en-son-environnement-une-image-forte-du-Rwanda-New-c-Roger-Juillierat-400x267.jpg 400w, https:\/\/www.exclusifmag.com\/online\/wp-content\/uploads\/2020\/07\/9.1.-Gorille-en-son-environnement-une-image-forte-du-Rwanda-New-c-Roger-Juillierat-768x512.jpg 768w, https:\/\/www.exclusifmag.com\/online\/wp-content\/uploads\/2020\/07\/9.1.-Gorille-en-son-environnement-une-image-forte-du-Rwanda-New-c-Roger-Juillierat-825x550.jpg 825w\" sizes=\"auto, (max-width: 900px) 100vw, 900px\" \/><\/a>\n\t\t\t<\/dt><\/dl><br style=\"clear: both\" \/>\n\t\t<\/div>\n\n","protected":false},"excerpt":{"rendered":"<p>Retrouvez la libert\u00e9 de voyager<br \/>\nPanorama des destinations les plus pris\u00e9es<\/p>\n","protected":false},"author":1,"featured_media":12330,"comment_status":"open","ping_status":"open","sticky":false,"template":"","format":"standard","meta":{"footnotes":""},"categories":[17,145,14],"tags":[927,921,229,915,920,918,916,368,919,917,923,926,925,922,924,191],"class_list":["post-12318","post","type-post","status-publish","format-standard","has-post-thumbnail","hentry","category-decouvertes","category-infos-news","category-voyages","tag-al-ula","tag-argentine","tag-grece","tag-japon","tag-kenya","tag-lafrique-du-sud","tag-maldives","tag-maroc","tag-namibie","tag-nouvelle-zelande","tag-oman","tag-ouganda","tag-rwanda","tag-scandinavie","tag-sri-lanka","tag-traveller-made"],"_links":{"self":[{"href":"https:\/\/www.exclusifmag.com\/online\/wp-json\/wp\/v2\/posts\/12318","targetHints":{"allow":["GET"]}}],"collection":[{"href":"https:\/\/www.exclusifmag.com\/online\/wp-json\/wp\/v2\/posts"}],"about":[{"href":"https:\/\/www.exclusifmag.com\/online\/wp-json\/wp\/v2\/types\/post"}],"author":[{"embeddable":true,"href":"https:\/\/www.exclusifmag.com\/online\/wp-json\/wp\/v2\/users\/1"}],"replies":[{"embeddable":true,"href":"https:\/\/www.exclusifmag.com\/online\/wp-json\/wp\/v2\/comments?post=12318"}],"version-history":[{"count":82,"href":"https:\/\/www.exclusifmag.com\/online\/wp-json\/wp\/v2\/posts\/12318\/revisions"}],"predecessor-version":[{"id":18155,"href":"https:\/\/www.exclusifmag.com\/online\/wp-json\/wp\/v2\/posts\/12318\/revisions\/18155"}],"wp:featuredmedia":[{"embeddable":true,"href":"https:\/\/www.exclusifmag.com\/online\/wp-json\/wp\/v2\/media\/12330"}],"wp:attachment":[{"href":"https:\/\/www.exclusifmag.com\/online\/wp-json\/wp\/v2\/media?parent=12318"}],"wp:term":[{"taxonomy":"category","embeddable":true,"href":"https:\/\/www.exclusifmag.com\/online\/wp-json\/wp\/v2\/categories?post=12318"},{"taxonomy":"post_tag","embeddable":true,"href":"https:\/\/www.exclusifmag.com\/online\/wp-json\/wp\/v2\/tags?post=12318"}],"curies":[{"name":"wp","href":"https:\/\/api.w.org\/{rel}","templated":true}]}}