{"id":1768,"date":"2018-04-20T16:03:10","date_gmt":"2018-04-20T14:03:10","guid":{"rendered":"http:\/\/www.exclusifmag.com\/online\/?p=1768"},"modified":"2019-03-07T22:52:29","modified_gmt":"2019-03-07T21:52:29","slug":"paradies","status":"publish","type":"post","link":"https:\/\/www.exclusifmag.com\/online\/paradies\/","title":{"rendered":"Paradies"},"content":{"rendered":"<h3>Poss\u00e9der un morceau de Paradis ?<br \/>\nLe r\u00eave se r\u00e9alise en Engadine<\/h3>\n<p><strong>Magnifique ! C\u2019est un cirque grandiose fait de sommets aux pics enneig\u00e9s, un v\u00e9ritable paradis entre les hauteurs de Silvretta et les Dolomites engadinoises. Unique, la r\u00e9gion de Scuol dans le Canton des Grisons est un environnement rest\u00e9 authentique au c\u0153ur d\u2019une nature pr\u00e9serv\u00e9e. Un univers de r\u00eaverie intense, une tranche de vie exclusive &#8211; simple et raffin\u00e9e &#8211; qu\u2019on aimerait pouvoir poss\u00e9der. Il est d\u00e9sormais \u00e0 la port\u00e9e des amoureux tent\u00e9s d\u2019acqu\u00e9rir un coin de Paradi(e)s. Regards.<\/strong><\/p>\n<p>Paradies est le nom de l\u2019h\u00f4tel 5***** situ\u00e9 \u00e0 Ftan, en Engadine, une ancienne localit\u00e9 suisse int\u00e9gr\u00e9e \u00e0 la commune de Scuol r\u00e9put\u00e9e pour son ensoleillement et la beaut\u00e9 de ses paysages. Ancr\u00e9e dans la tradition des sports d\u2019hiver, connue pour ses bains thermaux, la destination est \u00e9galement une halte de vacances wellness appr\u00e9ci\u00e9e. Refuge r\u00eav\u00e9 par le peintre Hans Walter Beyer amoureux du site qui planta en ce lieu enchanteur les fondations d\u2019une r\u00e9sidence de vacances appel\u00e9e Il Paradies, une premi\u00e8re construction vit ici le jour en 1910. La maison devait souvent changer de propri\u00e9taires avant de se transformer en h\u00f4tel dans les ann\u00e9es 1966-67. Tout en pr\u00e9servant son nom !<\/p>\n\n\t\t<style type=\"text\/css\">\n\t\t\t#gallery-1 {\n\t\t\t\tmargin: auto;\n\t\t\t}\n\t\t\t#gallery-1 .gallery-item {\n\t\t\t\tfloat: left;\n\t\t\t\tmargin-top: 10px;\n\t\t\t\ttext-align: center;\n\t\t\t\twidth: 25%;\n\t\t\t}\n\t\t\t#gallery-1 img {\n\t\t\t\tborder: 2px solid #cfcfcf;\n\t\t\t}\n\t\t\t#gallery-1 .gallery-caption {\n\t\t\t\tmargin-left: 0;\n\t\t\t}\n\t\t\t\/* see gallery_shortcode() in wp-includes\/media.php *\/\n\t\t<\/style>\n\t\t<div id='gallery-1' class='gallery galleryid-1768 gallery-columns-4 gallery-size-large'><dl class='gallery-item'>\n\t\t\t<dt class='gallery-icon landscape'>\n\t\t\t\t<a href='https:\/\/www.exclusifmag.com\/online\/paradies\/1-le-paradies-dans-son-ecrin-de-montagne\/'><img loading=\"lazy\" decoding=\"async\" width=\"900\" height=\"600\" src=\"https:\/\/www.exclusifmag.com\/online\/wp-content\/uploads\/2018\/04\/1.-Le-Paradies-dans-son-\u00e9crin-de-montagne.jpg\" class=\"attachment-large size-large\" alt=\"Le Paradies dans son \u00e9crin de montagne\" srcset=\"https:\/\/www.exclusifmag.com\/online\/wp-content\/uploads\/2018\/04\/1.-Le-Paradies-dans-son-\u00e9crin-de-montagne.jpg 900w, https:\/\/www.exclusifmag.com\/online\/wp-content\/uploads\/2018\/04\/1.-Le-Paradies-dans-son-\u00e9crin-de-montagne-400x267.jpg 400w, https:\/\/www.exclusifmag.com\/online\/wp-content\/uploads\/2018\/04\/1.-Le-Paradies-dans-son-\u00e9crin-de-montagne-768x512.jpg 768w, https:\/\/www.exclusifmag.com\/online\/wp-content\/uploads\/2018\/04\/1.-Le-Paradies-dans-son-\u00e9crin-de-montagne-825x550.jpg 825w\" sizes=\"auto, (max-width: 900px) 100vw, 900px\" \/><\/a>\n\t\t\t<\/dt><\/dl><dl class='gallery-item'>\n\t\t\t<dt class='gallery-icon landscape'>\n\t\t\t\t<a href='https:\/\/www.exclusifmag.com\/online\/paradies\/2-la-vue-en-enfilade-du-village-son-clocher-et-le-chateau\/'><img loading=\"lazy\" decoding=\"async\" width=\"900\" height=\"600\" src=\"https:\/\/www.exclusifmag.com\/online\/wp-content\/uploads\/2018\/04\/2.-La-vue-en-enfilade-du-village-son-clocher-et-le-Ch\u00e2teau.jpg\" class=\"attachment-large size-large\" alt=\"La vue en enfilade du village son clocher et le Ch\u00e2teau\" srcset=\"https:\/\/www.exclusifmag.com\/online\/wp-content\/uploads\/2018\/04\/2.-La-vue-en-enfilade-du-village-son-clocher-et-le-Ch\u00e2teau.jpg 900w, https:\/\/www.exclusifmag.com\/online\/wp-content\/uploads\/2018\/04\/2.-La-vue-en-enfilade-du-village-son-clocher-et-le-Ch\u00e2teau-400x267.jpg 400w, https:\/\/www.exclusifmag.com\/online\/wp-content\/uploads\/2018\/04\/2.-La-vue-en-enfilade-du-village-son-clocher-et-le-Ch\u00e2teau-768x512.jpg 768w, https:\/\/www.exclusifmag.com\/online\/wp-content\/uploads\/2018\/04\/2.-La-vue-en-enfilade-du-village-son-clocher-et-le-Ch\u00e2teau-825x550.jpg 825w\" sizes=\"auto, (max-width: 900px) 100vw, 900px\" \/><\/a>\n\t\t\t<\/dt><\/dl><dl class='gallery-item'>\n\t\t\t<dt class='gallery-icon landscape'>\n\t\t\t\t<a href='https:\/\/www.exclusifmag.com\/online\/paradies\/3-le-paradies-hotel-un-espace-de-repos-et-denchantement\/'><img loading=\"lazy\" decoding=\"async\" width=\"900\" height=\"600\" src=\"https:\/\/www.exclusifmag.com\/online\/wp-content\/uploads\/2018\/04\/3.-Le-Paradies-H\u00f4tel-un-espace-de-repos-et-denchantement.jpg\" class=\"attachment-large size-large\" alt=\"Le Paradies H\u00f4tel un espace de repos et d&#039;enchantement\" srcset=\"https:\/\/www.exclusifmag.com\/online\/wp-content\/uploads\/2018\/04\/3.-Le-Paradies-H\u00f4tel-un-espace-de-repos-et-denchantement.jpg 900w, https:\/\/www.exclusifmag.com\/online\/wp-content\/uploads\/2018\/04\/3.-Le-Paradies-H\u00f4tel-un-espace-de-repos-et-denchantement-400x267.jpg 400w, https:\/\/www.exclusifmag.com\/online\/wp-content\/uploads\/2018\/04\/3.-Le-Paradies-H\u00f4tel-un-espace-de-repos-et-denchantement-768x512.jpg 768w, https:\/\/www.exclusifmag.com\/online\/wp-content\/uploads\/2018\/04\/3.-Le-Paradies-H\u00f4tel-un-espace-de-repos-et-denchantement-825x550.jpg 825w\" sizes=\"auto, (max-width: 900px) 100vw, 900px\" \/><\/a>\n\t\t\t<\/dt><\/dl><dl class='gallery-item'>\n\t\t\t<dt class='gallery-icon landscape'>\n\t\t\t\t<a href='https:\/\/www.exclusifmag.com\/online\/paradies\/4-intimite-au-mileu-dune-nature-epoustouflante\/'><img loading=\"lazy\" decoding=\"async\" width=\"900\" height=\"600\" src=\"https:\/\/www.exclusifmag.com\/online\/wp-content\/uploads\/2018\/04\/4.-Intimit\u00e9-au-mileu-dune-nature-\u00e9poustouflante.jpg\" class=\"attachment-large size-large\" alt=\"Intimit\u00e9 au mileu d&#039;une nature \u00e9poustouflante\" srcset=\"https:\/\/www.exclusifmag.com\/online\/wp-content\/uploads\/2018\/04\/4.-Intimit\u00e9-au-mileu-dune-nature-\u00e9poustouflante.jpg 900w, https:\/\/www.exclusifmag.com\/online\/wp-content\/uploads\/2018\/04\/4.-Intimit\u00e9-au-mileu-dune-nature-\u00e9poustouflante-400x267.jpg 400w, https:\/\/www.exclusifmag.com\/online\/wp-content\/uploads\/2018\/04\/4.-Intimit\u00e9-au-mileu-dune-nature-\u00e9poustouflante-768x512.jpg 768w, https:\/\/www.exclusifmag.com\/online\/wp-content\/uploads\/2018\/04\/4.-Intimit\u00e9-au-mileu-dune-nature-\u00e9poustouflante-825x550.jpg 825w\" sizes=\"auto, (max-width: 900px) 100vw, 900px\" \/><\/a>\n\t\t\t<\/dt><\/dl><br style=\"clear: both\" \/><dl class='gallery-item'>\n\t\t\t<dt class='gallery-icon landscape'>\n\t\t\t\t<a href='https:\/\/www.exclusifmag.com\/online\/paradies\/5-sur-le-chemin-du-paradies\/'><img loading=\"lazy\" decoding=\"async\" width=\"900\" height=\"600\" src=\"https:\/\/www.exclusifmag.com\/online\/wp-content\/uploads\/2018\/04\/5.-Sur-le-chemin-du-Paradies.jpg\" class=\"attachment-large size-large\" alt=\"Sur le chemin du Paradies\" srcset=\"https:\/\/www.exclusifmag.com\/online\/wp-content\/uploads\/2018\/04\/5.-Sur-le-chemin-du-Paradies.jpg 900w, https:\/\/www.exclusifmag.com\/online\/wp-content\/uploads\/2018\/04\/5.-Sur-le-chemin-du-Paradies-400x267.jpg 400w, https:\/\/www.exclusifmag.com\/online\/wp-content\/uploads\/2018\/04\/5.-Sur-le-chemin-du-Paradies-768x512.jpg 768w, https:\/\/www.exclusifmag.com\/online\/wp-content\/uploads\/2018\/04\/5.-Sur-le-chemin-du-Paradies-825x550.jpg 825w\" sizes=\"auto, (max-width: 900px) 100vw, 900px\" \/><\/a>\n\t\t\t<\/dt><\/dl><dl class='gallery-item'>\n\t\t\t<dt class='gallery-icon landscape'>\n\t\t\t\t<a href='https:\/\/www.exclusifmag.com\/online\/paradies\/6-au-coeur-des-jardins-de-la-detente\/'><img loading=\"lazy\" decoding=\"async\" width=\"900\" height=\"600\" src=\"https:\/\/www.exclusifmag.com\/online\/wp-content\/uploads\/2018\/04\/6.-Au-coeur-des-jardins-de-la-d\u00e9tente.jpg\" class=\"attachment-large size-large\" alt=\"Au coeur des jardins de la d\u00e9tente\" srcset=\"https:\/\/www.exclusifmag.com\/online\/wp-content\/uploads\/2018\/04\/6.-Au-coeur-des-jardins-de-la-d\u00e9tente.jpg 900w, https:\/\/www.exclusifmag.com\/online\/wp-content\/uploads\/2018\/04\/6.-Au-coeur-des-jardins-de-la-d\u00e9tente-400x267.jpg 400w, https:\/\/www.exclusifmag.com\/online\/wp-content\/uploads\/2018\/04\/6.-Au-coeur-des-jardins-de-la-d\u00e9tente-768x512.jpg 768w, https:\/\/www.exclusifmag.com\/online\/wp-content\/uploads\/2018\/04\/6.-Au-coeur-des-jardins-de-la-d\u00e9tente-825x550.jpg 825w\" sizes=\"auto, (max-width: 900px) 100vw, 900px\" \/><\/a>\n\t\t\t<\/dt><\/dl><dl class='gallery-item'>\n\t\t\t<dt class='gallery-icon landscape'>\n\t\t\t\t<a href='https:\/\/www.exclusifmag.com\/online\/paradies\/7-des-sous-bois-et-des-forets-a-perte-de-vue\/'><img loading=\"lazy\" decoding=\"async\" width=\"900\" height=\"600\" src=\"https:\/\/www.exclusifmag.com\/online\/wp-content\/uploads\/2018\/04\/7.-Des-sous-bois-et-des-for\u00eats-\u00e0-perte-de-vue.jpg\" class=\"attachment-large size-large\" alt=\"Des sous-bois et des for\u00eats \u00e0 perte de vue\" srcset=\"https:\/\/www.exclusifmag.com\/online\/wp-content\/uploads\/2018\/04\/7.-Des-sous-bois-et-des-for\u00eats-\u00e0-perte-de-vue.jpg 900w, https:\/\/www.exclusifmag.com\/online\/wp-content\/uploads\/2018\/04\/7.-Des-sous-bois-et-des-for\u00eats-\u00e0-perte-de-vue-400x267.jpg 400w, https:\/\/www.exclusifmag.com\/online\/wp-content\/uploads\/2018\/04\/7.-Des-sous-bois-et-des-for\u00eats-\u00e0-perte-de-vue-768x512.jpg 768w, https:\/\/www.exclusifmag.com\/online\/wp-content\/uploads\/2018\/04\/7.-Des-sous-bois-et-des-for\u00eats-\u00e0-perte-de-vue-825x550.jpg 825w\" sizes=\"auto, (max-width: 900px) 100vw, 900px\" \/><\/a>\n\t\t\t<\/dt><\/dl><dl class='gallery-item'>\n\t\t\t<dt class='gallery-icon landscape'>\n\t\t\t\t<a href='https:\/\/www.exclusifmag.com\/online\/paradies\/8-feerie-du-panorama-en-hiver\/'><img loading=\"lazy\" decoding=\"async\" width=\"900\" height=\"600\" src=\"https:\/\/www.exclusifmag.com\/online\/wp-content\/uploads\/2018\/04\/8.-F\u00e9\u00e9rie-du-panorama-en-hiver.jpg\" class=\"attachment-large size-large\" alt=\"F\u00e9\u00e9rie du panorama en hiver\" srcset=\"https:\/\/www.exclusifmag.com\/online\/wp-content\/uploads\/2018\/04\/8.-F\u00e9\u00e9rie-du-panorama-en-hiver.jpg 900w, https:\/\/www.exclusifmag.com\/online\/wp-content\/uploads\/2018\/04\/8.-F\u00e9\u00e9rie-du-panorama-en-hiver-400x267.jpg 400w, https:\/\/www.exclusifmag.com\/online\/wp-content\/uploads\/2018\/04\/8.-F\u00e9\u00e9rie-du-panorama-en-hiver-768x512.jpg 768w, https:\/\/www.exclusifmag.com\/online\/wp-content\/uploads\/2018\/04\/8.-F\u00e9\u00e9rie-du-panorama-en-hiver-825x550.jpg 825w\" sizes=\"auto, (max-width: 900px) 100vw, 900px\" \/><\/a>\n\t\t\t<\/dt><\/dl><br style=\"clear: both\" \/>\n\t\t<\/div>\n\n<p><strong>Des projets et une vision<\/strong><br \/>\nSous la houlette de nouveaux acqu\u00e9reurs, la famille Rahe importants armateurs et h\u00f4teliers de Hambourg, Paradies devint un bijou de l\u2019h\u00f4tellerie suisse. Membre de l\u2019Association Relais et Ch\u00e2teaux en 1986, l\u2019\u00e9tablissement subira d\u2019importantes transformations en 1995 avant de devenir cette r\u00e9sidence \u00e0 forte valeur narrative, ce lieu en accord avec l\u2019esprit environnant \u00e9tabli dans son paysage, son architecture, son histoire\u2026 Un lieu dans son int\u00e9gralit\u00e9 en liens \u00e9troits avec l\u2019espace qu\u2019il habite, loin des tendances du moment, des boutiques chics et des exigences mondaines. Capable de susciter des \u00e9motions ! De cr\u00e9er le souvenir et l\u2019envie d\u2019appartenir.<\/p>\n<p><a href=\"http:\/\/www.exclusifmag.com\/online\/wp-content\/uploads\/2018\/04\/1.-Meike-Bambach-Directrice-G\u00e9n\u00e9rale-de-lH\u00f4tel-Paradies.jpg\"><img loading=\"lazy\" decoding=\"async\" class=\"alignleft wp-image-1788 \" src=\"http:\/\/www.exclusifmag.com\/online\/wp-content\/uploads\/2018\/04\/1.-Meike-Bambach-Directrice-G\u00e9n\u00e9rale-de-lH\u00f4tel-Paradies-250x250.jpg\" alt=\"\" width=\"162\" height=\"162\" srcset=\"https:\/\/www.exclusifmag.com\/online\/wp-content\/uploads\/2018\/04\/1.-Meike-Bambach-Directrice-G\u00e9n\u00e9rale-de-lH\u00f4tel-Paradies-250x250.jpg 250w, https:\/\/www.exclusifmag.com\/online\/wp-content\/uploads\/2018\/04\/1.-Meike-Bambach-Directrice-G\u00e9n\u00e9rale-de-lH\u00f4tel-Paradies-400x400.jpg 400w\" sizes=\"auto, (max-width: 162px) 100vw, 162px\" \/><\/a>A la barre de l\u2019H\u00f4tel Paradies depuis 2008, Meike Bambach, fringante personnalit\u00e9 du monde de l\u2019h\u00f4tellerie dipl\u00f4m\u00e9e de l\u2019Universit\u00e9 Cornell \u00e0 New York.Avec une carri\u00e8re internationale peaufin\u00e9e aupr\u00e8s des enseignes les plus prestigieuses de Beverly Hills, Hong Kong, le Royaume Uni et la lointaine Australie\u2026 et un profil qui colle au souffle rayonnant de Paradies ! Une directrice qui adore les grands espaces et s\u2019identifie compl\u00e8tement \u00e0 la r\u00e9gion. Avec son \u00e9quipe, elle a su imposer un style personnel et chaleureux s\u2019appuyant sur le sensible et l\u2019authentique \u00e0 l\u2019image de ce refuge de luxe \u00e0 la tessiture raffin\u00e9e et gourmande.<\/p>\n\n\t\t<style type=\"text\/css\">\n\t\t\t#gallery-2 {\n\t\t\t\tmargin: auto;\n\t\t\t}\n\t\t\t#gallery-2 .gallery-item {\n\t\t\t\tfloat: left;\n\t\t\t\tmargin-top: 10px;\n\t\t\t\ttext-align: center;\n\t\t\t\twidth: 33%;\n\t\t\t}\n\t\t\t#gallery-2 img {\n\t\t\t\tborder: 2px solid #cfcfcf;\n\t\t\t}\n\t\t\t#gallery-2 .gallery-caption {\n\t\t\t\tmargin-left: 0;\n\t\t\t}\n\t\t\t\/* see gallery_shortcode() in wp-includes\/media.php *\/\n\t\t<\/style>\n\t\t<div id='gallery-2' class='gallery galleryid-1768 gallery-columns-3 gallery-size-large'><dl class='gallery-item'>\n\t\t\t<dt class='gallery-icon landscape'>\n\t\t\t\t<a href='https:\/\/www.exclusifmag.com\/online\/paradies\/2-panorama-depuis-la-cucagna-raum\/'><img loading=\"lazy\" decoding=\"async\" width=\"900\" height=\"600\" src=\"https:\/\/www.exclusifmag.com\/online\/wp-content\/uploads\/2018\/04\/2.-Panorama-depuis-La-Cucagna-Raum.jpg\" class=\"attachment-large size-large\" alt=\"Panorama depuis La Cucagna Raum\" srcset=\"https:\/\/www.exclusifmag.com\/online\/wp-content\/uploads\/2018\/04\/2.-Panorama-depuis-La-Cucagna-Raum.jpg 900w, https:\/\/www.exclusifmag.com\/online\/wp-content\/uploads\/2018\/04\/2.-Panorama-depuis-La-Cucagna-Raum-400x267.jpg 400w, https:\/\/www.exclusifmag.com\/online\/wp-content\/uploads\/2018\/04\/2.-Panorama-depuis-La-Cucagna-Raum-768x512.jpg 768w, https:\/\/www.exclusifmag.com\/online\/wp-content\/uploads\/2018\/04\/2.-Panorama-depuis-La-Cucagna-Raum-825x550.jpg 825w\" sizes=\"auto, (max-width: 900px) 100vw, 900px\" \/><\/a>\n\t\t\t<\/dt><\/dl><dl class='gallery-item'>\n\t\t\t<dt class='gallery-icon landscape'>\n\t\t\t\t<a href='https:\/\/www.exclusifmag.com\/online\/paradies\/8-picnic-a-la-cabane-du-paradies-chasa-da-fo\/'><img loading=\"lazy\" decoding=\"async\" width=\"900\" height=\"600\" src=\"https:\/\/www.exclusifmag.com\/online\/wp-content\/uploads\/2018\/04\/8.-Picnic-\u00e0-la-cabane-du-Paradies-Chasa-da-F\u00f6.jpg\" class=\"attachment-large size-large\" alt=\"Picnic \u00e0 la cabane du Paradies Chasa da F\u00f6\" srcset=\"https:\/\/www.exclusifmag.com\/online\/wp-content\/uploads\/2018\/04\/8.-Picnic-\u00e0-la-cabane-du-Paradies-Chasa-da-F\u00f6.jpg 900w, https:\/\/www.exclusifmag.com\/online\/wp-content\/uploads\/2018\/04\/8.-Picnic-\u00e0-la-cabane-du-Paradies-Chasa-da-F\u00f6-400x267.jpg 400w, https:\/\/www.exclusifmag.com\/online\/wp-content\/uploads\/2018\/04\/8.-Picnic-\u00e0-la-cabane-du-Paradies-Chasa-da-F\u00f6-768x512.jpg 768w, https:\/\/www.exclusifmag.com\/online\/wp-content\/uploads\/2018\/04\/8.-Picnic-\u00e0-la-cabane-du-Paradies-Chasa-da-F\u00f6-825x550.jpg 825w\" sizes=\"auto, (max-width: 900px) 100vw, 900px\" \/><\/a>\n\t\t\t<\/dt><\/dl><dl class='gallery-item'>\n\t\t\t<dt class='gallery-icon landscape'>\n\t\t\t\t<a href='https:\/\/www.exclusifmag.com\/online\/paradies\/3-un-plat-signature-du-chef-daniel-stutz\/'><img loading=\"lazy\" decoding=\"async\" width=\"900\" height=\"600\" src=\"https:\/\/www.exclusifmag.com\/online\/wp-content\/uploads\/2018\/04\/3.-Un-plat-signature-du-Chef-Daniel-St\u00fctz.jpg\" class=\"attachment-large size-large\" alt=\"Un plat signature du Chef Daniel St\u00fctz\" srcset=\"https:\/\/www.exclusifmag.com\/online\/wp-content\/uploads\/2018\/04\/3.-Un-plat-signature-du-Chef-Daniel-St\u00fctz.jpg 900w, https:\/\/www.exclusifmag.com\/online\/wp-content\/uploads\/2018\/04\/3.-Un-plat-signature-du-Chef-Daniel-St\u00fctz-400x267.jpg 400w, https:\/\/www.exclusifmag.com\/online\/wp-content\/uploads\/2018\/04\/3.-Un-plat-signature-du-Chef-Daniel-St\u00fctz-768x512.jpg 768w, https:\/\/www.exclusifmag.com\/online\/wp-content\/uploads\/2018\/04\/3.-Un-plat-signature-du-Chef-Daniel-St\u00fctz-825x550.jpg 825w\" sizes=\"auto, (max-width: 900px) 100vw, 900px\" \/><\/a>\n\t\t\t<\/dt><\/dl><br style=\"clear: both\" \/><dl class='gallery-item'>\n\t\t\t<dt class='gallery-icon landscape'>\n\t\t\t\t<a href='https:\/\/www.exclusifmag.com\/online\/paradies\/4-la-somptueuse-bibliotheque-du-paradies\/'><img loading=\"lazy\" decoding=\"async\" width=\"900\" height=\"600\" src=\"https:\/\/www.exclusifmag.com\/online\/wp-content\/uploads\/2018\/04\/4.-La-somptueuse-biblioth\u00e8que-du-Paradies.jpg\" class=\"attachment-large size-large\" alt=\"La somptueuse biblioth\u00e8que du Paradies\" srcset=\"https:\/\/www.exclusifmag.com\/online\/wp-content\/uploads\/2018\/04\/4.-La-somptueuse-biblioth\u00e8que-du-Paradies.jpg 900w, https:\/\/www.exclusifmag.com\/online\/wp-content\/uploads\/2018\/04\/4.-La-somptueuse-biblioth\u00e8que-du-Paradies-400x267.jpg 400w, https:\/\/www.exclusifmag.com\/online\/wp-content\/uploads\/2018\/04\/4.-La-somptueuse-biblioth\u00e8que-du-Paradies-768x512.jpg 768w, https:\/\/www.exclusifmag.com\/online\/wp-content\/uploads\/2018\/04\/4.-La-somptueuse-biblioth\u00e8que-du-Paradies-825x550.jpg 825w\" sizes=\"auto, (max-width: 900px) 100vw, 900px\" \/><\/a>\n\t\t\t<\/dt><\/dl><dl class='gallery-item'>\n\t\t\t<dt class='gallery-icon landscape'>\n\t\t\t\t<a href='https:\/\/www.exclusifmag.com\/online\/paradies\/5-hotel-paradies-confort-et-elegance-du-fumoir\/'><img loading=\"lazy\" decoding=\"async\" width=\"900\" height=\"600\" src=\"https:\/\/www.exclusifmag.com\/online\/wp-content\/uploads\/2018\/04\/5.-H\u00f4tel-Paradies-confort-et-\u00e9l\u00e9gance-du-fumoir.jpg\" class=\"attachment-large size-large\" alt=\"Confort et \u00e9l\u00e9gance du fumoir\" srcset=\"https:\/\/www.exclusifmag.com\/online\/wp-content\/uploads\/2018\/04\/5.-H\u00f4tel-Paradies-confort-et-\u00e9l\u00e9gance-du-fumoir.jpg 900w, https:\/\/www.exclusifmag.com\/online\/wp-content\/uploads\/2018\/04\/5.-H\u00f4tel-Paradies-confort-et-\u00e9l\u00e9gance-du-fumoir-400x267.jpg 400w, https:\/\/www.exclusifmag.com\/online\/wp-content\/uploads\/2018\/04\/5.-H\u00f4tel-Paradies-confort-et-\u00e9l\u00e9gance-du-fumoir-768x512.jpg 768w, https:\/\/www.exclusifmag.com\/online\/wp-content\/uploads\/2018\/04\/5.-H\u00f4tel-Paradies-confort-et-\u00e9l\u00e9gance-du-fumoir-825x550.jpg 825w\" sizes=\"auto, (max-width: 900px) 100vw, 900px\" \/><\/a>\n\t\t\t<\/dt><\/dl><dl class='gallery-item'>\n\t\t\t<dt class='gallery-icon landscape'>\n\t\t\t\t<a href='https:\/\/www.exclusifmag.com\/online\/paradies\/7-dutch-tub-bain-de-vapeur-en-plein-air-chauffe-au-bois\/'><img loading=\"lazy\" decoding=\"async\" width=\"900\" height=\"600\" src=\"https:\/\/www.exclusifmag.com\/online\/wp-content\/uploads\/2018\/04\/7.-Dutch-Tub-bain-de-vapeur-en-plein-air-chauff\u00e9-au-bois.jpg\" class=\"attachment-large size-large\" alt=\"Dutch Tub bain de vapeur en plein air chauff\u00e9 au bois\" srcset=\"https:\/\/www.exclusifmag.com\/online\/wp-content\/uploads\/2018\/04\/7.-Dutch-Tub-bain-de-vapeur-en-plein-air-chauff\u00e9-au-bois.jpg 900w, https:\/\/www.exclusifmag.com\/online\/wp-content\/uploads\/2018\/04\/7.-Dutch-Tub-bain-de-vapeur-en-plein-air-chauff\u00e9-au-bois-400x267.jpg 400w, https:\/\/www.exclusifmag.com\/online\/wp-content\/uploads\/2018\/04\/7.-Dutch-Tub-bain-de-vapeur-en-plein-air-chauff\u00e9-au-bois-768x512.jpg 768w, https:\/\/www.exclusifmag.com\/online\/wp-content\/uploads\/2018\/04\/7.-Dutch-Tub-bain-de-vapeur-en-plein-air-chauff\u00e9-au-bois-825x550.jpg 825w\" sizes=\"auto, (max-width: 900px) 100vw, 900px\" \/><\/a>\n\t\t\t<\/dt><\/dl><br style=\"clear: both\" \/>\n\t\t<\/div>\n\n<p><strong>Club Priv\u00e9 et Propri\u00e9t\u00e9<\/strong><\/p>\n<p>S\u2019inspirant d\u2019une formule \u00e9prouv\u00e9e aux Etats Unis et au Royaume Uni, une association originale &#8211; le Club Priv\u00e9 Il Paradis &#8211; vient de voir le jour en d\u00e9cembre 2017 offrant \u00e0 ses membres 14 jours de forfait par ann\u00e9e. Organis\u00e9e pour partager un s\u00e9jour exceptionnel au meilleur des saisons d\u2019hiver et de l\u2019\u00e9t\u00e9, c\u2019est une premi\u00e8re en Suisse, r\u00e9serv\u00e9e \u00e0 un public appr\u00e9ciant la tenue d\u2019une grande Maison prestigieuse et discr\u00e8te. Le concept de Club Priv\u00e9 &#8211; moyennant des frais d\u2019entr\u00e9e &#8211; permet de vivre, dans un cercle d\u2019habitu\u00e9s limit\u00e9s en exclusivit\u00e9 \u00e0 200 membres, une exp\u00e9rience all inclusive (absolument tout compris !) dans un confort ultime avec des possibilit\u00e9s de loisirs sportifs, culturels et de bien-\u00eatre offerts par l\u2019H\u00f4tel Paradies et la r\u00e9gion. Sans oublier les d\u00e9lices du Chef Daniel St\u00fctz, qui a offici\u00e9 aupr\u00e8s des plus grands noms de la gastronomie.<br \/>\nPlus fort encore, le principe d\u2019acqu\u00e9rir des parts de cette entit\u00e9 h\u00f4teli\u00e8re en transformant ce coin de paradis en r\u00e9sidences secondaires pour des priv\u00e9s et leurs familles s\u2019impose dans l\u2019esprit de Horst Rahe. Fondant une nouvelle soci\u00e9t\u00e9 dans ce but, il est propos\u00e9 \u00e0 un maximum de 13 actionnaires la possibilit\u00e9 de poss\u00e9der sous la forme d\u2019une suite en copropri\u00e9t\u00e9, un bien inscrit au registre foncier. Partenaires de l\u2019H\u00f4tel Paradies, ils auront l\u2019avantage de profiter d\u2019une propri\u00e9t\u00e9 historique et de ses installations d\u2019exception en plus d\u2019un retour sur investissement, de m\u00eame qu\u2019un int\u00e9ressement \u00e0 l\u2019ann\u00e9e sur la location du bien non occup\u00e9. D\u00e8s 2018 et 2019, un vaste de plan de r\u00e9novation de chambres, salles de bains, restaurants et d\u2019espaces d\u2019accueil ainsi que r\u00e9am\u00e9nagement des ext\u00e9rieurs est pr\u00e9vu \u00e0 cet effet.<\/p>\n\n\t\t<style type=\"text\/css\">\n\t\t\t#gallery-3 {\n\t\t\t\tmargin: auto;\n\t\t\t}\n\t\t\t#gallery-3 .gallery-item {\n\t\t\t\tfloat: left;\n\t\t\t\tmargin-top: 10px;\n\t\t\t\ttext-align: center;\n\t\t\t\twidth: 33%;\n\t\t\t}\n\t\t\t#gallery-3 img {\n\t\t\t\tborder: 2px solid #cfcfcf;\n\t\t\t}\n\t\t\t#gallery-3 .gallery-caption {\n\t\t\t\tmargin-left: 0;\n\t\t\t}\n\t\t\t\/* see gallery_shortcode() in wp-includes\/media.php *\/\n\t\t<\/style>\n\t\t<div id='gallery-3' class='gallery galleryid-1768 gallery-columns-3 gallery-size-large'><dl class='gallery-item'>\n\t\t\t<dt class='gallery-icon landscape'>\n\t\t\t\t<a href='https:\/\/www.exclusifmag.com\/online\/paradies\/2-le-village-sous-son-manteau-blanc-c-dominik-tauber\/'><img loading=\"lazy\" decoding=\"async\" width=\"900\" height=\"600\" src=\"https:\/\/www.exclusifmag.com\/online\/wp-content\/uploads\/2018\/04\/2.-Le-village-sous-son-manteau-blanc-c-Dominik-T\u00e4uber.jpg\" class=\"attachment-large size-large\" alt=\"Le village sous son manteau blanc (c) Dominik T\u00e4uber\" srcset=\"https:\/\/www.exclusifmag.com\/online\/wp-content\/uploads\/2018\/04\/2.-Le-village-sous-son-manteau-blanc-c-Dominik-T\u00e4uber.jpg 900w, https:\/\/www.exclusifmag.com\/online\/wp-content\/uploads\/2018\/04\/2.-Le-village-sous-son-manteau-blanc-c-Dominik-T\u00e4uber-400x267.jpg 400w, https:\/\/www.exclusifmag.com\/online\/wp-content\/uploads\/2018\/04\/2.-Le-village-sous-son-manteau-blanc-c-Dominik-T\u00e4uber-768x512.jpg 768w, https:\/\/www.exclusifmag.com\/online\/wp-content\/uploads\/2018\/04\/2.-Le-village-sous-son-manteau-blanc-c-Dominik-T\u00e4uber-825x550.jpg 825w\" sizes=\"auto, (max-width: 900px) 100vw, 900px\" \/><\/a>\n\t\t\t<\/dt><\/dl><dl class='gallery-item'>\n\t\t\t<dt class='gallery-icon landscape'>\n\t\t\t\t<a href='https:\/\/www.exclusifmag.com\/online\/paradies\/3-charme-et-tradition-dun-village-authentique-c-dominik-tauber\/'><img loading=\"lazy\" decoding=\"async\" width=\"900\" height=\"600\" src=\"https:\/\/www.exclusifmag.com\/online\/wp-content\/uploads\/2018\/04\/3.-Charme-et-tradition-dun-village-authentique-c-Dominik-T\u00e4uber.jpg\" class=\"attachment-large size-large\" alt=\"Charme et tradition d&#039;un village authentique (c) Dominik T\u00e4uber\" srcset=\"https:\/\/www.exclusifmag.com\/online\/wp-content\/uploads\/2018\/04\/3.-Charme-et-tradition-dun-village-authentique-c-Dominik-T\u00e4uber.jpg 900w, https:\/\/www.exclusifmag.com\/online\/wp-content\/uploads\/2018\/04\/3.-Charme-et-tradition-dun-village-authentique-c-Dominik-T\u00e4uber-400x267.jpg 400w, https:\/\/www.exclusifmag.com\/online\/wp-content\/uploads\/2018\/04\/3.-Charme-et-tradition-dun-village-authentique-c-Dominik-T\u00e4uber-768x512.jpg 768w, https:\/\/www.exclusifmag.com\/online\/wp-content\/uploads\/2018\/04\/3.-Charme-et-tradition-dun-village-authentique-c-Dominik-T\u00e4uber-825x550.jpg 825w\" sizes=\"auto, (max-width: 900px) 100vw, 900px\" \/><\/a>\n\t\t\t<\/dt><\/dl><dl class='gallery-item'>\n\t\t\t<dt class='gallery-icon landscape'>\n\t\t\t\t<a href='https:\/\/www.exclusifmag.com\/online\/paradies\/4-tout-aussi-spectaculaire-ete-comme-hiver-c-dominik-tauber\/'><img loading=\"lazy\" decoding=\"async\" width=\"900\" height=\"600\" src=\"https:\/\/www.exclusifmag.com\/online\/wp-content\/uploads\/2018\/04\/4.-Tout-aussi-spectaculaire-\u00e9t\u00e9-comme-hiver-c-Dominik-T\u00e4uber.jpg\" class=\"attachment-large size-large\" alt=\"Tout aussi spectaculaire \u00e9t\u00e9 comme hiver (c) Dominik T\u00e4uber\" srcset=\"https:\/\/www.exclusifmag.com\/online\/wp-content\/uploads\/2018\/04\/4.-Tout-aussi-spectaculaire-\u00e9t\u00e9-comme-hiver-c-Dominik-T\u00e4uber.jpg 900w, https:\/\/www.exclusifmag.com\/online\/wp-content\/uploads\/2018\/04\/4.-Tout-aussi-spectaculaire-\u00e9t\u00e9-comme-hiver-c-Dominik-T\u00e4uber-400x267.jpg 400w, https:\/\/www.exclusifmag.com\/online\/wp-content\/uploads\/2018\/04\/4.-Tout-aussi-spectaculaire-\u00e9t\u00e9-comme-hiver-c-Dominik-T\u00e4uber-768x512.jpg 768w, https:\/\/www.exclusifmag.com\/online\/wp-content\/uploads\/2018\/04\/4.-Tout-aussi-spectaculaire-\u00e9t\u00e9-comme-hiver-c-Dominik-T\u00e4uber-825x550.jpg 825w\" sizes=\"auto, (max-width: 900px) 100vw, 900px\" \/><\/a>\n\t\t\t<\/dt><\/dl><br style=\"clear: both\" \/><dl class='gallery-item'>\n\t\t\t<dt class='gallery-icon landscape'>\n\t\t\t\t<a href='https:\/\/www.exclusifmag.com\/online\/paradies\/5-harmonie-de-laccueillante-place-du-village-c-dominik-tauber\/'><img loading=\"lazy\" decoding=\"async\" width=\"900\" height=\"600\" src=\"https:\/\/www.exclusifmag.com\/online\/wp-content\/uploads\/2018\/04\/5.-Harmonie-de-laccueillante-place-du-village-c-Dominik-T\u00e4uber.jpg\" class=\"attachment-large size-large\" alt=\"Harmonie de l&#039;accueillante place du village (c) Dominik T\u00e4uber\" srcset=\"https:\/\/www.exclusifmag.com\/online\/wp-content\/uploads\/2018\/04\/5.-Harmonie-de-laccueillante-place-du-village-c-Dominik-T\u00e4uber.jpg 900w, https:\/\/www.exclusifmag.com\/online\/wp-content\/uploads\/2018\/04\/5.-Harmonie-de-laccueillante-place-du-village-c-Dominik-T\u00e4uber-400x267.jpg 400w, https:\/\/www.exclusifmag.com\/online\/wp-content\/uploads\/2018\/04\/5.-Harmonie-de-laccueillante-place-du-village-c-Dominik-T\u00e4uber-768x512.jpg 768w, https:\/\/www.exclusifmag.com\/online\/wp-content\/uploads\/2018\/04\/5.-Harmonie-de-laccueillante-place-du-village-c-Dominik-T\u00e4uber-825x550.jpg 825w\" sizes=\"auto, (max-width: 900px) 100vw, 900px\" \/><\/a>\n\t\t\t<\/dt><\/dl><dl class='gallery-item'>\n\t\t\t<dt class='gallery-icon landscape'>\n\t\t\t\t<a href='https:\/\/www.exclusifmag.com\/online\/paradies\/6-une-architecture-traditionnelle-avec-des-facades-decorees-c-dominik-tauber\/'><img loading=\"lazy\" decoding=\"async\" width=\"900\" height=\"600\" src=\"https:\/\/www.exclusifmag.com\/online\/wp-content\/uploads\/2018\/04\/6.-Une-architecture-traditionnelle-avec-des-fa\u00e7ades-d\u00e9cor\u00e9es-c-Dominik-T\u00e4uber.jpg\" class=\"attachment-large size-large\" alt=\"Une architecture traditionnelle avec des fa\u00e7ades d\u00e9cor\u00e9es (c) Dominik T\u00e4uber\" srcset=\"https:\/\/www.exclusifmag.com\/online\/wp-content\/uploads\/2018\/04\/6.-Une-architecture-traditionnelle-avec-des-fa\u00e7ades-d\u00e9cor\u00e9es-c-Dominik-T\u00e4uber.jpg 900w, https:\/\/www.exclusifmag.com\/online\/wp-content\/uploads\/2018\/04\/6.-Une-architecture-traditionnelle-avec-des-fa\u00e7ades-d\u00e9cor\u00e9es-c-Dominik-T\u00e4uber-400x267.jpg 400w, https:\/\/www.exclusifmag.com\/online\/wp-content\/uploads\/2018\/04\/6.-Une-architecture-traditionnelle-avec-des-fa\u00e7ades-d\u00e9cor\u00e9es-c-Dominik-T\u00e4uber-768x512.jpg 768w, https:\/\/www.exclusifmag.com\/online\/wp-content\/uploads\/2018\/04\/6.-Une-architecture-traditionnelle-avec-des-fa\u00e7ades-d\u00e9cor\u00e9es-c-Dominik-T\u00e4uber-825x550.jpg 825w\" sizes=\"auto, (max-width: 900px) 100vw, 900px\" \/><\/a>\n\t\t\t<\/dt><\/dl><dl class='gallery-item'>\n\t\t\t<dt class='gallery-icon landscape'>\n\t\t\t\t<a href='https:\/\/www.exclusifmag.com\/online\/paradies\/7-charme-des-ruelles-pavees-serpentant-entre-les-maisons-c-dominik-tauber\/'><img loading=\"lazy\" decoding=\"async\" width=\"900\" height=\"600\" src=\"https:\/\/www.exclusifmag.com\/online\/wp-content\/uploads\/2018\/04\/7.-Charme-des-ruelles-pav\u00e9es-serpentant-entre-les-maisons-c-Dominik-T\u00e4uber.jpg\" class=\"attachment-large size-large\" alt=\"Charme des ruelles pav\u00e9es serpentant entre les maisons (c) Dominik T\u00e4uber\" srcset=\"https:\/\/www.exclusifmag.com\/online\/wp-content\/uploads\/2018\/04\/7.-Charme-des-ruelles-pav\u00e9es-serpentant-entre-les-maisons-c-Dominik-T\u00e4uber.jpg 900w, https:\/\/www.exclusifmag.com\/online\/wp-content\/uploads\/2018\/04\/7.-Charme-des-ruelles-pav\u00e9es-serpentant-entre-les-maisons-c-Dominik-T\u00e4uber-400x267.jpg 400w, https:\/\/www.exclusifmag.com\/online\/wp-content\/uploads\/2018\/04\/7.-Charme-des-ruelles-pav\u00e9es-serpentant-entre-les-maisons-c-Dominik-T\u00e4uber-768x512.jpg 768w, https:\/\/www.exclusifmag.com\/online\/wp-content\/uploads\/2018\/04\/7.-Charme-des-ruelles-pav\u00e9es-serpentant-entre-les-maisons-c-Dominik-T\u00e4uber-825x550.jpg 825w\" sizes=\"auto, (max-width: 900px) 100vw, 900px\" \/><\/a>\n\t\t\t<\/dt><\/dl><br style=\"clear: both\" \/>\n\t\t<\/div>\n\n<p><strong>Un espace de vie exclusif<\/strong><br \/>\nEntre 53 et 104 m2 de surfaces \u00e0 choix, les suites se situent sur diff\u00e9rents \u00e9tages de l\u2019h\u00f4tel offrant partout des vues \u00e9tourdissantes sur la montagne et son panorama. Chemin\u00e9es, biblioth\u00e8ques, fumoir, restaurants, meubles d\u2019\u00e9poque, \u0153uvres d\u2019art, les objets de collection sc\u00e9narisent l\u2019ambiance et rev\u00eatent ici une personnalit\u00e9 qui perp\u00e9tue l\u2019identit\u00e9 des lieux. Gr\u00e2ce et luxe bien pens\u00e9s impr\u00e8gnent les volumes, les espaces, le d\u00e9tail raffin\u00e9 des \u00e9toffes de cr\u00e9ateurs recouvrant les canap\u00e9s et fauteuils o\u00f9 l\u2019on aime se glisser\u2026 Avec le mouvement des rideaux encadrant les saisons, c\u2019est la vision du temps qui passe, change et nous surprend, nous enchante inlassablement ! Ce n\u2019est pas un palace mais un havre de raffinement et de bien-\u00eatre, la maison dont on tisse le destin de g\u00e9n\u00e9rations en g\u00e9n\u00e9rations. Entre for\u00eats et champs de neige ! Pour toujours. Allegra ainsi que se dit ici bonjour!<\/p>\n","protected":false},"excerpt":{"rendered":"<p>Poss\u00e9der un morceau de Paradis ?<br \/>\nLe r\u00eave se r\u00e9alise en Engadine !<\/p>\n","protected":false},"author":1,"featured_media":1804,"comment_status":"closed","ping_status":"open","sticky":false,"template":"","format":"standard","meta":{"footnotes":""},"categories":[19,15,7,5],"tags":[116,114,34,33,157,115],"class_list":["post-1768","post","type-post","status-publish","format-standard","has-post-thumbnail","hentry","category-bien-etre-wellness","category-escapades","category-hotellerie","category-life-art-de-vivre","tag-dolomites-engadinoises","tag-ftan-engadine","tag-hotel","tag-montagne","tag-paradis","tag-silvretta"],"_links":{"self":[{"href":"https:\/\/www.exclusifmag.com\/online\/wp-json\/wp\/v2\/posts\/1768","targetHints":{"allow":["GET"]}}],"collection":[{"href":"https:\/\/www.exclusifmag.com\/online\/wp-json\/wp\/v2\/posts"}],"about":[{"href":"https:\/\/www.exclusifmag.com\/online\/wp-json\/wp\/v2\/types\/post"}],"author":[{"embeddable":true,"href":"https:\/\/www.exclusifmag.com\/online\/wp-json\/wp\/v2\/users\/1"}],"replies":[{"embeddable":true,"href":"https:\/\/www.exclusifmag.com\/online\/wp-json\/wp\/v2\/comments?post=1768"}],"version-history":[{"count":14,"href":"https:\/\/www.exclusifmag.com\/online\/wp-json\/wp\/v2\/posts\/1768\/revisions"}],"predecessor-version":[{"id":3076,"href":"https:\/\/www.exclusifmag.com\/online\/wp-json\/wp\/v2\/posts\/1768\/revisions\/3076"}],"wp:featuredmedia":[{"embeddable":true,"href":"https:\/\/www.exclusifmag.com\/online\/wp-json\/wp\/v2\/media\/1804"}],"wp:attachment":[{"href":"https:\/\/www.exclusifmag.com\/online\/wp-json\/wp\/v2\/media?parent=1768"}],"wp:term":[{"taxonomy":"category","embeddable":true,"href":"https:\/\/www.exclusifmag.com\/online\/wp-json\/wp\/v2\/categories?post=1768"},{"taxonomy":"post_tag","embeddable":true,"href":"https:\/\/www.exclusifmag.com\/online\/wp-json\/wp\/v2\/tags?post=1768"}],"curies":[{"name":"wp","href":"https:\/\/api.w.org\/{rel}","templated":true}]}}