{"id":18976,"date":"2022-06-21T07:41:09","date_gmt":"2022-06-21T05:41:09","guid":{"rendered":"https:\/\/www.exclusifmag.com\/online\/?p=18976"},"modified":"2022-06-22T10:30:26","modified_gmt":"2022-06-22T08:30:26","slug":"ocean-cay-au-large-de-miami","status":"publish","type":"post","link":"https:\/\/www.exclusifmag.com\/online\/ocean-cay-au-large-de-miami\/","title":{"rendered":"Ocean Cay au large de Miami"},"content":{"rendered":"<h2><em>Un \u00e9den \u00e9cotouristique <\/em><\/h2>\n<p><strong>D\u00e9fi d\u2019un ancien site industriel r\u00e9habilit\u00e9 en \u00e9den \u00e9cotouristique, cap sur Ocean Cay une \u00eele compl\u00e8tement ressourc\u00e9e ! Imaginez 48 hectares de sable fin, cocotiers et lagon turquoise aux confins des Bahamas ! Cette \u00eele de r\u00eave n\u2019\u00e9tait &#8211; il n\u2019y a pas si longtemps encore &#8211; qu\u2019une friche industrielle satur\u00e9e de d\u00e9chets. Pour en saisir le potentiel, il aura fallu la vision du croisi\u00e9riste italo-suisse MSC, dont le si\u00e8ge est \u00e0 Gen\u00e8ve. Et la \u00ab marraine historique \u00bb Sophia Loren !<\/strong><\/p>\n\n\t\t<style type=\"text\/css\">\n\t\t\t#gallery-1 {\n\t\t\t\tmargin: auto;\n\t\t\t}\n\t\t\t#gallery-1 .gallery-item {\n\t\t\t\tfloat: left;\n\t\t\t\tmargin-top: 10px;\n\t\t\t\ttext-align: center;\n\t\t\t\twidth: 50%;\n\t\t\t}\n\t\t\t#gallery-1 img {\n\t\t\t\tborder: 2px solid #cfcfcf;\n\t\t\t}\n\t\t\t#gallery-1 .gallery-caption {\n\t\t\t\tmargin-left: 0;\n\t\t\t}\n\t\t\t\/* see gallery_shortcode() in wp-includes\/media.php *\/\n\t\t<\/style>\n\t\t<div id='gallery-1' class='gallery galleryid-18976 gallery-columns-2 gallery-size-large'><dl class='gallery-item'>\n\t\t\t<dt class='gallery-icon landscape'>\n\t\t\t\t<a href='https:\/\/www.exclusifmag.com\/online\/wp-content\/uploads\/2022\/06\/1.-Les-coraux-sont-ici-capables-de-survivre-a-la-hausse-des-temperatures-oceaniques.jpg'><img loading=\"lazy\" decoding=\"async\" width=\"900\" height=\"600\" src=\"https:\/\/www.exclusifmag.com\/online\/wp-content\/uploads\/2022\/06\/1.-Les-coraux-sont-ici-capables-de-survivre-a-la-hausse-des-temperatures-oceaniques.jpg\" class=\"attachment-large size-large\" alt=\"Les coraux sont ici capables de survivre \u00e0 la hausse des temp\u00e9ratures oc\u00e9aniques\" srcset=\"https:\/\/www.exclusifmag.com\/online\/wp-content\/uploads\/2022\/06\/1.-Les-coraux-sont-ici-capables-de-survivre-a-la-hausse-des-temperatures-oceaniques.jpg 900w, https:\/\/www.exclusifmag.com\/online\/wp-content\/uploads\/2022\/06\/1.-Les-coraux-sont-ici-capables-de-survivre-a-la-hausse-des-temperatures-oceaniques-400x267.jpg 400w, https:\/\/www.exclusifmag.com\/online\/wp-content\/uploads\/2022\/06\/1.-Les-coraux-sont-ici-capables-de-survivre-a-la-hausse-des-temperatures-oceaniques-768x512.jpg 768w, https:\/\/www.exclusifmag.com\/online\/wp-content\/uploads\/2022\/06\/1.-Les-coraux-sont-ici-capables-de-survivre-a-la-hausse-des-temperatures-oceaniques-825x550.jpg 825w\" sizes=\"auto, (max-width: 900px) 100vw, 900px\" \/><\/a>\n\t\t\t<\/dt><\/dl><dl class='gallery-item'>\n\t\t\t<dt class='gallery-icon landscape'>\n\t\t\t\t<a href='https:\/\/www.exclusifmag.com\/online\/wp-content\/uploads\/2022\/06\/2.-A-Ocean-Cay-on-a-deja-enregistre-les-premieres-eclosions-de-tortues-caouannes..jpg'><img loading=\"lazy\" decoding=\"async\" width=\"900\" height=\"600\" src=\"https:\/\/www.exclusifmag.com\/online\/wp-content\/uploads\/2022\/06\/2.-A-Ocean-Cay-on-a-deja-enregistre-les-premieres-eclosions-de-tortues-caouannes..jpg\" class=\"attachment-large size-large\" alt=\"A Ocean Cay on a dej\u00e0 enregistr\u00e9 les premi\u00e8res \u00e9closions de tortues caouannes.\" srcset=\"https:\/\/www.exclusifmag.com\/online\/wp-content\/uploads\/2022\/06\/2.-A-Ocean-Cay-on-a-deja-enregistre-les-premieres-eclosions-de-tortues-caouannes..jpg 900w, https:\/\/www.exclusifmag.com\/online\/wp-content\/uploads\/2022\/06\/2.-A-Ocean-Cay-on-a-deja-enregistre-les-premieres-eclosions-de-tortues-caouannes.-400x267.jpg 400w, https:\/\/www.exclusifmag.com\/online\/wp-content\/uploads\/2022\/06\/2.-A-Ocean-Cay-on-a-deja-enregistre-les-premieres-eclosions-de-tortues-caouannes.-768x512.jpg 768w, https:\/\/www.exclusifmag.com\/online\/wp-content\/uploads\/2022\/06\/2.-A-Ocean-Cay-on-a-deja-enregistre-les-premieres-eclosions-de-tortues-caouannes.-825x550.jpg 825w\" sizes=\"auto, (max-width: 900px) 100vw, 900px\" \/><\/a>\n\t\t\t<\/dt><\/dl><br style=\"clear: both\" \/>\n\t\t<\/div>\n\n<p>Ocean Cay sera aussi une r\u00e9serve naturelle de biodiversit\u00e9, g\u00e9r\u00e9 par une Fondation et une \u00e9quipe d&rsquo;experts environnementaux. On y implantera des coraux capables de survivre \u00e0 la hausse des temp\u00e9ratures oc\u00e9aniques. Certains oiseaux sont d\u00e9j\u00e0 revenus dans ce laboratoire du vivant, o\u00f9 l\u2019on a aussi enregistr\u00e9 les premi\u00e8res \u00e9closions de tortues caouannes. Julien Buot &#8211; de l\u2019Association Agir pour un Tourisme Responsable &#8211; rel\u00e8ve que si ce genre de projet peut soulever des controverses, \u00ab \u2026il peut aussi valoriser l\u2019environnement et contribuer \u00e0 sa diversification, quand il est bien pens\u00e9 \u00bb. Ce qui se v\u00e9rifie \u00e0 Ocean Cay, selon lui.<\/p>\n\n\t\t<style type=\"text\/css\">\n\t\t\t#gallery-2 {\n\t\t\t\tmargin: auto;\n\t\t\t}\n\t\t\t#gallery-2 .gallery-item {\n\t\t\t\tfloat: left;\n\t\t\t\tmargin-top: 10px;\n\t\t\t\ttext-align: center;\n\t\t\t\twidth: 33%;\n\t\t\t}\n\t\t\t#gallery-2 img {\n\t\t\t\tborder: 2px solid #cfcfcf;\n\t\t\t}\n\t\t\t#gallery-2 .gallery-caption {\n\t\t\t\tmargin-left: 0;\n\t\t\t}\n\t\t\t\/* see gallery_shortcode() in wp-includes\/media.php *\/\n\t\t<\/style>\n\t\t<div id='gallery-2' class='gallery galleryid-18976 gallery-columns-3 gallery-size-large'><dl class='gallery-item'>\n\t\t\t<dt class='gallery-icon landscape'>\n\t\t\t\t<a href='https:\/\/www.exclusifmag.com\/online\/wp-content\/uploads\/2022\/06\/3.-Redecouverte-des-populations-sous-marines-en-masque-et-tuba-2.jpg'><img loading=\"lazy\" decoding=\"async\" width=\"900\" height=\"600\" src=\"https:\/\/www.exclusifmag.com\/online\/wp-content\/uploads\/2022\/06\/3.-Redecouverte-des-populations-sous-marines-en-masque-et-tuba-2.jpg\" class=\"attachment-large size-large\" alt=\"(Re)d\u00e9couverte des populations sous-marines en masque et tuba\" srcset=\"https:\/\/www.exclusifmag.com\/online\/wp-content\/uploads\/2022\/06\/3.-Redecouverte-des-populations-sous-marines-en-masque-et-tuba-2.jpg 900w, https:\/\/www.exclusifmag.com\/online\/wp-content\/uploads\/2022\/06\/3.-Redecouverte-des-populations-sous-marines-en-masque-et-tuba-2-400x267.jpg 400w, https:\/\/www.exclusifmag.com\/online\/wp-content\/uploads\/2022\/06\/3.-Redecouverte-des-populations-sous-marines-en-masque-et-tuba-2-768x512.jpg 768w, https:\/\/www.exclusifmag.com\/online\/wp-content\/uploads\/2022\/06\/3.-Redecouverte-des-populations-sous-marines-en-masque-et-tuba-2-825x550.jpg 825w\" sizes=\"auto, (max-width: 900px) 100vw, 900px\" \/><\/a>\n\t\t\t<\/dt><\/dl><dl class='gallery-item'>\n\t\t\t<dt class='gallery-icon landscape'>\n\t\t\t\t<a href='https:\/\/www.exclusifmag.com\/online\/wp-content\/uploads\/2022\/06\/4.-Plongeon-dans-des-eaux-turquoises-dun-environnement-ressource-2.jpg'><img loading=\"lazy\" decoding=\"async\" width=\"900\" height=\"600\" src=\"https:\/\/www.exclusifmag.com\/online\/wp-content\/uploads\/2022\/06\/4.-Plongeon-dans-des-eaux-turquoises-dun-environnement-ressource-2.jpg\" class=\"attachment-large size-large\" alt=\"Plongeon dans des eaux turquoises d&#039;un environnement ressourc\u00e9\" srcset=\"https:\/\/www.exclusifmag.com\/online\/wp-content\/uploads\/2022\/06\/4.-Plongeon-dans-des-eaux-turquoises-dun-environnement-ressource-2.jpg 900w, https:\/\/www.exclusifmag.com\/online\/wp-content\/uploads\/2022\/06\/4.-Plongeon-dans-des-eaux-turquoises-dun-environnement-ressource-2-400x267.jpg 400w, https:\/\/www.exclusifmag.com\/online\/wp-content\/uploads\/2022\/06\/4.-Plongeon-dans-des-eaux-turquoises-dun-environnement-ressource-2-768x512.jpg 768w, https:\/\/www.exclusifmag.com\/online\/wp-content\/uploads\/2022\/06\/4.-Plongeon-dans-des-eaux-turquoises-dun-environnement-ressource-2-825x550.jpg 825w\" sizes=\"auto, (max-width: 900px) 100vw, 900px\" \/><\/a>\n\t\t\t<\/dt><\/dl><dl class='gallery-item'>\n\t\t\t<dt class='gallery-icon landscape'>\n\t\t\t\t<a href='https:\/\/www.exclusifmag.com\/online\/wp-content\/uploads\/2022\/06\/5.-Un-lagon-recree-et-un-phare-decoratif-conferent-a-lile-une-beaute-originelle...-1.jpg'><img loading=\"lazy\" decoding=\"async\" width=\"900\" height=\"600\" src=\"https:\/\/www.exclusifmag.com\/online\/wp-content\/uploads\/2022\/06\/5.-Un-lagon-recree-et-un-phare-decoratif-conferent-a-lile-une-beaute-originelle...-1.jpg\" class=\"attachment-large size-large\" alt=\"Un lagon recr\u00e9\u00e9 et un phare d\u00e9coratif conf\u00e8rent \u00e0 l&#039;\u00eele une beaut\u00e9 originelle\" srcset=\"https:\/\/www.exclusifmag.com\/online\/wp-content\/uploads\/2022\/06\/5.-Un-lagon-recree-et-un-phare-decoratif-conferent-a-lile-une-beaute-originelle...-1.jpg 900w, https:\/\/www.exclusifmag.com\/online\/wp-content\/uploads\/2022\/06\/5.-Un-lagon-recree-et-un-phare-decoratif-conferent-a-lile-une-beaute-originelle...-1-400x267.jpg 400w, https:\/\/www.exclusifmag.com\/online\/wp-content\/uploads\/2022\/06\/5.-Un-lagon-recree-et-un-phare-decoratif-conferent-a-lile-une-beaute-originelle...-1-768x512.jpg 768w, https:\/\/www.exclusifmag.com\/online\/wp-content\/uploads\/2022\/06\/5.-Un-lagon-recree-et-un-phare-decoratif-conferent-a-lile-une-beaute-originelle...-1-825x550.jpg 825w\" sizes=\"auto, (max-width: 900px) 100vw, 900px\" \/><\/a>\n\t\t\t<\/dt><\/dl><br style=\"clear: both\" \/>\n\t\t<\/div>\n\n<p><strong>Un investissement colossal<\/strong><\/p>\n<p>Cette philosophie de tourisme responsable s\u2019exprime aussi dans le recours \u00e0 l\u2019\u00e9nergie solaire pour les diff\u00e9rentes activit\u00e9s. Une fa\u00e7on de se faire pardonner l\u2019impact environnemental des \u00ab villes flottantes \u00bb ? L\u2019armateur avance ses efforts constants pour limiter ses nuisances en mer, notamment par l\u2019usage progressif de fuel moins polluant.. Il aura fallu tout (r\u00e9)am\u00e9nager sur ce lopin de terre devenu station baln\u00e9aire; quatre ans de chantier et un endettement sur un si\u00e8cle (co\u00fbt estim\u00e9: plus de 200 millions de francs). Le r\u00e9sultat est bluffant: l\u00e0 o\u00f9 tra\u00eenaient des milliers de tonnes de ferrailles, 75.000 plantes et arbustes ont \u00e9t\u00e9 plant\u00e9s. Il a fallu \u00e9galement recr\u00e9er un lagon pour conf\u00e9rer \u00e0 l\u2019\u00eele une \u00ab beaut\u00e9 originelle \u00bb. Un phare d\u00e9coratif a \u00e9t\u00e9 plant\u00e9 dans ce cadre photog\u00e9nique. La nuit venue, il devient la star d\u2019un show d\u2019\u00e9clairages LED.<\/p>\n\n\t\t<style type=\"text\/css\">\n\t\t\t#gallery-3 {\n\t\t\t\tmargin: auto;\n\t\t\t}\n\t\t\t#gallery-3 .gallery-item {\n\t\t\t\tfloat: left;\n\t\t\t\tmargin-top: 10px;\n\t\t\t\ttext-align: center;\n\t\t\t\twidth: 50%;\n\t\t\t}\n\t\t\t#gallery-3 img {\n\t\t\t\tborder: 2px solid #cfcfcf;\n\t\t\t}\n\t\t\t#gallery-3 .gallery-caption {\n\t\t\t\tmargin-left: 0;\n\t\t\t}\n\t\t\t\/* see gallery_shortcode() in wp-includes\/media.php *\/\n\t\t<\/style>\n\t\t<div id='gallery-3' class='gallery galleryid-18976 gallery-columns-2 gallery-size-large'><dl class='gallery-item'>\n\t\t\t<dt class='gallery-icon landscape'>\n\t\t\t\t<a href='https:\/\/www.exclusifmag.com\/online\/wp-content\/uploads\/2022\/06\/6.-Depuis-une-des-8-plages-recreees-perspective-sur-un-bateau-croisieres-MCS-faisant-escale-a-Ocean-Cay-1.jpg'><img loading=\"lazy\" decoding=\"async\" width=\"900\" height=\"600\" src=\"https:\/\/www.exclusifmag.com\/online\/wp-content\/uploads\/2022\/06\/6.-Depuis-une-des-8-plages-recreees-perspective-sur-un-bateau-croisieres-MCS-faisant-escale-a-Ocean-Cay-1.jpg\" class=\"attachment-large size-large\" alt=\"Depuis une des 8 plages recr\u00e9\u00e9es, perspective sur un bateau croisi\u00e8res MCS faisant escale \u00e0 Ocean Cay\" srcset=\"https:\/\/www.exclusifmag.com\/online\/wp-content\/uploads\/2022\/06\/6.-Depuis-une-des-8-plages-recreees-perspective-sur-un-bateau-croisieres-MCS-faisant-escale-a-Ocean-Cay-1.jpg 900w, https:\/\/www.exclusifmag.com\/online\/wp-content\/uploads\/2022\/06\/6.-Depuis-une-des-8-plages-recreees-perspective-sur-un-bateau-croisieres-MCS-faisant-escale-a-Ocean-Cay-1-400x267.jpg 400w, https:\/\/www.exclusifmag.com\/online\/wp-content\/uploads\/2022\/06\/6.-Depuis-une-des-8-plages-recreees-perspective-sur-un-bateau-croisieres-MCS-faisant-escale-a-Ocean-Cay-1-768x512.jpg 768w, https:\/\/www.exclusifmag.com\/online\/wp-content\/uploads\/2022\/06\/6.-Depuis-une-des-8-plages-recreees-perspective-sur-un-bateau-croisieres-MCS-faisant-escale-a-Ocean-Cay-1-825x550.jpg 825w\" sizes=\"auto, (max-width: 900px) 100vw, 900px\" \/><\/a>\n\t\t\t<\/dt><\/dl><dl class='gallery-item'>\n\t\t\t<dt class='gallery-icon landscape'>\n\t\t\t\t<a href='https:\/\/www.exclusifmag.com\/online\/wp-content\/uploads\/2022\/06\/7.-Ocean-House-point-d-accueil-pour-une-journee-descale-a-Ocean-CAy-1.jpg'><img loading=\"lazy\" decoding=\"async\" width=\"900\" height=\"600\" src=\"https:\/\/www.exclusifmag.com\/online\/wp-content\/uploads\/2022\/06\/7.-Ocean-House-point-d-accueil-pour-une-journee-descale-a-Ocean-CAy-1.jpg\" class=\"attachment-large size-large\" alt=\"Ocean House point d&#039; accueil pour une journ\u00e9e d&#039;escale \u00e0 Ocean Cay\" srcset=\"https:\/\/www.exclusifmag.com\/online\/wp-content\/uploads\/2022\/06\/7.-Ocean-House-point-d-accueil-pour-une-journee-descale-a-Ocean-CAy-1.jpg 900w, https:\/\/www.exclusifmag.com\/online\/wp-content\/uploads\/2022\/06\/7.-Ocean-House-point-d-accueil-pour-une-journee-descale-a-Ocean-CAy-1-400x267.jpg 400w, https:\/\/www.exclusifmag.com\/online\/wp-content\/uploads\/2022\/06\/7.-Ocean-House-point-d-accueil-pour-une-journee-descale-a-Ocean-CAy-1-768x512.jpg 768w, https:\/\/www.exclusifmag.com\/online\/wp-content\/uploads\/2022\/06\/7.-Ocean-House-point-d-accueil-pour-une-journee-descale-a-Ocean-CAy-1-825x550.jpg 825w\" sizes=\"auto, (max-width: 900px) 100vw, 900px\" \/><\/a>\n\t\t\t<\/dt><\/dl><br style=\"clear: both\" \/>\n\t\t<\/div>\n\n<p><strong>Pratique<\/strong><\/p>\n<p><em><strong>Y aller<\/strong> Miami ou New York sont les ports d\u2019embarquement des croisi\u00e8res MSC faisant escale \u00e0 Ocean Cay. Pour compenser son empreinte Co2 : www.naturelabworld.com\/fr\/calcul-empreinte-ecologique<\/em><\/p>\n<p><span style=\"color: #333333;\"><em><strong>Visiter<\/strong> il n\u2019y a pas d\u2019h\u00f4tel sur l\u2019\u00eele. Les vacanciers y font escale pour une journ\u00e9e lors de leur croisi\u00e8re dans les Cara\u00efbes. Sur ses huit plages diversifi\u00e9es, Ocean Cay multiplie les activit\u00e9s. Il est aussi pr\u00e9vu d\u2019y organiser des ateliers d\u2019initiation au milieu marin, pour petits et grands.<\/em><\/span><\/p>\n<h6><span style=\"color: #808080;\"><em><span style=\"color: #333333;\"><strong>Lire<\/strong><\/span> Corail, un tr\u00e9sor \u00e0 pr\u00e9server, de Bernard Fautrier (Ed. Gl\u00e9nat) et Les tortues marines, de J\u00e9r\u00f4me Bourjea, Hendrick Sauvignet, et St\u00e9phane Ciccione (Ed. Quae)<\/em><\/span><\/h6>\n<p>&nbsp;<\/p>\n<p><a href=\"http:\/\/www.exclusifmag.com\/online\/wp-content\/uploads\/2022\/06\/Bandeau-bas-prefere-apres-Pratique.jpg\"><img loading=\"lazy\" decoding=\"async\" class=\"alignnone size-full wp-image-19005\" src=\"http:\/\/www.exclusifmag.com\/online\/wp-content\/uploads\/2022\/06\/Bandeau-bas-prefere-apres-Pratique.jpg\" alt=\"Il aura fallu des ann\u00e9es de travaux pour tout (r\u00e9)am\u00e9nager sur cet espace devenu une station baln\u00e9aire recherch\u00e9e\" width=\"800\" height=\"449\" srcset=\"https:\/\/www.exclusifmag.com\/online\/wp-content\/uploads\/2022\/06\/Bandeau-bas-prefere-apres-Pratique.jpg 800w, https:\/\/www.exclusifmag.com\/online\/wp-content\/uploads\/2022\/06\/Bandeau-bas-prefere-apres-Pratique-400x225.jpg 400w, https:\/\/www.exclusifmag.com\/online\/wp-content\/uploads\/2022\/06\/Bandeau-bas-prefere-apres-Pratique-768x431.jpg 768w\" sizes=\"auto, (max-width: 800px) 100vw, 800px\" \/><\/a><\/p>\n<p><span style=\"color: #000080;\"><em><strong>\u00a0<\/strong><\/em><\/span><\/p>\n<pre><em>\u00a0<\/em><\/pre>\n<pre><span style=\"color: #000080;\">\u00a0<\/span><\/pre>\n<h6><\/h6>\n<h6><\/h6>\n<h6><\/h6>\n<h6><span style=\"color: #000080;\"><em>\u00a0<\/em><\/span><\/h6>\n<pre><\/pre>\n<p>&nbsp;<\/p>\n<p>&nbsp;<\/p>\n","protected":false},"excerpt":{"rendered":"<p>Ocean Cay au large de Miami<br \/>\nUn \u00e9den \u00e9cotouristique<br \/>\nPar Bernard Pichon<\/p>\n","protected":false},"author":1,"featured_media":18985,"comment_status":"open","ping_status":"open","sticky":false,"template":"","format":"standard","meta":{"footnotes":""},"categories":[17,145,14],"tags":[1509,1510,1508,1507],"class_list":["post-18976","post","type-post","status-publish","format-standard","has-post-thumbnail","hentry","category-decouvertes","category-infos-news","category-voyages","tag-caraibes","tag-miami","tag-msc","tag-ocean-cay"],"_links":{"self":[{"href":"https:\/\/www.exclusifmag.com\/online\/wp-json\/wp\/v2\/posts\/18976","targetHints":{"allow":["GET"]}}],"collection":[{"href":"https:\/\/www.exclusifmag.com\/online\/wp-json\/wp\/v2\/posts"}],"about":[{"href":"https:\/\/www.exclusifmag.com\/online\/wp-json\/wp\/v2\/types\/post"}],"author":[{"embeddable":true,"href":"https:\/\/www.exclusifmag.com\/online\/wp-json\/wp\/v2\/users\/1"}],"replies":[{"embeddable":true,"href":"https:\/\/www.exclusifmag.com\/online\/wp-json\/wp\/v2\/comments?post=18976"}],"version-history":[{"count":42,"href":"https:\/\/www.exclusifmag.com\/online\/wp-json\/wp\/v2\/posts\/18976\/revisions"}],"predecessor-version":[{"id":19038,"href":"https:\/\/www.exclusifmag.com\/online\/wp-json\/wp\/v2\/posts\/18976\/revisions\/19038"}],"wp:featuredmedia":[{"embeddable":true,"href":"https:\/\/www.exclusifmag.com\/online\/wp-json\/wp\/v2\/media\/18985"}],"wp:attachment":[{"href":"https:\/\/www.exclusifmag.com\/online\/wp-json\/wp\/v2\/media?parent=18976"}],"wp:term":[{"taxonomy":"category","embeddable":true,"href":"https:\/\/www.exclusifmag.com\/online\/wp-json\/wp\/v2\/categories?post=18976"},{"taxonomy":"post_tag","embeddable":true,"href":"https:\/\/www.exclusifmag.com\/online\/wp-json\/wp\/v2\/tags?post=18976"}],"curies":[{"name":"wp","href":"https:\/\/api.w.org\/{rel}","templated":true}]}}