{"id":19040,"date":"2022-06-24T08:16:37","date_gmt":"2022-06-24T06:16:37","guid":{"rendered":"https:\/\/www.exclusifmag.com\/online\/?p=19040"},"modified":"2022-06-25T09:17:25","modified_gmt":"2022-06-25T07:17:25","slug":"hotel-intercontinental-geneve","status":"publish","type":"post","link":"https:\/\/www.exclusifmag.com\/online\/hotel-intercontinental-geneve\/","title":{"rendered":"H\u00d4TEL  INTERCONTINENTAL  GEN\u00c8VE"},"content":{"rendered":"<h2>Un air de vacances au bord de la piscine<br \/>\nLa saison estivale d\u00e9marre fort<\/h2>\n<p><strong>A deux pas du Palais des Nations Unies, au c\u0153ur du carr\u00e9 des Organisations internationales, l\u2019H\u00f4tel InterContinental Gen\u00e8ve est, depuis sa cr\u00e9ation en 1964, le lieu de rencontre des grands de ce monde ainsi que des conf\u00e9rences d\u00e9battant de l\u2019avenir de la plan\u00e8te. Entour\u00e9e d\u2019un panorama incomparable entre montagne et lac, une adresse prestigieuse, pl\u00e9biscit\u00e9e pour les s\u00e9jours d\u2019affaires, se trouve au c\u0153ur d\u2019une oasis de calme et de verdure\u2026 Install\u00e9e en ce refuge confidentiel, une sublime piscine dans un cadre luxueux, offre ici aux <em>happy few<\/em> comme un air de vacances. Chaque \u00e9t\u00e9, au rythme du soleil et des cocktails, son ouverture est c\u00e9l\u00e9br\u00e9e par une assembl\u00e9e d\u2019invit\u00e9s tri\u00e9s sur le volet. Un <em>get together<\/em> intime et s\u00e9lect.<\/strong><\/p>\n\n\t\t<style type=\"text\/css\">\n\t\t\t#gallery-1 {\n\t\t\t\tmargin: auto;\n\t\t\t}\n\t\t\t#gallery-1 .gallery-item {\n\t\t\t\tfloat: left;\n\t\t\t\tmargin-top: 10px;\n\t\t\t\ttext-align: center;\n\t\t\t\twidth: 50%;\n\t\t\t}\n\t\t\t#gallery-1 img {\n\t\t\t\tborder: 2px solid #cfcfcf;\n\t\t\t}\n\t\t\t#gallery-1 .gallery-caption {\n\t\t\t\tmargin-left: 0;\n\t\t\t}\n\t\t\t\/* see gallery_shortcode() in wp-includes\/media.php *\/\n\t\t<\/style>\n\t\t<div id='gallery-1' class='gallery galleryid-19040 gallery-columns-2 gallery-size-large'><dl class='gallery-item'>\n\t\t\t<dt class='gallery-icon landscape'>\n\t\t\t\t<a href='https:\/\/www.exclusifmag.com\/online\/wp-content\/uploads\/2022\/06\/1.-Allocution-de-Hans-Heijligers-General-Manager-InterContinental-Geneve-et-Crown-Plaza-Geneva-lors-de-louverture-de-la-piscine-de-lHotel.-c-D-IC-PoolParty-.jpg'><img loading=\"lazy\" decoding=\"async\" width=\"900\" height=\"600\" src=\"https:\/\/www.exclusifmag.com\/online\/wp-content\/uploads\/2022\/06\/1.-Allocution-de-Hans-Heijligers-General-Manager-InterContinental-Geneve-et-Crown-Plaza-Geneva-lors-de-louverture-de-la-piscine-de-lHotel.-c-D-IC-PoolParty-.jpg\" class=\"attachment-large size-large\" alt=\"Allocution de Hans Heijligers General Manager InterContinental Gen\u00e8ve et Crown Plaza Geneva lors de l&#039;ouverture de la piscine de l&#039;H\u00f4tel\" srcset=\"https:\/\/www.exclusifmag.com\/online\/wp-content\/uploads\/2022\/06\/1.-Allocution-de-Hans-Heijligers-General-Manager-InterContinental-Geneve-et-Crown-Plaza-Geneva-lors-de-louverture-de-la-piscine-de-lHotel.-c-D-IC-PoolParty-.jpg 900w, https:\/\/www.exclusifmag.com\/online\/wp-content\/uploads\/2022\/06\/1.-Allocution-de-Hans-Heijligers-General-Manager-InterContinental-Geneve-et-Crown-Plaza-Geneva-lors-de-louverture-de-la-piscine-de-lHotel.-c-D-IC-PoolParty--400x267.jpg 400w, https:\/\/www.exclusifmag.com\/online\/wp-content\/uploads\/2022\/06\/1.-Allocution-de-Hans-Heijligers-General-Manager-InterContinental-Geneve-et-Crown-Plaza-Geneva-lors-de-louverture-de-la-piscine-de-lHotel.-c-D-IC-PoolParty--768x512.jpg 768w, https:\/\/www.exclusifmag.com\/online\/wp-content\/uploads\/2022\/06\/1.-Allocution-de-Hans-Heijligers-General-Manager-InterContinental-Geneve-et-Crown-Plaza-Geneva-lors-de-louverture-de-la-piscine-de-lHotel.-c-D-IC-PoolParty--825x550.jpg 825w\" sizes=\"auto, (max-width: 900px) 100vw, 900px\" \/><\/a>\n\t\t\t<\/dt><\/dl><dl class='gallery-item'>\n\t\t\t<dt class='gallery-icon landscape'>\n\t\t\t\t<a href='https:\/\/www.exclusifmag.com\/online\/wp-content\/uploads\/2022\/06\/2.-La-Piscine-de-lInterContinental-aux-eaux-turquoises-a-27\u00b0-de-temperature-dans-un-ecrin-de-verdure-c-HTL-IC.jpg'><img loading=\"lazy\" decoding=\"async\" width=\"900\" height=\"600\" src=\"https:\/\/www.exclusifmag.com\/online\/wp-content\/uploads\/2022\/06\/2.-La-Piscine-de-lInterContinental-aux-eaux-turquoises-a-27\u00b0-de-temperature-dans-un-ecrin-de-verdure-c-HTL-IC.jpg\" class=\"attachment-large size-large\" alt=\"La Piscine de l&#039;InterContinental aux eaux turquoise \u00e0 27\u00b0 de temp\u00e9rature dans un \u00e9crin de verdure\" srcset=\"https:\/\/www.exclusifmag.com\/online\/wp-content\/uploads\/2022\/06\/2.-La-Piscine-de-lInterContinental-aux-eaux-turquoises-a-27\u00b0-de-temperature-dans-un-ecrin-de-verdure-c-HTL-IC.jpg 900w, https:\/\/www.exclusifmag.com\/online\/wp-content\/uploads\/2022\/06\/2.-La-Piscine-de-lInterContinental-aux-eaux-turquoises-a-27\u00b0-de-temperature-dans-un-ecrin-de-verdure-c-HTL-IC-400x267.jpg 400w, https:\/\/www.exclusifmag.com\/online\/wp-content\/uploads\/2022\/06\/2.-La-Piscine-de-lInterContinental-aux-eaux-turquoises-a-27\u00b0-de-temperature-dans-un-ecrin-de-verdure-c-HTL-IC-768x512.jpg 768w, https:\/\/www.exclusifmag.com\/online\/wp-content\/uploads\/2022\/06\/2.-La-Piscine-de-lInterContinental-aux-eaux-turquoises-a-27\u00b0-de-temperature-dans-un-ecrin-de-verdure-c-HTL-IC-825x550.jpg 825w\" sizes=\"auto, (max-width: 900px) 100vw, 900px\" \/><\/a>\n\t\t\t<\/dt><\/dl><br style=\"clear: both\" \/>\n\t\t<\/div>\n\n<p>En pr\u00e9sence de Hans Heijligers, General Manager InterContinental Gen\u00e8ve et Crown Plaza Geneva, c\u2019est avec empressement et, dans la plus pure tradition des grands rendez-vous de la Gen\u00e8ve Internationale, que l\u2019H\u00f4tel a accueilli \u00e0 l\u2019occasion de l\u2019ouverture de la piscine pr\u00e8s d\u2019une centaine de personnalit\u00e9s. Outre les clients habituels privil\u00e9gi\u00e9s, le Tout-Gen\u00e8ve et les m\u00e9dias n\u2019ont pas manqu\u00e9 d\u2019assister \u00e0 la brillante manifestation estivale ! Dans ce contexte, il est \u00e0 souligner l\u2019implication historique de l\u2019H\u00f4tel InterContinental pr\u00e9sent depuis toujours sur la sc\u00e8ne de la vie sociale locale et de rappeler, notamment, la prestigieuse F\u00eate de l\u2019\u00c9piphanie qui s\u2019y tient chaque ann\u00e9e d\u00e9but janvier. Une des mondanit\u00e9s les plus pris\u00e9es de la communaut\u00e9 diplomatique internationale. Plus proche de nous, il y a peu, l\u2019InterContinental a \u00e9t\u00e9, pour la premi\u00e8re fois, sponsor h\u00f4telier du Bol d\u2019Or Mirabaud 2022, remettant le Prix Sp\u00e9cial InterContinental \u00e0 Thomas Jundt et son \u00e9quipage.<\/p>\n\n\t\t<style type=\"text\/css\">\n\t\t\t#gallery-2 {\n\t\t\t\tmargin: auto;\n\t\t\t}\n\t\t\t#gallery-2 .gallery-item {\n\t\t\t\tfloat: left;\n\t\t\t\tmargin-top: 10px;\n\t\t\t\ttext-align: center;\n\t\t\t\twidth: 33%;\n\t\t\t}\n\t\t\t#gallery-2 img {\n\t\t\t\tborder: 2px solid #cfcfcf;\n\t\t\t}\n\t\t\t#gallery-2 .gallery-caption {\n\t\t\t\tmargin-left: 0;\n\t\t\t}\n\t\t\t\/* see gallery_shortcode() in wp-includes\/media.php *\/\n\t\t<\/style>\n\t\t<div id='gallery-2' class='gallery galleryid-19040 gallery-columns-3 gallery-size-large'><dl class='gallery-item'>\n\t\t\t<dt class='gallery-icon landscape'>\n\t\t\t\t<a href='https:\/\/www.exclusifmag.com\/online\/wp-content\/uploads\/2022\/06\/3.-Pool-Party-soiree-au-bord-de-la-pisicne-avec-les-delices-mediterraneennes-et-libanaises-du-restaurant-Poolside-c-IC-PoolParty-NS.jpg'><img loading=\"lazy\" decoding=\"async\" width=\"900\" height=\"600\" src=\"https:\/\/www.exclusifmag.com\/online\/wp-content\/uploads\/2022\/06\/3.-Pool-Party-soiree-au-bord-de-la-pisicne-avec-les-delices-mediterraneennes-et-libanaises-du-restaurant-Poolside-c-IC-PoolParty-NS.jpg\" class=\"attachment-large size-large\" alt=\"Pool Party soir\u00e9e au bord de la piscine avec les d\u00e9lices m\u00e9diterran\u00e9ennes et libanaises du restaurant Poolside\" srcset=\"https:\/\/www.exclusifmag.com\/online\/wp-content\/uploads\/2022\/06\/3.-Pool-Party-soiree-au-bord-de-la-pisicne-avec-les-delices-mediterraneennes-et-libanaises-du-restaurant-Poolside-c-IC-PoolParty-NS.jpg 900w, https:\/\/www.exclusifmag.com\/online\/wp-content\/uploads\/2022\/06\/3.-Pool-Party-soiree-au-bord-de-la-pisicne-avec-les-delices-mediterraneennes-et-libanaises-du-restaurant-Poolside-c-IC-PoolParty-NS-400x267.jpg 400w, https:\/\/www.exclusifmag.com\/online\/wp-content\/uploads\/2022\/06\/3.-Pool-Party-soiree-au-bord-de-la-pisicne-avec-les-delices-mediterraneennes-et-libanaises-du-restaurant-Poolside-c-IC-PoolParty-NS-768x512.jpg 768w, https:\/\/www.exclusifmag.com\/online\/wp-content\/uploads\/2022\/06\/3.-Pool-Party-soiree-au-bord-de-la-pisicne-avec-les-delices-mediterraneennes-et-libanaises-du-restaurant-Poolside-c-IC-PoolParty-NS-825x550.jpg 825w\" sizes=\"auto, (max-width: 900px) 100vw, 900px\" \/><\/a>\n\t\t\t<\/dt><\/dl><dl class='gallery-item'>\n\t\t\t<dt class='gallery-icon landscape'>\n\t\t\t\t<a href='https:\/\/www.exclusifmag.com\/online\/wp-content\/uploads\/2022\/06\/4.-Ambiance-musicale-avec-le-quartet-Louis-Matute-avec-son-guitariste-vedette-et-ses-compagnons-c-IC-PoolParty-.jpg'><img loading=\"lazy\" decoding=\"async\" width=\"900\" height=\"600\" src=\"https:\/\/www.exclusifmag.com\/online\/wp-content\/uploads\/2022\/06\/4.-Ambiance-musicale-avec-le-quartet-Louis-Matute-avec-son-guitariste-vedette-et-ses-compagnons-c-IC-PoolParty-.jpg\" class=\"attachment-large size-large\" alt=\"Ambiance musicale avec le quartet Louis Matute avec son guitariste vedette et ses compagnons\" srcset=\"https:\/\/www.exclusifmag.com\/online\/wp-content\/uploads\/2022\/06\/4.-Ambiance-musicale-avec-le-quartet-Louis-Matute-avec-son-guitariste-vedette-et-ses-compagnons-c-IC-PoolParty-.jpg 900w, https:\/\/www.exclusifmag.com\/online\/wp-content\/uploads\/2022\/06\/4.-Ambiance-musicale-avec-le-quartet-Louis-Matute-avec-son-guitariste-vedette-et-ses-compagnons-c-IC-PoolParty--400x267.jpg 400w, https:\/\/www.exclusifmag.com\/online\/wp-content\/uploads\/2022\/06\/4.-Ambiance-musicale-avec-le-quartet-Louis-Matute-avec-son-guitariste-vedette-et-ses-compagnons-c-IC-PoolParty--768x512.jpg 768w, https:\/\/www.exclusifmag.com\/online\/wp-content\/uploads\/2022\/06\/4.-Ambiance-musicale-avec-le-quartet-Louis-Matute-avec-son-guitariste-vedette-et-ses-compagnons-c-IC-PoolParty--825x550.jpg 825w\" sizes=\"auto, (max-width: 900px) 100vw, 900px\" \/><\/a>\n\t\t\t<\/dt><\/dl><dl class='gallery-item'>\n\t\t\t<dt class='gallery-icon landscape'>\n\t\t\t\t<a href='https:\/\/www.exclusifmag.com\/online\/wp-content\/uploads\/2022\/06\/5.-Une-soiree-gourmet-et-gourmande-avec-les-specialites-du-Chef-Francois-Eustache-c-IC-PoolParty-.jpg'><img loading=\"lazy\" decoding=\"async\" width=\"900\" height=\"600\" src=\"https:\/\/www.exclusifmag.com\/online\/wp-content\/uploads\/2022\/06\/5.-Une-soiree-gourmet-et-gourmande-avec-les-specialites-du-Chef-Francois-Eustache-c-IC-PoolParty-.jpg\" class=\"attachment-large size-large\" alt=\"Une soir\u00e9e gourmet et gourmande avec les sp\u00e9cialit\u00e9s du Chef Fran\u00e7ois Eustache\" srcset=\"https:\/\/www.exclusifmag.com\/online\/wp-content\/uploads\/2022\/06\/5.-Une-soiree-gourmet-et-gourmande-avec-les-specialites-du-Chef-Francois-Eustache-c-IC-PoolParty-.jpg 900w, https:\/\/www.exclusifmag.com\/online\/wp-content\/uploads\/2022\/06\/5.-Une-soiree-gourmet-et-gourmande-avec-les-specialites-du-Chef-Francois-Eustache-c-IC-PoolParty--400x267.jpg 400w, https:\/\/www.exclusifmag.com\/online\/wp-content\/uploads\/2022\/06\/5.-Une-soiree-gourmet-et-gourmande-avec-les-specialites-du-Chef-Francois-Eustache-c-IC-PoolParty--768x512.jpg 768w, https:\/\/www.exclusifmag.com\/online\/wp-content\/uploads\/2022\/06\/5.-Une-soiree-gourmet-et-gourmande-avec-les-specialites-du-Chef-Francois-Eustache-c-IC-PoolParty--825x550.jpg 825w\" sizes=\"auto, (max-width: 900px) 100vw, 900px\" \/><\/a>\n\t\t\t<\/dt><\/dl><br style=\"clear: both\" \/>\n\t\t<\/div>\n\n<p>Accompagn\u00e9e par le quartet Louis Matute qu\u2019on ne pr\u00e9sente plus, au rythme du jeune guitariste habitu\u00e9 des sc\u00e8nes nationales et internationales, la soir\u00e9e au bord de la piscine s\u2019est d\u00e9roul\u00e9e dans une douce ambiance. Mena\u00e7ant dans les premi\u00e8res heures de la journ\u00e9e, puis, complice des festivit\u00e9s, le temps s\u2019\u00e9tait, en d\u00e9finitive, mis au diapason des r\u00e9jouissances ! La magie a op\u00e9r\u00e9 tout le long. Luxe et excellence &#8211; avec un personnel pr\u00e9venant et discret &#8211; ont, encore une fois \u00e9t\u00e9 la signature, la marque Maison du c\u00e9l\u00e8bre 5*****. Un festival de gourmandises, de d\u00e9lices sal\u00e9es, de sp\u00e9cialit\u00e9s cr\u00e9\u00e9es par l\u2019inventif Chef Fran\u00e7ois Eustache coupl\u00e9es avec celles de la carte du restaurant Poolside ainsi que les desserts du Chef p\u00e2tissier Maxime Perreau, ont achev\u00e9 d\u2019apporter leurs couleurs et parfums aux retrouvailles. A l\u2019abri du stress de la ville, une oasis apaisante, un \u00e9crin id\u00e9al de pr\u00e8s de 600\u2009m2 pouvant accueillir dans un m\u00eame \u00e9lan, <em>meetings<\/em> internationaux ou \u00e9v\u00e9nements familiaux !<\/p>\n\n\t\t<style type=\"text\/css\">\n\t\t\t#gallery-3 {\n\t\t\t\tmargin: auto;\n\t\t\t}\n\t\t\t#gallery-3 .gallery-item {\n\t\t\t\tfloat: left;\n\t\t\t\tmargin-top: 10px;\n\t\t\t\ttext-align: center;\n\t\t\t\twidth: 50%;\n\t\t\t}\n\t\t\t#gallery-3 img {\n\t\t\t\tborder: 2px solid #cfcfcf;\n\t\t\t}\n\t\t\t#gallery-3 .gallery-caption {\n\t\t\t\tmargin-left: 0;\n\t\t\t}\n\t\t\t\/* see gallery_shortcode() in wp-includes\/media.php *\/\n\t\t<\/style>\n\t\t<div id='gallery-3' class='gallery galleryid-19040 gallery-columns-2 gallery-size-large'><dl class='gallery-item'>\n\t\t\t<dt class='gallery-icon landscape'>\n\t\t\t\t<a href='https:\/\/www.exclusifmag.com\/online\/wp-content\/uploads\/2022\/06\/6.-Dans-le-calme-dune-nature-apaisante-les-transats-dans-lattente-dune-sieste-au-soleil-c-Htl-IC.jpg'><img loading=\"lazy\" decoding=\"async\" width=\"900\" height=\"600\" src=\"https:\/\/www.exclusifmag.com\/online\/wp-content\/uploads\/2022\/06\/6.-Dans-le-calme-dune-nature-apaisante-les-transats-dans-lattente-dune-sieste-au-soleil-c-Htl-IC.jpg\" class=\"attachment-large size-large\" alt=\"Dans le calme d&#039;une nature apaisante les transats dans l&#039;attente d&#039;une sieste au soleil\" srcset=\"https:\/\/www.exclusifmag.com\/online\/wp-content\/uploads\/2022\/06\/6.-Dans-le-calme-dune-nature-apaisante-les-transats-dans-lattente-dune-sieste-au-soleil-c-Htl-IC.jpg 900w, https:\/\/www.exclusifmag.com\/online\/wp-content\/uploads\/2022\/06\/6.-Dans-le-calme-dune-nature-apaisante-les-transats-dans-lattente-dune-sieste-au-soleil-c-Htl-IC-400x267.jpg 400w, https:\/\/www.exclusifmag.com\/online\/wp-content\/uploads\/2022\/06\/6.-Dans-le-calme-dune-nature-apaisante-les-transats-dans-lattente-dune-sieste-au-soleil-c-Htl-IC-768x512.jpg 768w, https:\/\/www.exclusifmag.com\/online\/wp-content\/uploads\/2022\/06\/6.-Dans-le-calme-dune-nature-apaisante-les-transats-dans-lattente-dune-sieste-au-soleil-c-Htl-IC-825x550.jpg 825w\" sizes=\"auto, (max-width: 900px) 100vw, 900px\" \/><\/a>\n\t\t\t<\/dt><\/dl><dl class='gallery-item'>\n\t\t\t<dt class='gallery-icon landscape'>\n\t\t\t\t<a href='https:\/\/www.exclusifmag.com\/online\/wp-content\/uploads\/2022\/06\/7-Ete-2022-Ouverture-de-la-piscine-de-lInterContinental-Hotel-la-Pool-Party-dans-lattente-des-invites-c-HTL-IC-PoolParty.jpg'><img loading=\"lazy\" decoding=\"async\" width=\"900\" height=\"600\" src=\"https:\/\/www.exclusifmag.com\/online\/wp-content\/uploads\/2022\/06\/7-Ete-2022-Ouverture-de-la-piscine-de-lInterContinental-Hotel-la-Pool-Party-dans-lattente-des-invites-c-HTL-IC-PoolParty.jpg\" class=\"attachment-large size-large\" alt=\"Et\u00e9 2022 Ouverture de la piscine de l&#039;InterContinental Hotel la Pool Party dans l&#039;attente des invit\u00e9s\" srcset=\"https:\/\/www.exclusifmag.com\/online\/wp-content\/uploads\/2022\/06\/7-Ete-2022-Ouverture-de-la-piscine-de-lInterContinental-Hotel-la-Pool-Party-dans-lattente-des-invites-c-HTL-IC-PoolParty.jpg 900w, https:\/\/www.exclusifmag.com\/online\/wp-content\/uploads\/2022\/06\/7-Ete-2022-Ouverture-de-la-piscine-de-lInterContinental-Hotel-la-Pool-Party-dans-lattente-des-invites-c-HTL-IC-PoolParty-400x267.jpg 400w, https:\/\/www.exclusifmag.com\/online\/wp-content\/uploads\/2022\/06\/7-Ete-2022-Ouverture-de-la-piscine-de-lInterContinental-Hotel-la-Pool-Party-dans-lattente-des-invites-c-HTL-IC-PoolParty-768x512.jpg 768w, https:\/\/www.exclusifmag.com\/online\/wp-content\/uploads\/2022\/06\/7-Ete-2022-Ouverture-de-la-piscine-de-lInterContinental-Hotel-la-Pool-Party-dans-lattente-des-invites-c-HTL-IC-PoolParty-825x550.jpg 825w\" sizes=\"auto, (max-width: 900px) 100vw, 900px\" \/><\/a>\n\t\t\t<\/dt><\/dl><br style=\"clear: both\" \/>\n\t\t<\/div>\n\n<p>R\u00e9cemment r\u00e9nov\u00e9, l\u2019espace piscine, ponctu\u00e9 de sofas moelleux et de transats en bois exotique, est agr\u00e9ment\u00e9 de meubles et de parasols blancs d\u00e9clinant, dans un esprit de qui\u00e9tude joyeuse, les tendances inspir\u00e9es des climats du sud. Tentation irr\u00e9sistible pour les clients en voyage d\u2019affaires o\u00f9 pour les autochtones en mal de vacances, de mi-mai \u00e0 mi-septembre, les eaux turquoise du bassin, maintenues en une d\u00e9licieuse temp\u00e9rature de 27\u00b0, offrent une v\u00e9ritable \u00e9chapp\u00e9e vers le farniente et ses plaisirs&#8230;. S\u2019ouvrant sur une superbe terrasse ext\u00e9rieure, le Restaurant Poolside propose des snacks tout au long de la journ\u00e9e ainsi que midi et soir, les saveurs authentiques de la cuisine m\u00e9diterran\u00e9enne et libanaise\u2026\u00a0 D\u00e8s le coucher du soleil, s\u00e9quence <em>Dolce Vita<\/em> avec cocktails et exp\u00e9rience shisha\u2026 A ne pas rater\u00a0!<\/p>\n\n\t\t<style type=\"text\/css\">\n\t\t\t#gallery-4 {\n\t\t\t\tmargin: auto;\n\t\t\t}\n\t\t\t#gallery-4 .gallery-item {\n\t\t\t\tfloat: left;\n\t\t\t\tmargin-top: 10px;\n\t\t\t\ttext-align: center;\n\t\t\t\twidth: 33%;\n\t\t\t}\n\t\t\t#gallery-4 img {\n\t\t\t\tborder: 2px solid #cfcfcf;\n\t\t\t}\n\t\t\t#gallery-4 .gallery-caption {\n\t\t\t\tmargin-left: 0;\n\t\t\t}\n\t\t\t\/* see gallery_shortcode() in wp-includes\/media.php *\/\n\t\t<\/style>\n\t\t<div id='gallery-4' class='gallery galleryid-19040 gallery-columns-3 gallery-size-large'><dl class='gallery-item'>\n\t\t\t<dt class='gallery-icon landscape'>\n\t\t\t\t<a href='https:\/\/www.exclusifmag.com\/online\/wp-content\/uploads\/2022\/06\/8-Vue-du-Poolside-le-restaurant-installe-en-bordure-de-la-piscine-c-Htl-IC.jpg'><img loading=\"lazy\" decoding=\"async\" width=\"900\" height=\"600\" src=\"https:\/\/www.exclusifmag.com\/online\/wp-content\/uploads\/2022\/06\/8-Vue-du-Poolside-le-restaurant-installe-en-bordure-de-la-piscine-c-Htl-IC.jpg\" class=\"attachment-large size-large\" alt=\"Vue du Poolside le restaurant install\u00e9 en bordure de la piscine\" srcset=\"https:\/\/www.exclusifmag.com\/online\/wp-content\/uploads\/2022\/06\/8-Vue-du-Poolside-le-restaurant-installe-en-bordure-de-la-piscine-c-Htl-IC.jpg 900w, https:\/\/www.exclusifmag.com\/online\/wp-content\/uploads\/2022\/06\/8-Vue-du-Poolside-le-restaurant-installe-en-bordure-de-la-piscine-c-Htl-IC-400x267.jpg 400w, https:\/\/www.exclusifmag.com\/online\/wp-content\/uploads\/2022\/06\/8-Vue-du-Poolside-le-restaurant-installe-en-bordure-de-la-piscine-c-Htl-IC-768x512.jpg 768w, https:\/\/www.exclusifmag.com\/online\/wp-content\/uploads\/2022\/06\/8-Vue-du-Poolside-le-restaurant-installe-en-bordure-de-la-piscine-c-Htl-IC-825x550.jpg 825w\" sizes=\"auto, (max-width: 900px) 100vw, 900px\" \/><\/a>\n\t\t\t<\/dt><\/dl><dl class='gallery-item'>\n\t\t\t<dt class='gallery-icon landscape'>\n\t\t\t\t<a href='https:\/\/www.exclusifmag.com\/online\/wp-content\/uploads\/2022\/06\/9.-Dns-un-decor-inspire-des-ambiances-du-sud-meubles-en-bois-et-parasols-blancs-composent-le-tableau-c-Htl-IC-Restaurant-Poolside.jpg'><img loading=\"lazy\" decoding=\"async\" width=\"900\" height=\"600\" src=\"https:\/\/www.exclusifmag.com\/online\/wp-content\/uploads\/2022\/06\/9.-Dns-un-decor-inspire-des-ambiances-du-sud-meubles-en-bois-et-parasols-blancs-composent-le-tableau-c-Htl-IC-Restaurant-Poolside.jpg\" class=\"attachment-large size-large\" alt=\"Dans un d\u00e9cor inspir\u00e9 des ambiances du sud, meubles en bois et parasols blancs composent le tableau\" srcset=\"https:\/\/www.exclusifmag.com\/online\/wp-content\/uploads\/2022\/06\/9.-Dns-un-decor-inspire-des-ambiances-du-sud-meubles-en-bois-et-parasols-blancs-composent-le-tableau-c-Htl-IC-Restaurant-Poolside.jpg 900w, https:\/\/www.exclusifmag.com\/online\/wp-content\/uploads\/2022\/06\/9.-Dns-un-decor-inspire-des-ambiances-du-sud-meubles-en-bois-et-parasols-blancs-composent-le-tableau-c-Htl-IC-Restaurant-Poolside-400x267.jpg 400w, https:\/\/www.exclusifmag.com\/online\/wp-content\/uploads\/2022\/06\/9.-Dns-un-decor-inspire-des-ambiances-du-sud-meubles-en-bois-et-parasols-blancs-composent-le-tableau-c-Htl-IC-Restaurant-Poolside-768x512.jpg 768w, https:\/\/www.exclusifmag.com\/online\/wp-content\/uploads\/2022\/06\/9.-Dns-un-decor-inspire-des-ambiances-du-sud-meubles-en-bois-et-parasols-blancs-composent-le-tableau-c-Htl-IC-Restaurant-Poolside-825x550.jpg 825w\" sizes=\"auto, (max-width: 900px) 100vw, 900px\" \/><\/a>\n\t\t\t<\/dt><\/dl><dl class='gallery-item'>\n\t\t\t<dt class='gallery-icon landscape'>\n\t\t\t\t<a href='https:\/\/www.exclusifmag.com\/online\/wp-content\/uploads\/2022\/06\/10.-Dans-un-ecrin-de-verdure-un-havre-de-detente-au-parfum-de-vacances-c-Htl-IC.jpg'><img loading=\"lazy\" decoding=\"async\" width=\"900\" height=\"600\" src=\"https:\/\/www.exclusifmag.com\/online\/wp-content\/uploads\/2022\/06\/10.-Dans-un-ecrin-de-verdure-un-havre-de-detente-au-parfum-de-vacances-c-Htl-IC.jpg\" class=\"attachment-large size-large\" alt=\"Dans un \u00e9crin de verdure un havre de d\u00e9tente au parfum de vacances\" srcset=\"https:\/\/www.exclusifmag.com\/online\/wp-content\/uploads\/2022\/06\/10.-Dans-un-ecrin-de-verdure-un-havre-de-detente-au-parfum-de-vacances-c-Htl-IC.jpg 900w, https:\/\/www.exclusifmag.com\/online\/wp-content\/uploads\/2022\/06\/10.-Dans-un-ecrin-de-verdure-un-havre-de-detente-au-parfum-de-vacances-c-Htl-IC-400x267.jpg 400w, https:\/\/www.exclusifmag.com\/online\/wp-content\/uploads\/2022\/06\/10.-Dans-un-ecrin-de-verdure-un-havre-de-detente-au-parfum-de-vacances-c-Htl-IC-768x512.jpg 768w, https:\/\/www.exclusifmag.com\/online\/wp-content\/uploads\/2022\/06\/10.-Dans-un-ecrin-de-verdure-un-havre-de-detente-au-parfum-de-vacances-c-Htl-IC-825x550.jpg 825w\" sizes=\"auto, (max-width: 900px) 100vw, 900px\" \/><\/a>\n\t\t\t<\/dt><\/dl><br style=\"clear: both\" \/>\n\t\t<\/div>\n\n<p><em>L\u2019exp\u00e9rience piscine comprend une chaise longue, de l\u2019eau \u00e0 volont\u00e9 et des fruits frais offerts \u00e0 l\u2019arriv\u00e9e. Disponibles tout au long de la journ\u00e9e, des stands de limonades maison avec des petites attentions gourmandes sont r\u00e9guli\u00e8rement propos\u00e9es par le personnel de service. Une carte \u00ab wine et cocktail hour \u00bb de 17 h \u00e0 18 h, propose un vaste choix de boissons en \u00ab Happy Hour \u00bb !<\/em><\/p>\n<p><em>L\u2019entr\u00e9e \u00e0 la piscine est gratuite pour tous les clients de l\u2019h\u00f4tel. Les visiteurs pour y acc\u00e9der peuvent acheter un laissez-passer quotidien ou mensuel. Le parking gratuit est inclus dans le prix d\u2019entr\u00e9e.<\/em><\/p>\n<p><em>D\u2019architecture contemporaine, les 18 \u00e9tages de l\u2019InterContinental comptent 16 salons de r\u00e9unions et manifestations, le restaurant Woods, les bars Les Nations et Le Fumoir avec son cigare lounge, le nouveau Spa Cinq Mondes, un fitness ouvert 24\/24 et 333 chambres dont 49 \u00e9l\u00e9gantes suites sign\u00e9es Tony Chi. Sans oublier l\u2019incomparable joyau de l\u2019InterContinental, La R\u00e9sidence Imp\u00e9riale offrant l\u2019\u00e9l\u00e9gance des palais du pass\u00e9 et comprenant La R\u00e9sidence Royale et la Pr\u00e9sidentielle.<\/em><\/p>\n<p><a href=\"http:\/\/www.exclusifmag.com\/online\/wp-content\/uploads\/2022\/06\/11.-Bandeau-du-bas-apres-infos-italiques-Entree-principale-de-lHotel-InterContiental-Geneve-c-Htl-IC.jpg\"><img loading=\"lazy\" decoding=\"async\" class=\"alignnone size-full wp-image-19081\" src=\"http:\/\/www.exclusifmag.com\/online\/wp-content\/uploads\/2022\/06\/11.-Bandeau-du-bas-apres-infos-italiques-Entree-principale-de-lHotel-InterContiental-Geneve-c-Htl-IC.jpg\" alt=\" Entr\u00e9e principale de l'H\u00f4tel InterContiental Gen\u00e8ve \" width=\"800\" height=\"401\" \/><\/a><\/p>\n<p><em>\u00a0<\/em><\/p>\n<p>&nbsp;<\/p>\n","protected":false},"excerpt":{"rendered":"<p>H\u00d4TEL  INTERCONTINENTAL  GEN\u00c8VE<br \/>\nUn air de vacances au bord de la piscine<br \/>\nLa saison estivale d\u00e9marre fort<\/p>\n","protected":false},"author":1,"featured_media":19062,"comment_status":"open","ping_status":"open","sticky":false,"template":"","format":"standard","meta":{"footnotes":""},"categories":[19,7,5],"tags":[1512,1514,42,1513,747,1515,1511],"class_list":["post-19040","post","type-post","status-publish","format-standard","has-post-thumbnail","hentry","category-bien-etre-wellness","category-hotellerie","category-life-art-de-vivre","tag-bol-dor-mirabaud-2022","tag-francois-eustache","tag-geneve","tag-hans-heijligers","tag-hotel-intercontinental","tag-maxime-perreau","tag-poolside"],"_links":{"self":[{"href":"https:\/\/www.exclusifmag.com\/online\/wp-json\/wp\/v2\/posts\/19040","targetHints":{"allow":["GET"]}}],"collection":[{"href":"https:\/\/www.exclusifmag.com\/online\/wp-json\/wp\/v2\/posts"}],"about":[{"href":"https:\/\/www.exclusifmag.com\/online\/wp-json\/wp\/v2\/types\/post"}],"author":[{"embeddable":true,"href":"https:\/\/www.exclusifmag.com\/online\/wp-json\/wp\/v2\/users\/1"}],"replies":[{"embeddable":true,"href":"https:\/\/www.exclusifmag.com\/online\/wp-json\/wp\/v2\/comments?post=19040"}],"version-history":[{"count":14,"href":"https:\/\/www.exclusifmag.com\/online\/wp-json\/wp\/v2\/posts\/19040\/revisions"}],"predecessor-version":[{"id":19086,"href":"https:\/\/www.exclusifmag.com\/online\/wp-json\/wp\/v2\/posts\/19040\/revisions\/19086"}],"wp:featuredmedia":[{"embeddable":true,"href":"https:\/\/www.exclusifmag.com\/online\/wp-json\/wp\/v2\/media\/19062"}],"wp:attachment":[{"href":"https:\/\/www.exclusifmag.com\/online\/wp-json\/wp\/v2\/media?parent=19040"}],"wp:term":[{"taxonomy":"category","embeddable":true,"href":"https:\/\/www.exclusifmag.com\/online\/wp-json\/wp\/v2\/categories?post=19040"},{"taxonomy":"post_tag","embeddable":true,"href":"https:\/\/www.exclusifmag.com\/online\/wp-json\/wp\/v2\/tags?post=19040"}],"curies":[{"name":"wp","href":"https:\/\/api.w.org\/{rel}","templated":true}]}}