{"id":19965,"date":"2022-11-07T18:12:02","date_gmt":"2022-11-07T17:12:02","guid":{"rendered":"https:\/\/www.exclusifmag.com\/online\/?p=19965"},"modified":"2022-11-08T16:15:53","modified_gmt":"2022-11-08T15:15:53","slug":"au-mandarin-oriental-geneve","status":"publish","type":"post","link":"https:\/\/www.exclusifmag.com\/online\/au-mandarin-oriental-geneve\/","title":{"rendered":"Au Mandarin Oriental Gen\u00e8ve"},"content":{"rendered":"<h2><em>SACHI le nouveau restaurant japonais<\/em><\/h2>\n<p><strong>Toujours pr\u00eat \u00e0 lancer de nouvelles propositions gastronomiques, le 5***** au bord du Rh\u00f4ne innove encore ! Il vient d\u2019accueillir Mitsuru Tsukada, form\u00e9 par la star de la cuisine japonaise, Nobu Matsuhisa c\u00e9l\u00e8bre pour ses mets fusion. Apr\u00e8s avoir offici\u00e9 \u00e0 Gen\u00e8ve au Four Seasons, le\u00a0<em>Chef Mitsu<\/em> dote le Restaurant SACHI du Mandarin Oriental Gen\u00e8ve d\u2019une formule authentiquement nipponne saupoudr\u00e9e d\u2019influences diverses. Offrant, en outre, le premier <em>Omakase<\/em> haut de gamme de la Cit\u00e9 de Calvin\u2026 Regards.<\/strong><\/p>\n\n\t\t<style type=\"text\/css\">\n\t\t\t#gallery-1 {\n\t\t\t\tmargin: auto;\n\t\t\t}\n\t\t\t#gallery-1 .gallery-item {\n\t\t\t\tfloat: left;\n\t\t\t\tmargin-top: 10px;\n\t\t\t\ttext-align: center;\n\t\t\t\twidth: 33%;\n\t\t\t}\n\t\t\t#gallery-1 img {\n\t\t\t\tborder: 2px solid #cfcfcf;\n\t\t\t}\n\t\t\t#gallery-1 .gallery-caption {\n\t\t\t\tmargin-left: 0;\n\t\t\t}\n\t\t\t\/* see gallery_shortcode() in wp-includes\/media.php *\/\n\t\t<\/style>\n\t\t<div id='gallery-1' class='gallery galleryid-19965 gallery-columns-3 gallery-size-large'><dl class='gallery-item'>\n\t\t\t<dt class='gallery-icon landscape'>\n\t\t\t\t<a href='https:\/\/www.exclusifmag.com\/online\/wp-content\/uploads\/2022\/11\/1.-Mandarin-Oriental-Geneve-facade-vue-sur-le-Rhone-c-MOG.jpg'><img loading=\"lazy\" decoding=\"async\" width=\"900\" height=\"600\" src=\"https:\/\/www.exclusifmag.com\/online\/wp-content\/uploads\/2022\/11\/1.-Mandarin-Oriental-Geneve-facade-vue-sur-le-Rhone-c-MOG.jpg\" class=\"attachment-large size-large\" alt=\"Mandarin Oriental Gen\u00e8ve fa\u00e7ade vue sur le Rh\u00f4ne (c) MOG\" srcset=\"https:\/\/www.exclusifmag.com\/online\/wp-content\/uploads\/2022\/11\/1.-Mandarin-Oriental-Geneve-facade-vue-sur-le-Rhone-c-MOG.jpg 900w, https:\/\/www.exclusifmag.com\/online\/wp-content\/uploads\/2022\/11\/1.-Mandarin-Oriental-Geneve-facade-vue-sur-le-Rhone-c-MOG-400x267.jpg 400w, https:\/\/www.exclusifmag.com\/online\/wp-content\/uploads\/2022\/11\/1.-Mandarin-Oriental-Geneve-facade-vue-sur-le-Rhone-c-MOG-768x512.jpg 768w, https:\/\/www.exclusifmag.com\/online\/wp-content\/uploads\/2022\/11\/1.-Mandarin-Oriental-Geneve-facade-vue-sur-le-Rhone-c-MOG-825x550.jpg 825w\" sizes=\"auto, (max-width: 900px) 100vw, 900px\" \/><\/a>\n\t\t\t<\/dt><\/dl><dl class='gallery-item'>\n\t\t\t<dt class='gallery-icon landscape'>\n\t\t\t\t<a href='https:\/\/www.exclusifmag.com\/online\/wp-content\/uploads\/2022\/11\/2.-Lentree-au-lobby-de-lHotel-Mandarin-Oriental-Geneve-c-MOG.jpg'><img loading=\"lazy\" decoding=\"async\" width=\"900\" height=\"600\" src=\"https:\/\/www.exclusifmag.com\/online\/wp-content\/uploads\/2022\/11\/2.-Lentree-au-lobby-de-lHotel-Mandarin-Oriental-Geneve-c-MOG.jpg\" class=\"attachment-large size-large\" alt=\"L&#039;entr\u00e9e au lobby de l&#039;H\u00f4tel Mandarin Oriental Gen\u00e8ve (c) MOG\" srcset=\"https:\/\/www.exclusifmag.com\/online\/wp-content\/uploads\/2022\/11\/2.-Lentree-au-lobby-de-lHotel-Mandarin-Oriental-Geneve-c-MOG.jpg 900w, https:\/\/www.exclusifmag.com\/online\/wp-content\/uploads\/2022\/11\/2.-Lentree-au-lobby-de-lHotel-Mandarin-Oriental-Geneve-c-MOG-400x267.jpg 400w, https:\/\/www.exclusifmag.com\/online\/wp-content\/uploads\/2022\/11\/2.-Lentree-au-lobby-de-lHotel-Mandarin-Oriental-Geneve-c-MOG-768x512.jpg 768w, https:\/\/www.exclusifmag.com\/online\/wp-content\/uploads\/2022\/11\/2.-Lentree-au-lobby-de-lHotel-Mandarin-Oriental-Geneve-c-MOG-825x550.jpg 825w\" sizes=\"auto, (max-width: 900px) 100vw, 900px\" \/><\/a>\n\t\t\t<\/dt><\/dl><dl class='gallery-item'>\n\t\t\t<dt class='gallery-icon landscape'>\n\t\t\t\t<a href='https:\/\/www.exclusifmag.com\/online\/wp-content\/uploads\/2022\/11\/3.-Le-bar-du-Mandarin-Oriental-Geneve-tres-apprecie-pour-des-after-work-ou-en-soiree-c-MOG.jpg'><img loading=\"lazy\" decoding=\"async\" width=\"900\" height=\"600\" src=\"https:\/\/www.exclusifmag.com\/online\/wp-content\/uploads\/2022\/11\/3.-Le-bar-du-Mandarin-Oriental-Geneve-tres-apprecie-pour-des-after-work-ou-en-soiree-c-MOG.jpg\" class=\"attachment-large size-large\" alt=\"Le bar du Mandarin Oriental Gen\u00e8ve tr\u00e8s appr\u00e9ci\u00e9 pour des after-work ou en soir\u00e9e (c) MOG\" srcset=\"https:\/\/www.exclusifmag.com\/online\/wp-content\/uploads\/2022\/11\/3.-Le-bar-du-Mandarin-Oriental-Geneve-tres-apprecie-pour-des-after-work-ou-en-soiree-c-MOG.jpg 900w, https:\/\/www.exclusifmag.com\/online\/wp-content\/uploads\/2022\/11\/3.-Le-bar-du-Mandarin-Oriental-Geneve-tres-apprecie-pour-des-after-work-ou-en-soiree-c-MOG-400x267.jpg 400w, https:\/\/www.exclusifmag.com\/online\/wp-content\/uploads\/2022\/11\/3.-Le-bar-du-Mandarin-Oriental-Geneve-tres-apprecie-pour-des-after-work-ou-en-soiree-c-MOG-768x512.jpg 768w, https:\/\/www.exclusifmag.com\/online\/wp-content\/uploads\/2022\/11\/3.-Le-bar-du-Mandarin-Oriental-Geneve-tres-apprecie-pour-des-after-work-ou-en-soiree-c-MOG-825x550.jpg 825w\" sizes=\"auto, (max-width: 900px) 100vw, 900px\" \/><\/a>\n\t\t\t<\/dt><\/dl><br style=\"clear: both\" \/>\n\t\t<\/div>\n\n<p>A l\u2019avant-garde de propositions culinaires originales et innovantes, pour certaines saisonni\u00e8res et, agr\u00e9ablement tendances, comme ces plats ancr\u00e9s dans la tradition suisse d\u00e9gust\u00e9s depuis un magnifique chalet au c\u0153ur du Mandarin Oriental install\u00e9 pour l\u2019hiver ou encore, l\u2019exceptionnel Restaurant Yakumanka, un des premiers \u00e0 offrir une\u00a0nouvelle haute cuisine p\u00e9ruvienne \u00e0 l\u2019image de son fondateur Gast\u00f2n Acurio, le Mandarin Oriental Gen\u00e8ve est toujours en premi\u00e8re ligne pour varier les styles et les menus\u00a0!<\/p>\n\n\t\t<style type=\"text\/css\">\n\t\t\t#gallery-2 {\n\t\t\t\tmargin: auto;\n\t\t\t}\n\t\t\t#gallery-2 .gallery-item {\n\t\t\t\tfloat: left;\n\t\t\t\tmargin-top: 10px;\n\t\t\t\ttext-align: center;\n\t\t\t\twidth: 50%;\n\t\t\t}\n\t\t\t#gallery-2 img {\n\t\t\t\tborder: 2px solid #cfcfcf;\n\t\t\t}\n\t\t\t#gallery-2 .gallery-caption {\n\t\t\t\tmargin-left: 0;\n\t\t\t}\n\t\t\t\/* see gallery_shortcode() in wp-includes\/media.php *\/\n\t\t<\/style>\n\t\t<div id='gallery-2' class='gallery galleryid-19965 gallery-columns-2 gallery-size-large'><dl class='gallery-item'>\n\t\t\t<dt class='gallery-icon landscape'>\n\t\t\t\t<a href='https:\/\/www.exclusifmag.com\/online\/wp-content\/uploads\/2022\/11\/4.-Le-Sachi-au-Mandarin-Oriental-Geneve-avec-son-entree-raffinee-et-les-teintes-sombres-des-superbes-bois-de-chene-issus-de-forets-suisses.-c-MOG.jpg'><img loading=\"lazy\" decoding=\"async\" width=\"900\" height=\"600\" src=\"https:\/\/www.exclusifmag.com\/online\/wp-content\/uploads\/2022\/11\/4.-Le-Sachi-au-Mandarin-Oriental-Geneve-avec-son-entree-raffinee-et-les-teintes-sombres-des-superbes-bois-de-chene-issus-de-forets-suisses.-c-MOG.jpg\" class=\"attachment-large size-large\" alt=\"Le SACHI au Mandarin Oriental Gen\u00e8ve avec son entr\u00e9e raffin\u00e9e et les teintes sombres des superbes bois de ch\u00eane issus de for\u00eats suisses. (c) MOG\" srcset=\"https:\/\/www.exclusifmag.com\/online\/wp-content\/uploads\/2022\/11\/4.-Le-Sachi-au-Mandarin-Oriental-Geneve-avec-son-entree-raffinee-et-les-teintes-sombres-des-superbes-bois-de-chene-issus-de-forets-suisses.-c-MOG.jpg 900w, https:\/\/www.exclusifmag.com\/online\/wp-content\/uploads\/2022\/11\/4.-Le-Sachi-au-Mandarin-Oriental-Geneve-avec-son-entree-raffinee-et-les-teintes-sombres-des-superbes-bois-de-chene-issus-de-forets-suisses.-c-MOG-400x267.jpg 400w, https:\/\/www.exclusifmag.com\/online\/wp-content\/uploads\/2022\/11\/4.-Le-Sachi-au-Mandarin-Oriental-Geneve-avec-son-entree-raffinee-et-les-teintes-sombres-des-superbes-bois-de-chene-issus-de-forets-suisses.-c-MOG-768x512.jpg 768w, https:\/\/www.exclusifmag.com\/online\/wp-content\/uploads\/2022\/11\/4.-Le-Sachi-au-Mandarin-Oriental-Geneve-avec-son-entree-raffinee-et-les-teintes-sombres-des-superbes-bois-de-chene-issus-de-forets-suisses.-c-MOG-825x550.jpg 825w\" sizes=\"auto, (max-width: 900px) 100vw, 900px\" \/><\/a>\n\t\t\t<\/dt><\/dl><dl class='gallery-item'>\n\t\t\t<dt class='gallery-icon landscape'>\n\t\t\t\t<a href='https:\/\/www.exclusifmag.com\/online\/wp-content\/uploads\/2022\/11\/5.-Refletant-lambiance-des-rives-du-Rhone-tout-proche-le-Martini-bar-amenage-en-un-materiau-rare-en-marbre-onyx-bleu-est-en-totale-harmonie-avec-lesthetique-du-Sachi-c-MOG.jpg'><img loading=\"lazy\" decoding=\"async\" width=\"900\" height=\"600\" src=\"https:\/\/www.exclusifmag.com\/online\/wp-content\/uploads\/2022\/11\/5.-Refletant-lambiance-des-rives-du-Rhone-tout-proche-le-Martini-bar-amenage-en-un-materiau-rare-en-marbre-onyx-bleu-est-en-totale-harmonie-avec-lesthetique-du-Sachi-c-MOG.jpg\" class=\"attachment-large size-large\" alt=\"Refl\u00e9tant l\u2019ambiance des rives du Rh\u00f4ne tout proche, le Martini-bar, am\u00e9nag\u00e9 en un mat\u00e9riau rare en marbre-onyx bleu est en totale harmonie avec l&#039;esth\u00e9tique du SACHI (c) MOG\" srcset=\"https:\/\/www.exclusifmag.com\/online\/wp-content\/uploads\/2022\/11\/5.-Refletant-lambiance-des-rives-du-Rhone-tout-proche-le-Martini-bar-amenage-en-un-materiau-rare-en-marbre-onyx-bleu-est-en-totale-harmonie-avec-lesthetique-du-Sachi-c-MOG.jpg 900w, https:\/\/www.exclusifmag.com\/online\/wp-content\/uploads\/2022\/11\/5.-Refletant-lambiance-des-rives-du-Rhone-tout-proche-le-Martini-bar-amenage-en-un-materiau-rare-en-marbre-onyx-bleu-est-en-totale-harmonie-avec-lesthetique-du-Sachi-c-MOG-400x267.jpg 400w, https:\/\/www.exclusifmag.com\/online\/wp-content\/uploads\/2022\/11\/5.-Refletant-lambiance-des-rives-du-Rhone-tout-proche-le-Martini-bar-amenage-en-un-materiau-rare-en-marbre-onyx-bleu-est-en-totale-harmonie-avec-lesthetique-du-Sachi-c-MOG-768x512.jpg 768w, https:\/\/www.exclusifmag.com\/online\/wp-content\/uploads\/2022\/11\/5.-Refletant-lambiance-des-rives-du-Rhone-tout-proche-le-Martini-bar-amenage-en-un-materiau-rare-en-marbre-onyx-bleu-est-en-totale-harmonie-avec-lesthetique-du-Sachi-c-MOG-825x550.jpg 825w\" sizes=\"auto, (max-width: 900px) 100vw, 900px\" \/><\/a>\n\t\t\t<\/dt><\/dl><br style=\"clear: both\" \/>\n\t\t<\/div>\n\n<p>Si Gen\u00e8ve connait un engouement tr\u00e8s prononc\u00e9 pour les sushis, les saveurs de la cuisine japonaise ne s\u2019arr\u00eatent pas l\u00e0. Aborder la mystique de cet art se voulant en accord avec la philosophie Zen est un long cheminement. Il se poursuit, de l\u2019apparence aux couleurs, \u00e0 la recherche de l\u2019harmonie des go\u00fbts et des textures\u2026 Les repas au Japon prenant un sens o\u00f9 l\u2019esth\u00e9tique, la pr\u00e9sentation et les plats forment un tout, on ne saurait dissocier ici l\u2019\u00e9l\u00e9ment gustatif et visuel \u2026\u00a0 Depuis 2013, l\u2019art culinaire traditionnel nippon est r\u00e9pertori\u00e9 au patrimoine culturel immat\u00e9riel de l\u2019humanit\u00e9 de l\u2019UNESCO. <em>Omakase,<\/em> consiste \u00e0 commander au Chef un menu compos\u00e9 selon ses choix et appr\u00e9ciations. En un mot, suivant la traduction, l\u2019h\u00f4te \u00ab\u00a0<em>s\u2019en remet au Chef<\/em>\u00a0\u00bb pour vivre une exp\u00e9rience au plus pr\u00e8s de l\u2019\u00e9quilibre et la perfection de cette table d\u00e9licate et \u00e9tonnante.<\/p>\n\n\t\t<style type=\"text\/css\">\n\t\t\t#gallery-3 {\n\t\t\t\tmargin: auto;\n\t\t\t}\n\t\t\t#gallery-3 .gallery-item {\n\t\t\t\tfloat: left;\n\t\t\t\tmargin-top: 10px;\n\t\t\t\ttext-align: center;\n\t\t\t\twidth: 33%;\n\t\t\t}\n\t\t\t#gallery-3 img {\n\t\t\t\tborder: 2px solid #cfcfcf;\n\t\t\t}\n\t\t\t#gallery-3 .gallery-caption {\n\t\t\t\tmargin-left: 0;\n\t\t\t}\n\t\t\t\/* see gallery_shortcode() in wp-includes\/media.php *\/\n\t\t<\/style>\n\t\t<div id='gallery-3' class='gallery galleryid-19965 gallery-columns-3 gallery-size-large'><dl class='gallery-item'>\n\t\t\t<dt class='gallery-icon landscape'>\n\t\t\t\t<a href='https:\/\/www.exclusifmag.com\/online\/wp-content\/uploads\/2022\/11\/6.-Sachi-au-Mandarin-Oriental-Geneve-un-espace-luxueux-cree-par-larchitecte-et-designer-Yoshi-Kida-en-resonnance-avec-le-raffinement-japonais-c-MOG.jpg'><img loading=\"lazy\" decoding=\"async\" width=\"900\" height=\"600\" src=\"https:\/\/www.exclusifmag.com\/online\/wp-content\/uploads\/2022\/11\/6.-Sachi-au-Mandarin-Oriental-Geneve-un-espace-luxueux-cree-par-larchitecte-et-designer-Yoshi-Kida-en-resonnance-avec-le-raffinement-japonais-c-MOG.jpg\" class=\"attachment-large size-large\" alt=\"SACHI au Mandarin Oriental Gen\u00e8ve un espace luxueux cr\u00e9\u00e9 par l\u2019architecte et designer Yoshi Kida en r\u00e9sonnance avec le raffinement japonais (c) MOG\" srcset=\"https:\/\/www.exclusifmag.com\/online\/wp-content\/uploads\/2022\/11\/6.-Sachi-au-Mandarin-Oriental-Geneve-un-espace-luxueux-cree-par-larchitecte-et-designer-Yoshi-Kida-en-resonnance-avec-le-raffinement-japonais-c-MOG.jpg 900w, https:\/\/www.exclusifmag.com\/online\/wp-content\/uploads\/2022\/11\/6.-Sachi-au-Mandarin-Oriental-Geneve-un-espace-luxueux-cree-par-larchitecte-et-designer-Yoshi-Kida-en-resonnance-avec-le-raffinement-japonais-c-MOG-400x267.jpg 400w, https:\/\/www.exclusifmag.com\/online\/wp-content\/uploads\/2022\/11\/6.-Sachi-au-Mandarin-Oriental-Geneve-un-espace-luxueux-cree-par-larchitecte-et-designer-Yoshi-Kida-en-resonnance-avec-le-raffinement-japonais-c-MOG-768x512.jpg 768w, https:\/\/www.exclusifmag.com\/online\/wp-content\/uploads\/2022\/11\/6.-Sachi-au-Mandarin-Oriental-Geneve-un-espace-luxueux-cree-par-larchitecte-et-designer-Yoshi-Kida-en-resonnance-avec-le-raffinement-japonais-c-MOG-825x550.jpg 825w\" sizes=\"auto, (max-width: 900px) 100vw, 900px\" \/><\/a>\n\t\t\t<\/dt><\/dl><dl class='gallery-item'>\n\t\t\t<dt class='gallery-icon landscape'>\n\t\t\t\t<a href='https:\/\/www.exclusifmag.com\/online\/wp-content\/uploads\/2022\/11\/7.-Soiree-dinauguration-du-Sachi-accueil-par-David-Collas-D.G-du-Mandarin-Oriental-Geneve-en-presence-du-Chef-Mitsu-c-MOGN.jpg'><img loading=\"lazy\" decoding=\"async\" width=\"900\" height=\"600\" src=\"https:\/\/www.exclusifmag.com\/online\/wp-content\/uploads\/2022\/11\/7.-Soiree-dinauguration-du-Sachi-accueil-par-David-Collas-D.G-du-Mandarin-Oriental-Geneve-en-presence-du-Chef-Mitsu-c-MOGN.jpg\" class=\"attachment-large size-large\" alt=\"Soir\u00e9e d&#039;inauguration du SACHI accueil par David Collas D.G du Mandarin Oriental Gen\u00e8ve en pr\u00e9sence du Chef Mitsu (c) MOG\" srcset=\"https:\/\/www.exclusifmag.com\/online\/wp-content\/uploads\/2022\/11\/7.-Soiree-dinauguration-du-Sachi-accueil-par-David-Collas-D.G-du-Mandarin-Oriental-Geneve-en-presence-du-Chef-Mitsu-c-MOGN.jpg 900w, https:\/\/www.exclusifmag.com\/online\/wp-content\/uploads\/2022\/11\/7.-Soiree-dinauguration-du-Sachi-accueil-par-David-Collas-D.G-du-Mandarin-Oriental-Geneve-en-presence-du-Chef-Mitsu-c-MOGN-400x267.jpg 400w, https:\/\/www.exclusifmag.com\/online\/wp-content\/uploads\/2022\/11\/7.-Soiree-dinauguration-du-Sachi-accueil-par-David-Collas-D.G-du-Mandarin-Oriental-Geneve-en-presence-du-Chef-Mitsu-c-MOGN-768x512.jpg 768w, https:\/\/www.exclusifmag.com\/online\/wp-content\/uploads\/2022\/11\/7.-Soiree-dinauguration-du-Sachi-accueil-par-David-Collas-D.G-du-Mandarin-Oriental-Geneve-en-presence-du-Chef-Mitsu-c-MOGN-825x550.jpg 825w\" sizes=\"auto, (max-width: 900px) 100vw, 900px\" \/><\/a>\n\t\t\t<\/dt><\/dl><dl class='gallery-item'>\n\t\t\t<dt class='gallery-icon landscape'>\n\t\t\t\t<a href='https:\/\/www.exclusifmag.com\/online\/wp-content\/uploads\/2022\/11\/8.-Dans-lattente-des-invites-un-bar-a-champagne-bien-achalande-c-GAD.jpg'><img loading=\"lazy\" decoding=\"async\" width=\"900\" height=\"600\" src=\"https:\/\/www.exclusifmag.com\/online\/wp-content\/uploads\/2022\/11\/8.-Dans-lattente-des-invites-un-bar-a-champagne-bien-achalande-c-GAD.jpg\" class=\"attachment-large size-large\" alt=\"Dans l&#039;attente des invit\u00e9s un bar \u00e0 champagne bien achaland\u00e9, (c) GAD\" srcset=\"https:\/\/www.exclusifmag.com\/online\/wp-content\/uploads\/2022\/11\/8.-Dans-lattente-des-invites-un-bar-a-champagne-bien-achalande-c-GAD.jpg 900w, https:\/\/www.exclusifmag.com\/online\/wp-content\/uploads\/2022\/11\/8.-Dans-lattente-des-invites-un-bar-a-champagne-bien-achalande-c-GAD-400x267.jpg 400w, https:\/\/www.exclusifmag.com\/online\/wp-content\/uploads\/2022\/11\/8.-Dans-lattente-des-invites-un-bar-a-champagne-bien-achalande-c-GAD-768x512.jpg 768w, https:\/\/www.exclusifmag.com\/online\/wp-content\/uploads\/2022\/11\/8.-Dans-lattente-des-invites-un-bar-a-champagne-bien-achalande-c-GAD-825x550.jpg 825w\" sizes=\"auto, (max-width: 900px) 100vw, 900px\" \/><\/a>\n\t\t\t<\/dt><\/dl><br style=\"clear: both\" \/>\n\t\t<\/div>\n\n<p>A l\u2019occasion de l\u2019inauguration du SACHI, David Collas, Directeur G\u00e9n\u00e9ral du Mandarin Oriental Gen\u00e8ve a accueilli, en pr\u00e9sence du Chef Mitsu, les habitu\u00e9s, amis, clients et partenaires de l\u2019H\u00f4tel. C\u2019est entre connaissances et r\u00e9jouissances qu\u2019ils se sont retrouv\u00e9s dans une chaude ambiance conviviale d\u00e9gustant les d\u00e9licieuses sp\u00e9cialit\u00e9s propos\u00e9es. Pour le plus vif plaisir des invit\u00e9s. En fin de soir\u00e9e, une d\u00e9monstration de tambours japonais a cr\u00e9\u00e9 la surprise avec ces grands instruments d\u00e9nomm\u00e9s <em>taiko<\/em>. Issus des temples bouddhistes, ils rel\u00e8vent, selon le ressenti, de l\u2019art martial, de la musique ou\u2026 de la danse\u00a0! Combinant diff\u00e9rentes grandes caisses, ces groupes &#8211; dont Kodo est le plus connu &#8211; sont \u00e0 la mode gr\u00e2ce aux festivals traditionnels se produisant partout dans le monde. Originalit\u00e9 et cr\u00e9ativit\u00e9 sont au Mandarin Oriental Gen\u00e8ve les ma\u00eetres mots, sans oublier que <em>SACHI <\/em>veut dire <em>bonheur<\/em>, <em>b\u00e9n\u00e9diction<\/em> et <em>bonne fortune<\/em> en japonais ! Impossible de passer \u00e0 c\u00f4t\u00e9 !<\/p>\n\n\t\t<style type=\"text\/css\">\n\t\t\t#gallery-4 {\n\t\t\t\tmargin: auto;\n\t\t\t}\n\t\t\t#gallery-4 .gallery-item {\n\t\t\t\tfloat: left;\n\t\t\t\tmargin-top: 10px;\n\t\t\t\ttext-align: center;\n\t\t\t\twidth: 33%;\n\t\t\t}\n\t\t\t#gallery-4 img {\n\t\t\t\tborder: 2px solid #cfcfcf;\n\t\t\t}\n\t\t\t#gallery-4 .gallery-caption {\n\t\t\t\tmargin-left: 0;\n\t\t\t}\n\t\t\t\/* see gallery_shortcode() in wp-includes\/media.php *\/\n\t\t<\/style>\n\t\t<div id='gallery-4' class='gallery galleryid-19965 gallery-columns-3 gallery-size-large'><dl class='gallery-item'>\n\t\t\t<dt class='gallery-icon landscape'>\n\t\t\t\t<a href='https:\/\/www.exclusifmag.com\/online\/wp-content\/uploads\/2022\/11\/9.-Des-plats-raffines-a-la-presentation-dans-la-ligne-esthetique-graphique-japonaise-c-MOG.jpg'><img loading=\"lazy\" decoding=\"async\" width=\"900\" height=\"600\" src=\"https:\/\/www.exclusifmag.com\/online\/wp-content\/uploads\/2022\/11\/9.-Des-plats-raffines-a-la-presentation-dans-la-ligne-esthetique-graphique-japonaise-c-MOG.jpg\" class=\"attachment-large size-large\" alt=\"Des plats raffin\u00e9s \u00e0 la pr\u00e9sentation dans la ligne esth\u00e9tique graphique japonaise (c) MOG\" srcset=\"https:\/\/www.exclusifmag.com\/online\/wp-content\/uploads\/2022\/11\/9.-Des-plats-raffines-a-la-presentation-dans-la-ligne-esthetique-graphique-japonaise-c-MOG.jpg 900w, https:\/\/www.exclusifmag.com\/online\/wp-content\/uploads\/2022\/11\/9.-Des-plats-raffines-a-la-presentation-dans-la-ligne-esthetique-graphique-japonaise-c-MOG-400x267.jpg 400w, https:\/\/www.exclusifmag.com\/online\/wp-content\/uploads\/2022\/11\/9.-Des-plats-raffines-a-la-presentation-dans-la-ligne-esthetique-graphique-japonaise-c-MOG-768x512.jpg 768w, https:\/\/www.exclusifmag.com\/online\/wp-content\/uploads\/2022\/11\/9.-Des-plats-raffines-a-la-presentation-dans-la-ligne-esthetique-graphique-japonaise-c-MOG-825x550.jpg 825w\" sizes=\"auto, (max-width: 900px) 100vw, 900px\" \/><\/a>\n\t\t\t<\/dt><\/dl><dl class='gallery-item'>\n\t\t\t<dt class='gallery-icon landscape'>\n\t\t\t\t<a href='https:\/\/www.exclusifmag.com\/online\/wp-content\/uploads\/2022\/11\/10.-Des-invites-concentres-sur-les-saveurs-proposees-par-le-Chef-Mitsu-du-Sachi-du-Mandarin-oriental-de-Geneve-c-GAD.jpg'><img loading=\"lazy\" decoding=\"async\" width=\"900\" height=\"600\" src=\"https:\/\/www.exclusifmag.com\/online\/wp-content\/uploads\/2022\/11\/10.-Des-invites-concentres-sur-les-saveurs-proposees-par-le-Chef-Mitsu-du-Sachi-du-Mandarin-oriental-de-Geneve-c-GAD.jpg\" class=\"attachment-large size-large\" alt=\"Des invit\u00e9s concentr\u00e9s sur les saveurs propos\u00e9es par le Chef Mitsu du SACHI du Mandarin Oriental de Gen\u00e8ve (c) GAD\" srcset=\"https:\/\/www.exclusifmag.com\/online\/wp-content\/uploads\/2022\/11\/10.-Des-invites-concentres-sur-les-saveurs-proposees-par-le-Chef-Mitsu-du-Sachi-du-Mandarin-oriental-de-Geneve-c-GAD.jpg 900w, https:\/\/www.exclusifmag.com\/online\/wp-content\/uploads\/2022\/11\/10.-Des-invites-concentres-sur-les-saveurs-proposees-par-le-Chef-Mitsu-du-Sachi-du-Mandarin-oriental-de-Geneve-c-GAD-400x267.jpg 400w, https:\/\/www.exclusifmag.com\/online\/wp-content\/uploads\/2022\/11\/10.-Des-invites-concentres-sur-les-saveurs-proposees-par-le-Chef-Mitsu-du-Sachi-du-Mandarin-oriental-de-Geneve-c-GAD-768x512.jpg 768w, https:\/\/www.exclusifmag.com\/online\/wp-content\/uploads\/2022\/11\/10.-Des-invites-concentres-sur-les-saveurs-proposees-par-le-Chef-Mitsu-du-Sachi-du-Mandarin-oriental-de-Geneve-c-GAD-825x550.jpg 825w\" sizes=\"auto, (max-width: 900px) 100vw, 900px\" \/><\/a>\n\t\t\t<\/dt><\/dl><dl class='gallery-item'>\n\t\t\t<dt class='gallery-icon landscape'>\n\t\t\t\t<a href='https:\/\/www.exclusifmag.com\/online\/wp-content\/uploads\/2022\/11\/11.-Avec-force-et-determination-totalement-dans-la-note-locale-demonstration-de-jeux-de-jambes-et-de-tambours-c-GAD.jpg'><img loading=\"lazy\" decoding=\"async\" width=\"900\" height=\"600\" src=\"https:\/\/www.exclusifmag.com\/online\/wp-content\/uploads\/2022\/11\/11.-Avec-force-et-determination-totalement-dans-la-note-locale-demonstration-de-jeux-de-jambes-et-de-tambours-c-GAD.jpg\" class=\"attachment-large size-large\" alt=\"Avec force et d\u00e9termination, totalement dans la note locale, d\u00e9monstration de jeux de jambes et de tambours (c) GAD\" srcset=\"https:\/\/www.exclusifmag.com\/online\/wp-content\/uploads\/2022\/11\/11.-Avec-force-et-determination-totalement-dans-la-note-locale-demonstration-de-jeux-de-jambes-et-de-tambours-c-GAD.jpg 900w, https:\/\/www.exclusifmag.com\/online\/wp-content\/uploads\/2022\/11\/11.-Avec-force-et-determination-totalement-dans-la-note-locale-demonstration-de-jeux-de-jambes-et-de-tambours-c-GAD-400x267.jpg 400w, https:\/\/www.exclusifmag.com\/online\/wp-content\/uploads\/2022\/11\/11.-Avec-force-et-determination-totalement-dans-la-note-locale-demonstration-de-jeux-de-jambes-et-de-tambours-c-GAD-768x512.jpg 768w, https:\/\/www.exclusifmag.com\/online\/wp-content\/uploads\/2022\/11\/11.-Avec-force-et-determination-totalement-dans-la-note-locale-demonstration-de-jeux-de-jambes-et-de-tambours-c-GAD-825x550.jpg 825w\" sizes=\"auto, (max-width: 900px) 100vw, 900px\" \/><\/a>\n\t\t\t<\/dt><\/dl><br style=\"clear: both\" \/>\n\t\t<\/div>\n\n<h6><span style=\"color: #000080;\"><em><strong>\u00c0 propos de l\u2019H\u00f4tel Mandarin Oriental, Geneva<\/strong> : Dans la pure tradition h\u00f4teli\u00e8re suisse, il b\u00e9n\u00e9ficie d\u2019un exceptionnel emplacement au bord du Rh\u00f4ne, situ\u00e9 au c\u0153ur du centre commercial et historique de Gen\u00e8ve, et, en m\u00eame temps, dans le carr\u00e9 des affaires. Avec 178 chambres et suites \u00e9l\u00e9gantes et spacieuses disposant, pour certaines, de terrasses offrant une vue sublime sur le fleuve, la vieille ville et les montagnes enneig\u00e9es.<\/em><\/span><\/h6>\n<h6><span style=\"color: #000080;\"><em><strong>\u00c0 propos de Mandarin Oriental Hotel Group<\/strong> : il g\u00e8re des h\u00f4tels, r\u00e9sidences et complexes h\u00f4teliers multir\u00e9compens\u00e9s, les plus luxueux au monde. Depuis ses d\u00e9buts en Asie, c\u2019est, d\u00e9sormais un groupe d\u2019envergure internationale comptant 36 h\u00f4tels et 7 r\u00e9sidences dans 24 diff\u00e9rents pays ou r\u00e9gions. Il fait partie du Groupe Jardine Matheson dot\u00e9 d\u2019un important portefeuille d\u2019h\u00f4tels et r\u00e9sidences en d\u00e9veloppement.<\/em><\/span><\/h6>\n<h6><\/h6>\n<h6><\/h6>\n<p>&nbsp;<\/p>\n<h6><\/h6>\n<h6 style=\"text-align: left;\"><\/h6>\n","protected":false},"excerpt":{"rendered":"<p>Au Mandarin Oriental Gen\u00e8ve<br \/>\nSachi le nouveau restaurant japonais <\/p>\n","protected":false},"author":1,"featured_media":19950,"comment_status":"open","ping_status":"open","sticky":false,"template":"","format":"standard","meta":{"footnotes":""},"categories":[6,7,145,5],"tags":[528,42,523,1583,1585,1584],"class_list":["post-19965","post","type-post","status-publish","format-standard","has-post-thumbnail","hentry","category-gastronomie","category-hotellerie","category-infos-news","category-life-art-de-vivre","tag-david-collas","tag-geneve","tag-mandarin-oriental","tag-mitsuru-tsukada","tag-omakase","tag-sachi"],"_links":{"self":[{"href":"https:\/\/www.exclusifmag.com\/online\/wp-json\/wp\/v2\/posts\/19965","targetHints":{"allow":["GET"]}}],"collection":[{"href":"https:\/\/www.exclusifmag.com\/online\/wp-json\/wp\/v2\/posts"}],"about":[{"href":"https:\/\/www.exclusifmag.com\/online\/wp-json\/wp\/v2\/types\/post"}],"author":[{"embeddable":true,"href":"https:\/\/www.exclusifmag.com\/online\/wp-json\/wp\/v2\/users\/1"}],"replies":[{"embeddable":true,"href":"https:\/\/www.exclusifmag.com\/online\/wp-json\/wp\/v2\/comments?post=19965"}],"version-history":[{"count":33,"href":"https:\/\/www.exclusifmag.com\/online\/wp-json\/wp\/v2\/posts\/19965\/revisions"}],"predecessor-version":[{"id":20016,"href":"https:\/\/www.exclusifmag.com\/online\/wp-json\/wp\/v2\/posts\/19965\/revisions\/20016"}],"wp:featuredmedia":[{"embeddable":true,"href":"https:\/\/www.exclusifmag.com\/online\/wp-json\/wp\/v2\/media\/19950"}],"wp:attachment":[{"href":"https:\/\/www.exclusifmag.com\/online\/wp-json\/wp\/v2\/media?parent=19965"}],"wp:term":[{"taxonomy":"category","embeddable":true,"href":"https:\/\/www.exclusifmag.com\/online\/wp-json\/wp\/v2\/categories?post=19965"},{"taxonomy":"post_tag","embeddable":true,"href":"https:\/\/www.exclusifmag.com\/online\/wp-json\/wp\/v2\/tags?post=19965"}],"curies":[{"name":"wp","href":"https:\/\/api.w.org\/{rel}","templated":true}]}}