{"id":20239,"date":"2023-01-29T11:51:56","date_gmt":"2023-01-29T10:51:56","guid":{"rendered":"https:\/\/www.exclusifmag.com\/online\/?p=20239"},"modified":"2023-01-29T22:56:44","modified_gmt":"2023-01-29T21:56:44","slug":"lirlande-cote-atlantique-2eme-partie","status":"publish","type":"post","link":"https:\/\/www.exclusifmag.com\/online\/lirlande-cote-atlantique-2eme-partie\/","title":{"rendered":"L\u2019Irlande c\u00f4t\u00e9 Atlantique 2\u00e8me partie"},"content":{"rendered":"<h2><strong><em>Cheminement le long de la route c\u00f4ti\u00e8re\u00a0 <\/em><\/strong><\/h2>\n<h2><strong>Sauvage et pr\u00e9serv\u00e9e<\/strong><\/h2>\n<p><strong>Forte de son pass\u00e9 complexe et chahut\u00e9, l\u2019Irlande s\u2019attache \u00e0 pr\u00e9server ses traditions anciennes tout en offrant au monde et, au tourisme en particulier, une image forte sur le chemin de la modernit\u00e9. L\u2019Ile d\u2019Emeraude, telle qu\u2019on la surnomme, d\u00e9borde de juxtapositions, d\u2019amalgame et de transitions progressives. De contrastes qui font son succ\u00e8s. Toujours sur cette route c\u00f4ti\u00e8re longeant l\u2019Atlantique, plus loin au Nord- Ouest, entre falaises vertigineuses, plages et Oc\u00e9an\u2026 Regards.<\/strong><\/p>\n\n\t\t<style type=\"text\/css\">\n\t\t\t#gallery-1 {\n\t\t\t\tmargin: auto;\n\t\t\t}\n\t\t\t#gallery-1 .gallery-item {\n\t\t\t\tfloat: left;\n\t\t\t\tmargin-top: 10px;\n\t\t\t\ttext-align: center;\n\t\t\t\twidth: 50%;\n\t\t\t}\n\t\t\t#gallery-1 img {\n\t\t\t\tborder: 2px solid #cfcfcf;\n\t\t\t}\n\t\t\t#gallery-1 .gallery-caption {\n\t\t\t\tmargin-left: 0;\n\t\t\t}\n\t\t\t\/* see gallery_shortcode() in wp-includes\/media.php *\/\n\t\t<\/style>\n\t\t<div id='gallery-1' class='gallery galleryid-20239 gallery-columns-2 gallery-size-large'><dl class='gallery-item'>\n\t\t\t<dt class='gallery-icon landscape'>\n\t\t\t\t<a href='https:\/\/www.exclusifmag.com\/online\/wp-content\/uploads\/2023\/01\/1.-Des-paysages-cotiers-impressionnants-font-de-la-destination-une-attraction-a-part-c-GAD.jpg'><img loading=\"lazy\" decoding=\"async\" width=\"900\" height=\"675\" src=\"https:\/\/www.exclusifmag.com\/online\/wp-content\/uploads\/2023\/01\/1.-Des-paysages-cotiers-impressionnants-font-de-la-destination-une-attraction-a-part-c-GAD.jpg\" class=\"attachment-large size-large\" alt=\"Des paysages c\u00f4tiers impressionnants font de la destination une attraction \u00e0 part (c) GAD\" srcset=\"https:\/\/www.exclusifmag.com\/online\/wp-content\/uploads\/2023\/01\/1.-Des-paysages-cotiers-impressionnants-font-de-la-destination-une-attraction-a-part-c-GAD.jpg 900w, https:\/\/www.exclusifmag.com\/online\/wp-content\/uploads\/2023\/01\/1.-Des-paysages-cotiers-impressionnants-font-de-la-destination-une-attraction-a-part-c-GAD-400x300.jpg 400w, https:\/\/www.exclusifmag.com\/online\/wp-content\/uploads\/2023\/01\/1.-Des-paysages-cotiers-impressionnants-font-de-la-destination-une-attraction-a-part-c-GAD-768x576.jpg 768w, https:\/\/www.exclusifmag.com\/online\/wp-content\/uploads\/2023\/01\/1.-Des-paysages-cotiers-impressionnants-font-de-la-destination-une-attraction-a-part-c-GAD-733x550.jpg 733w\" sizes=\"auto, (max-width: 900px) 100vw, 900px\" \/><\/a>\n\t\t\t<\/dt><\/dl><dl class='gallery-item'>\n\t\t\t<dt class='gallery-icon landscape'>\n\t\t\t\t<a href='https:\/\/www.exclusifmag.com\/online\/wp-content\/uploads\/2023\/01\/3.-Splendeurs-des-paysages-entre-falaises-et-etendues-vertes-la-mer-c-GAD.jpg'><img loading=\"lazy\" decoding=\"async\" width=\"900\" height=\"675\" src=\"https:\/\/www.exclusifmag.com\/online\/wp-content\/uploads\/2023\/01\/3.-Splendeurs-des-paysages-entre-falaises-et-etendues-vertes-la-mer-c-GAD.jpg\" class=\"attachment-large size-large\" alt=\"Splendeurs des paysages entre falaises et \u00e9tendues vers la mer (c) GAD\" srcset=\"https:\/\/www.exclusifmag.com\/online\/wp-content\/uploads\/2023\/01\/3.-Splendeurs-des-paysages-entre-falaises-et-etendues-vertes-la-mer-c-GAD.jpg 900w, https:\/\/www.exclusifmag.com\/online\/wp-content\/uploads\/2023\/01\/3.-Splendeurs-des-paysages-entre-falaises-et-etendues-vertes-la-mer-c-GAD-400x300.jpg 400w, https:\/\/www.exclusifmag.com\/online\/wp-content\/uploads\/2023\/01\/3.-Splendeurs-des-paysages-entre-falaises-et-etendues-vertes-la-mer-c-GAD-768x576.jpg 768w, https:\/\/www.exclusifmag.com\/online\/wp-content\/uploads\/2023\/01\/3.-Splendeurs-des-paysages-entre-falaises-et-etendues-vertes-la-mer-c-GAD-733x550.jpg 733w\" sizes=\"auto, (max-width: 900px) 100vw, 900px\" \/><\/a>\n\t\t\t<\/dt><\/dl><br style=\"clear: both\" \/>\n\t\t<\/div>\n\n<p>Sur le <em>Wild Atlantic Way<\/em>, il existe au Nord-Ouest une Irlande indompt\u00e9e aux c\u00f4tes accident\u00e9es. Voisine de l\u2019Irlande du Nord*, loin des r\u00e9gions les plus fr\u00e9quent\u00e9es, le Comt\u00e9 de Donegal sur l\u2019Atlantique sauvage r\u00e9v\u00e8le de fortes empreintes ga\u00e9liques avec une culture et une ambiance l\u2019air de vivre une aventure du bout du monde ! Les visiteurs en raffolent. Appr\u00e9ci\u00e9e pour ses paysages c\u00f4tiers, ses stations baln\u00e9aires et ses ports de p\u00eache, la beaut\u00e9 de ses massifs montagneux avec vue de l\u2019Oc\u00e9an en fait une destination \u00e0 part. Un lieu \u00e0 visiter !<\/p>\n\n\t\t<style type=\"text\/css\">\n\t\t\t#gallery-2 {\n\t\t\t\tmargin: auto;\n\t\t\t}\n\t\t\t#gallery-2 .gallery-item {\n\t\t\t\tfloat: left;\n\t\t\t\tmargin-top: 10px;\n\t\t\t\ttext-align: center;\n\t\t\t\twidth: 33%;\n\t\t\t}\n\t\t\t#gallery-2 img {\n\t\t\t\tborder: 2px solid #cfcfcf;\n\t\t\t}\n\t\t\t#gallery-2 .gallery-caption {\n\t\t\t\tmargin-left: 0;\n\t\t\t}\n\t\t\t\/* see gallery_shortcode() in wp-includes\/media.php *\/\n\t\t<\/style>\n\t\t<div id='gallery-2' class='gallery galleryid-20239 gallery-columns-3 gallery-size-large'><dl class='gallery-item'>\n\t\t\t<dt class='gallery-icon landscape'>\n\t\t\t\t<a href='https:\/\/www.exclusifmag.com\/online\/wp-content\/uploads\/2023\/01\/4.-Au-cooeur-du-Parc-National-de-Glenveagh-le-Chateau-de-Donegal-et-ses-jardins-fastueux-c-GAD.jpg'><img loading=\"lazy\" decoding=\"async\" width=\"900\" height=\"675\" src=\"https:\/\/www.exclusifmag.com\/online\/wp-content\/uploads\/2023\/01\/4.-Au-cooeur-du-Parc-National-de-Glenveagh-le-Chateau-de-Donegal-et-ses-jardins-fastueux-c-GAD.jpg\" class=\"attachment-large size-large\" alt=\"Au c\u0153ur du Parc National de Glenveagh le Ch\u00e2teau de Donegal et ses jardins fastueux (c) GAD\" srcset=\"https:\/\/www.exclusifmag.com\/online\/wp-content\/uploads\/2023\/01\/4.-Au-cooeur-du-Parc-National-de-Glenveagh-le-Chateau-de-Donegal-et-ses-jardins-fastueux-c-GAD.jpg 900w, https:\/\/www.exclusifmag.com\/online\/wp-content\/uploads\/2023\/01\/4.-Au-cooeur-du-Parc-National-de-Glenveagh-le-Chateau-de-Donegal-et-ses-jardins-fastueux-c-GAD-400x300.jpg 400w, https:\/\/www.exclusifmag.com\/online\/wp-content\/uploads\/2023\/01\/4.-Au-cooeur-du-Parc-National-de-Glenveagh-le-Chateau-de-Donegal-et-ses-jardins-fastueux-c-GAD-768x576.jpg 768w, https:\/\/www.exclusifmag.com\/online\/wp-content\/uploads\/2023\/01\/4.-Au-cooeur-du-Parc-National-de-Glenveagh-le-Chateau-de-Donegal-et-ses-jardins-fastueux-c-GAD-733x550.jpg 733w\" sizes=\"auto, (max-width: 900px) 100vw, 900px\" \/><\/a>\n\t\t\t<\/dt><\/dl><dl class='gallery-item'>\n\t\t\t<dt class='gallery-icon landscape'>\n\t\t\t\t<a href='https:\/\/www.exclusifmag.com\/online\/wp-content\/uploads\/2023\/01\/5.-Majestueux-temoins-de-lhistoire-de-lIrlande-le-Chateau-de-Donegal-c-GAD.jpg'><img loading=\"lazy\" decoding=\"async\" width=\"900\" height=\"675\" src=\"https:\/\/www.exclusifmag.com\/online\/wp-content\/uploads\/2023\/01\/5.-Majestueux-temoins-de-lhistoire-de-lIrlande-le-Chateau-de-Donegal-c-GAD.jpg\" class=\"attachment-large size-large\" alt=\"Majestueux t\u00e9moins de l&#039;histoire de l&#039;Irlande le Ch\u00e2teau de Donegal (c) GAD\" srcset=\"https:\/\/www.exclusifmag.com\/online\/wp-content\/uploads\/2023\/01\/5.-Majestueux-temoins-de-lhistoire-de-lIrlande-le-Chateau-de-Donegal-c-GAD.jpg 900w, https:\/\/www.exclusifmag.com\/online\/wp-content\/uploads\/2023\/01\/5.-Majestueux-temoins-de-lhistoire-de-lIrlande-le-Chateau-de-Donegal-c-GAD-400x300.jpg 400w, https:\/\/www.exclusifmag.com\/online\/wp-content\/uploads\/2023\/01\/5.-Majestueux-temoins-de-lhistoire-de-lIrlande-le-Chateau-de-Donegal-c-GAD-768x576.jpg 768w, https:\/\/www.exclusifmag.com\/online\/wp-content\/uploads\/2023\/01\/5.-Majestueux-temoins-de-lhistoire-de-lIrlande-le-Chateau-de-Donegal-c-GAD-733x550.jpg 733w\" sizes=\"auto, (max-width: 900px) 100vw, 900px\" \/><\/a>\n\t\t\t<\/dt><\/dl><dl class='gallery-item'>\n\t\t\t<dt class='gallery-icon landscape'>\n\t\t\t\t<a href='https:\/\/www.exclusifmag.com\/online\/wp-content\/uploads\/2023\/01\/6.-LEglise-de-la-paroisse-de-Donegal-c-GAD.jpg'><img loading=\"lazy\" decoding=\"async\" width=\"900\" height=\"675\" src=\"https:\/\/www.exclusifmag.com\/online\/wp-content\/uploads\/2023\/01\/6.-LEglise-de-la-paroisse-de-Donegal-c-GAD.jpg\" class=\"attachment-large size-large\" alt=\"L&#039;Eglise de la paroisse de Donegal (c) GAD\" srcset=\"https:\/\/www.exclusifmag.com\/online\/wp-content\/uploads\/2023\/01\/6.-LEglise-de-la-paroisse-de-Donegal-c-GAD.jpg 900w, https:\/\/www.exclusifmag.com\/online\/wp-content\/uploads\/2023\/01\/6.-LEglise-de-la-paroisse-de-Donegal-c-GAD-400x300.jpg 400w, https:\/\/www.exclusifmag.com\/online\/wp-content\/uploads\/2023\/01\/6.-LEglise-de-la-paroisse-de-Donegal-c-GAD-768x576.jpg 768w, https:\/\/www.exclusifmag.com\/online\/wp-content\/uploads\/2023\/01\/6.-LEglise-de-la-paroisse-de-Donegal-c-GAD-733x550.jpg 733w\" sizes=\"auto, (max-width: 900px) 100vw, 900px\" \/><\/a>\n\t\t\t<\/dt><\/dl><br style=\"clear: both\" \/>\n\t\t<\/div>\n\n<p>R\u00e9put\u00e9 pour ses vestiges vikings, le Comt\u00e9 de Donegal abrite au c\u0153ur des vall\u00e9es le <em>Parc National de Glenveagh<\/em>, le plus grand d\u2019Irlande. Entre tourbi\u00e8res et lacs, il se parcourt \u00e0 pied ou \u00e0 v\u00e9lo \u00e0 travers un environnement demeur\u00e9 intact au fil du temps. Au centre du parc, le Ch\u00e2teau Glenveagh et ses deux jardins restent les t\u00e9moins de l\u2019Histoire et de la magnificence de la nature irlandaise. Outre la splendeur de ses panoramas et la balade traditionnelle sur la plage, la ville de Donegal m\u00e9rite le d\u00e9tour. Son village d\u2019artisanat permet de d\u00e9couvrir des boutiques et ateliers divers, dont le c\u00e9l\u00e8bre tweed iconique de la r\u00e9gion. Entre autres \u00e9toles, pull-over, couvertures\u2026 ils ravissent les touristes et, rappellent la rudesse du climat ! Si d\u2019aventure, en guise de lainages, ce sont des frissons qu\u2019il plait aux h\u00f4tes de ramener du p\u00e9riple, il est imp\u00e9ratif de pousser l&rsquo;exp\u00e9rience jusqu\u2019\u00e0 la p\u00e9ninsule de <em>Slieve League (Sliabh Liag<\/em> ) \u00e0 <em>Teelin<\/em> o\u00f9, du haut de la falaise, la 2e plus haute d\u2019Europe, le visiteur tutoie les nuages\u2026 Comme dans un r\u00eave !<\/p>\n\n\t\t<style type=\"text\/css\">\n\t\t\t#gallery-3 {\n\t\t\t\tmargin: auto;\n\t\t\t}\n\t\t\t#gallery-3 .gallery-item {\n\t\t\t\tfloat: left;\n\t\t\t\tmargin-top: 10px;\n\t\t\t\ttext-align: center;\n\t\t\t\twidth: 50%;\n\t\t\t}\n\t\t\t#gallery-3 img {\n\t\t\t\tborder: 2px solid #cfcfcf;\n\t\t\t}\n\t\t\t#gallery-3 .gallery-caption {\n\t\t\t\tmargin-left: 0;\n\t\t\t}\n\t\t\t\/* see gallery_shortcode() in wp-includes\/media.php *\/\n\t\t<\/style>\n\t\t<div id='gallery-3' class='gallery galleryid-20239 gallery-columns-2 gallery-size-large'><dl class='gallery-item'>\n\t\t\t<dt class='gallery-icon landscape'>\n\t\t\t\t<a href='https:\/\/www.exclusifmag.com\/online\/wp-content\/uploads\/2023\/01\/7.-Une-vue-aerienne-sur-le-lac-Lough-Gill-et-les-forets-de-Slish-Wood-C-OT-Irelande.jpg'><img loading=\"lazy\" decoding=\"async\" width=\"900\" height=\"675\" src=\"https:\/\/www.exclusifmag.com\/online\/wp-content\/uploads\/2023\/01\/7.-Une-vue-aerienne-sur-le-lac-Lough-Gill-et-les-forets-de-Slish-Wood-C-OT-Irelande.jpg\" class=\"attachment-large size-large\" alt=\"Une vue a\u00e9rienne sur le lac Lough Gill et les for\u00eats de Slish Wood, (C) OT Irelande\" srcset=\"https:\/\/www.exclusifmag.com\/online\/wp-content\/uploads\/2023\/01\/7.-Une-vue-aerienne-sur-le-lac-Lough-Gill-et-les-forets-de-Slish-Wood-C-OT-Irelande.jpg 900w, https:\/\/www.exclusifmag.com\/online\/wp-content\/uploads\/2023\/01\/7.-Une-vue-aerienne-sur-le-lac-Lough-Gill-et-les-forets-de-Slish-Wood-C-OT-Irelande-400x300.jpg 400w, https:\/\/www.exclusifmag.com\/online\/wp-content\/uploads\/2023\/01\/7.-Une-vue-aerienne-sur-le-lac-Lough-Gill-et-les-forets-de-Slish-Wood-C-OT-Irelande-768x576.jpg 768w, https:\/\/www.exclusifmag.com\/online\/wp-content\/uploads\/2023\/01\/7.-Une-vue-aerienne-sur-le-lac-Lough-Gill-et-les-forets-de-Slish-Wood-C-OT-Irelande-733x550.jpg 733w\" sizes=\"auto, (max-width: 900px) 100vw, 900px\" \/><\/a>\n\t\t\t<\/dt><\/dl><dl class='gallery-item'>\n\t\t\t<dt class='gallery-icon landscape'>\n\t\t\t\t<a href='https:\/\/www.exclusifmag.com\/online\/wp-content\/uploads\/2023\/01\/8.-Et-toujours-ces-panoramas-en-ciel-et-mer-multiples-et-uniques-a-la-fois-c-GAD.jpg'><img loading=\"lazy\" decoding=\"async\" width=\"900\" height=\"675\" src=\"https:\/\/www.exclusifmag.com\/online\/wp-content\/uploads\/2023\/01\/8.-Et-toujours-ces-panoramas-en-ciel-et-mer-multiples-et-uniques-a-la-fois-c-GAD.jpg\" class=\"attachment-large size-large\" alt=\"Et toujours ces panoramas en ciel et mer, multiples et uniques \u00e0 la fois (c) GAD\" srcset=\"https:\/\/www.exclusifmag.com\/online\/wp-content\/uploads\/2023\/01\/8.-Et-toujours-ces-panoramas-en-ciel-et-mer-multiples-et-uniques-a-la-fois-c-GAD.jpg 900w, https:\/\/www.exclusifmag.com\/online\/wp-content\/uploads\/2023\/01\/8.-Et-toujours-ces-panoramas-en-ciel-et-mer-multiples-et-uniques-a-la-fois-c-GAD-400x300.jpg 400w, https:\/\/www.exclusifmag.com\/online\/wp-content\/uploads\/2023\/01\/8.-Et-toujours-ces-panoramas-en-ciel-et-mer-multiples-et-uniques-a-la-fois-c-GAD-768x576.jpg 768w, https:\/\/www.exclusifmag.com\/online\/wp-content\/uploads\/2023\/01\/8.-Et-toujours-ces-panoramas-en-ciel-et-mer-multiples-et-uniques-a-la-fois-c-GAD-733x550.jpg 733w\" sizes=\"auto, (max-width: 900px) 100vw, 900px\" \/><\/a>\n\t\t\t<\/dt><\/dl><br style=\"clear: both\" \/>\n\t\t<\/div>\n\n<p>Avant de poursuivre la d\u00e9couverte de ce Nord-Ouest irlandais embl\u00e9matique, une halte s\u2019impose \u00e0 l\u2019<em>H\u00f4tel*****-Ch\u00e2teau de Lough Eske<\/em>, aux ext\u00e9rieurs de la ville de Donegal. Fort d\u2019un pass\u00e9 prestigieux, install\u00e9 au pied des montagnes sur un domaine lacustre au milieu de for\u00eats et de jardins, sa l\u00e9gende remonte aux fondateurs du comt\u00e9. De l\u00e0, c\u2019est le d\u00e9part pour <em>Narin<\/em> et <em>Portnoo<\/em> une r\u00e9gion r\u00e9put\u00e9e pour ses golfs aux particularit\u00e9s tr\u00e8s appr\u00e9ci\u00e9es. Notamment ces <em>links<\/em> en bordure de mer s&rsquo;\u00e9tendant sur un sol naturel agr\u00e9ment\u00e9 de dunes livr\u00e9es aux vents\u2026 Un site rare de toute \u00e9vidence, du type sablonneux aux mouvements de terrains fr\u00e9quents, pauvre en arbres et v\u00e9g\u00e9tation. Recherch\u00e9 par les golfeurs pour la complexit\u00e9 du parcours et la beaut\u00e9 naturelle des <em>greens<\/em> et <em>fairways<\/em> aux couleurs, entre azur et gazon, se fondant \u00e0 l\u2019horizon\u2026 On y pratique un swing qualifi\u00e9 de \u00ab coup \u00e0 l\u2019irlandaise \u00bb \u2026<\/p>\n\n\t\t<style type=\"text\/css\">\n\t\t\t#gallery-4 {\n\t\t\t\tmargin: auto;\n\t\t\t}\n\t\t\t#gallery-4 .gallery-item {\n\t\t\t\tfloat: left;\n\t\t\t\tmargin-top: 10px;\n\t\t\t\ttext-align: center;\n\t\t\t\twidth: 33%;\n\t\t\t}\n\t\t\t#gallery-4 img {\n\t\t\t\tborder: 2px solid #cfcfcf;\n\t\t\t}\n\t\t\t#gallery-4 .gallery-caption {\n\t\t\t\tmargin-left: 0;\n\t\t\t}\n\t\t\t\/* see gallery_shortcode() in wp-includes\/media.php *\/\n\t\t<\/style>\n\t\t<div id='gallery-4' class='gallery galleryid-20239 gallery-columns-3 gallery-size-large'><dl class='gallery-item'>\n\t\t\t<dt class='gallery-icon landscape'>\n\t\t\t\t<a href='https:\/\/www.exclusifmag.com\/online\/wp-content\/uploads\/2023\/01\/9.-Tour-en-bateau-en-longeant-parois-rocheuses-du-littoral-avant-de-selancer-et-naviguer-au-largec-GAD.jpg'><img loading=\"lazy\" decoding=\"async\" width=\"900\" height=\"675\" src=\"https:\/\/www.exclusifmag.com\/online\/wp-content\/uploads\/2023\/01\/9.-Tour-en-bateau-en-longeant-parois-rocheuses-du-littoral-avant-de-selancer-et-naviguer-au-largec-GAD.jpg\" class=\"attachment-large size-large\" alt=\"Tour en bateau en longeant les parois rocheuses du littoral avant de s&#039;\u00e9lancer et naviguer au large (c) GAD\" srcset=\"https:\/\/www.exclusifmag.com\/online\/wp-content\/uploads\/2023\/01\/9.-Tour-en-bateau-en-longeant-parois-rocheuses-du-littoral-avant-de-selancer-et-naviguer-au-largec-GAD.jpg 900w, https:\/\/www.exclusifmag.com\/online\/wp-content\/uploads\/2023\/01\/9.-Tour-en-bateau-en-longeant-parois-rocheuses-du-littoral-avant-de-selancer-et-naviguer-au-largec-GAD-400x300.jpg 400w, https:\/\/www.exclusifmag.com\/online\/wp-content\/uploads\/2023\/01\/9.-Tour-en-bateau-en-longeant-parois-rocheuses-du-littoral-avant-de-selancer-et-naviguer-au-largec-GAD-768x576.jpg 768w, https:\/\/www.exclusifmag.com\/online\/wp-content\/uploads\/2023\/01\/9.-Tour-en-bateau-en-longeant-parois-rocheuses-du-littoral-avant-de-selancer-et-naviguer-au-largec-GAD-733x550.jpg 733w\" sizes=\"auto, (max-width: 900px) 100vw, 900px\" \/><\/a>\n\t\t\t<\/dt><\/dl><dl class='gallery-item'>\n\t\t\t<dt class='gallery-icon landscape'>\n\t\t\t\t<a href='https:\/\/www.exclusifmag.com\/online\/wp-content\/uploads\/2023\/01\/10.-Des-ports-ou-samarrent-embarcations-touristiques-et-les-bateaux-de-pecheurs-partant-pecher-au-large-c-GAD.jpg'><img loading=\"lazy\" decoding=\"async\" width=\"900\" height=\"675\" src=\"https:\/\/www.exclusifmag.com\/online\/wp-content\/uploads\/2023\/01\/10.-Des-ports-ou-samarrent-embarcations-touristiques-et-les-bateaux-de-pecheurs-partant-pecher-au-large-c-GAD.jpg\" class=\"attachment-large size-large\" alt=\"Des ports o\u00fb s&#039;amarrent embarcations touristiques et les bateaux de p\u00eacheurs partant p\u00eacher au large (c) GAD\" srcset=\"https:\/\/www.exclusifmag.com\/online\/wp-content\/uploads\/2023\/01\/10.-Des-ports-ou-samarrent-embarcations-touristiques-et-les-bateaux-de-pecheurs-partant-pecher-au-large-c-GAD.jpg 900w, https:\/\/www.exclusifmag.com\/online\/wp-content\/uploads\/2023\/01\/10.-Des-ports-ou-samarrent-embarcations-touristiques-et-les-bateaux-de-pecheurs-partant-pecher-au-large-c-GAD-400x300.jpg 400w, https:\/\/www.exclusifmag.com\/online\/wp-content\/uploads\/2023\/01\/10.-Des-ports-ou-samarrent-embarcations-touristiques-et-les-bateaux-de-pecheurs-partant-pecher-au-large-c-GAD-768x576.jpg 768w, https:\/\/www.exclusifmag.com\/online\/wp-content\/uploads\/2023\/01\/10.-Des-ports-ou-samarrent-embarcations-touristiques-et-les-bateaux-de-pecheurs-partant-pecher-au-large-c-GAD-733x550.jpg 733w\" sizes=\"auto, (max-width: 900px) 100vw, 900px\" \/><\/a>\n\t\t\t<\/dt><\/dl><dl class='gallery-item'>\n\t\t\t<dt class='gallery-icon landscape'>\n\t\t\t\t<a href='https:\/\/www.exclusifmag.com\/online\/wp-content\/uploads\/2023\/01\/11.-Deambulation-autour-des-golfs-situes-en-bord-mer-offrant-ces-coups-uniques-a-lirlandaise-grace-a-leur-terrain-particulier-c-GAD.jpg'><img loading=\"lazy\" decoding=\"async\" width=\"900\" height=\"675\" src=\"https:\/\/www.exclusifmag.com\/online\/wp-content\/uploads\/2023\/01\/11.-Deambulation-autour-des-golfs-situes-en-bord-mer-offrant-ces-coups-uniques-a-lirlandaise-grace-a-leur-terrain-particulier-c-GAD.jpg\" class=\"attachment-large size-large\" alt=\"D\u00e9ambulation autour des golfs situ\u00e9s en bord mer offrant ces coups uniques \u00e0 l&#039;irlandaise gr\u00e2ce \u00e0 leur terrain particulier (c) GAD\" srcset=\"https:\/\/www.exclusifmag.com\/online\/wp-content\/uploads\/2023\/01\/11.-Deambulation-autour-des-golfs-situes-en-bord-mer-offrant-ces-coups-uniques-a-lirlandaise-grace-a-leur-terrain-particulier-c-GAD.jpg 900w, https:\/\/www.exclusifmag.com\/online\/wp-content\/uploads\/2023\/01\/11.-Deambulation-autour-des-golfs-situes-en-bord-mer-offrant-ces-coups-uniques-a-lirlandaise-grace-a-leur-terrain-particulier-c-GAD-400x300.jpg 400w, https:\/\/www.exclusifmag.com\/online\/wp-content\/uploads\/2023\/01\/11.-Deambulation-autour-des-golfs-situes-en-bord-mer-offrant-ces-coups-uniques-a-lirlandaise-grace-a-leur-terrain-particulier-c-GAD-768x576.jpg 768w, https:\/\/www.exclusifmag.com\/online\/wp-content\/uploads\/2023\/01\/11.-Deambulation-autour-des-golfs-situes-en-bord-mer-offrant-ces-coups-uniques-a-lirlandaise-grace-a-leur-terrain-particulier-c-GAD-733x550.jpg 733w\" sizes=\"auto, (max-width: 900px) 100vw, 900px\" \/><\/a>\n\t\t\t<\/dt><\/dl><br style=\"clear: both\" \/>\n\t\t<\/div>\n\n<p>Apr\u00e8s la d\u00e9couverte de <em>Slieve League<\/em> sur les hauteurs, c\u2019est depuis la mer que l\u2019aventure continue longeant le <em>Wild Atlantic Way<\/em>&#8230;. A <em>Teelin<\/em> ou <em>Killybegs<\/em>, il est possible d\u2019emprunter un de ces bateaux touristiques qui, passant au large de la c\u00f4te, suivent des parois rocheuses aux couleurs intenses et offrent sur les falaises une perspective tout aussi majestueuse qu\u2019impressionnante ! Le coup d\u2019\u0153il depuis l\u2019embarcation est \u00e9poustouflant. Simple visiteur, amateur de p\u00eache, les plus sportifs pourront \u00e9galement piquer une t\u00eate et, en \u00e9t\u00e9, et nager aux c\u00f4t\u00e9s de dauphins\u2026 Frissons assur\u00e9s ! Face \u00e0 l\u2019Oc\u00e9an Atlantique, la petite pointe de p\u00e9ninsule au nord de Sligo pr\u00e8s du Comt\u00e9 de Donegal pr\u00e9sente des panoramas \u00e0 couper le souffle. En poursuivant jusqu\u2019au village de Mullaghmore, en direction de l\u2019Oc\u00e9an, \u00e0 l\u2019\u00e9cart des habitations entre roche et collines, la nature offre un spectacle tout aussi \u00e9tourdissant ! Ses vagues et sa grosse houle sont tr\u00e8s pris\u00e9es par les surfeurs.<\/p>\n\n\t\t<style type=\"text\/css\">\n\t\t\t#gallery-5 {\n\t\t\t\tmargin: auto;\n\t\t\t}\n\t\t\t#gallery-5 .gallery-item {\n\t\t\t\tfloat: left;\n\t\t\t\tmargin-top: 10px;\n\t\t\t\ttext-align: center;\n\t\t\t\twidth: 33%;\n\t\t\t}\n\t\t\t#gallery-5 img {\n\t\t\t\tborder: 2px solid #cfcfcf;\n\t\t\t}\n\t\t\t#gallery-5 .gallery-caption {\n\t\t\t\tmargin-left: 0;\n\t\t\t}\n\t\t\t\/* see gallery_shortcode() in wp-includes\/media.php *\/\n\t\t<\/style>\n\t\t<div id='gallery-5' class='gallery galleryid-20239 gallery-columns-3 gallery-size-large'><dl class='gallery-item'>\n\t\t\t<dt class='gallery-icon landscape'>\n\t\t\t\t<a href='https:\/\/www.exclusifmag.com\/online\/wp-content\/uploads\/2023\/01\/12.-Croix-Celtiques-et-Hautes-Croix-sont-encore-visibles-rappellant-des-traditions-immuables-c-GAD.jpg'><img loading=\"lazy\" decoding=\"async\" width=\"900\" height=\"675\" src=\"https:\/\/www.exclusifmag.com\/online\/wp-content\/uploads\/2023\/01\/12.-Croix-Celtiques-et-Hautes-Croix-sont-encore-visibles-rappellant-des-traditions-immuables-c-GAD.jpg\" class=\"attachment-large size-large\" alt=\"Croix celtiques et hautes croix sont encore visibles rappelant des traditions immuables (c) GAD\" srcset=\"https:\/\/www.exclusifmag.com\/online\/wp-content\/uploads\/2023\/01\/12.-Croix-Celtiques-et-Hautes-Croix-sont-encore-visibles-rappellant-des-traditions-immuables-c-GAD.jpg 900w, https:\/\/www.exclusifmag.com\/online\/wp-content\/uploads\/2023\/01\/12.-Croix-Celtiques-et-Hautes-Croix-sont-encore-visibles-rappellant-des-traditions-immuables-c-GAD-400x300.jpg 400w, https:\/\/www.exclusifmag.com\/online\/wp-content\/uploads\/2023\/01\/12.-Croix-Celtiques-et-Hautes-Croix-sont-encore-visibles-rappellant-des-traditions-immuables-c-GAD-768x576.jpg 768w, https:\/\/www.exclusifmag.com\/online\/wp-content\/uploads\/2023\/01\/12.-Croix-Celtiques-et-Hautes-Croix-sont-encore-visibles-rappellant-des-traditions-immuables-c-GAD-733x550.jpg 733w\" sizes=\"auto, (max-width: 900px) 100vw, 900px\" \/><\/a>\n\t\t\t<\/dt><\/dl><dl class='gallery-item'>\n\t\t\t<dt class='gallery-icon landscape'>\n\t\t\t\t<a href='https:\/\/www.exclusifmag.com\/online\/wp-content\/uploads\/2023\/01\/13.-La-tombe-du-celebre-poete-irlandais-natif-de-Sligo-William-Butler-Yeats-c-GAD.jpg'><img loading=\"lazy\" decoding=\"async\" width=\"900\" height=\"675\" src=\"https:\/\/www.exclusifmag.com\/online\/wp-content\/uploads\/2023\/01\/13.-La-tombe-du-celebre-poete-irlandais-natif-de-Sligo-William-Butler-Yeats-c-GAD.jpg\" class=\"attachment-large size-large\" alt=\"La tombe du c\u00e9l\u00e8bre po\u00eate irlandais natif de Sligo William Butler Yeats (c) GAD\" srcset=\"https:\/\/www.exclusifmag.com\/online\/wp-content\/uploads\/2023\/01\/13.-La-tombe-du-celebre-poete-irlandais-natif-de-Sligo-William-Butler-Yeats-c-GAD.jpg 900w, https:\/\/www.exclusifmag.com\/online\/wp-content\/uploads\/2023\/01\/13.-La-tombe-du-celebre-poete-irlandais-natif-de-Sligo-William-Butler-Yeats-c-GAD-400x300.jpg 400w, https:\/\/www.exclusifmag.com\/online\/wp-content\/uploads\/2023\/01\/13.-La-tombe-du-celebre-poete-irlandais-natif-de-Sligo-William-Butler-Yeats-c-GAD-768x576.jpg 768w, https:\/\/www.exclusifmag.com\/online\/wp-content\/uploads\/2023\/01\/13.-La-tombe-du-celebre-poete-irlandais-natif-de-Sligo-William-Butler-Yeats-c-GAD-733x550.jpg 733w\" sizes=\"auto, (max-width: 900px) 100vw, 900px\" \/><\/a>\n\t\t\t<\/dt><\/dl><dl class='gallery-item'>\n\t\t\t<dt class='gallery-icon landscape'>\n\t\t\t\t<a href='https:\/\/www.exclusifmag.com\/online\/wp-content\/uploads\/2023\/01\/14.-Importants-vestiges-de-tombes-a-couloir-monolitiques-construites-sous-denorme-tumuli-de-lepoque-prehistorique-c-GAD.jpg'><img loading=\"lazy\" decoding=\"async\" width=\"900\" height=\"675\" src=\"https:\/\/www.exclusifmag.com\/online\/wp-content\/uploads\/2023\/01\/14.-Importants-vestiges-de-tombes-a-couloir-monolitiques-construites-sous-denorme-tumuli-de-lepoque-prehistorique-c-GAD.jpg\" class=\"attachment-large size-large\" alt=\"Importants vestiges de tombes \u00e0 couloir monolitiques construites sous d&#039;\u00e9normes tumuli de l&#039;\u00e9poque pr\u00e9historique (c) GAD\" srcset=\"https:\/\/www.exclusifmag.com\/online\/wp-content\/uploads\/2023\/01\/14.-Importants-vestiges-de-tombes-a-couloir-monolitiques-construites-sous-denorme-tumuli-de-lepoque-prehistorique-c-GAD.jpg 900w, https:\/\/www.exclusifmag.com\/online\/wp-content\/uploads\/2023\/01\/14.-Importants-vestiges-de-tombes-a-couloir-monolitiques-construites-sous-denorme-tumuli-de-lepoque-prehistorique-c-GAD-400x300.jpg 400w, https:\/\/www.exclusifmag.com\/online\/wp-content\/uploads\/2023\/01\/14.-Importants-vestiges-de-tombes-a-couloir-monolitiques-construites-sous-denorme-tumuli-de-lepoque-prehistorique-c-GAD-768x576.jpg 768w, https:\/\/www.exclusifmag.com\/online\/wp-content\/uploads\/2023\/01\/14.-Importants-vestiges-de-tombes-a-couloir-monolitiques-construites-sous-denorme-tumuli-de-lepoque-prehistorique-c-GAD-733x550.jpg 733w\" sizes=\"auto, (max-width: 900px) 100vw, 900px\" \/><\/a>\n\t\t\t<\/dt><\/dl><br style=\"clear: both\" \/>\n\t\t<\/div>\n\n<p>Si le Comt\u00e9 de Sligo compte l\u2019un des plus importants sites m\u00e9galithiques d\u2019Irlande, avec le dolmen de <em>Carrowmore<\/em>, ses tombes et son cercle de pierre estim\u00e9s \u00eatre les vestiges les plus complets trouv\u00e9s \u00e0 ce jour, le village de <em>Drumcliff<\/em> est c\u00e9l\u00e8bre gr\u00e2ce au grand po\u00e8te et dramaturge irlandais <em>William Butler Yeats<\/em>. Originaire de Sligo, il est enterr\u00e9 au cimeti\u00e8re de l\u2019Eglise St Columba\u2019s. Egalement dans l\u2019enceinte de l\u2019Abbaye, se trouvent des Croix Celtiques, consid\u00e9r\u00e9s comme des ornements ou autres Hautes Croix aupr\u00e8s desquelles se c\u00e9l\u00e9braient jadis des c\u00e9r\u00e9monies religieuses. Pour compl\u00e9ter l\u2019exploration de Sligo &#8211; et de ce p\u00e9riple irlandais &#8211; il convient de participer \u00e0 un tour p\u00e9destre de deux heures et demie \u00e0 travers le c\u0153ur de la cit\u00e9 pour d\u00e9couvrir la cuisine des meilleurs chefs de la ville avec les produits et traditions, &#8211; boissons comprises &#8211; qui repr\u00e9sentent la gastronomie de l\u2019\u00eele.<\/p>\n\n\t\t<style type=\"text\/css\">\n\t\t\t#gallery-6 {\n\t\t\t\tmargin: auto;\n\t\t\t}\n\t\t\t#gallery-6 .gallery-item {\n\t\t\t\tfloat: left;\n\t\t\t\tmargin-top: 10px;\n\t\t\t\ttext-align: center;\n\t\t\t\twidth: 33%;\n\t\t\t}\n\t\t\t#gallery-6 img {\n\t\t\t\tborder: 2px solid #cfcfcf;\n\t\t\t}\n\t\t\t#gallery-6 .gallery-caption {\n\t\t\t\tmargin-left: 0;\n\t\t\t}\n\t\t\t\/* see gallery_shortcode() in wp-includes\/media.php *\/\n\t\t<\/style>\n\t\t<div id='gallery-6' class='gallery galleryid-20239 gallery-columns-3 gallery-size-large'><dl class='gallery-item'>\n\t\t\t<dt class='gallery-icon landscape'>\n\t\t\t\t<a href='https:\/\/www.exclusifmag.com\/online\/wp-content\/uploads\/2023\/01\/15.-La-ville-de-Sligo-propose-un-excellent-tour-gastronomique-avec-plusieurs-etapes-de-degustation-c-GAD.jpg'><img loading=\"lazy\" decoding=\"async\" width=\"900\" height=\"675\" src=\"https:\/\/www.exclusifmag.com\/online\/wp-content\/uploads\/2023\/01\/15.-La-ville-de-Sligo-propose-un-excellent-tour-gastronomique-avec-plusieurs-etapes-de-degustation-c-GAD.jpg\" class=\"attachment-large size-large\" alt=\"La ville de Sligo propose un excellent tour gastronomique avec plusieurs \u00e9tapes de d\u00e9gustation (c) GAD\" srcset=\"https:\/\/www.exclusifmag.com\/online\/wp-content\/uploads\/2023\/01\/15.-La-ville-de-Sligo-propose-un-excellent-tour-gastronomique-avec-plusieurs-etapes-de-degustation-c-GAD.jpg 900w, https:\/\/www.exclusifmag.com\/online\/wp-content\/uploads\/2023\/01\/15.-La-ville-de-Sligo-propose-un-excellent-tour-gastronomique-avec-plusieurs-etapes-de-degustation-c-GAD-400x300.jpg 400w, https:\/\/www.exclusifmag.com\/online\/wp-content\/uploads\/2023\/01\/15.-La-ville-de-Sligo-propose-un-excellent-tour-gastronomique-avec-plusieurs-etapes-de-degustation-c-GAD-768x576.jpg 768w, https:\/\/www.exclusifmag.com\/online\/wp-content\/uploads\/2023\/01\/15.-La-ville-de-Sligo-propose-un-excellent-tour-gastronomique-avec-plusieurs-etapes-de-degustation-c-GAD-733x550.jpg 733w\" sizes=\"auto, (max-width: 900px) 100vw, 900px\" \/><\/a>\n\t\t\t<\/dt><\/dl><dl class='gallery-item'>\n\t\t\t<dt class='gallery-icon landscape'>\n\t\t\t\t<a href='https:\/\/www.exclusifmag.com\/online\/wp-content\/uploads\/2023\/01\/16.-Food-Safari-a-travers-le-centre-ville-de-Sligo-etape-de-depart-menee-par-Anthony-Gray.jpg'><img loading=\"lazy\" decoding=\"async\" width=\"900\" height=\"675\" src=\"https:\/\/www.exclusifmag.com\/online\/wp-content\/uploads\/2023\/01\/16.-Food-Safari-a-travers-le-centre-ville-de-Sligo-etape-de-depart-menee-par-Anthony-Gray.jpg\" class=\"attachment-large size-large\" alt=\"Food Safari \u00e0 travers le centre ville de Sligo \u00e9tape de d\u00e9part men\u00e9e par Anthony Gray (c) GAD\" srcset=\"https:\/\/www.exclusifmag.com\/online\/wp-content\/uploads\/2023\/01\/16.-Food-Safari-a-travers-le-centre-ville-de-Sligo-etape-de-depart-menee-par-Anthony-Gray.jpg 900w, https:\/\/www.exclusifmag.com\/online\/wp-content\/uploads\/2023\/01\/16.-Food-Safari-a-travers-le-centre-ville-de-Sligo-etape-de-depart-menee-par-Anthony-Gray-400x300.jpg 400w, https:\/\/www.exclusifmag.com\/online\/wp-content\/uploads\/2023\/01\/16.-Food-Safari-a-travers-le-centre-ville-de-Sligo-etape-de-depart-menee-par-Anthony-Gray-768x576.jpg 768w, https:\/\/www.exclusifmag.com\/online\/wp-content\/uploads\/2023\/01\/16.-Food-Safari-a-travers-le-centre-ville-de-Sligo-etape-de-depart-menee-par-Anthony-Gray-733x550.jpg 733w\" sizes=\"auto, (max-width: 900px) 100vw, 900px\" \/><\/a>\n\t\t\t<\/dt><\/dl><dl class='gallery-item'>\n\t\t\t<dt class='gallery-icon landscape'>\n\t\t\t\t<a href='https:\/\/www.exclusifmag.com\/online\/wp-content\/uploads\/2023\/01\/17.-Un-plat-de-degustation-chez-Antony-Gray-lhote-et-le-guide-de-ce-joyeux-tour-gastronomique-c-GAD.jpg'><img loading=\"lazy\" decoding=\"async\" width=\"900\" height=\"675\" src=\"https:\/\/www.exclusifmag.com\/online\/wp-content\/uploads\/2023\/01\/17.-Un-plat-de-degustation-chez-Antony-Gray-lhote-et-le-guide-de-ce-joyeux-tour-gastronomique-c-GAD.jpg\" class=\"attachment-large size-large\" alt=\"Un plat de d\u00e9gustation chez Antony Gray l&#039;h\u00f4te et le guide de ce joyeux tour gastronomique (c) GAD\" srcset=\"https:\/\/www.exclusifmag.com\/online\/wp-content\/uploads\/2023\/01\/17.-Un-plat-de-degustation-chez-Antony-Gray-lhote-et-le-guide-de-ce-joyeux-tour-gastronomique-c-GAD.jpg 900w, https:\/\/www.exclusifmag.com\/online\/wp-content\/uploads\/2023\/01\/17.-Un-plat-de-degustation-chez-Antony-Gray-lhote-et-le-guide-de-ce-joyeux-tour-gastronomique-c-GAD-400x300.jpg 400w, https:\/\/www.exclusifmag.com\/online\/wp-content\/uploads\/2023\/01\/17.-Un-plat-de-degustation-chez-Antony-Gray-lhote-et-le-guide-de-ce-joyeux-tour-gastronomique-c-GAD-768x576.jpg 768w, https:\/\/www.exclusifmag.com\/online\/wp-content\/uploads\/2023\/01\/17.-Un-plat-de-degustation-chez-Antony-Gray-lhote-et-le-guide-de-ce-joyeux-tour-gastronomique-c-GAD-733x550.jpg 733w\" sizes=\"auto, (max-width: 900px) 100vw, 900px\" \/><\/a>\n\t\t\t<\/dt><\/dl><br style=\"clear: both\" \/>\n\t\t<\/div>\n\n<p>Dans une ambiance bon enfant et conviviale, l\u2019h\u00f4te et guide du tour, Antony Gray, pr\u00e9sente le centre-ville et ses plaisirs \u00e0 travers des histoires et coutumes de table, de rencontres et de saveurs qui ont travers\u00e9 les si\u00e8cles et connu des influences diverses. Sans oublier les sp\u00e9cificit\u00e9s typiques de Sligo qui signifie en ga\u00e9lique \u00ab lieu abondant en coquillages \u00bb. D\u2019heureuses exp\u00e9riences ont permis de d\u00e9velopper des fermes ostr\u00e9icoles avec des vari\u00e9t\u00e9s indig\u00e8nes d\u2019hu\u00eetres \u00e9lev\u00e9es le long du <em>Wild Atlantic Way<\/em> avec des m\u00e9thodes propres \u00e0 la r\u00e9gion. Si l\u2019Irlande est une \u00eele entour\u00e9e de mers poissonneuses, sa tradition culinaire profonde est essentiellement agricole. C\u2019est l\u00e0 que tout a commenc\u00e9 avec une cuisine simple et g\u00e9n\u00e9reuse. Au programme du tour, des d\u00e9gustations, mais \u00e9galement des ambiances locales, de la musique, du terroir\u2026 et ces perspectives r\u00e9v\u00e9lant la beaut\u00e9 de la ville. Une excellente mani\u00e8re de terminer un voyage-d\u00e9couverte. Spectaculaire et unique\u2026<\/p>\n<p><em>*L\u2019Irlande du Nord, ayant pour capitale Belfast, est une nation constitutive du Royaume-Uni. Situ\u00e9e dans le Nord-Est de l\u2019\u00cele d\u2019Irlande, elle partage des fronti\u00e8res communes avec la R\u00e9publique d\u2019Irlande (Wikip\u00e9dia)<\/em><\/p>\n<p><strong><span style=\"color: #800080;\"><em>Lire notre premi\u00e8re publication : <\/em><\/span><\/strong><\/p>\n<p><strong><span style=\"color: #800080;\"><em>https:\/\/www.exclusifmag.com\/online\/lirlande-cote-atlantique\/<\/em><\/span><\/strong><\/p>\n<p><a href=\"http:\/\/www.exclusifmag.com\/online\/wp-content\/uploads\/2023\/01\/00-bandeau-du-bas-.-En-bord-de-mer-le-calme-et-la-serenite-avant-que-ne-se-dechainent-les-orages...-c-GAD.jpg\"><img loading=\"lazy\" decoding=\"async\" class=\"alignleft size-full wp-image-20286\" src=\"http:\/\/www.exclusifmag.com\/online\/wp-content\/uploads\/2023\/01\/00-bandeau-du-bas-.-En-bord-de-mer-le-calme-et-la-serenite-avant-que-ne-se-dechainent-les-orages...-c-GAD.jpg\" alt=\"\" width=\"800\" height=\"443\" srcset=\"https:\/\/www.exclusifmag.com\/online\/wp-content\/uploads\/2023\/01\/00-bandeau-du-bas-.-En-bord-de-mer-le-calme-et-la-serenite-avant-que-ne-se-dechainent-les-orages...-c-GAD.jpg 800w, https:\/\/www.exclusifmag.com\/online\/wp-content\/uploads\/2023\/01\/00-bandeau-du-bas-.-En-bord-de-mer-le-calme-et-la-serenite-avant-que-ne-se-dechainent-les-orages...-c-GAD-400x222.jpg 400w, https:\/\/www.exclusifmag.com\/online\/wp-content\/uploads\/2023\/01\/00-bandeau-du-bas-.-En-bord-de-mer-le-calme-et-la-serenite-avant-que-ne-se-dechainent-les-orages...-c-GAD-768x425.jpg 768w\" sizes=\"auto, (max-width: 800px) 100vw, 800px\" \/><\/a><\/p>\n<p>&nbsp;<\/p>\n<p>&nbsp;<\/p>\n<p>&nbsp;<\/p>\n<p>&nbsp;<\/p>\n<p>&nbsp;<\/p>\n","protected":false},"excerpt":{"rendered":"<p>L\u2019Irlande c\u00f4t\u00e9 Atlantique 2\u00e8me partie<br \/>\nCheminement le long de la route c\u00f4ti\u00e8re<br \/>\nSauvage et pr\u00e9serv\u00e9e<\/p>\n","protected":false},"author":1,"featured_media":20254,"comment_status":"open","ping_status":"open","sticky":false,"template":"","format":"standard","meta":{"footnotes":""},"categories":[17,14],"tags":[1607,1612,1610,1609,1605,1606,1611,1608,1599,1613],"class_list":["post-20239","post","type-post","status-publish","format-standard","has-post-thumbnail","hentry","category-decouvertes","category-voyages","tag-chateau-glenveagh","tag-drumcliff","tag-golfs","tag-hotel-chateau-de-lough-eske","tag-irlande-2eme-partie","tag-parc-national-de-glenveagh","tag-slieve-league","tag-teelin","tag-wild-atlantic-way","tag-william-butler-yeats"],"_links":{"self":[{"href":"https:\/\/www.exclusifmag.com\/online\/wp-json\/wp\/v2\/posts\/20239","targetHints":{"allow":["GET"]}}],"collection":[{"href":"https:\/\/www.exclusifmag.com\/online\/wp-json\/wp\/v2\/posts"}],"about":[{"href":"https:\/\/www.exclusifmag.com\/online\/wp-json\/wp\/v2\/types\/post"}],"author":[{"embeddable":true,"href":"https:\/\/www.exclusifmag.com\/online\/wp-json\/wp\/v2\/users\/1"}],"replies":[{"embeddable":true,"href":"https:\/\/www.exclusifmag.com\/online\/wp-json\/wp\/v2\/comments?post=20239"}],"version-history":[{"count":23,"href":"https:\/\/www.exclusifmag.com\/online\/wp-json\/wp\/v2\/posts\/20239\/revisions"}],"predecessor-version":[{"id":20288,"href":"https:\/\/www.exclusifmag.com\/online\/wp-json\/wp\/v2\/posts\/20239\/revisions\/20288"}],"wp:featuredmedia":[{"embeddable":true,"href":"https:\/\/www.exclusifmag.com\/online\/wp-json\/wp\/v2\/media\/20254"}],"wp:attachment":[{"href":"https:\/\/www.exclusifmag.com\/online\/wp-json\/wp\/v2\/media?parent=20239"}],"wp:term":[{"taxonomy":"category","embeddable":true,"href":"https:\/\/www.exclusifmag.com\/online\/wp-json\/wp\/v2\/categories?post=20239"},{"taxonomy":"post_tag","embeddable":true,"href":"https:\/\/www.exclusifmag.com\/online\/wp-json\/wp\/v2\/tags?post=20239"}],"curies":[{"name":"wp","href":"https:\/\/api.w.org\/{rel}","templated":true}]}}