{"id":20756,"date":"2023-05-13T15:29:20","date_gmt":"2023-05-13T13:29:20","guid":{"rendered":"https:\/\/www.exclusifmag.com\/online\/?p=20756"},"modified":"2023-05-14T21:02:44","modified_gmt":"2023-05-14T19:02:44","slug":"splendeurs-et-nostalgie","status":"publish","type":"post","link":"https:\/\/www.exclusifmag.com\/online\/splendeurs-et-nostalgie\/","title":{"rendered":"Splendeurs et nostalgie"},"content":{"rendered":"<h2>Le Mus\u00e9e Ariana accueille<br \/>\nLe 3e Bal Viennois de Gen\u00e8ve<\/h2>\n<p><strong>C\u2019est dans le cadre flamboyant du Mus\u00e9e Ariana que le 3<sup>e<\/sup> <em>Bal Viennois de Gen\u00e8ve<\/em> s\u2019est d\u00e9roul\u00e9 accueillant pas moins de 250 invit\u00e9s venus retrouver pour une f\u00eate \u00e9tincelante, la magie des temps pass\u00e9s. Son \u00e9l\u00e9gance et ses r\u00eaves de douce insouciance. Une nostalgie f\u00e9\u00e9rique au rythme de la valse et envol\u00e9e de crinolines. Regards.<\/strong><\/p>\n\n\t\t<style type=\"text\/css\">\n\t\t\t#gallery-1 {\n\t\t\t\tmargin: auto;\n\t\t\t}\n\t\t\t#gallery-1 .gallery-item {\n\t\t\t\tfloat: left;\n\t\t\t\tmargin-top: 10px;\n\t\t\t\ttext-align: center;\n\t\t\t\twidth: 50%;\n\t\t\t}\n\t\t\t#gallery-1 img {\n\t\t\t\tborder: 2px solid #cfcfcf;\n\t\t\t}\n\t\t\t#gallery-1 .gallery-caption {\n\t\t\t\tmargin-left: 0;\n\t\t\t}\n\t\t\t\/* see gallery_shortcode() in wp-includes\/media.php *\/\n\t\t<\/style>\n\t\t<div id='gallery-1' class='gallery galleryid-20756 gallery-columns-2 gallery-size-large'><dl class='gallery-item'>\n\t\t\t<dt class='gallery-icon landscape'>\n\t\t\t\t<a href='https:\/\/www.exclusifmag.com\/online\/wp-content\/uploads\/2023\/05\/1.-Le-prestigieux-edifice-de-lAriana-a-ete-legue-avec-son-domaine-a-la-ville-de-Geneve-par-Gustave-Revillod-collectionneur-et-mecene-c-GAD.jpg'><img loading=\"lazy\" decoding=\"async\" width=\"900\" height=\"600\" src=\"https:\/\/www.exclusifmag.com\/online\/wp-content\/uploads\/2023\/05\/1.-Le-prestigieux-edifice-de-lAriana-a-ete-legue-avec-son-domaine-a-la-ville-de-Geneve-par-Gustave-Revillod-collectionneur-et-mecene-c-GAD.jpg\" class=\"attachment-large size-large\" alt=\"Le prestigieux \u00e9difice de l&#039;Ariana, a \u00e9t\u00e9 l\u00e9gu\u00e9 avec son domaine \u00e0 la ville de Gen\u00e8ve par Gustave Revillod collectionneur et m\u00e9c\u00e8ne (c) GAD\" srcset=\"https:\/\/www.exclusifmag.com\/online\/wp-content\/uploads\/2023\/05\/1.-Le-prestigieux-edifice-de-lAriana-a-ete-legue-avec-son-domaine-a-la-ville-de-Geneve-par-Gustave-Revillod-collectionneur-et-mecene-c-GAD.jpg 900w, https:\/\/www.exclusifmag.com\/online\/wp-content\/uploads\/2023\/05\/1.-Le-prestigieux-edifice-de-lAriana-a-ete-legue-avec-son-domaine-a-la-ville-de-Geneve-par-Gustave-Revillod-collectionneur-et-mecene-c-GAD-400x267.jpg 400w, https:\/\/www.exclusifmag.com\/online\/wp-content\/uploads\/2023\/05\/1.-Le-prestigieux-edifice-de-lAriana-a-ete-legue-avec-son-domaine-a-la-ville-de-Geneve-par-Gustave-Revillod-collectionneur-et-mecene-c-GAD-768x512.jpg 768w, https:\/\/www.exclusifmag.com\/online\/wp-content\/uploads\/2023\/05\/1.-Le-prestigieux-edifice-de-lAriana-a-ete-legue-avec-son-domaine-a-la-ville-de-Geneve-par-Gustave-Revillod-collectionneur-et-mecene-c-GAD-825x550.jpg 825w\" sizes=\"auto, (max-width: 900px) 100vw, 900px\" \/><\/a>\n\t\t\t<\/dt><\/dl><dl class='gallery-item'>\n\t\t\t<dt class='gallery-icon landscape'>\n\t\t\t\t<a href='https:\/\/www.exclusifmag.com\/online\/wp-content\/uploads\/2023\/05\/2.-Lentree-principale-et-la-facade-de-lAriana-cote-parc-vue-de-nuit-c-GAD.jpg'><img loading=\"lazy\" decoding=\"async\" width=\"900\" height=\"600\" src=\"https:\/\/www.exclusifmag.com\/online\/wp-content\/uploads\/2023\/05\/2.-Lentree-principale-et-la-facade-de-lAriana-cote-parc-vue-de-nuit-c-GAD.jpg\" class=\"attachment-large size-large\" alt=\"L&#039;entr\u00e9e principale et la fa\u00e7ade de l&#039;Ariana c\u00f4t\u00e9 parc vue de nuit (c) GAD\" srcset=\"https:\/\/www.exclusifmag.com\/online\/wp-content\/uploads\/2023\/05\/2.-Lentree-principale-et-la-facade-de-lAriana-cote-parc-vue-de-nuit-c-GAD.jpg 900w, https:\/\/www.exclusifmag.com\/online\/wp-content\/uploads\/2023\/05\/2.-Lentree-principale-et-la-facade-de-lAriana-cote-parc-vue-de-nuit-c-GAD-400x267.jpg 400w, https:\/\/www.exclusifmag.com\/online\/wp-content\/uploads\/2023\/05\/2.-Lentree-principale-et-la-facade-de-lAriana-cote-parc-vue-de-nuit-c-GAD-768x512.jpg 768w, https:\/\/www.exclusifmag.com\/online\/wp-content\/uploads\/2023\/05\/2.-Lentree-principale-et-la-facade-de-lAriana-cote-parc-vue-de-nuit-c-GAD-825x550.jpg 825w\" sizes=\"auto, (max-width: 900px) 100vw, 900px\" \/><\/a>\n\t\t\t<\/dt><\/dl><br style=\"clear: both\" \/>\n\t\t<\/div>\n\n<p>Lieu de gr\u00e2ce et de grandeur \u00e9lev\u00e9 entre 1877 et 1884 pour abriter un mus\u00e9e d\u00e9di\u00e9 aux collections priv\u00e9es de Gustave Revillod et, notamment, ses pr\u00e9cieuses c\u00e9ramiques et porcelaines, le m\u00e9c\u00e8ne et collectionneur devait l\u00e9guer cet illustre \u00e9difice &#8211; ainsi que son domaine &#8211; \u00e0 la Ville de Gen\u00e8ve. C\u2019est \u00e0 la faveur d\u2019une permission exceptionnelle des autorit\u00e9s genevoises que <em>le Bal Viennois<\/em> et sa noble assembl\u00e9e se sont retrouv\u00e9s pour la premi\u00e8re fois, dans l\u2019enceinte des augustes colonnes sous les lustres majestueux de l\u2019Ariana \u2026 Les discours de bienvenue n\u2019ont pas manqu\u00e9 de le rappeler et, Isabelle Naef Galuba, Directrice du Mus\u00e9e Ariane a soulign\u00e9 la grande chance d\u2019accueillir en ses murs un tel \u00e9v\u00e9nement, tandis que Brigitte L\u00fcth, Directrice du <em>Bal Viennois Gen\u00e8ve<\/em>, exprimait de son c\u00f4t\u00e9 \u00e0 la Ville de Gen\u00e8ve et, \u00e0 la Ville de Vienne, son ravissement d\u2019avoir pu ancrer dans la Cit\u00e9 de Calvin, le rituel d\u2019un <em>Bal Viennois\u2026<\/em><\/p>\n\n\t\t<style type=\"text\/css\">\n\t\t\t#gallery-2 {\n\t\t\t\tmargin: auto;\n\t\t\t}\n\t\t\t#gallery-2 .gallery-item {\n\t\t\t\tfloat: left;\n\t\t\t\tmargin-top: 10px;\n\t\t\t\ttext-align: center;\n\t\t\t\twidth: 33%;\n\t\t\t}\n\t\t\t#gallery-2 img {\n\t\t\t\tborder: 2px solid #cfcfcf;\n\t\t\t}\n\t\t\t#gallery-2 .gallery-caption {\n\t\t\t\tmargin-left: 0;\n\t\t\t}\n\t\t\t\/* see gallery_shortcode() in wp-includes\/media.php *\/\n\t\t<\/style>\n\t\t<div id='gallery-2' class='gallery galleryid-20756 gallery-columns-3 gallery-size-large'><dl class='gallery-item'>\n\t\t\t<dt class='gallery-icon landscape'>\n\t\t\t\t<a href='https:\/\/www.exclusifmag.com\/online\/wp-content\/uploads\/2023\/05\/3.-Le-decor-unique-et-grandiose-de-lAriana-le-Musee-Suisse-de-la-porcelaine-et-du-verre-accueillant-pour-la-premiere-fois-le-Bal-Viennois-de-Geneve-c-GAD.jpg'><img loading=\"lazy\" decoding=\"async\" width=\"900\" height=\"600\" src=\"https:\/\/www.exclusifmag.com\/online\/wp-content\/uploads\/2023\/05\/3.-Le-decor-unique-et-grandiose-de-lAriana-le-Musee-Suisse-de-la-porcelaine-et-du-verre-accueillant-pour-la-premiere-fois-le-Bal-Viennois-de-Geneve-c-GAD.jpg\" class=\"attachment-large size-large\" alt=\"Le d\u00e9cor unique et grandiose de l&#039;Ariana le Mus\u00e9e Suisse de la porcelaine et du verre accueillant pour la premi\u00e8re fois le Bal Viennois de Gen\u00e8ve (c) GAD\" srcset=\"https:\/\/www.exclusifmag.com\/online\/wp-content\/uploads\/2023\/05\/3.-Le-decor-unique-et-grandiose-de-lAriana-le-Musee-Suisse-de-la-porcelaine-et-du-verre-accueillant-pour-la-premiere-fois-le-Bal-Viennois-de-Geneve-c-GAD.jpg 900w, https:\/\/www.exclusifmag.com\/online\/wp-content\/uploads\/2023\/05\/3.-Le-decor-unique-et-grandiose-de-lAriana-le-Musee-Suisse-de-la-porcelaine-et-du-verre-accueillant-pour-la-premiere-fois-le-Bal-Viennois-de-Geneve-c-GAD-400x267.jpg 400w, https:\/\/www.exclusifmag.com\/online\/wp-content\/uploads\/2023\/05\/3.-Le-decor-unique-et-grandiose-de-lAriana-le-Musee-Suisse-de-la-porcelaine-et-du-verre-accueillant-pour-la-premiere-fois-le-Bal-Viennois-de-Geneve-c-GAD-768x512.jpg 768w, https:\/\/www.exclusifmag.com\/online\/wp-content\/uploads\/2023\/05\/3.-Le-decor-unique-et-grandiose-de-lAriana-le-Musee-Suisse-de-la-porcelaine-et-du-verre-accueillant-pour-la-premiere-fois-le-Bal-Viennois-de-Geneve-c-GAD-825x550.jpg 825w\" sizes=\"auto, (max-width: 900px) 100vw, 900px\" \/><\/a>\n\t\t\t<\/dt><\/dl><dl class='gallery-item'>\n\t\t\t<dt class='gallery-icon landscape'>\n\t\t\t\t<a href='https:\/\/www.exclusifmag.com\/online\/wp-content\/uploads\/2023\/05\/4.-Mots-de-bienvenue-lintroduction-de-Brigitte-Luthy-Directrice-du-Bal-Viennois-de-Geneve-New-Luthy-c-GAD.jpg'><img loading=\"lazy\" decoding=\"async\" width=\"900\" height=\"600\" src=\"https:\/\/www.exclusifmag.com\/online\/wp-content\/uploads\/2023\/05\/4.-Mots-de-bienvenue-lintroduction-de-Brigitte-Luthy-Directrice-du-Bal-Viennois-de-Geneve-New-Luthy-c-GAD.jpg\" class=\"attachment-large size-large\" alt=\"Mots de bienvenue l&#039;introduction de Brigitte L\u00fcth Directrice du Bal Viennois de Gen\u00e8ve (c) GAD\" srcset=\"https:\/\/www.exclusifmag.com\/online\/wp-content\/uploads\/2023\/05\/4.-Mots-de-bienvenue-lintroduction-de-Brigitte-Luthy-Directrice-du-Bal-Viennois-de-Geneve-New-Luthy-c-GAD.jpg 900w, https:\/\/www.exclusifmag.com\/online\/wp-content\/uploads\/2023\/05\/4.-Mots-de-bienvenue-lintroduction-de-Brigitte-Luthy-Directrice-du-Bal-Viennois-de-Geneve-New-Luthy-c-GAD-400x267.jpg 400w, https:\/\/www.exclusifmag.com\/online\/wp-content\/uploads\/2023\/05\/4.-Mots-de-bienvenue-lintroduction-de-Brigitte-Luthy-Directrice-du-Bal-Viennois-de-Geneve-New-Luthy-c-GAD-768x512.jpg 768w, https:\/\/www.exclusifmag.com\/online\/wp-content\/uploads\/2023\/05\/4.-Mots-de-bienvenue-lintroduction-de-Brigitte-Luthy-Directrice-du-Bal-Viennois-de-Geneve-New-Luthy-c-GAD-825x550.jpg 825w\" sizes=\"auto, (max-width: 900px) 100vw, 900px\" \/><\/a>\n\t\t\t<\/dt><\/dl><dl class='gallery-item'>\n\t\t\t<dt class='gallery-icon landscape'>\n\t\t\t\t<a href='https:\/\/www.exclusifmag.com\/online\/wp-content\/uploads\/2023\/05\/5.-Louverture-traditionnelle-du-Bal-de-Vienne-se-fait-avec-lentree-des-debutants-c-GAD.jpg'><img loading=\"lazy\" decoding=\"async\" width=\"900\" height=\"600\" src=\"https:\/\/www.exclusifmag.com\/online\/wp-content\/uploads\/2023\/05\/5.-Louverture-traditionnelle-du-Bal-de-Vienne-se-fait-avec-lentree-des-debutants-c-GAD.jpg\" class=\"attachment-large size-large\" alt=\"L&#039;ouverture traditionnelle du Bal de Vienne se fait avec l&#039;entr\u00e9e des d\u00e9butants (c) GAD\" srcset=\"https:\/\/www.exclusifmag.com\/online\/wp-content\/uploads\/2023\/05\/5.-Louverture-traditionnelle-du-Bal-de-Vienne-se-fait-avec-lentree-des-debutants-c-GAD.jpg 900w, https:\/\/www.exclusifmag.com\/online\/wp-content\/uploads\/2023\/05\/5.-Louverture-traditionnelle-du-Bal-de-Vienne-se-fait-avec-lentree-des-debutants-c-GAD-400x267.jpg 400w, https:\/\/www.exclusifmag.com\/online\/wp-content\/uploads\/2023\/05\/5.-Louverture-traditionnelle-du-Bal-de-Vienne-se-fait-avec-lentree-des-debutants-c-GAD-768x512.jpg 768w, https:\/\/www.exclusifmag.com\/online\/wp-content\/uploads\/2023\/05\/5.-Louverture-traditionnelle-du-Bal-de-Vienne-se-fait-avec-lentree-des-debutants-c-GAD-825x550.jpg 825w\" sizes=\"auto, (max-width: 900px) 100vw, 900px\" \/><\/a>\n\t\t\t<\/dt><\/dl><br style=\"clear: both\" \/>\n\t\t<\/div>\n\n<p>Remontant au XVIIIe si\u00e8cle, le <em>Bal Viennois<\/em> reste une tradition historique unique au monde. Tout en pr\u00e9servant une mani\u00e8re d\u2019\u00eatre, une attitude joyeuse et spirituelle, un protocole d\u2019une l\u00e9g\u00e8ret\u00e9 convenue entoure la rencontre. En frac et portant haut de forme, ces messieurs ont fi\u00e8re allure, beaux et \u00e9l\u00e9gants, \u00e0 leurs bras, les cavali\u00e8res n\u2019en brillent pas moins, diad\u00e8me en t\u00eate, robes longues et d\u00e9collet\u00e9s. Sur leur 31, les convives se sont retrouv\u00e9s pour danser, \u00e9changer sourires et convivialit\u00e9, dans un jeu d\u2019apparat et de s\u00e9duction de bon ton. Repr\u00e9sentants de la Gen\u00e8ve Internationale, des affaires et des finances, acteurs de la soci\u00e9t\u00e9 ou institutionnels ont r\u00e9pondu pr\u00e9sents pour partager ces moments privil\u00e9gi\u00e9s. Ce bal qui rapproche les hommes et les g\u00e9n\u00e9rations\u2026 Toute la soir\u00e9e, le public a savour\u00e9 en musique les sp\u00e9cialit\u00e9s et d\u00e9licieux mets pr\u00e9par\u00e9s pour l\u2019occasion accompagn\u00e9s de champagne ou de vins du terroir. Un r\u00e9gal\u00a0!<\/p>\n\n\t\t<style type=\"text\/css\">\n\t\t\t#gallery-3 {\n\t\t\t\tmargin: auto;\n\t\t\t}\n\t\t\t#gallery-3 .gallery-item {\n\t\t\t\tfloat: left;\n\t\t\t\tmargin-top: 10px;\n\t\t\t\ttext-align: center;\n\t\t\t\twidth: 50%;\n\t\t\t}\n\t\t\t#gallery-3 img {\n\t\t\t\tborder: 2px solid #cfcfcf;\n\t\t\t}\n\t\t\t#gallery-3 .gallery-caption {\n\t\t\t\tmargin-left: 0;\n\t\t\t}\n\t\t\t\/* see gallery_shortcode() in wp-includes\/media.php *\/\n\t\t<\/style>\n\t\t<div id='gallery-3' class='gallery galleryid-20756 gallery-columns-2 gallery-size-large'><dl class='gallery-item'>\n\t\t\t<dt class='gallery-icon landscape'>\n\t\t\t\t<a href='https:\/\/www.exclusifmag.com\/online\/wp-content\/uploads\/2023\/05\/6.-cRPB-1.jpg'><img loading=\"lazy\" decoding=\"async\" width=\"900\" height=\"600\" src=\"https:\/\/www.exclusifmag.com\/online\/wp-content\/uploads\/2023\/05\/6.-cRPB-1.jpg\" class=\"attachment-large size-large\" alt=\"Brigitte L\u00dcTH, Directrice du Bal et les membres organisateurs du comit\u00e9 du Bal Viennois Gen\u00e8ve (c) RPB\" srcset=\"https:\/\/www.exclusifmag.com\/online\/wp-content\/uploads\/2023\/05\/6.-cRPB-1.jpg 900w, https:\/\/www.exclusifmag.com\/online\/wp-content\/uploads\/2023\/05\/6.-cRPB-1-400x267.jpg 400w, https:\/\/www.exclusifmag.com\/online\/wp-content\/uploads\/2023\/05\/6.-cRPB-1-768x512.jpg 768w, https:\/\/www.exclusifmag.com\/online\/wp-content\/uploads\/2023\/05\/6.-cRPB-1-825x550.jpg 825w\" sizes=\"auto, (max-width: 900px) 100vw, 900px\" \/><\/a>\n\t\t\t<\/dt><\/dl><dl class='gallery-item'>\n\t\t\t<dt class='gallery-icon landscape'>\n\t\t\t\t<a href='https:\/\/www.exclusifmag.com\/online\/wp-content\/uploads\/2023\/05\/7.-A-lentree-de-lAriana-les-debutants-qui-ont-ouvert-le-Bal-Viennois-de-Geneve-c-Richard-Powles-Brown.jpg'><img loading=\"lazy\" decoding=\"async\" width=\"900\" height=\"600\" src=\"https:\/\/www.exclusifmag.com\/online\/wp-content\/uploads\/2023\/05\/7.-A-lentree-de-lAriana-les-debutants-qui-ont-ouvert-le-Bal-Viennois-de-Geneve-c-Richard-Powles-Brown.jpg\" class=\"attachment-large size-large\" alt=\"A l&#039;entr\u00e9e de l&#039;Ariana les d\u00e9butants qui ont ouvert le Bal Viennois de Gen\u00e8ve (c) Richard Powles-Brown\" srcset=\"https:\/\/www.exclusifmag.com\/online\/wp-content\/uploads\/2023\/05\/7.-A-lentree-de-lAriana-les-debutants-qui-ont-ouvert-le-Bal-Viennois-de-Geneve-c-Richard-Powles-Brown.jpg 900w, https:\/\/www.exclusifmag.com\/online\/wp-content\/uploads\/2023\/05\/7.-A-lentree-de-lAriana-les-debutants-qui-ont-ouvert-le-Bal-Viennois-de-Geneve-c-Richard-Powles-Brown-400x267.jpg 400w, https:\/\/www.exclusifmag.com\/online\/wp-content\/uploads\/2023\/05\/7.-A-lentree-de-lAriana-les-debutants-qui-ont-ouvert-le-Bal-Viennois-de-Geneve-c-Richard-Powles-Brown-768x512.jpg 768w, https:\/\/www.exclusifmag.com\/online\/wp-content\/uploads\/2023\/05\/7.-A-lentree-de-lAriana-les-debutants-qui-ont-ouvert-le-Bal-Viennois-de-Geneve-c-Richard-Powles-Brown-825x550.jpg 825w\" sizes=\"auto, (max-width: 900px) 100vw, 900px\" \/><\/a>\n\t\t\t<\/dt><\/dl><br style=\"clear: both\" \/>\n\t\t<\/div>\n\n<p>Selon l\u2019usage dans les grandes cit\u00e9s organisant un <em>Bal Viennois<\/em>, Paris, Rome, Bruxelles ou, entre autres, Montr\u00e9al et New York\u2026 la c\u00e9r\u00e9monie d\u2019ouverture du Bal de Gen\u00e8ve s\u2019est lanc\u00e9e traditionnellement avec les d\u00e9butants. Pr\u00e9lude \u00e0 l\u2019envoi du bal qui se d\u00e9roule d\u2019apr\u00e8s une chor\u00e9graphie millim\u00e9tr\u00e9e &#8211; apprise \u00e0 force de r\u00e9p\u00e9titions jusqu\u2019\u00e0 la perfection &#8211; des jeunes gens et charmantes demoiselles, entre 15 et 25 ans, se sont engag\u00e9s ici sur la piste aux premi\u00e8res notes de l\u2019orchestre entamant une valse. Sous la haute expertise des champions suisses de danse, Audrey Etter et Pierre Richoz de Geneva KapDanse, c\u2019est au rythme du \u00a0Ballhausorchester avec des musiciens de l\u2019OSR, qu\u2019ils ont magistralement reproduit la gestuelle classique inspir\u00e9e des pratiques viennoises. Apr\u00e8s ce premier interm\u00e8de plein d\u2019\u00e9motion, au tour de l\u2019ensemble des invit\u00e9s de tournoyer et virevolter aux rythmes des mesures accord\u00e9es dans le plus pur style des <em>Bal Viennois\u2026<\/em><\/p>\n\n\t\t<style type=\"text\/css\">\n\t\t\t#gallery-4 {\n\t\t\t\tmargin: auto;\n\t\t\t}\n\t\t\t#gallery-4 .gallery-item {\n\t\t\t\tfloat: left;\n\t\t\t\tmargin-top: 10px;\n\t\t\t\ttext-align: center;\n\t\t\t\twidth: 33%;\n\t\t\t}\n\t\t\t#gallery-4 img {\n\t\t\t\tborder: 2px solid #cfcfcf;\n\t\t\t}\n\t\t\t#gallery-4 .gallery-caption {\n\t\t\t\tmargin-left: 0;\n\t\t\t}\n\t\t\t\/* see gallery_shortcode() in wp-includes\/media.php *\/\n\t\t<\/style>\n\t\t<div id='gallery-4' class='gallery galleryid-20756 gallery-columns-3 gallery-size-large'><dl class='gallery-item'>\n\t\t\t<dt class='gallery-icon landscape'>\n\t\t\t\t<a href='https:\/\/www.exclusifmag.com\/online\/wp-content\/uploads\/2023\/05\/8.-New-Lorchestre-Ballhausorchester-Wien-et-des-musiciens-de-l-OSRc-Richard-Powles-Brown.jpg'><img loading=\"lazy\" decoding=\"async\" width=\"900\" height=\"600\" src=\"https:\/\/www.exclusifmag.com\/online\/wp-content\/uploads\/2023\/05\/8.-New-Lorchestre-Ballhausorchester-Wien-et-des-musiciens-de-l-OSRc-Richard-Powles-Brown.jpg\" class=\"attachment-large size-large\" alt=\"L\u2019orchestre Ballhausorchester Wien et des musiciens de l\u2019 OSR(c) Richard Powles-Brown\" srcset=\"https:\/\/www.exclusifmag.com\/online\/wp-content\/uploads\/2023\/05\/8.-New-Lorchestre-Ballhausorchester-Wien-et-des-musiciens-de-l-OSRc-Richard-Powles-Brown.jpg 900w, https:\/\/www.exclusifmag.com\/online\/wp-content\/uploads\/2023\/05\/8.-New-Lorchestre-Ballhausorchester-Wien-et-des-musiciens-de-l-OSRc-Richard-Powles-Brown-400x267.jpg 400w, https:\/\/www.exclusifmag.com\/online\/wp-content\/uploads\/2023\/05\/8.-New-Lorchestre-Ballhausorchester-Wien-et-des-musiciens-de-l-OSRc-Richard-Powles-Brown-768x512.jpg 768w, https:\/\/www.exclusifmag.com\/online\/wp-content\/uploads\/2023\/05\/8.-New-Lorchestre-Ballhausorchester-Wien-et-des-musiciens-de-l-OSRc-Richard-Powles-Brown-825x550.jpg 825w\" sizes=\"auto, (max-width: 900px) 100vw, 900px\" \/><\/a>\n\t\t\t<\/dt><\/dl><dl class='gallery-item'>\n\t\t\t<dt class='gallery-icon landscape'>\n\t\t\t\t<a href='https:\/\/www.exclusifmag.com\/online\/wp-content\/uploads\/2023\/05\/9.-Natalie-Anston-soprano-du-duo-genevois-Piano-con-Voce-c-Richard-Powles-Brown.jpg'><img loading=\"lazy\" decoding=\"async\" width=\"900\" height=\"600\" src=\"https:\/\/www.exclusifmag.com\/online\/wp-content\/uploads\/2023\/05\/9.-Natalie-Anston-soprano-du-duo-genevois-Piano-con-Voce-c-Richard-Powles-Brown.jpg\" class=\"attachment-large size-large\" alt=\"Natalie Anston, soprano du duo genevois Piano con Voce, (c) Richard Powles-Brown\" srcset=\"https:\/\/www.exclusifmag.com\/online\/wp-content\/uploads\/2023\/05\/9.-Natalie-Anston-soprano-du-duo-genevois-Piano-con-Voce-c-Richard-Powles-Brown.jpg 900w, https:\/\/www.exclusifmag.com\/online\/wp-content\/uploads\/2023\/05\/9.-Natalie-Anston-soprano-du-duo-genevois-Piano-con-Voce-c-Richard-Powles-Brown-400x267.jpg 400w, https:\/\/www.exclusifmag.com\/online\/wp-content\/uploads\/2023\/05\/9.-Natalie-Anston-soprano-du-duo-genevois-Piano-con-Voce-c-Richard-Powles-Brown-768x512.jpg 768w, https:\/\/www.exclusifmag.com\/online\/wp-content\/uploads\/2023\/05\/9.-Natalie-Anston-soprano-du-duo-genevois-Piano-con-Voce-c-Richard-Powles-Brown-825x550.jpg 825w\" sizes=\"auto, (max-width: 900px) 100vw, 900px\" \/><\/a>\n\t\t\t<\/dt><\/dl><dl class='gallery-item'>\n\t\t\t<dt class='gallery-icon landscape'>\n\t\t\t\t<a href='https:\/\/www.exclusifmag.com\/online\/wp-content\/uploads\/2023\/05\/10.-Lassociation-des-Fetes-costumees-c-Richard-Powles-Brown.jpg'><img loading=\"lazy\" decoding=\"async\" width=\"900\" height=\"600\" src=\"https:\/\/www.exclusifmag.com\/online\/wp-content\/uploads\/2023\/05\/10.-Lassociation-des-Fetes-costumees-c-Richard-Powles-Brown.jpg\" class=\"attachment-large size-large\" alt=\"L\u2019association des F\u00eates costum\u00e9es (c) Richard Powles-Brown\" srcset=\"https:\/\/www.exclusifmag.com\/online\/wp-content\/uploads\/2023\/05\/10.-Lassociation-des-Fetes-costumees-c-Richard-Powles-Brown.jpg 900w, https:\/\/www.exclusifmag.com\/online\/wp-content\/uploads\/2023\/05\/10.-Lassociation-des-Fetes-costumees-c-Richard-Powles-Brown-400x267.jpg 400w, https:\/\/www.exclusifmag.com\/online\/wp-content\/uploads\/2023\/05\/10.-Lassociation-des-Fetes-costumees-c-Richard-Powles-Brown-768x512.jpg 768w, https:\/\/www.exclusifmag.com\/online\/wp-content\/uploads\/2023\/05\/10.-Lassociation-des-Fetes-costumees-c-Richard-Powles-Brown-825x550.jpg 825w\" sizes=\"auto, (max-width: 900px) 100vw, 900px\" \/><\/a>\n\t\t\t<\/dt><\/dl><br style=\"clear: both\" \/>\n\t\t<\/div>\n\n<p>Rapprochant l\u2019homme et la femme dans un face \u00e0 face troublant, la valse a \u00e9t\u00e9 longtemps jug\u00e9e inconvenante. C\u2019est la fin du XVIIIe si\u00e8cle qui marque son apparition dans les salons. Elle passe alors de populaire \u00e0 r\u00e9cr\u00e9ative, suivant une mode qui devait l\u2019\u00e9tablir solidement dans les m\u0153urs. Et connaitre ainsi une ascension musicale notoire jusqu\u2019\u00e0 devenir l\u2019embl\u00e8me du style Mittleuropa. Sophistiqu\u00e9e et c\u00e9l\u00e8bre pour son \u00e9blouissante cr\u00e9ativit\u00e9, avec le temps, l\u2019\u00e9poque devait consid\u00e9rer le fameux Beau Danube Bleu de Johan Strauss comme le 2<sup>e<\/sup> hymne national de Vienne et de l\u2019Autriche\u2026\u00a0 Loin de son sens politique et de la notion g\u00e9ographique d\u2019Europe Centrale, la signification commune de la vibrionnante Mittleuropa va dans la mouvance de l\u2019identit\u00e9 g\u00e9oculturelle d\u2019une Europe pour lors l\u00e9g\u00e8re, p\u00e9tillante et joyeuse. Celle des concerts et des bals, des cr\u00e9ations artistiques et litt\u00e9raires. Des palais, des jardins et des caf\u00e9s historiques avec l\u2019esprit de libert\u00e9 et de f\u00eates\u2026 On entendrait presque les carrosses rouler sur les pav\u00e9s\u00a0!<\/p>\n\n\t\t<style type=\"text\/css\">\n\t\t\t#gallery-5 {\n\t\t\t\tmargin: auto;\n\t\t\t}\n\t\t\t#gallery-5 .gallery-item {\n\t\t\t\tfloat: left;\n\t\t\t\tmargin-top: 10px;\n\t\t\t\ttext-align: center;\n\t\t\t\twidth: 33%;\n\t\t\t}\n\t\t\t#gallery-5 img {\n\t\t\t\tborder: 2px solid #cfcfcf;\n\t\t\t}\n\t\t\t#gallery-5 .gallery-caption {\n\t\t\t\tmargin-left: 0;\n\t\t\t}\n\t\t\t\/* see gallery_shortcode() in wp-includes\/media.php *\/\n\t\t<\/style>\n\t\t<div id='gallery-5' class='gallery galleryid-20756 gallery-columns-3 gallery-size-large'><dl class='gallery-item'>\n\t\t\t<dt class='gallery-icon landscape'>\n\t\t\t\t<a href='https:\/\/www.exclusifmag.com\/online\/wp-content\/uploads\/2023\/05\/11.-Sur-la-piste-toutes-generations-confondues-les-invites-sadonnent-au-plaisir-de-la-danse-c-GAD.jpg'><img loading=\"lazy\" decoding=\"async\" width=\"900\" height=\"600\" src=\"https:\/\/www.exclusifmag.com\/online\/wp-content\/uploads\/2023\/05\/11.-Sur-la-piste-toutes-generations-confondues-les-invites-sadonnent-au-plaisir-de-la-danse-c-GAD.jpg\" class=\"attachment-large size-large\" alt=\"Sur la piste, toutes g\u00e9n\u00e9rations confondues les invit\u00e9s s&#039;adonnent au plaisir de la danse (c) GAD\" srcset=\"https:\/\/www.exclusifmag.com\/online\/wp-content\/uploads\/2023\/05\/11.-Sur-la-piste-toutes-generations-confondues-les-invites-sadonnent-au-plaisir-de-la-danse-c-GAD.jpg 900w, https:\/\/www.exclusifmag.com\/online\/wp-content\/uploads\/2023\/05\/11.-Sur-la-piste-toutes-generations-confondues-les-invites-sadonnent-au-plaisir-de-la-danse-c-GAD-400x267.jpg 400w, https:\/\/www.exclusifmag.com\/online\/wp-content\/uploads\/2023\/05\/11.-Sur-la-piste-toutes-generations-confondues-les-invites-sadonnent-au-plaisir-de-la-danse-c-GAD-768x512.jpg 768w, https:\/\/www.exclusifmag.com\/online\/wp-content\/uploads\/2023\/05\/11.-Sur-la-piste-toutes-generations-confondues-les-invites-sadonnent-au-plaisir-de-la-danse-c-GAD-825x550.jpg 825w\" sizes=\"auto, (max-width: 900px) 100vw, 900px\" \/><\/a>\n\t\t\t<\/dt><\/dl><dl class='gallery-item'>\n\t\t\t<dt class='gallery-icon landscape'>\n\t\t\t\t<a href='https:\/\/www.exclusifmag.com\/online\/wp-content\/uploads\/2023\/05\/12.-Personalite-tres-remarque-au-Bal-Gerard-N.-Fritz-et-son-epouse-\u00a9-Richard-Powles-Brown.jpg'><img loading=\"lazy\" decoding=\"async\" width=\"900\" height=\"600\" src=\"https:\/\/www.exclusifmag.com\/online\/wp-content\/uploads\/2023\/05\/12.-Personalite-tres-remarque-au-Bal-Gerard-N.-Fritz-et-son-epouse-\u00a9-Richard-Powles-Brown.jpg\" class=\"attachment-large size-large\" alt=\"Personalit\u00e9 tr\u00e8s remarqu\u00e9 au Bal G\u00e9rard N. Fritz et son \u00e9pouse \u00a9 Richard Powles-Brown\" srcset=\"https:\/\/www.exclusifmag.com\/online\/wp-content\/uploads\/2023\/05\/12.-Personalite-tres-remarque-au-Bal-Gerard-N.-Fritz-et-son-epouse-\u00a9-Richard-Powles-Brown.jpg 900w, https:\/\/www.exclusifmag.com\/online\/wp-content\/uploads\/2023\/05\/12.-Personalite-tres-remarque-au-Bal-Gerard-N.-Fritz-et-son-epouse-\u00a9-Richard-Powles-Brown-400x267.jpg 400w, https:\/\/www.exclusifmag.com\/online\/wp-content\/uploads\/2023\/05\/12.-Personalite-tres-remarque-au-Bal-Gerard-N.-Fritz-et-son-epouse-\u00a9-Richard-Powles-Brown-768x512.jpg 768w, https:\/\/www.exclusifmag.com\/online\/wp-content\/uploads\/2023\/05\/12.-Personalite-tres-remarque-au-Bal-Gerard-N.-Fritz-et-son-epouse-\u00a9-Richard-Powles-Brown-825x550.jpg 825w\" sizes=\"auto, (max-width: 900px) 100vw, 900px\" \/><\/a>\n\t\t\t<\/dt><\/dl><dl class='gallery-item'>\n\t\t\t<dt class='gallery-icon landscape'>\n\t\t\t\t<a href='https:\/\/www.exclusifmag.com\/online\/wp-content\/uploads\/2023\/05\/13.-Des-invites-avec-Brigitte-Luthy-Directrice-du-Bal-viennois-de-Geneve-\u00a9-Richard-Powles-Brown.jpg'><img loading=\"lazy\" decoding=\"async\" width=\"900\" height=\"600\" src=\"https:\/\/www.exclusifmag.com\/online\/wp-content\/uploads\/2023\/05\/13.-Des-invites-avec-Brigitte-Luthy-Directrice-du-Bal-viennois-de-Geneve-\u00a9-Richard-Powles-Brown.jpg\" class=\"attachment-large size-large\" alt=\"Des invit\u00e9s avec Brigitte L\u00fcth, Directrice du Bal viennois de Gen\u00e8ve \u00a9 Richard Powles-Brown\" srcset=\"https:\/\/www.exclusifmag.com\/online\/wp-content\/uploads\/2023\/05\/13.-Des-invites-avec-Brigitte-Luthy-Directrice-du-Bal-viennois-de-Geneve-\u00a9-Richard-Powles-Brown.jpg 900w, https:\/\/www.exclusifmag.com\/online\/wp-content\/uploads\/2023\/05\/13.-Des-invites-avec-Brigitte-Luthy-Directrice-du-Bal-viennois-de-Geneve-\u00a9-Richard-Powles-Brown-400x267.jpg 400w, https:\/\/www.exclusifmag.com\/online\/wp-content\/uploads\/2023\/05\/13.-Des-invites-avec-Brigitte-Luthy-Directrice-du-Bal-viennois-de-Geneve-\u00a9-Richard-Powles-Brown-768x512.jpg 768w, https:\/\/www.exclusifmag.com\/online\/wp-content\/uploads\/2023\/05\/13.-Des-invites-avec-Brigitte-Luthy-Directrice-du-Bal-viennois-de-Geneve-\u00a9-Richard-Powles-Brown-825x550.jpg 825w\" sizes=\"auto, (max-width: 900px) 100vw, 900px\" \/><\/a>\n\t\t\t<\/dt><\/dl><br style=\"clear: both\" \/>\n\t\t<\/div>\n\n<p>La contribution musicale de l\u2019exceptionnel duo genevois \u00ab\u00a0Piano con Voce\u00a0\u00bb avec Inga Feyter au piano et Natalie Anston, soprano, ont rajout\u00e9 leur part de glamour \u00e0 la soir\u00e9e. Avec les prestations de l\u2019Ecole de ballet pour jeunes \u00ab\u00a0Europaballett Sankt P\u00f6lten\u00a0\u00bb et l\u2019apport pr\u00e9cieux de \u00ab\u00a0l&rsquo;Association des F\u00eates costum\u00e9es\u00a0\u00bb qui s\u2019attache \u00e0 faire revivre les \u00e9poques historiques par le biais de la danse, des costumes et des coutumes, le <em>Bal Viennois de Gen\u00e8ve<\/em> s\u2019est choisi des complices et partenaires partageant sa passion des m\u00e9moires et cultures du pass\u00e9. En cl\u00f4ture, dans un esprit de diversit\u00e9 faisant vibrer les couleurs du pr\u00e9sent, DJ Ms Joan a pris les platines\u2026 Organis\u00e9 par l\u2019Association des \u00ab Amis de la musique de bal viennois \u00bb, &#8211; apr\u00e8s les succ\u00e8s enregistr\u00e9s en 2019 et 2022 &#8211; et, l\u2019incroyable exp\u00e9rience de la 3<sup>e<\/sup> \u00e9dition au \u00ab Mus\u00e9e Ariana, Geneva \u00bb, le comit\u00e9 r\u00eave d\u2019accueillir leur fans et public en de multiples autres lieux genevois. Tous aussi riches en magies historiques.<\/p>\n<p><a href=\"http:\/\/www.exclusifmag.com\/online\/wp-content\/uploads\/2023\/05\/Bandeau-du-bas-Musee-Ariana-estampe-c-Musee-de-lAriana.jpg\"><img loading=\"lazy\" decoding=\"async\" class=\"alignright size-full wp-image-20792\" src=\"http:\/\/www.exclusifmag.com\/online\/wp-content\/uploads\/2023\/05\/Bandeau-du-bas-Musee-Ariana-estampe-c-Musee-de-lAriana.jpg\" alt=\"\" width=\"800\" height=\"230\" srcset=\"https:\/\/www.exclusifmag.com\/online\/wp-content\/uploads\/2023\/05\/Bandeau-du-bas-Musee-Ariana-estampe-c-Musee-de-lAriana.jpg 800w, https:\/\/www.exclusifmag.com\/online\/wp-content\/uploads\/2023\/05\/Bandeau-du-bas-Musee-Ariana-estampe-c-Musee-de-lAriana-400x115.jpg 400w, https:\/\/www.exclusifmag.com\/online\/wp-content\/uploads\/2023\/05\/Bandeau-du-bas-Musee-Ariana-estampe-c-Musee-de-lAriana-768x221.jpg 768w\" sizes=\"auto, (max-width: 800px) 100vw, 800px\" \/><\/a><\/p>\n","protected":false},"excerpt":{"rendered":"<p>Splendeurs et nostalgie<br \/>\nLe Mus\u00e9e Ariana accueille<br \/>\nLe 3e Bal Viennois de Gen\u00e8ve<\/p>\n","protected":false},"author":1,"featured_media":20762,"comment_status":"open","ping_status":"open","sticky":false,"template":"","format":"standard","meta":{"footnotes":""},"categories":[4,13,2],"tags":[1657,1660,1661,42,1659,1658],"class_list":["post-20756","post","type-post","status-publish","format-standard","has-post-thumbnail","hentry","category-events","category-histoire","category-people","tag-bal-viennois","tag-brigitte-luthi","tag-geneva-kapdanse","tag-geneve","tag-isabelle-naef-galuba","tag-musee-ariana"],"_links":{"self":[{"href":"https:\/\/www.exclusifmag.com\/online\/wp-json\/wp\/v2\/posts\/20756","targetHints":{"allow":["GET"]}}],"collection":[{"href":"https:\/\/www.exclusifmag.com\/online\/wp-json\/wp\/v2\/posts"}],"about":[{"href":"https:\/\/www.exclusifmag.com\/online\/wp-json\/wp\/v2\/types\/post"}],"author":[{"embeddable":true,"href":"https:\/\/www.exclusifmag.com\/online\/wp-json\/wp\/v2\/users\/1"}],"replies":[{"embeddable":true,"href":"https:\/\/www.exclusifmag.com\/online\/wp-json\/wp\/v2\/comments?post=20756"}],"version-history":[{"count":15,"href":"https:\/\/www.exclusifmag.com\/online\/wp-json\/wp\/v2\/posts\/20756\/revisions"}],"predecessor-version":[{"id":20790,"href":"https:\/\/www.exclusifmag.com\/online\/wp-json\/wp\/v2\/posts\/20756\/revisions\/20790"}],"wp:featuredmedia":[{"embeddable":true,"href":"https:\/\/www.exclusifmag.com\/online\/wp-json\/wp\/v2\/media\/20762"}],"wp:attachment":[{"href":"https:\/\/www.exclusifmag.com\/online\/wp-json\/wp\/v2\/media?parent=20756"}],"wp:term":[{"taxonomy":"category","embeddable":true,"href":"https:\/\/www.exclusifmag.com\/online\/wp-json\/wp\/v2\/categories?post=20756"},{"taxonomy":"post_tag","embeddable":true,"href":"https:\/\/www.exclusifmag.com\/online\/wp-json\/wp\/v2\/tags?post=20756"}],"curies":[{"name":"wp","href":"https:\/\/api.w.org\/{rel}","templated":true}]}}