{"id":21042,"date":"2023-06-08T14:07:04","date_gmt":"2023-06-08T12:07:04","guid":{"rendered":"https:\/\/www.exclusifmag.com\/online\/?p=21042"},"modified":"2024-01-28T16:07:15","modified_gmt":"2024-01-28T15:07:15","slug":"audace-originalite-et-innovation","status":"publish","type":"post","link":"https:\/\/www.exclusifmag.com\/online\/audace-originalite-et-innovation\/","title":{"rendered":"Audace, originalit\u00e9 et innovation"},"content":{"rendered":"<h2>Geneva Camerata 10 ans en beaut\u00e9<br \/>\nQUE LA F\u00caTE CONTINUE !<\/h2>\n<p><strong>Annon\u00e7ant une fr\u00e9quentation jamais r\u00e9alis\u00e9e \u00e0 ce jour avec un nombre record de repr\u00e9sentations tenues \u00e0 guichets ferm\u00e9s, <em>Geneva Camerata GECA<\/em> vient de cl\u00f4turer sa saison sur un dernier concert avec Ibrahim Maalouf, le trompettiste star qu\u2019on ne pr\u00e9sente plus. Une prestation musicale \u00e9blouissante pr\u00e9parant l\u2019\u00e9dition anniversaire, lan\u00e7ant la prochaine programmation et les festivit\u00e9s du souvenir\u2026 10 ans de succ\u00e8s !<\/strong><\/p>\n<p><a href=\"http:\/\/www.exclusifmag.com\/online\/wp-content\/uploads\/2023\/06\/1.-Affiche-de-saison-23-24-et-10e-Anniversaire.jpg\"><img loading=\"lazy\" decoding=\"async\" class=\"wp-image-21068 alignright\" src=\"http:\/\/www.exclusifmag.com\/online\/wp-content\/uploads\/2023\/06\/1.-Affiche-de-saison-23-24-et-10e-Anniversaire.jpg\" alt=\"Affiche de saison 23 - 24 et 10e Anniversaire\" width=\"199\" height=\"285\" srcset=\"https:\/\/www.exclusifmag.com\/online\/wp-content\/uploads\/2023\/06\/1.-Affiche-de-saison-23-24-et-10e-Anniversaire.jpg 628w, https:\/\/www.exclusifmag.com\/online\/wp-content\/uploads\/2023\/06\/1.-Affiche-de-saison-23-24-et-10e-Anniversaire-279x400.jpg 279w, https:\/\/www.exclusifmag.com\/online\/wp-content\/uploads\/2023\/06\/1.-Affiche-de-saison-23-24-et-10e-Anniversaire-384x550.jpg 384w\" sizes=\"auto, (max-width: 199px) 100vw, 199px\" \/><\/a>Croyez-vous aux miracles ? Jean-Philippe Rapp, Pr\u00e9sident de <em>Geneva Camerata<\/em> y a vraisemblablement cru ! Avec une ardente conviction, il allait voir briser les codes et enfreindre les traditions. Accepter l\u2019aventure transgressive dans le ciel musical de Gen\u00e8ve. Ce sont ses parole\u2026 L\u2019orchestre a r\u00e9ussi \u00e0 surmonter les obstacles et imposer sa cr\u00e9ativit\u00e9 disruptive, hors norme et\u2026 g\u00e9niale. Avec une jeune g\u00e9n\u00e9ration de musiciens exceptionnels, <em>GECA<\/em> allait proposer des programmes insolites m\u00ealant concerts et danse, th\u00e9\u00e2tre et arts visuels et, passer du classique aux musiques du monde, du jazz au rock et l\u2019\u00e9lectro ! Plusieurs performances pluridisciplinaires, salu\u00e9es par le public, ont \u00e9t\u00e9 pl\u00e9biscit\u00e9es par les critiques et promues meilleur spectacle de l\u2019ann\u00e9e dans la sph\u00e8re classique\u2026 Sans oublier, les collaborations avec les plus grands artistes de la sc\u00e8ne internationale !<\/p>\n\n\t\t<style type=\"text\/css\">\n\t\t\t#gallery-1 {\n\t\t\t\tmargin: auto;\n\t\t\t}\n\t\t\t#gallery-1 .gallery-item {\n\t\t\t\tfloat: left;\n\t\t\t\tmargin-top: 10px;\n\t\t\t\ttext-align: center;\n\t\t\t\twidth: 50%;\n\t\t\t}\n\t\t\t#gallery-1 img {\n\t\t\t\tborder: 2px solid #cfcfcf;\n\t\t\t}\n\t\t\t#gallery-1 .gallery-caption {\n\t\t\t\tmargin-left: 0;\n\t\t\t}\n\t\t\t\/* see gallery_shortcode() in wp-includes\/media.php *\/\n\t\t<\/style>\n\t\t<div id='gallery-1' class='gallery galleryid-21042 gallery-columns-2 gallery-size-large'><dl class='gallery-item'>\n\t\t\t<dt class='gallery-icon landscape'>\n\t\t\t\t<a href='https:\/\/www.exclusifmag.com\/online\/wp-content\/uploads\/2023\/06\/2.-David-Greilsammer-Directeur-musical-et-artistique-de-Geneva-Camerata-\u00a9Yannick-Perrin.jpg'><img loading=\"lazy\" decoding=\"async\" width=\"900\" height=\"600\" src=\"https:\/\/www.exclusifmag.com\/online\/wp-content\/uploads\/2023\/06\/2.-David-Greilsammer-Directeur-musical-et-artistique-de-Geneva-Camerata-\u00a9Yannick-Perrin.jpg\" class=\"attachment-large size-large\" alt=\"David Greilsammer Directeur musical et artistique de Geneva Camerata \u00a9Yannick Perrin\" srcset=\"https:\/\/www.exclusifmag.com\/online\/wp-content\/uploads\/2023\/06\/2.-David-Greilsammer-Directeur-musical-et-artistique-de-Geneva-Camerata-\u00a9Yannick-Perrin.jpg 900w, https:\/\/www.exclusifmag.com\/online\/wp-content\/uploads\/2023\/06\/2.-David-Greilsammer-Directeur-musical-et-artistique-de-Geneva-Camerata-\u00a9Yannick-Perrin-400x267.jpg 400w, https:\/\/www.exclusifmag.com\/online\/wp-content\/uploads\/2023\/06\/2.-David-Greilsammer-Directeur-musical-et-artistique-de-Geneva-Camerata-\u00a9Yannick-Perrin-768x512.jpg 768w, https:\/\/www.exclusifmag.com\/online\/wp-content\/uploads\/2023\/06\/2.-David-Greilsammer-Directeur-musical-et-artistique-de-Geneva-Camerata-\u00a9Yannick-Perrin-825x550.jpg 825w\" sizes=\"auto, (max-width: 900px) 100vw, 900px\" \/><\/a>\n\t\t\t<\/dt><\/dl><dl class='gallery-item'>\n\t\t\t<dt class='gallery-icon landscape'>\n\t\t\t\t<a href='https:\/\/www.exclusifmag.com\/online\/wp-content\/uploads\/2023\/06\/3.-Les-musiciens-et-David-Greilsammer-salutations-sous-les-applaudissements-du-public-\u00a9-Yannick-Perrin.jpg'><img loading=\"lazy\" decoding=\"async\" width=\"900\" height=\"600\" src=\"https:\/\/www.exclusifmag.com\/online\/wp-content\/uploads\/2023\/06\/3.-Les-musiciens-et-David-Greilsammer-salutations-sous-les-applaudissements-du-public-\u00a9-Yannick-Perrin.jpg\" class=\"attachment-large size-large\" alt=\"Les musiciens et David Greilsammer salutations sous les applaudissements du public \u00a9 Yannick Perrin\" srcset=\"https:\/\/www.exclusifmag.com\/online\/wp-content\/uploads\/2023\/06\/3.-Les-musiciens-et-David-Greilsammer-salutations-sous-les-applaudissements-du-public-\u00a9-Yannick-Perrin.jpg 900w, https:\/\/www.exclusifmag.com\/online\/wp-content\/uploads\/2023\/06\/3.-Les-musiciens-et-David-Greilsammer-salutations-sous-les-applaudissements-du-public-\u00a9-Yannick-Perrin-400x267.jpg 400w, https:\/\/www.exclusifmag.com\/online\/wp-content\/uploads\/2023\/06\/3.-Les-musiciens-et-David-Greilsammer-salutations-sous-les-applaudissements-du-public-\u00a9-Yannick-Perrin-768x512.jpg 768w, https:\/\/www.exclusifmag.com\/online\/wp-content\/uploads\/2023\/06\/3.-Les-musiciens-et-David-Greilsammer-salutations-sous-les-applaudissements-du-public-\u00a9-Yannick-Perrin-825x550.jpg 825w\" sizes=\"auto, (max-width: 900px) 100vw, 900px\" \/><\/a>\n\t\t\t<\/dt><\/dl><br style=\"clear: both\" \/>\n\t\t<\/div>\n\n<p>10 ans ont pass\u00e9. <em>GECA<\/em> se produit en tourn\u00e9es en ces lieux magiques de Berlin \u00e0 Hambourg, Paris, New York\u2026 On ne saurait citer ici toutes ces sc\u00e8nes mythiques, cath\u00e9drales de la musique, t\u00e9moins d\u2019interpr\u00e9tations l\u00e9gendaires, de rencontres inoubliables. A la Direction artistique et musicale de l\u2019ensemble, David Greilsammer est un pianiste renomm\u00e9 acclam\u00e9 dans le monde entier, reconnu comme Chef et soliste jouant avec de c\u00e9l\u00e8bres formations philharmoniques et symphoniques. Jetant des ponts entre cultures, styles et traditions, David Greilsammer est un passeur inv\u00e9t\u00e9r\u00e9 se d\u00e9marquant par ses pr\u00e9f\u00e9rences et choix audacieux. Ses nombreux enregistrements, aux multiples r\u00e9compenses internationales, contribuent aussi \u00e0 sa belle notori\u00e9t\u00e9. Le dernier concert dans la s\u00e9rie Prestige l\u2019Oasis Vagabonde avec Ibrahim Maalouf a \u00e9t\u00e9 accompagn\u00e9 \u00e0 la batterie par Julien Tekeyan et Jonathan Keren, arrangeur et compositeur\u2026<\/p>\n\n\t\t<style type=\"text\/css\">\n\t\t\t#gallery-2 {\n\t\t\t\tmargin: auto;\n\t\t\t}\n\t\t\t#gallery-2 .gallery-item {\n\t\t\t\tfloat: left;\n\t\t\t\tmargin-top: 10px;\n\t\t\t\ttext-align: center;\n\t\t\t\twidth: 33%;\n\t\t\t}\n\t\t\t#gallery-2 img {\n\t\t\t\tborder: 2px solid #cfcfcf;\n\t\t\t}\n\t\t\t#gallery-2 .gallery-caption {\n\t\t\t\tmargin-left: 0;\n\t\t\t}\n\t\t\t\/* see gallery_shortcode() in wp-includes\/media.php *\/\n\t\t<\/style>\n\t\t<div id='gallery-2' class='gallery galleryid-21042 gallery-columns-3 gallery-size-large'><dl class='gallery-item'>\n\t\t\t<dt class='gallery-icon landscape'>\n\t\t\t\t<a href='https:\/\/www.exclusifmag.com\/online\/wp-content\/uploads\/2023\/06\/4.-Dans-tes-bras-a-jamais-\u00a9kronospictures.jpg'><img loading=\"lazy\" decoding=\"async\" width=\"900\" height=\"600\" src=\"https:\/\/www.exclusifmag.com\/online\/wp-content\/uploads\/2023\/06\/4.-Dans-tes-bras-a-jamais-\u00a9kronospictures.jpg\" class=\"attachment-large size-large\" alt=\"Dans tes bras \u00e0 jamais \u00a9kronospictures\" srcset=\"https:\/\/www.exclusifmag.com\/online\/wp-content\/uploads\/2023\/06\/4.-Dans-tes-bras-a-jamais-\u00a9kronospictures.jpg 900w, https:\/\/www.exclusifmag.com\/online\/wp-content\/uploads\/2023\/06\/4.-Dans-tes-bras-a-jamais-\u00a9kronospictures-400x267.jpg 400w, https:\/\/www.exclusifmag.com\/online\/wp-content\/uploads\/2023\/06\/4.-Dans-tes-bras-a-jamais-\u00a9kronospictures-768x512.jpg 768w, https:\/\/www.exclusifmag.com\/online\/wp-content\/uploads\/2023\/06\/4.-Dans-tes-bras-a-jamais-\u00a9kronospictures-825x550.jpg 825w\" sizes=\"auto, (max-width: 900px) 100vw, 900px\" \/><\/a>\n\t\t\t<\/dt><\/dl><dl class='gallery-item'>\n\t\t\t<dt class='gallery-icon landscape'>\n\t\t\t\t<a href='https:\/\/www.exclusifmag.com\/online\/wp-content\/uploads\/2023\/06\/5.-Revolta-\u00a9kronospictures.jpg'><img loading=\"lazy\" decoding=\"async\" width=\"900\" height=\"600\" src=\"https:\/\/www.exclusifmag.com\/online\/wp-content\/uploads\/2023\/06\/5.-Revolta-\u00a9kronospictures.jpg\" class=\"attachment-large size-large\" alt=\"Revolta \u00a9kronospictures\" srcset=\"https:\/\/www.exclusifmag.com\/online\/wp-content\/uploads\/2023\/06\/5.-Revolta-\u00a9kronospictures.jpg 900w, https:\/\/www.exclusifmag.com\/online\/wp-content\/uploads\/2023\/06\/5.-Revolta-\u00a9kronospictures-400x267.jpg 400w, https:\/\/www.exclusifmag.com\/online\/wp-content\/uploads\/2023\/06\/5.-Revolta-\u00a9kronospictures-768x512.jpg 768w, https:\/\/www.exclusifmag.com\/online\/wp-content\/uploads\/2023\/06\/5.-Revolta-\u00a9kronospictures-825x550.jpg 825w\" sizes=\"auto, (max-width: 900px) 100vw, 900px\" \/><\/a>\n\t\t\t<\/dt><\/dl><dl class='gallery-item'>\n\t\t\t<dt class='gallery-icon landscape'>\n\t\t\t\t<a href='https:\/\/www.exclusifmag.com\/online\/wp-content\/uploads\/2023\/06\/6.-Danse-du-soleil-\u00a9Miguel-Barreto-1.jpg'><img loading=\"lazy\" decoding=\"async\" width=\"900\" height=\"600\" src=\"https:\/\/www.exclusifmag.com\/online\/wp-content\/uploads\/2023\/06\/6.-Danse-du-soleil-\u00a9Miguel-Barreto-1.jpg\" class=\"attachment-large size-large\" alt=\"La danse du soleil \u00a9Miguel Barreto\" srcset=\"https:\/\/www.exclusifmag.com\/online\/wp-content\/uploads\/2023\/06\/6.-Danse-du-soleil-\u00a9Miguel-Barreto-1.jpg 900w, https:\/\/www.exclusifmag.com\/online\/wp-content\/uploads\/2023\/06\/6.-Danse-du-soleil-\u00a9Miguel-Barreto-1-400x267.jpg 400w, https:\/\/www.exclusifmag.com\/online\/wp-content\/uploads\/2023\/06\/6.-Danse-du-soleil-\u00a9Miguel-Barreto-1-768x512.jpg 768w, https:\/\/www.exclusifmag.com\/online\/wp-content\/uploads\/2023\/06\/6.-Danse-du-soleil-\u00a9Miguel-Barreto-1-825x550.jpg 825w\" sizes=\"auto, (max-width: 900px) 100vw, 900px\" \/><\/a>\n\t\t\t<\/dt><\/dl><br style=\"clear: both\" \/>\n\t\t<\/div>\n\n<p><a href=\"http:\/\/www.exclusifmag.com\/online\/wp-content\/uploads\/2023\/06\/Joker-7.-Ibrahim-Maalouf-IBRAHIM_MAALOUF4\u00a9YANN_ORHAN.jpg\"><img loading=\"lazy\" decoding=\"async\" class=\"wp-image-21065 alignleft\" src=\"http:\/\/www.exclusifmag.com\/online\/wp-content\/uploads\/2023\/06\/Joker-7.-Ibrahim-Maalouf-IBRAHIM_MAALOUF4\u00a9YANN_ORHAN.jpg\" alt=\"Ibrahim Maalouf I\u00a9YANN_ORHAN\" width=\"260\" height=\"313\" srcset=\"https:\/\/www.exclusifmag.com\/online\/wp-content\/uploads\/2023\/06\/Joker-7.-Ibrahim-Maalouf-IBRAHIM_MAALOUF4\u00a9YANN_ORHAN.jpg 746w, https:\/\/www.exclusifmag.com\/online\/wp-content\/uploads\/2023\/06\/Joker-7.-Ibrahim-Maalouf-IBRAHIM_MAALOUF4\u00a9YANN_ORHAN-332x400.jpg 332w, https:\/\/www.exclusifmag.com\/online\/wp-content\/uploads\/2023\/06\/Joker-7.-Ibrahim-Maalouf-IBRAHIM_MAALOUF4\u00a9YANN_ORHAN-456x550.jpg 456w\" sizes=\"auto, (max-width: 260px) 100vw, 260px\" \/><\/a>Une soir\u00e9e fin de saison, lumineuse et foisonnante s\u2019est tenue au BFM bond\u00e9 jusqu\u2019\u00e0 l\u2019ultime strapontin de la mezzanine. Le programme a d\u00e9but\u00e9 par la Pastorale, la Symphonie N\u00b06 de Beethoven, dans un silence religieux. Sentir la qui\u00e9tude embraser l\u2019espace, \u00e9treindre le son en un soupir impalpable, c\u2019est l\u2019\u00e9motion qui passe. La magie op\u00e8re se poursuivant avec le concerto en Mi B\u00e9mol Majeur de Johann Nepomuk Hummel, la partition pour trompette consid\u00e9r\u00e9e la plus difficile \u00e0 interpr\u00e9ter du r\u00e9pertoire classique. Enfin, il est apparu en derni\u00e8re partie, investissant les lieux, occupant la sc\u00e8ne faisant corps avec l\u2019orchestre, cependant solitaire, isol\u00e9, autre\u2026 Ibrahim Maalouf est une pr\u00e9sence majuscule Au sein de plus de 40 musiciens, sans ostentation, il est l\u00e0. Et, on ne voit plus que lui ! Les plaques tectoniques se rencontrent quand il prend sa trompette. Il ne joue pas. Il vit.<\/p>\n<p>&nbsp;<\/p>\n\n\t\t<style type=\"text\/css\">\n\t\t\t#gallery-3 {\n\t\t\t\tmargin: auto;\n\t\t\t}\n\t\t\t#gallery-3 .gallery-item {\n\t\t\t\tfloat: left;\n\t\t\t\tmargin-top: 10px;\n\t\t\t\ttext-align: center;\n\t\t\t\twidth: 50%;\n\t\t\t}\n\t\t\t#gallery-3 img {\n\t\t\t\tborder: 2px solid #cfcfcf;\n\t\t\t}\n\t\t\t#gallery-3 .gallery-caption {\n\t\t\t\tmargin-left: 0;\n\t\t\t}\n\t\t\t\/* see gallery_shortcode() in wp-includes\/media.php *\/\n\t\t<\/style>\n\t\t<div id='gallery-3' class='gallery galleryid-21042 gallery-columns-2 gallery-size-medium'><dl class='gallery-item'>\n\t\t\t<dt class='gallery-icon landscape'>\n\t\t\t\t<a href='https:\/\/www.exclusifmag.com\/online\/wp-content\/uploads\/2023\/06\/7.-LOasis-Vagabonde-sur-la-scene-des-BFM-Ibrahim-Maaloufet-les-musiciens-de-Geneva-Camerata-c-GAD.jpg'><img loading=\"lazy\" decoding=\"async\" width=\"400\" height=\"267\" src=\"https:\/\/www.exclusifmag.com\/online\/wp-content\/uploads\/2023\/06\/7.-LOasis-Vagabonde-sur-la-scene-des-BFM-Ibrahim-Maaloufet-les-musiciens-de-Geneva-Camerata-c-GAD-400x267.jpg\" class=\"attachment-medium size-medium\" alt=\"L&#039;Oasis Vagabonde sur la sc\u00e8ne des BFM Ibrahim Maalouf et les musiciens de Geneva Camerata (c) GAD\" srcset=\"https:\/\/www.exclusifmag.com\/online\/wp-content\/uploads\/2023\/06\/7.-LOasis-Vagabonde-sur-la-scene-des-BFM-Ibrahim-Maaloufet-les-musiciens-de-Geneva-Camerata-c-GAD-400x267.jpg 400w, https:\/\/www.exclusifmag.com\/online\/wp-content\/uploads\/2023\/06\/7.-LOasis-Vagabonde-sur-la-scene-des-BFM-Ibrahim-Maaloufet-les-musiciens-de-Geneva-Camerata-c-GAD-768x512.jpg 768w, https:\/\/www.exclusifmag.com\/online\/wp-content\/uploads\/2023\/06\/7.-LOasis-Vagabonde-sur-la-scene-des-BFM-Ibrahim-Maaloufet-les-musiciens-de-Geneva-Camerata-c-GAD-825x550.jpg 825w, https:\/\/www.exclusifmag.com\/online\/wp-content\/uploads\/2023\/06\/7.-LOasis-Vagabonde-sur-la-scene-des-BFM-Ibrahim-Maaloufet-les-musiciens-de-Geneva-Camerata-c-GAD.jpg 900w\" sizes=\"auto, (max-width: 400px) 100vw, 400px\" \/><\/a>\n\t\t\t<\/dt><\/dl><dl class='gallery-item'>\n\t\t\t<dt class='gallery-icon landscape'>\n\t\t\t\t<a href='https:\/\/www.exclusifmag.com\/online\/wp-content\/uploads\/2023\/06\/9.-Concert-Prestige-Ibrahim-Maalouf-sur-scene-avec-David-Greilsammer-au-BFM-c-GAD-2.jpg'><img loading=\"lazy\" decoding=\"async\" width=\"400\" height=\"267\" src=\"https:\/\/www.exclusifmag.com\/online\/wp-content\/uploads\/2023\/06\/9.-Concert-Prestige-Ibrahim-Maalouf-sur-scene-avec-David-Greilsammer-au-BFM-c-GAD-2-400x267.jpg\" class=\"attachment-medium size-medium\" alt=\"Concert Prestige Ibrahim Maalouf sur sc\u00e8ne avec David Greilsammer au BFM (c) GAD\" srcset=\"https:\/\/www.exclusifmag.com\/online\/wp-content\/uploads\/2023\/06\/9.-Concert-Prestige-Ibrahim-Maalouf-sur-scene-avec-David-Greilsammer-au-BFM-c-GAD-2-400x267.jpg 400w, https:\/\/www.exclusifmag.com\/online\/wp-content\/uploads\/2023\/06\/9.-Concert-Prestige-Ibrahim-Maalouf-sur-scene-avec-David-Greilsammer-au-BFM-c-GAD-2-768x512.jpg 768w, https:\/\/www.exclusifmag.com\/online\/wp-content\/uploads\/2023\/06\/9.-Concert-Prestige-Ibrahim-Maalouf-sur-scene-avec-David-Greilsammer-au-BFM-c-GAD-2-825x550.jpg 825w, https:\/\/www.exclusifmag.com\/online\/wp-content\/uploads\/2023\/06\/9.-Concert-Prestige-Ibrahim-Maalouf-sur-scene-avec-David-Greilsammer-au-BFM-c-GAD-2.jpg 900w\" sizes=\"auto, (max-width: 400px) 100vw, 400px\" \/><\/a>\n\t\t\t<\/dt><\/dl><br style=\"clear: both\" \/>\n\t\t<\/div>\n\n<p>Depuis la sc\u00e8ne, il s\u2019adresse aux spectateurs, se raconte, mentionne son enfance et la guerre au Liban. Cr\u00e9ant une intimit\u00e9 avec le public, il chuchote sa complainte \u00e0 l\u2019oreille et joue uniquement pour vous. Ibrahim Maalouf est un interpr\u00e8te multiple, il a \u00e9tudi\u00e9 la musique classique comme le jazz et, s\u2019est appropri\u00e9 les m\u00e9lodies du monde, de l\u2019Europe au Moyen-Orient sa sensibilit\u00e9 le guide. Il improvise, compose dans son langage personnel et se remet constamment en question pour renouveler son inspiration\u2026 Non content d\u2019encourager les spectateurs \u00e0 chanter \u00e0 tue-t\u00eate, il les a fait danser, sautant debout sur place au son de sa trompette, d\u00e9bordant largement les heures habituelles d\u2019un concert. C\u2019est tout le personnage. Ibrahim Maalouf a ainsi donn\u00e9 le clap de d\u00e9part aux c\u00e9l\u00e9brations du 10e anniversaire de Geneva Camerata&#8230; D\u00e9sormais la f\u00eate continue. Joyeuse.<\/p>\n\n\t\t<style type=\"text\/css\">\n\t\t\t#gallery-4 {\n\t\t\t\tmargin: auto;\n\t\t\t}\n\t\t\t#gallery-4 .gallery-item {\n\t\t\t\tfloat: left;\n\t\t\t\tmargin-top: 10px;\n\t\t\t\ttext-align: center;\n\t\t\t\twidth: 33%;\n\t\t\t}\n\t\t\t#gallery-4 img {\n\t\t\t\tborder: 2px solid #cfcfcf;\n\t\t\t}\n\t\t\t#gallery-4 .gallery-caption {\n\t\t\t\tmargin-left: 0;\n\t\t\t}\n\t\t\t\/* see gallery_shortcode() in wp-includes\/media.php *\/\n\t\t<\/style>\n\t\t<div id='gallery-4' class='gallery galleryid-21042 gallery-columns-3 gallery-size-large'><dl class='gallery-item'>\n\t\t\t<dt class='gallery-icon landscape'>\n\t\t\t\t<a href='https:\/\/www.exclusifmag.com\/online\/wp-content\/uploads\/2023\/06\/10.-Dans-tes-bras-a-jamais-\u00a9kronospictures.jpg'><img loading=\"lazy\" decoding=\"async\" width=\"900\" height=\"600\" src=\"https:\/\/www.exclusifmag.com\/online\/wp-content\/uploads\/2023\/06\/10.-Dans-tes-bras-a-jamais-\u00a9kronospictures.jpg\" class=\"attachment-large size-large\" alt=\"Dans tes bras \u00e0 jamais \u00a9 kronospictures\" srcset=\"https:\/\/www.exclusifmag.com\/online\/wp-content\/uploads\/2023\/06\/10.-Dans-tes-bras-a-jamais-\u00a9kronospictures.jpg 900w, https:\/\/www.exclusifmag.com\/online\/wp-content\/uploads\/2023\/06\/10.-Dans-tes-bras-a-jamais-\u00a9kronospictures-400x267.jpg 400w, https:\/\/www.exclusifmag.com\/online\/wp-content\/uploads\/2023\/06\/10.-Dans-tes-bras-a-jamais-\u00a9kronospictures-768x512.jpg 768w, https:\/\/www.exclusifmag.com\/online\/wp-content\/uploads\/2023\/06\/10.-Dans-tes-bras-a-jamais-\u00a9kronospictures-825x550.jpg 825w\" sizes=\"auto, (max-width: 900px) 100vw, 900px\" \/><\/a>\n\t\t\t<\/dt><\/dl><dl class='gallery-item'>\n\t\t\t<dt class='gallery-icon landscape'>\n\t\t\t\t<a href='https:\/\/www.exclusifmag.com\/online\/wp-content\/uploads\/2023\/06\/11.-Les-Voix-de-la-Foret-\u00a9kronospictures.jpg'><img loading=\"lazy\" decoding=\"async\" width=\"900\" height=\"600\" src=\"https:\/\/www.exclusifmag.com\/online\/wp-content\/uploads\/2023\/06\/11.-Les-Voix-de-la-Foret-\u00a9kronospictures.jpg\" class=\"attachment-large size-large\" alt=\"Les Voix de la For\u00eat \u00a9 kronospictures\" srcset=\"https:\/\/www.exclusifmag.com\/online\/wp-content\/uploads\/2023\/06\/11.-Les-Voix-de-la-Foret-\u00a9kronospictures.jpg 900w, https:\/\/www.exclusifmag.com\/online\/wp-content\/uploads\/2023\/06\/11.-Les-Voix-de-la-Foret-\u00a9kronospictures-400x267.jpg 400w, https:\/\/www.exclusifmag.com\/online\/wp-content\/uploads\/2023\/06\/11.-Les-Voix-de-la-Foret-\u00a9kronospictures-768x512.jpg 768w, https:\/\/www.exclusifmag.com\/online\/wp-content\/uploads\/2023\/06\/11.-Les-Voix-de-la-Foret-\u00a9kronospictures-825x550.jpg 825w\" sizes=\"auto, (max-width: 900px) 100vw, 900px\" \/><\/a>\n\t\t\t<\/dt><\/dl><dl class='gallery-item'>\n\t\t\t<dt class='gallery-icon landscape'>\n\t\t\t\t<a href='https:\/\/www.exclusifmag.com\/online\/wp-content\/uploads\/2023\/06\/14.-Sounds-of-Transformation_\u00a9kronospictures-1.jpg'><img loading=\"lazy\" decoding=\"async\" width=\"900\" height=\"600\" src=\"https:\/\/www.exclusifmag.com\/online\/wp-content\/uploads\/2023\/06\/14.-Sounds-of-Transformation_\u00a9kronospictures-1.jpg\" class=\"attachment-large size-large\" alt=\"Sounds of Transformation_\u00a9kronospictures\" srcset=\"https:\/\/www.exclusifmag.com\/online\/wp-content\/uploads\/2023\/06\/14.-Sounds-of-Transformation_\u00a9kronospictures-1.jpg 900w, https:\/\/www.exclusifmag.com\/online\/wp-content\/uploads\/2023\/06\/14.-Sounds-of-Transformation_\u00a9kronospictures-1-400x267.jpg 400w, https:\/\/www.exclusifmag.com\/online\/wp-content\/uploads\/2023\/06\/14.-Sounds-of-Transformation_\u00a9kronospictures-1-768x512.jpg 768w, https:\/\/www.exclusifmag.com\/online\/wp-content\/uploads\/2023\/06\/14.-Sounds-of-Transformation_\u00a9kronospictures-1-825x550.jpg 825w\" sizes=\"auto, (max-width: 900px) 100vw, 900px\" \/><\/a>\n\t\t\t<\/dt><\/dl><br style=\"clear: both\" \/>\n\t\t<\/div>\n\n<p>Hommage aux cr\u00e9ations marquant les 10 derni\u00e8res ann\u00e9es, des spectacles reviennent au programme 2023-2024. Ainsi avec la s\u00e9rie des <em>Concerts Prestige<\/em> au BFM se poursuivant, le jeudi 21 septembre : les fans de danse hip-hop et krump retrouveront <em>Revolta<\/em> et la chor\u00e9graphie de Grichka sur la musique de Chostakovitch. Le 11 novembre 2023, <em>Les Voix de la For\u00eat<\/em> avec le Collectif Sous le Manteau pr\u00e9sentent des acrobaties de cirque contemporain et m\u00e2ts chinois avec, au violoncelle, Steven Isserlis. Il faudra attendre de janvier \u00e0 mai 2024 pour d\u00e9couvrir les prochains <em>Concerts Prestige<\/em>. Au Th\u00e9\u00e2tre du Loup, les 7 et 8 octobre 2023, deux Concerts en Famille, <em>Plat\u00e9e Reine des Grenouilles<\/em>, un spectacle de marionnettes accompagn\u00e9 par la soprano-com\u00e9dienne Sarah Matousek. A voir et revoir.<\/p>\n\n\t\t<style type=\"text\/css\">\n\t\t\t#gallery-5 {\n\t\t\t\tmargin: auto;\n\t\t\t}\n\t\t\t#gallery-5 .gallery-item {\n\t\t\t\tfloat: left;\n\t\t\t\tmargin-top: 10px;\n\t\t\t\ttext-align: center;\n\t\t\t\twidth: 50%;\n\t\t\t}\n\t\t\t#gallery-5 img {\n\t\t\t\tborder: 2px solid #cfcfcf;\n\t\t\t}\n\t\t\t#gallery-5 .gallery-caption {\n\t\t\t\tmargin-left: 0;\n\t\t\t}\n\t\t\t\/* see gallery_shortcode() in wp-includes\/media.php *\/\n\t\t<\/style>\n\t\t<div id='gallery-5' class='gallery galleryid-21042 gallery-columns-2 gallery-size-large'><dl class='gallery-item'>\n\t\t\t<dt class='gallery-icon landscape'>\n\t\t\t\t<a href='https:\/\/www.exclusifmag.com\/online\/wp-content\/uploads\/2023\/06\/13.-Soleils-Nomades-\u00a9-Yannick-Perrin.jpg'><img loading=\"lazy\" decoding=\"async\" width=\"900\" height=\"600\" src=\"https:\/\/www.exclusifmag.com\/online\/wp-content\/uploads\/2023\/06\/13.-Soleils-Nomades-\u00a9-Yannick-Perrin.jpg\" class=\"attachment-large size-large\" alt=\"Soleils Nomades \u00a9 Yannick Perrin\" srcset=\"https:\/\/www.exclusifmag.com\/online\/wp-content\/uploads\/2023\/06\/13.-Soleils-Nomades-\u00a9-Yannick-Perrin.jpg 900w, https:\/\/www.exclusifmag.com\/online\/wp-content\/uploads\/2023\/06\/13.-Soleils-Nomades-\u00a9-Yannick-Perrin-400x267.jpg 400w, https:\/\/www.exclusifmag.com\/online\/wp-content\/uploads\/2023\/06\/13.-Soleils-Nomades-\u00a9-Yannick-Perrin-768x512.jpg 768w, https:\/\/www.exclusifmag.com\/online\/wp-content\/uploads\/2023\/06\/13.-Soleils-Nomades-\u00a9-Yannick-Perrin-825x550.jpg 825w\" sizes=\"auto, (max-width: 900px) 100vw, 900px\" \/><\/a>\n\t\t\t<\/dt><\/dl><dl class='gallery-item'>\n\t\t\t<dt class='gallery-icon landscape'>\n\t\t\t\t<a href='https:\/\/www.exclusifmag.com\/online\/wp-content\/uploads\/2023\/06\/12.-Platee-Reine-des-Grenouilles-\u00a9kronospictures.jpg'><img loading=\"lazy\" decoding=\"async\" width=\"900\" height=\"600\" src=\"https:\/\/www.exclusifmag.com\/online\/wp-content\/uploads\/2023\/06\/12.-Platee-Reine-des-Grenouilles-\u00a9kronospictures.jpg\" class=\"attachment-large size-large\" alt=\"Plat\u00e9e Reine des Grenouilles \u00a9kronospictures\" srcset=\"https:\/\/www.exclusifmag.com\/online\/wp-content\/uploads\/2023\/06\/12.-Platee-Reine-des-Grenouilles-\u00a9kronospictures.jpg 900w, https:\/\/www.exclusifmag.com\/online\/wp-content\/uploads\/2023\/06\/12.-Platee-Reine-des-Grenouilles-\u00a9kronospictures-400x267.jpg 400w, https:\/\/www.exclusifmag.com\/online\/wp-content\/uploads\/2023\/06\/12.-Platee-Reine-des-Grenouilles-\u00a9kronospictures-768x512.jpg 768w, https:\/\/www.exclusifmag.com\/online\/wp-content\/uploads\/2023\/06\/12.-Platee-Reine-des-Grenouilles-\u00a9kronospictures-825x550.jpg 825w\" sizes=\"auto, (max-width: 900px) 100vw, 900px\" \/><\/a>\n\t\t\t<\/dt><\/dl><br style=\"clear: both\" \/>\n\t\t<\/div>\n\n<p>Proches des F\u00eates, les Concerts Exceptionnels font leur retour au Victoria Hall, le dimanche 19 novembre 2023 avec <em>Soleil Nomades<\/em>, un v\u00e9ritable p\u00e9riple musical entre l\u2019Orient et l\u2019univers des gens de voyages, musiques tziganes, flamenco, latino, arabe\u2026 un enchantement ! Pour le r\u00e9veillon, le 31 d\u00e9cembre, <em>Une Soir\u00e9e \u00e0 Broadway<\/em> va illuminer le Grand Th\u00e9\u00e2tre de Gen\u00e8ve. D\u00e9di\u00e9 aux musques am\u00e9ricaines et les compositions de Gershwin, Cole Porter, Hammerstein\u2026 avec le chanteur lyrique Simon Keenlyside, la fin de l\u2019ann\u00e9e sera \u00e9tincelante. Joyeux 10\u00e8me Anniversaire !<\/p>\n<p><em>Voir les programmes complets 2023-2024 avec les s\u00e9ries de concerts et les abonnements\u00a0: <\/em><a href=\"http:\/\/www.genevacamerata.com\"><em>www.genevacamerata.com<\/em><\/a><\/p>\n<p><a href=\"http:\/\/www.exclusifmag.com\/online\/wp-content\/uploads\/2023\/06\/Bandeau-bas-Geneva-Camerata-lorchestre-au-complet-\u00a9-Yannick-Perrin.jpg\"><img loading=\"lazy\" decoding=\"async\" class=\"alignnone size-full wp-image-21105\" src=\"http:\/\/www.exclusifmag.com\/online\/wp-content\/uploads\/2023\/06\/Bandeau-bas-Geneva-Camerata-lorchestre-au-complet-\u00a9-Yannick-Perrin.jpg\" alt=\"Geneva Camerata l'orchestre au complet \u00a9 Yannick Perrin\" width=\"800\" height=\"388\" srcset=\"https:\/\/www.exclusifmag.com\/online\/wp-content\/uploads\/2023\/06\/Bandeau-bas-Geneva-Camerata-lorchestre-au-complet-\u00a9-Yannick-Perrin.jpg 800w, https:\/\/www.exclusifmag.com\/online\/wp-content\/uploads\/2023\/06\/Bandeau-bas-Geneva-Camerata-lorchestre-au-complet-\u00a9-Yannick-Perrin-400x194.jpg 400w, https:\/\/www.exclusifmag.com\/online\/wp-content\/uploads\/2023\/06\/Bandeau-bas-Geneva-Camerata-lorchestre-au-complet-\u00a9-Yannick-Perrin-768x372.jpg 768w\" sizes=\"auto, (max-width: 800px) 100vw, 800px\" \/><\/a><\/p>\n<p>&nbsp;<\/p>\n<h6><\/h6>\n","protected":false},"excerpt":{"rendered":"<p>Audace, originalit\u00e9 et innovation<br \/>\nGeneva Camerata 10 ans en beaut\u00e9<br \/>\nQUE LA F\u00caTE CONTINUE !<\/p>\n","protected":false},"author":1,"featured_media":21079,"comment_status":"open","ping_status":"open","sticky":false,"template":"","format":"standard","meta":{"footnotes":""},"categories":[11,53,4],"tags":[1675,548,1676,1678,1674,42,1679,1677,1681,1680],"class_list":["post-21042","post","type-post","status-publish","format-standard","has-post-thumbnail","hentry","category-art-culture","category-concert","category-events","tag-10eme-anniversaire","tag-bfm","tag-concerts-prestige","tag-david-greilsammer","tag-geca","tag-geneve","tag-ibrahim-maalouf","tag-jean-philippe-rapp","tag-jonathan-keren","tag-julien-tekeyan"],"_links":{"self":[{"href":"https:\/\/www.exclusifmag.com\/online\/wp-json\/wp\/v2\/posts\/21042","targetHints":{"allow":["GET"]}}],"collection":[{"href":"https:\/\/www.exclusifmag.com\/online\/wp-json\/wp\/v2\/posts"}],"about":[{"href":"https:\/\/www.exclusifmag.com\/online\/wp-json\/wp\/v2\/types\/post"}],"author":[{"embeddable":true,"href":"https:\/\/www.exclusifmag.com\/online\/wp-json\/wp\/v2\/users\/1"}],"replies":[{"embeddable":true,"href":"https:\/\/www.exclusifmag.com\/online\/wp-json\/wp\/v2\/comments?post=21042"}],"version-history":[{"count":41,"href":"https:\/\/www.exclusifmag.com\/online\/wp-json\/wp\/v2\/posts\/21042\/revisions"}],"predecessor-version":[{"id":21120,"href":"https:\/\/www.exclusifmag.com\/online\/wp-json\/wp\/v2\/posts\/21042\/revisions\/21120"}],"wp:featuredmedia":[{"embeddable":true,"href":"https:\/\/www.exclusifmag.com\/online\/wp-json\/wp\/v2\/media\/21079"}],"wp:attachment":[{"href":"https:\/\/www.exclusifmag.com\/online\/wp-json\/wp\/v2\/media?parent=21042"}],"wp:term":[{"taxonomy":"category","embeddable":true,"href":"https:\/\/www.exclusifmag.com\/online\/wp-json\/wp\/v2\/categories?post=21042"},{"taxonomy":"post_tag","embeddable":true,"href":"https:\/\/www.exclusifmag.com\/online\/wp-json\/wp\/v2\/tags?post=21042"}],"curies":[{"name":"wp","href":"https:\/\/api.w.org\/{rel}","templated":true}]}}