{"id":22639,"date":"2024-03-31T17:48:28","date_gmt":"2024-03-31T15:48:28","guid":{"rendered":"https:\/\/www.exclusifmag.com\/online\/?p=22639"},"modified":"2024-04-01T18:22:19","modified_gmt":"2024-04-01T16:22:19","slug":"agritourisme-en-toscane-du-sud","status":"publish","type":"post","link":"https:\/\/www.exclusifmag.com\/online\/agritourisme-en-toscane-du-sud\/","title":{"rendered":"Agritourisme en Toscane du Sud"},"content":{"rendered":"<h2><strong>S\u00e9jours retour aux sources<\/strong><\/h2>\n<h2><em><strong>Entre activit\u00e9s et d\u00e9tente<\/strong><\/em><\/h2>\n<p><strong>Ancienne r\u00e9gion mini\u00e8re longtemps mar\u00e9cageuse, la Maremme en Toscane du Sud s\u2019installe d\u00e9finitivement sur le haut du pav\u00e9 de la sc\u00e8ne touristique. Forte d\u2019une histoire mill\u00e9naire authentiquement passionnante, entre ses tr\u00e9sors culturels et riches atouts naturels, la contr\u00e9e se d\u00e9couvre une vocation agreste en un territoire verdoyant \u00e0 perte de vue\u2026\u00a0 Dans une douce ruralit\u00e9 \u00e0 l\u2019italienne, idyllique, chaleureuse et, styl\u00e9e. Regards.<\/strong><\/p>\n\n\t\t<style type=\"text\/css\">\n\t\t\t#gallery-1 {\n\t\t\t\tmargin: auto;\n\t\t\t}\n\t\t\t#gallery-1 .gallery-item {\n\t\t\t\tfloat: left;\n\t\t\t\tmargin-top: 10px;\n\t\t\t\ttext-align: center;\n\t\t\t\twidth: 33%;\n\t\t\t}\n\t\t\t#gallery-1 img {\n\t\t\t\tborder: 2px solid #cfcfcf;\n\t\t\t}\n\t\t\t#gallery-1 .gallery-caption {\n\t\t\t\tmargin-left: 0;\n\t\t\t}\n\t\t\t\/* see gallery_shortcode() in wp-includes\/media.php *\/\n\t\t<\/style>\n\t\t<div id='gallery-1' class='gallery galleryid-22639 gallery-columns-3 gallery-size-large'><dl class='gallery-item'>\n\t\t\t<dt class='gallery-icon landscape'>\n\t\t\t\t<a href='https:\/\/www.exclusifmag.com\/online\/wp-content\/uploads\/2024\/03\/1.-Perspective-sur-le-village-perche-Valle-del-Tufo-creuse-sur-les-vestiges-dune-antique-cite-rupestre-c-GAD.jpg'><img loading=\"lazy\" decoding=\"async\" width=\"900\" height=\"675\" src=\"https:\/\/www.exclusifmag.com\/online\/wp-content\/uploads\/2024\/03\/1.-Perspective-sur-le-village-perche-Valle-del-Tufo-creuse-sur-les-vestiges-dune-antique-cite-rupestre-c-GAD.jpg\" class=\"attachment-large size-large\" alt=\"Perspective sur le village perch\u00e9 Valle del Tufo creus\u00e9 sur les vestiges d&#039;une antique cit\u00e9 rupestre (c) GAD\" srcset=\"https:\/\/www.exclusifmag.com\/online\/wp-content\/uploads\/2024\/03\/1.-Perspective-sur-le-village-perche-Valle-del-Tufo-creuse-sur-les-vestiges-dune-antique-cite-rupestre-c-GAD.jpg 900w, https:\/\/www.exclusifmag.com\/online\/wp-content\/uploads\/2024\/03\/1.-Perspective-sur-le-village-perche-Valle-del-Tufo-creuse-sur-les-vestiges-dune-antique-cite-rupestre-c-GAD-400x300.jpg 400w, https:\/\/www.exclusifmag.com\/online\/wp-content\/uploads\/2024\/03\/1.-Perspective-sur-le-village-perche-Valle-del-Tufo-creuse-sur-les-vestiges-dune-antique-cite-rupestre-c-GAD-768x576.jpg 768w, https:\/\/www.exclusifmag.com\/online\/wp-content\/uploads\/2024\/03\/1.-Perspective-sur-le-village-perche-Valle-del-Tufo-creuse-sur-les-vestiges-dune-antique-cite-rupestre-c-GAD-733x550.jpg 733w\" sizes=\"auto, (max-width: 900px) 100vw, 900px\" \/><\/a>\n\t\t\t<\/dt><\/dl><dl class='gallery-item'>\n\t\t\t<dt class='gallery-icon landscape'>\n\t\t\t\t<a href='https:\/\/www.exclusifmag.com\/online\/wp-content\/uploads\/2024\/03\/3.-Un-centre-village-anime-de-la-Toscane-du-Sud-faisant-le-bonheur-des-visiteurs-c-GAD.jpg'><img loading=\"lazy\" decoding=\"async\" width=\"900\" height=\"675\" src=\"https:\/\/www.exclusifmag.com\/online\/wp-content\/uploads\/2024\/03\/3.-Un-centre-village-anime-de-la-Toscane-du-Sud-faisant-le-bonheur-des-visiteurs-c-GAD.jpg\" class=\"attachment-large size-large\" alt=\"Un centre- village anim\u00e9 de la Toscane du Sud faisant le bonheur des visiteurs (c) GAD\" srcset=\"https:\/\/www.exclusifmag.com\/online\/wp-content\/uploads\/2024\/03\/3.-Un-centre-village-anime-de-la-Toscane-du-Sud-faisant-le-bonheur-des-visiteurs-c-GAD.jpg 900w, https:\/\/www.exclusifmag.com\/online\/wp-content\/uploads\/2024\/03\/3.-Un-centre-village-anime-de-la-Toscane-du-Sud-faisant-le-bonheur-des-visiteurs-c-GAD-400x300.jpg 400w, https:\/\/www.exclusifmag.com\/online\/wp-content\/uploads\/2024\/03\/3.-Un-centre-village-anime-de-la-Toscane-du-Sud-faisant-le-bonheur-des-visiteurs-c-GAD-768x576.jpg 768w, https:\/\/www.exclusifmag.com\/online\/wp-content\/uploads\/2024\/03\/3.-Un-centre-village-anime-de-la-Toscane-du-Sud-faisant-le-bonheur-des-visiteurs-c-GAD-733x550.jpg 733w\" sizes=\"auto, (max-width: 900px) 100vw, 900px\" \/><\/a>\n\t\t\t<\/dt><\/dl><dl class='gallery-item'>\n\t\t\t<dt class='gallery-icon landscape'>\n\t\t\t\t<a href='https:\/\/www.exclusifmag.com\/online\/wp-content\/uploads\/2024\/03\/2.-Un-paysage-typique-de-la-Toscane-veritable-tableau-de-douceur-et-dapaisement-c-GAD.jpg'><img loading=\"lazy\" decoding=\"async\" width=\"900\" height=\"675\" src=\"https:\/\/www.exclusifmag.com\/online\/wp-content\/uploads\/2024\/03\/2.-Un-paysage-typique-de-la-Toscane-veritable-tableau-de-douceur-et-dapaisement-c-GAD.jpg\" class=\"attachment-large size-large\" alt=\"Un paysage typique de la Toscane v\u00e9ritable tableau de douceur et d&#039;apaisement (c) GAD\" srcset=\"https:\/\/www.exclusifmag.com\/online\/wp-content\/uploads\/2024\/03\/2.-Un-paysage-typique-de-la-Toscane-veritable-tableau-de-douceur-et-dapaisement-c-GAD.jpg 900w, https:\/\/www.exclusifmag.com\/online\/wp-content\/uploads\/2024\/03\/2.-Un-paysage-typique-de-la-Toscane-veritable-tableau-de-douceur-et-dapaisement-c-GAD-400x300.jpg 400w, https:\/\/www.exclusifmag.com\/online\/wp-content\/uploads\/2024\/03\/2.-Un-paysage-typique-de-la-Toscane-veritable-tableau-de-douceur-et-dapaisement-c-GAD-768x576.jpg 768w, https:\/\/www.exclusifmag.com\/online\/wp-content\/uploads\/2024\/03\/2.-Un-paysage-typique-de-la-Toscane-veritable-tableau-de-douceur-et-dapaisement-c-GAD-733x550.jpg 733w\" sizes=\"auto, (max-width: 900px) 100vw, 900px\" \/><\/a>\n\t\t\t<\/dt><\/dl><br style=\"clear: both\" \/>\n\t\t<\/div>\n\n<p>Si, son riche patrimoine se prolonge au-del\u00e0 des vieilles pierres, cath\u00e9drales et mus\u00e9es, avec ses multiples sites, plages, for\u00eats et plateaux offrant autant de promesses de loisirs et de d\u00e9tente, c\u2019est par l\u2019\u00e9tendue de ses vastes domaines seigneuriaux que la Maremme se distingue. Accueillant les h\u00f4tes en des gites, appartements, villas ou <em>resort<\/em> de luxe &#8211; traversant le temps et les fronti\u00e8res &#8211; le succ\u00e8s d\u2019une hospitalit\u00e9 avenante, confortable et gourmande s\u2019est clairement impos\u00e9. Dans une philosophie \u00e9co-responsable et le strict respect de l\u2019int\u00e9grit\u00e9 et la beaut\u00e9 de la nature, transform\u00e9es en fermes, certaines propri\u00e9t\u00e9s s\u2019adonnent ici \u00e0 une exceptionnelle agriculture bio. Proposant leurs produits \u00e0 la vente, en faveur des saisons, elles organisent ponctuellement des visites avec des cours de cuisine et d\u00e9gustations de charcuterie et de fromage\u2026 Quand il ne s\u2019agit pas de la sublime pasta\u00a0! Un pur r\u00e9gal avec les accords mets et vins.<\/p>\n\n\t\t<style type=\"text\/css\">\n\t\t\t#gallery-2 {\n\t\t\t\tmargin: auto;\n\t\t\t}\n\t\t\t#gallery-2 .gallery-item {\n\t\t\t\tfloat: left;\n\t\t\t\tmargin-top: 10px;\n\t\t\t\ttext-align: center;\n\t\t\t\twidth: 50%;\n\t\t\t}\n\t\t\t#gallery-2 img {\n\t\t\t\tborder: 2px solid #cfcfcf;\n\t\t\t}\n\t\t\t#gallery-2 .gallery-caption {\n\t\t\t\tmargin-left: 0;\n\t\t\t}\n\t\t\t\/* see gallery_shortcode() in wp-includes\/media.php *\/\n\t\t<\/style>\n\t\t<div id='gallery-2' class='gallery galleryid-22639 gallery-columns-2 gallery-size-medium'><dl class='gallery-item'>\n\t\t\t<dt class='gallery-icon landscape'>\n\t\t\t\t<a href='https:\/\/www.exclusifmag.com\/online\/wp-content\/uploads\/2024\/03\/4.-Agritourisme-le-merveilleux-panorama-apercu-depuis-les-hauteurs-dune-chambre-de-La-Parrina-lagritourisme-c-GAD-1.jpg'><img loading=\"lazy\" decoding=\"async\" width=\"400\" height=\"300\" src=\"https:\/\/www.exclusifmag.com\/online\/wp-content\/uploads\/2024\/03\/4.-Agritourisme-le-merveilleux-panorama-apercu-depuis-les-hauteurs-dune-chambre-de-La-Parrina-lagritourisme-c-GAD-1-400x300.jpg\" class=\"attachment-medium size-medium\" alt=\"Agritourisme, le merveilleux panorama aper\u00e7u depuis les hauteurs d&#039;une chambre de La Parrina (c) GAD\" srcset=\"https:\/\/www.exclusifmag.com\/online\/wp-content\/uploads\/2024\/03\/4.-Agritourisme-le-merveilleux-panorama-apercu-depuis-les-hauteurs-dune-chambre-de-La-Parrina-lagritourisme-c-GAD-1-400x300.jpg 400w, https:\/\/www.exclusifmag.com\/online\/wp-content\/uploads\/2024\/03\/4.-Agritourisme-le-merveilleux-panorama-apercu-depuis-les-hauteurs-dune-chambre-de-La-Parrina-lagritourisme-c-GAD-1-768x576.jpg 768w, https:\/\/www.exclusifmag.com\/online\/wp-content\/uploads\/2024\/03\/4.-Agritourisme-le-merveilleux-panorama-apercu-depuis-les-hauteurs-dune-chambre-de-La-Parrina-lagritourisme-c-GAD-1-733x550.jpg 733w, https:\/\/www.exclusifmag.com\/online\/wp-content\/uploads\/2024\/03\/4.-Agritourisme-le-merveilleux-panorama-apercu-depuis-les-hauteurs-dune-chambre-de-La-Parrina-lagritourisme-c-GAD-1.jpg 900w\" sizes=\"auto, (max-width: 400px) 100vw, 400px\" \/><\/a>\n\t\t\t<\/dt><\/dl><dl class='gallery-item'>\n\t\t\t<dt class='gallery-icon landscape'>\n\t\t\t\t<a href='https:\/\/www.exclusifmag.com\/online\/wp-content\/uploads\/2024\/03\/5.-Dans-le-decor-bucolique-du-domaine-de-lAntica-Fattoria-La-Parrina-transforme-en-ferme-daccueil-c-GAD.jpg'><img loading=\"lazy\" decoding=\"async\" width=\"400\" height=\"300\" src=\"https:\/\/www.exclusifmag.com\/online\/wp-content\/uploads\/2024\/03\/5.-Dans-le-decor-bucolique-du-domaine-de-lAntica-Fattoria-La-Parrina-transforme-en-ferme-daccueil-c-GAD-400x300.jpg\" class=\"attachment-medium size-medium\" alt=\"Dans le d\u00e9cor bucolique du domaine de l&#039;Antica Fattoria La Parrina transform\u00e9 en ferme d&#039;accueil (c) GAD\" srcset=\"https:\/\/www.exclusifmag.com\/online\/wp-content\/uploads\/2024\/03\/5.-Dans-le-decor-bucolique-du-domaine-de-lAntica-Fattoria-La-Parrina-transforme-en-ferme-daccueil-c-GAD-400x300.jpg 400w, https:\/\/www.exclusifmag.com\/online\/wp-content\/uploads\/2024\/03\/5.-Dans-le-decor-bucolique-du-domaine-de-lAntica-Fattoria-La-Parrina-transforme-en-ferme-daccueil-c-GAD-768x576.jpg 768w, https:\/\/www.exclusifmag.com\/online\/wp-content\/uploads\/2024\/03\/5.-Dans-le-decor-bucolique-du-domaine-de-lAntica-Fattoria-La-Parrina-transforme-en-ferme-daccueil-c-GAD-733x550.jpg 733w, https:\/\/www.exclusifmag.com\/online\/wp-content\/uploads\/2024\/03\/5.-Dans-le-decor-bucolique-du-domaine-de-lAntica-Fattoria-La-Parrina-transforme-en-ferme-daccueil-c-GAD.jpg 900w\" sizes=\"auto, (max-width: 400px) 100vw, 400px\" \/><\/a>\n\t\t\t<\/dt><\/dl><br style=\"clear: both\" \/>\n\t\t<\/div>\n\n<p><em>L\u2019Antica Fattoria La Parrina ou la Parrina<\/em> tout court, est une ferme proposant un de ces h\u00e9bergements de style champ\u00eatre. A quelques minutes de la lagune d\u2019Orbetello &#8211; une des zones naturelles les mieux pr\u00e9serv\u00e9es de la r\u00e9gion &#8211; \u00e0 petite distance du <em>Monte Argentario<\/em> et de <em>Castiglione della Pescaia<\/em>, la c\u00e9l\u00e8bre station baln\u00e9aire. C\u2019est dire que <em>La Parrina<\/em> est magnifiquement situ\u00e9e entre grands espaces et bord de mer, \u00e0 l\u2019or\u00e9e de la M\u00e9diterran\u00e9e et des vignobles\u2026 Dans l\u2019esprit d\u2019une demeure d\u2019\u00e9t\u00e9 entour\u00e9e d\u2019un jardin panoramique, on y respire les parfums d\u2019orangers, tandis que la piscine se love dans l\u2019intimit\u00e9 en bordure des vignes\u2026 Avec un mobilier d\u2019origine, appartements et chambres restent dans l\u2019ambiance d\u2019une \u00e9poque pass\u00e9e avec son \u00e9l\u00e9gance surann\u00e9e et ses souvenirs\u2026 Il est recommand\u00e9 de go\u00fbter les sp\u00e9cialit\u00e9s maisons, plats traditionnels, produits laitiers et vins de la propri\u00e9t\u00e9. Et, pour l\u2019exercice, des sorties \u00e0 v\u00e9lo sont combin\u00e9es pour d\u00e9couvrir vignobles, vergers et oliveraies \u00e0 travers le domaine\u2026<\/p>\n\n\t\t<style type=\"text\/css\">\n\t\t\t#gallery-3 {\n\t\t\t\tmargin: auto;\n\t\t\t}\n\t\t\t#gallery-3 .gallery-item {\n\t\t\t\tfloat: left;\n\t\t\t\tmargin-top: 10px;\n\t\t\t\ttext-align: center;\n\t\t\t\twidth: 33%;\n\t\t\t}\n\t\t\t#gallery-3 img {\n\t\t\t\tborder: 2px solid #cfcfcf;\n\t\t\t}\n\t\t\t#gallery-3 .gallery-caption {\n\t\t\t\tmargin-left: 0;\n\t\t\t}\n\t\t\t\/* see gallery_shortcode() in wp-includes\/media.php *\/\n\t\t<\/style>\n\t\t<div id='gallery-3' class='gallery galleryid-22639 gallery-columns-3 gallery-size-large'><dl class='gallery-item'>\n\t\t\t<dt class='gallery-icon landscape'>\n\t\t\t\t<a href='https:\/\/www.exclusifmag.com\/online\/wp-content\/uploads\/2024\/03\/6.-Avec-un-mobilier-dorigine-lambiance-reste-dune-elegance-surannee-c-GAD.jpg'><img loading=\"lazy\" decoding=\"async\" width=\"900\" height=\"675\" src=\"https:\/\/www.exclusifmag.com\/online\/wp-content\/uploads\/2024\/03\/6.-Avec-un-mobilier-dorigine-lambiance-reste-dune-elegance-surannee-c-GAD.jpg\" class=\"attachment-large size-large\" alt=\"Avec un mobilier d&#039;origine l&#039;ambiance reste d&#039;une \u00e9l\u00e9gance surann\u00e9e (c) GAD\" srcset=\"https:\/\/www.exclusifmag.com\/online\/wp-content\/uploads\/2024\/03\/6.-Avec-un-mobilier-dorigine-lambiance-reste-dune-elegance-surannee-c-GAD.jpg 900w, https:\/\/www.exclusifmag.com\/online\/wp-content\/uploads\/2024\/03\/6.-Avec-un-mobilier-dorigine-lambiance-reste-dune-elegance-surannee-c-GAD-400x300.jpg 400w, https:\/\/www.exclusifmag.com\/online\/wp-content\/uploads\/2024\/03\/6.-Avec-un-mobilier-dorigine-lambiance-reste-dune-elegance-surannee-c-GAD-768x576.jpg 768w, https:\/\/www.exclusifmag.com\/online\/wp-content\/uploads\/2024\/03\/6.-Avec-un-mobilier-dorigine-lambiance-reste-dune-elegance-surannee-c-GAD-733x550.jpg 733w\" sizes=\"auto, (max-width: 900px) 100vw, 900px\" \/><\/a>\n\t\t\t<\/dt><\/dl><dl class='gallery-item'>\n\t\t\t<dt class='gallery-icon landscape'>\n\t\t\t\t<a href='https:\/\/www.exclusifmag.com\/online\/wp-content\/uploads\/2024\/03\/7.-joker-La-Parrina-ou-le-decor-ne-manque-pas-de-rappeler-la-proximite-du-vignoble-du-domaine-c-GAD.jpg'><img loading=\"lazy\" decoding=\"async\" width=\"900\" height=\"675\" src=\"https:\/\/www.exclusifmag.com\/online\/wp-content\/uploads\/2024\/03\/7.-joker-La-Parrina-ou-le-decor-ne-manque-pas-de-rappeler-la-proximite-du-vignoble-du-domaine-c-GAD.jpg\" class=\"attachment-large size-large\" alt=\"La Parrina o\u00f9 le d\u00e9cor ne manque pas de rappeler la proximit\u00e9 du vignoble du domaine (c) GAD\" srcset=\"https:\/\/www.exclusifmag.com\/online\/wp-content\/uploads\/2024\/03\/7.-joker-La-Parrina-ou-le-decor-ne-manque-pas-de-rappeler-la-proximite-du-vignoble-du-domaine-c-GAD.jpg 900w, https:\/\/www.exclusifmag.com\/online\/wp-content\/uploads\/2024\/03\/7.-joker-La-Parrina-ou-le-decor-ne-manque-pas-de-rappeler-la-proximite-du-vignoble-du-domaine-c-GAD-400x300.jpg 400w, https:\/\/www.exclusifmag.com\/online\/wp-content\/uploads\/2024\/03\/7.-joker-La-Parrina-ou-le-decor-ne-manque-pas-de-rappeler-la-proximite-du-vignoble-du-domaine-c-GAD-768x576.jpg 768w, https:\/\/www.exclusifmag.com\/online\/wp-content\/uploads\/2024\/03\/7.-joker-La-Parrina-ou-le-decor-ne-manque-pas-de-rappeler-la-proximite-du-vignoble-du-domaine-c-GAD-733x550.jpg 733w\" sizes=\"auto, (max-width: 900px) 100vw, 900px\" \/><\/a>\n\t\t\t<\/dt><\/dl><dl class='gallery-item'>\n\t\t\t<dt class='gallery-icon landscape'>\n\t\t\t\t<a href='https:\/\/www.exclusifmag.com\/online\/wp-content\/uploads\/2024\/03\/8.-Lagritourisme-sattache-a-mettre-en-valeur-les-produits-laitiers-carnes-et-les-vins-du-terroir-c-GAD.jpg'><img loading=\"lazy\" decoding=\"async\" width=\"900\" height=\"675\" src=\"https:\/\/www.exclusifmag.com\/online\/wp-content\/uploads\/2024\/03\/8.-Lagritourisme-sattache-a-mettre-en-valeur-les-produits-laitiers-carnes-et-les-vins-du-terroir-c-GAD.jpg\" class=\"attachment-large size-large\" alt=\"L&#039;agritourisme s&#039;attache \u00e0 mettre en valeur les produits laitiers, carn\u00e9s et les vins du terroir (c) GAD\" srcset=\"https:\/\/www.exclusifmag.com\/online\/wp-content\/uploads\/2024\/03\/8.-Lagritourisme-sattache-a-mettre-en-valeur-les-produits-laitiers-carnes-et-les-vins-du-terroir-c-GAD.jpg 900w, https:\/\/www.exclusifmag.com\/online\/wp-content\/uploads\/2024\/03\/8.-Lagritourisme-sattache-a-mettre-en-valeur-les-produits-laitiers-carnes-et-les-vins-du-terroir-c-GAD-400x300.jpg 400w, https:\/\/www.exclusifmag.com\/online\/wp-content\/uploads\/2024\/03\/8.-Lagritourisme-sattache-a-mettre-en-valeur-les-produits-laitiers-carnes-et-les-vins-du-terroir-c-GAD-768x576.jpg 768w, https:\/\/www.exclusifmag.com\/online\/wp-content\/uploads\/2024\/03\/8.-Lagritourisme-sattache-a-mettre-en-valeur-les-produits-laitiers-carnes-et-les-vins-du-terroir-c-GAD-733x550.jpg 733w\" sizes=\"auto, (max-width: 900px) 100vw, 900px\" \/><\/a>\n\t\t\t<\/dt><\/dl><br style=\"clear: both\" \/>\n\t\t<\/div>\n\n<p>Si la r\u00e9putation des vins italiens n\u2019est plus \u00e0 faire, s\u2019agissant ici plus particuli\u00e8rement de la Toscane du Sud, il importe de souligner que la r\u00e9gion \u2013 cet ancien mar\u00e9cage \u2013 est en plein essor viticole. Ses reliefs &#8211; de la c\u00f4te vers les collines sur les hauteurs &#8211; d\u00e9voilent une importante vari\u00e9t\u00e9 et, notamment, ces typiques c\u00e9pages <em>sangiovese<\/em> et <em>vermentino<\/em> aux saveurs \u00e9l\u00e9gantes\u2026 A la notori\u00e9t\u00e9 \u00e9tablie et c\u00e9l\u00e9br\u00e9e par de nombreuses distinctions. A parcourir et d\u00e9couvrir, sentiers, chemins ou routes des vins sont propos\u00e9s \u00e0 l\u2019envi avec la visite des vignobles et des chaix. Ces exp\u00e9riences \u00e9picuriennes ne viennent en rien contrarier les pratiques de sports. Randonn\u00e9es, plages et courses \u00e0 v\u00e9lo ou \u00e9quitation ont leurs adeptes, ainsi que le golf et le tennis ! En plein air ou sous couvert, adultes et enfants s\u2019adonnent ici avec joie \u00e0 leurs nombreuses occupations favorites\u2026 Sans oublier les possibilit\u00e9s de spas et autres piscines fitness et wellness\u2026<\/p>\n\n\t\t<style type=\"text\/css\">\n\t\t\t#gallery-4 {\n\t\t\t\tmargin: auto;\n\t\t\t}\n\t\t\t#gallery-4 .gallery-item {\n\t\t\t\tfloat: left;\n\t\t\t\tmargin-top: 10px;\n\t\t\t\ttext-align: center;\n\t\t\t\twidth: 33%;\n\t\t\t}\n\t\t\t#gallery-4 img {\n\t\t\t\tborder: 2px solid #cfcfcf;\n\t\t\t}\n\t\t\t#gallery-4 .gallery-caption {\n\t\t\t\tmargin-left: 0;\n\t\t\t}\n\t\t\t\/* see gallery_shortcode() in wp-includes\/media.php *\/\n\t\t<\/style>\n\t\t<div id='gallery-4' class='gallery galleryid-22639 gallery-columns-3 gallery-size-large'><dl class='gallery-item'>\n\t\t\t<dt class='gallery-icon landscape'>\n\t\t\t\t<a href='https:\/\/www.exclusifmag.com\/online\/wp-content\/uploads\/2024\/03\/9.-La-Parrina-des-visites-de-caves-et-de-chaix-sont-organises-a-la-decouverte-des-vins-de-la-region-c-GAD.jpg'><img loading=\"lazy\" decoding=\"async\" width=\"900\" height=\"675\" src=\"https:\/\/www.exclusifmag.com\/online\/wp-content\/uploads\/2024\/03\/9.-La-Parrina-des-visites-de-caves-et-de-chaix-sont-organises-a-la-decouverte-des-vins-de-la-region-c-GAD.jpg\" class=\"attachment-large size-large\" alt=\"La Parrina des visites de caves et de chais sont organis\u00e9s \u00e0 la d\u00e9couverte des vins de la r\u00e9gion (c) GAD\" srcset=\"https:\/\/www.exclusifmag.com\/online\/wp-content\/uploads\/2024\/03\/9.-La-Parrina-des-visites-de-caves-et-de-chaix-sont-organises-a-la-decouverte-des-vins-de-la-region-c-GAD.jpg 900w, https:\/\/www.exclusifmag.com\/online\/wp-content\/uploads\/2024\/03\/9.-La-Parrina-des-visites-de-caves-et-de-chaix-sont-organises-a-la-decouverte-des-vins-de-la-region-c-GAD-400x300.jpg 400w, https:\/\/www.exclusifmag.com\/online\/wp-content\/uploads\/2024\/03\/9.-La-Parrina-des-visites-de-caves-et-de-chaix-sont-organises-a-la-decouverte-des-vins-de-la-region-c-GAD-768x576.jpg 768w, https:\/\/www.exclusifmag.com\/online\/wp-content\/uploads\/2024\/03\/9.-La-Parrina-des-visites-de-caves-et-de-chaix-sont-organises-a-la-decouverte-des-vins-de-la-region-c-GAD-733x550.jpg 733w\" sizes=\"auto, (max-width: 900px) 100vw, 900px\" \/><\/a>\n\t\t\t<\/dt><\/dl><dl class='gallery-item'>\n\t\t\t<dt class='gallery-icon landscape'>\n\t\t\t\t<a href='https:\/\/www.exclusifmag.com\/online\/wp-content\/uploads\/2024\/03\/10.-Les-collections-des-vins-locaux-fierte-des-domaines-font-lobjet-de-degustations-guidees-c-GAD.jpg'><img loading=\"lazy\" decoding=\"async\" width=\"900\" height=\"675\" src=\"https:\/\/www.exclusifmag.com\/online\/wp-content\/uploads\/2024\/03\/10.-Les-collections-des-vins-locaux-fierte-des-domaines-font-lobjet-de-degustations-guidees-c-GAD.jpg\" class=\"attachment-large size-large\" alt=\"Les collections des vins locaux, fiert\u00e9 des domaines font l&#039;objet de d\u00e9gustations guid\u00e9es (c) GAD\" srcset=\"https:\/\/www.exclusifmag.com\/online\/wp-content\/uploads\/2024\/03\/10.-Les-collections-des-vins-locaux-fierte-des-domaines-font-lobjet-de-degustations-guidees-c-GAD.jpg 900w, https:\/\/www.exclusifmag.com\/online\/wp-content\/uploads\/2024\/03\/10.-Les-collections-des-vins-locaux-fierte-des-domaines-font-lobjet-de-degustations-guidees-c-GAD-400x300.jpg 400w, https:\/\/www.exclusifmag.com\/online\/wp-content\/uploads\/2024\/03\/10.-Les-collections-des-vins-locaux-fierte-des-domaines-font-lobjet-de-degustations-guidees-c-GAD-768x576.jpg 768w, https:\/\/www.exclusifmag.com\/online\/wp-content\/uploads\/2024\/03\/10.-Les-collections-des-vins-locaux-fierte-des-domaines-font-lobjet-de-degustations-guidees-c-GAD-733x550.jpg 733w\" sizes=\"auto, (max-width: 900px) 100vw, 900px\" \/><\/a>\n\t\t\t<\/dt><\/dl><dl class='gallery-item'>\n\t\t\t<dt class='gallery-icon landscape'>\n\t\t\t\t<a href='https:\/\/www.exclusifmag.com\/online\/wp-content\/uploads\/2024\/03\/11.-Des-tresors-de-vieilles-bouteilles-de-vins-inestimables-restent-en-exposition-au-domaine-c-GAD.jpg'><img loading=\"lazy\" decoding=\"async\" width=\"900\" height=\"675\" src=\"https:\/\/www.exclusifmag.com\/online\/wp-content\/uploads\/2024\/03\/11.-Des-tresors-de-vieilles-bouteilles-de-vins-inestimables-restent-en-exposition-au-domaine-c-GAD.jpg\" class=\"attachment-large size-large\" alt=\"Des tr\u00e9sors de vieilles bouteilles de vins inestimables restent en exposition au domaine (c) GAD\" srcset=\"https:\/\/www.exclusifmag.com\/online\/wp-content\/uploads\/2024\/03\/11.-Des-tresors-de-vieilles-bouteilles-de-vins-inestimables-restent-en-exposition-au-domaine-c-GAD.jpg 900w, https:\/\/www.exclusifmag.com\/online\/wp-content\/uploads\/2024\/03\/11.-Des-tresors-de-vieilles-bouteilles-de-vins-inestimables-restent-en-exposition-au-domaine-c-GAD-400x300.jpg 400w, https:\/\/www.exclusifmag.com\/online\/wp-content\/uploads\/2024\/03\/11.-Des-tresors-de-vieilles-bouteilles-de-vins-inestimables-restent-en-exposition-au-domaine-c-GAD-768x576.jpg 768w, https:\/\/www.exclusifmag.com\/online\/wp-content\/uploads\/2024\/03\/11.-Des-tresors-de-vieilles-bouteilles-de-vins-inestimables-restent-en-exposition-au-domaine-c-GAD-733x550.jpg 733w\" sizes=\"auto, (max-width: 900px) 100vw, 900px\" \/><\/a>\n\t\t\t<\/dt><\/dl><br style=\"clear: both\" \/>\n\t\t<\/div>\n\n<p>Dans cet esprit d\u2019accueil, autour de la gastronomie et des vins, un <em>cooking<\/em> <em>show <\/em>spectaculaire se tient en une ancienne villa du XVIIIe si\u00e8cle. La <em>Tenuta Il Fontino,<\/em> une exploitation familiale agricole en biodynamique dont les propri\u00e9taires re\u00e7oivent les convives pour une joyeuse exp\u00e9rience gourmande en harmonie avec leur philosophie du naturel. Un grand moment dans le souci du respect des usages d\u2019antan. Sans artifices ni chimiques\u00a0! Partageant la passion de la qualit\u00e9, avec un accueil bon enfant, on vous invite \u00e0 mettre la main \u00e0 la p\u00e2te dans une cuisine ouverte sur le public.\u2026 Le Chef choisit les produits de la ferme cultiv\u00e9s sur le domaine, il p\u00e8se, m\u00e9lange, mixe, assaisonne, ce qui deviendra un fabuleux plat de tortellinis\u2026 \u00e0 savourer ! Accords vins compris\u00a0! Les participants ne peuvent qu\u2019admirer son talent, son enthousiasme et son\u2026 charisme. <em>La Tenuta di Fontino<\/em> re\u00e7oit \u00e9galement des h\u00f4tes pour des s\u00e9jours bucoliques \u00e0 combiner avec une douce s\u00e9r\u00e9nit\u00e9 gourmande.<\/p>\n\n\t\t<style type=\"text\/css\">\n\t\t\t#gallery-5 {\n\t\t\t\tmargin: auto;\n\t\t\t}\n\t\t\t#gallery-5 .gallery-item {\n\t\t\t\tfloat: left;\n\t\t\t\tmargin-top: 10px;\n\t\t\t\ttext-align: center;\n\t\t\t\twidth: 50%;\n\t\t\t}\n\t\t\t#gallery-5 img {\n\t\t\t\tborder: 2px solid #cfcfcf;\n\t\t\t}\n\t\t\t#gallery-5 .gallery-caption {\n\t\t\t\tmargin-left: 0;\n\t\t\t}\n\t\t\t\/* see gallery_shortcode() in wp-includes\/media.php *\/\n\t\t<\/style>\n\t\t<div id='gallery-5' class='gallery galleryid-22639 gallery-columns-2 gallery-size-medium'><dl class='gallery-item'>\n\t\t\t<dt class='gallery-icon landscape'>\n\t\t\t\t<a href='https:\/\/www.exclusifmag.com\/online\/wp-content\/uploads\/2024\/03\/12.-Cours-de-cuisine-et-de-degustation-le-Chef-de-la-Tenuta-Il-Fontino-en-pleine-action-c-GAD.jpg'><img loading=\"lazy\" decoding=\"async\" width=\"400\" height=\"300\" src=\"https:\/\/www.exclusifmag.com\/online\/wp-content\/uploads\/2024\/03\/12.-Cours-de-cuisine-et-de-degustation-le-Chef-de-la-Tenuta-Il-Fontino-en-pleine-action-c-GAD-400x300.jpg\" class=\"attachment-medium size-medium\" alt=\"Cours de cuisine et de d\u00e9gustation le Chef de la Tenuta Il Fontino en pleine action (c) GAD\" srcset=\"https:\/\/www.exclusifmag.com\/online\/wp-content\/uploads\/2024\/03\/12.-Cours-de-cuisine-et-de-degustation-le-Chef-de-la-Tenuta-Il-Fontino-en-pleine-action-c-GAD-400x300.jpg 400w, https:\/\/www.exclusifmag.com\/online\/wp-content\/uploads\/2024\/03\/12.-Cours-de-cuisine-et-de-degustation-le-Chef-de-la-Tenuta-Il-Fontino-en-pleine-action-c-GAD-768x576.jpg 768w, https:\/\/www.exclusifmag.com\/online\/wp-content\/uploads\/2024\/03\/12.-Cours-de-cuisine-et-de-degustation-le-Chef-de-la-Tenuta-Il-Fontino-en-pleine-action-c-GAD-733x550.jpg 733w, https:\/\/www.exclusifmag.com\/online\/wp-content\/uploads\/2024\/03\/12.-Cours-de-cuisine-et-de-degustation-le-Chef-de-la-Tenuta-Il-Fontino-en-pleine-action-c-GAD.jpg 900w\" sizes=\"auto, (max-width: 400px) 100vw, 400px\" \/><\/a>\n\t\t\t<\/dt><\/dl><dl class='gallery-item'>\n\t\t\t<dt class='gallery-icon landscape'>\n\t\t\t\t<a href='https:\/\/www.exclusifmag.com\/online\/wp-content\/uploads\/2024\/03\/14.-Commerce-de-proximite-les-produits-de-la-ferme-vins-et-et-autres-specialites-regionales-sont-sur-tous-les-etals-c-GAD.jpg'><img loading=\"lazy\" decoding=\"async\" width=\"400\" height=\"300\" src=\"https:\/\/www.exclusifmag.com\/online\/wp-content\/uploads\/2024\/03\/14.-Commerce-de-proximite-les-produits-de-la-ferme-vins-et-et-autres-specialites-regionales-sont-sur-tous-les-etals-c-GAD-400x300.jpg\" class=\"attachment-medium size-medium\" alt=\"Commerce de proximit\u00e9, les produits de la ferme, vins et autres sp\u00e9cialit\u00e9s r\u00e9gionales sont sur tous les \u00e9tals (c) GAD\" srcset=\"https:\/\/www.exclusifmag.com\/online\/wp-content\/uploads\/2024\/03\/14.-Commerce-de-proximite-les-produits-de-la-ferme-vins-et-et-autres-specialites-regionales-sont-sur-tous-les-etals-c-GAD-400x300.jpg 400w, https:\/\/www.exclusifmag.com\/online\/wp-content\/uploads\/2024\/03\/14.-Commerce-de-proximite-les-produits-de-la-ferme-vins-et-et-autres-specialites-regionales-sont-sur-tous-les-etals-c-GAD-768x576.jpg 768w, https:\/\/www.exclusifmag.com\/online\/wp-content\/uploads\/2024\/03\/14.-Commerce-de-proximite-les-produits-de-la-ferme-vins-et-et-autres-specialites-regionales-sont-sur-tous-les-etals-c-GAD-733x550.jpg 733w, https:\/\/www.exclusifmag.com\/online\/wp-content\/uploads\/2024\/03\/14.-Commerce-de-proximite-les-produits-de-la-ferme-vins-et-et-autres-specialites-regionales-sont-sur-tous-les-etals-c-GAD.jpg 900w\" sizes=\"auto, (max-width: 400px) 100vw, 400px\" \/><\/a>\n\t\t\t<\/dt><\/dl><br style=\"clear: both\" \/>\n\t\t<\/div>\n\n<p>L\u2019Italie s\u2019est tourn\u00e9e vers l\u2019agrotourisme vers la fin du XXe si\u00e8cle, quand les agriculteurs ont commenc\u00e9 \u00e0 transformer leurs propri\u00e9t\u00e9s en lieux d\u2019accueils\u2026 Le succ\u00e8s a suivi attirant un nouveau public ravi de d\u00e9couvrir un mode de s\u00e9jour in\u00e9dit. Dans cette recherche du naturel et, davantage encore, de l\u2019authentique, l<em>e Montebelli Agriturismo Country H\u00f4tel<\/em> est un <em>resort<\/em> de campagne \u00e0 vocation holistique\u2026 Entre vignes et oliveraies, dans une ambiance d\u2019une luxuriante beaut\u00e9, c\u2019est une ferme-r\u00e9sidence con\u00e7ue pour oublier l\u2019agitation du quotidien. Spa, piscine et soins attirent ici les h\u00f4tes en mal de d\u00e9tente. Pour les activit\u00e9s sportives, un superbe parc se pr\u00eate aux courses \u00e0 pieds et aux promenades. Par des sentiers et chemins vicinaux, les randonneurs peuvent d\u00e9couvrir les perspectives \u00e9blouissantes propres \u00e0 la Maremme et sa r\u00e9gion. En harmonie avec l\u2019environnement, le restaurant du <em>Montebelli <\/em>propose une carte r\u00e9gionale traditionnelle et raffin\u00e9e avec des produits bios de la propri\u00e9t\u00e9.<\/p>\n\n\t\t<style type=\"text\/css\">\n\t\t\t#gallery-6 {\n\t\t\t\tmargin: auto;\n\t\t\t}\n\t\t\t#gallery-6 .gallery-item {\n\t\t\t\tfloat: left;\n\t\t\t\tmargin-top: 10px;\n\t\t\t\ttext-align: center;\n\t\t\t\twidth: 33%;\n\t\t\t}\n\t\t\t#gallery-6 img {\n\t\t\t\tborder: 2px solid #cfcfcf;\n\t\t\t}\n\t\t\t#gallery-6 .gallery-caption {\n\t\t\t\tmargin-left: 0;\n\t\t\t}\n\t\t\t\/* see gallery_shortcode() in wp-includes\/media.php *\/\n\t\t<\/style>\n\t\t<div id='gallery-6' class='gallery galleryid-22639 gallery-columns-3 gallery-size-large'><dl class='gallery-item'>\n\t\t\t<dt class='gallery-icon landscape'>\n\t\t\t\t<a href='https:\/\/www.exclusifmag.com\/online\/wp-content\/uploads\/2024\/03\/15.-Jardins-du-Montebelli-Agriturismo-Country-Hotel-Montebelli-un-resort-a-vocation-holistique-c-GAD.jpg'><img loading=\"lazy\" decoding=\"async\" width=\"900\" height=\"675\" src=\"https:\/\/www.exclusifmag.com\/online\/wp-content\/uploads\/2024\/03\/15.-Jardins-du-Montebelli-Agriturismo-Country-Hotel-Montebelli-un-resort-a-vocation-holistique-c-GAD.jpg\" class=\"attachment-large size-large\" alt=\"Jardins du Montebelli Agriturismo Country Hotel Montebelli un resort \u00e0 vocation holistique (c) GAD\" srcset=\"https:\/\/www.exclusifmag.com\/online\/wp-content\/uploads\/2024\/03\/15.-Jardins-du-Montebelli-Agriturismo-Country-Hotel-Montebelli-un-resort-a-vocation-holistique-c-GAD.jpg 900w, https:\/\/www.exclusifmag.com\/online\/wp-content\/uploads\/2024\/03\/15.-Jardins-du-Montebelli-Agriturismo-Country-Hotel-Montebelli-un-resort-a-vocation-holistique-c-GAD-400x300.jpg 400w, https:\/\/www.exclusifmag.com\/online\/wp-content\/uploads\/2024\/03\/15.-Jardins-du-Montebelli-Agriturismo-Country-Hotel-Montebelli-un-resort-a-vocation-holistique-c-GAD-768x576.jpg 768w, https:\/\/www.exclusifmag.com\/online\/wp-content\/uploads\/2024\/03\/15.-Jardins-du-Montebelli-Agriturismo-Country-Hotel-Montebelli-un-resort-a-vocation-holistique-c-GAD-733x550.jpg 733w\" sizes=\"auto, (max-width: 900px) 100vw, 900px\" \/><\/a>\n\t\t\t<\/dt><\/dl><dl class='gallery-item'>\n\t\t\t<dt class='gallery-icon landscape'>\n\t\t\t\t<a href='https:\/\/www.exclusifmag.com\/online\/wp-content\/uploads\/2024\/03\/16.-Entre-vignes-et-oliverais-lenvironnement-du-Montebelli-a-la-luxuriante-beaute-c-GAD.jpg'><img loading=\"lazy\" decoding=\"async\" width=\"900\" height=\"675\" src=\"https:\/\/www.exclusifmag.com\/online\/wp-content\/uploads\/2024\/03\/16.-Entre-vignes-et-oliverais-lenvironnement-du-Montebelli-a-la-luxuriante-beaute-c-GAD.jpg\" class=\"attachment-large size-large\" alt=\"Entre vignes et oliveraies l&#039;environnement du Montebelli \u00e0 la luxuriante beaut\u00e9 (c) GAD\" srcset=\"https:\/\/www.exclusifmag.com\/online\/wp-content\/uploads\/2024\/03\/16.-Entre-vignes-et-oliverais-lenvironnement-du-Montebelli-a-la-luxuriante-beaute-c-GAD.jpg 900w, https:\/\/www.exclusifmag.com\/online\/wp-content\/uploads\/2024\/03\/16.-Entre-vignes-et-oliverais-lenvironnement-du-Montebelli-a-la-luxuriante-beaute-c-GAD-400x300.jpg 400w, https:\/\/www.exclusifmag.com\/online\/wp-content\/uploads\/2024\/03\/16.-Entre-vignes-et-oliverais-lenvironnement-du-Montebelli-a-la-luxuriante-beaute-c-GAD-768x576.jpg 768w, https:\/\/www.exclusifmag.com\/online\/wp-content\/uploads\/2024\/03\/16.-Entre-vignes-et-oliverais-lenvironnement-du-Montebelli-a-la-luxuriante-beaute-c-GAD-733x550.jpg 733w\" sizes=\"auto, (max-width: 900px) 100vw, 900px\" \/><\/a>\n\t\t\t<\/dt><\/dl><dl class='gallery-item'>\n\t\t\t<dt class='gallery-icon landscape'>\n\t\t\t\t<a href='https:\/\/www.exclusifmag.com\/online\/wp-content\/uploads\/2024\/03\/17.-Entre-wellness-et-deltente-le-Montebelli-est-un-lieu-de-ressourcment-profitant-a-lesprit-et-au-corps-c-GAD.jpg'><img loading=\"lazy\" decoding=\"async\" width=\"900\" height=\"675\" src=\"https:\/\/www.exclusifmag.com\/online\/wp-content\/uploads\/2024\/03\/17.-Entre-wellness-et-deltente-le-Montebelli-est-un-lieu-de-ressourcment-profitant-a-lesprit-et-au-corps-c-GAD.jpg\" class=\"attachment-large size-large\" alt=\"Entre wellness et d\u00e9ltente, le Montebelli est un lieu de ressourcement profitant \u00e0 l&#039;esprit et au corps (c) GAD\" srcset=\"https:\/\/www.exclusifmag.com\/online\/wp-content\/uploads\/2024\/03\/17.-Entre-wellness-et-deltente-le-Montebelli-est-un-lieu-de-ressourcment-profitant-a-lesprit-et-au-corps-c-GAD.jpg 900w, https:\/\/www.exclusifmag.com\/online\/wp-content\/uploads\/2024\/03\/17.-Entre-wellness-et-deltente-le-Montebelli-est-un-lieu-de-ressourcment-profitant-a-lesprit-et-au-corps-c-GAD-400x300.jpg 400w, https:\/\/www.exclusifmag.com\/online\/wp-content\/uploads\/2024\/03\/17.-Entre-wellness-et-deltente-le-Montebelli-est-un-lieu-de-ressourcment-profitant-a-lesprit-et-au-corps-c-GAD-768x576.jpg 768w, https:\/\/www.exclusifmag.com\/online\/wp-content\/uploads\/2024\/03\/17.-Entre-wellness-et-deltente-le-Montebelli-est-un-lieu-de-ressourcment-profitant-a-lesprit-et-au-corps-c-GAD-733x550.jpg 733w\" sizes=\"auto, (max-width: 900px) 100vw, 900px\" \/><\/a>\n\t\t\t<\/dt><\/dl><br style=\"clear: both\" \/>\n\t\t<\/div>\n\n<p>Apparent\u00e9e \u00e0 cette m\u00eame mouvance, recherchant une dimension reli\u00e9e \u00e0 la quintessence du ressenti, de la satisfaction et du bien-\u00eatre, <em>Tenuta Il Cicalino<\/em>, de son c\u00f4t\u00e9, se veut une invitation \u00e0 se reconnecter \u00e0 la vie. Dans toute la pl\u00e9nitude des sens, parfums et silences ! La charte est ici ambitieuse. Retrouver l\u2019authenticit\u00e9 de l\u2019environnement et des choses par des activit\u00e9s sportives ou, s\u2019en approcher par la d\u00e9tente, est une subtile affaire\u00a0! \u00a0Aussi, <em>Il Cicalino<\/em> pr\u00e9tend-il \u00a0passer par une hospitalit\u00e9 revisit\u00e9e lanc\u00e9e cr\u00e2nement sur les chemins de la red\u00e9couverte\u2026 des sentiments\u00a0! L\u2019importante installation de remise en forme t\u00e9moigne de cette volont\u00e9. Point n\u00e9vralgique du <em>resort<\/em>, au centre d\u2019un ensemble de six b\u00e2tis de fermes constituant les appartements et chambres, un espace <em>wellness<\/em> complet avec yoga, m\u00e9ditation \u00a0soins et exercices et 4 piscines accueille les clients. Le restaurant au c\u0153ur d\u2019une oliveraie, compl\u00e8te ce s\u00e9duisant tableau. La Toscane du Sud, une bienheureuse plong\u00e9e dans le temps et l\u2019excellence. A visiter sans tarder.<\/p>\n\n\t\t<style type=\"text\/css\">\n\t\t\t#gallery-7 {\n\t\t\t\tmargin: auto;\n\t\t\t}\n\t\t\t#gallery-7 .gallery-item {\n\t\t\t\tfloat: left;\n\t\t\t\tmargin-top: 10px;\n\t\t\t\ttext-align: center;\n\t\t\t\twidth: 33%;\n\t\t\t}\n\t\t\t#gallery-7 img {\n\t\t\t\tborder: 2px solid #cfcfcf;\n\t\t\t}\n\t\t\t#gallery-7 .gallery-caption {\n\t\t\t\tmargin-left: 0;\n\t\t\t}\n\t\t\t\/* see gallery_shortcode() in wp-includes\/media.php *\/\n\t\t<\/style>\n\t\t<div id='gallery-7' class='gallery galleryid-22639 gallery-columns-3 gallery-size-large'><dl class='gallery-item'>\n\t\t\t<dt class='gallery-icon landscape'>\n\t\t\t\t<a href='https:\/\/www.exclusifmag.com\/online\/wp-content\/uploads\/2024\/03\/18.-Il-Cicalino-possede-4-piscines-dont-ce-bassin-en-plein-air-entoure-dune-luxuriante-vegetation-c-La-Tenuta-il-Cicolino-_.jpg'><img loading=\"lazy\" decoding=\"async\" width=\"900\" height=\"675\" src=\"https:\/\/www.exclusifmag.com\/online\/wp-content\/uploads\/2024\/03\/18.-Il-Cicalino-possede-4-piscines-dont-ce-bassin-en-plein-air-entoure-dune-luxuriante-vegetation-c-La-Tenuta-il-Cicolino-_.jpg\" class=\"attachment-large size-large\" alt=\"Il Cicalino poss\u00e8de 4 piscines dont ce bassin en plein air entour\u00e9 d&#039;une luxuriante v\u00e9g\u00e9tation (c) La Tenuta il Cicolino _\" srcset=\"https:\/\/www.exclusifmag.com\/online\/wp-content\/uploads\/2024\/03\/18.-Il-Cicalino-possede-4-piscines-dont-ce-bassin-en-plein-air-entoure-dune-luxuriante-vegetation-c-La-Tenuta-il-Cicolino-_.jpg 900w, https:\/\/www.exclusifmag.com\/online\/wp-content\/uploads\/2024\/03\/18.-Il-Cicalino-possede-4-piscines-dont-ce-bassin-en-plein-air-entoure-dune-luxuriante-vegetation-c-La-Tenuta-il-Cicolino-_-400x300.jpg 400w, https:\/\/www.exclusifmag.com\/online\/wp-content\/uploads\/2024\/03\/18.-Il-Cicalino-possede-4-piscines-dont-ce-bassin-en-plein-air-entoure-dune-luxuriante-vegetation-c-La-Tenuta-il-Cicolino-_-768x576.jpg 768w, https:\/\/www.exclusifmag.com\/online\/wp-content\/uploads\/2024\/03\/18.-Il-Cicalino-possede-4-piscines-dont-ce-bassin-en-plein-air-entoure-dune-luxuriante-vegetation-c-La-Tenuta-il-Cicolino-_-733x550.jpg 733w\" sizes=\"auto, (max-width: 900px) 100vw, 900px\" \/><\/a>\n\t\t\t<\/dt><\/dl><dl class='gallery-item'>\n\t\t\t<dt class='gallery-icon landscape'>\n\t\t\t\t<a href='https:\/\/www.exclusifmag.com\/online\/wp-content\/uploads\/2024\/03\/19-Detente-apres-la-remise-en-forme-et-les-soins-un-espace-de-serenite-reserve-aux-hotes-c-La-Tenuta-il-Cicalino.jpg'><img loading=\"lazy\" decoding=\"async\" width=\"900\" height=\"675\" src=\"https:\/\/www.exclusifmag.com\/online\/wp-content\/uploads\/2024\/03\/19-Detente-apres-la-remise-en-forme-et-les-soins-un-espace-de-serenite-reserve-aux-hotes-c-La-Tenuta-il-Cicalino.jpg\" class=\"attachment-large size-large\" alt=\"D\u00e9tente apr\u00e8s la remise en forme et les soins un espace de s\u00e9r\u00e9nit\u00e9 r\u00e9serv\u00e9 aux h\u00f4tes (c) La Tenuta il Cicalino\" srcset=\"https:\/\/www.exclusifmag.com\/online\/wp-content\/uploads\/2024\/03\/19-Detente-apres-la-remise-en-forme-et-les-soins-un-espace-de-serenite-reserve-aux-hotes-c-La-Tenuta-il-Cicalino.jpg 900w, https:\/\/www.exclusifmag.com\/online\/wp-content\/uploads\/2024\/03\/19-Detente-apres-la-remise-en-forme-et-les-soins-un-espace-de-serenite-reserve-aux-hotes-c-La-Tenuta-il-Cicalino-400x300.jpg 400w, https:\/\/www.exclusifmag.com\/online\/wp-content\/uploads\/2024\/03\/19-Detente-apres-la-remise-en-forme-et-les-soins-un-espace-de-serenite-reserve-aux-hotes-c-La-Tenuta-il-Cicalino-768x576.jpg 768w, https:\/\/www.exclusifmag.com\/online\/wp-content\/uploads\/2024\/03\/19-Detente-apres-la-remise-en-forme-et-les-soins-un-espace-de-serenite-reserve-aux-hotes-c-La-Tenuta-il-Cicalino-733x550.jpg 733w\" sizes=\"auto, (max-width: 900px) 100vw, 900px\" \/><\/a>\n\t\t\t<\/dt><\/dl><dl class='gallery-item'>\n\t\t\t<dt class='gallery-icon landscape'>\n\t\t\t\t<a href='https:\/\/www.exclusifmag.com\/online\/wp-content\/uploads\/2024\/03\/20.-Dans-lintimite-du-restaurant-et-ses-abords-un-lieu-de-retrouvailles-a-la-tombee-de-la-nuit-c-La-Tenuta-il-Cicalino.jpg'><img loading=\"lazy\" decoding=\"async\" width=\"900\" height=\"675\" src=\"https:\/\/www.exclusifmag.com\/online\/wp-content\/uploads\/2024\/03\/20.-Dans-lintimite-du-restaurant-et-ses-abords-un-lieu-de-retrouvailles-a-la-tombee-de-la-nuit-c-La-Tenuta-il-Cicalino.jpg\" class=\"attachment-large size-large\" alt=\"Dans l&#039;intimit\u00e9 du restaurant et ses abords, un lieu de retrouvailles \u00e0 la tomb\u00e9e de la nuit (c) La Tenuta il Cicalino\" srcset=\"https:\/\/www.exclusifmag.com\/online\/wp-content\/uploads\/2024\/03\/20.-Dans-lintimite-du-restaurant-et-ses-abords-un-lieu-de-retrouvailles-a-la-tombee-de-la-nuit-c-La-Tenuta-il-Cicalino.jpg 900w, https:\/\/www.exclusifmag.com\/online\/wp-content\/uploads\/2024\/03\/20.-Dans-lintimite-du-restaurant-et-ses-abords-un-lieu-de-retrouvailles-a-la-tombee-de-la-nuit-c-La-Tenuta-il-Cicalino-400x300.jpg 400w, https:\/\/www.exclusifmag.com\/online\/wp-content\/uploads\/2024\/03\/20.-Dans-lintimite-du-restaurant-et-ses-abords-un-lieu-de-retrouvailles-a-la-tombee-de-la-nuit-c-La-Tenuta-il-Cicalino-768x576.jpg 768w, https:\/\/www.exclusifmag.com\/online\/wp-content\/uploads\/2024\/03\/20.-Dans-lintimite-du-restaurant-et-ses-abords-un-lieu-de-retrouvailles-a-la-tombee-de-la-nuit-c-La-Tenuta-il-Cicalino-733x550.jpg 733w\" sizes=\"auto, (max-width: 900px) 100vw, 900px\" \/><\/a>\n\t\t\t<\/dt><\/dl><br style=\"clear: both\" \/>\n\t\t<\/div>\n\n<p>&nbsp;<\/p>\n<p>&nbsp;<\/p>\n","protected":false},"excerpt":{"rendered":"<p>Agritourisme en Toscane du Sud<br \/>\nS\u00e9jours retour aux sources<br \/>\nEntre activit\u00e9s et d\u00e9tente<\/p>\n","protected":false},"author":1,"featured_media":22646,"comment_status":"open","ping_status":"open","sticky":false,"template":"","format":"standard","meta":{"footnotes":""},"categories":[15,145,14],"tags":[1815,1816,1808,1817,1818,1819,1809],"class_list":["post-22639","post","type-post","status-publish","format-standard","has-post-thumbnail","hentry","category-escapades","category-infos-news","category-voyages","tag-agritourisme","tag-lantica-fattoria","tag-la-maremme","tag-la-parrina","tag-la-tenuta-il-fontino","tag-le-montebelli-agriturismo-country-hotel","tag-toscane-du-sud"],"_links":{"self":[{"href":"https:\/\/www.exclusifmag.com\/online\/wp-json\/wp\/v2\/posts\/22639","targetHints":{"allow":["GET"]}}],"collection":[{"href":"https:\/\/www.exclusifmag.com\/online\/wp-json\/wp\/v2\/posts"}],"about":[{"href":"https:\/\/www.exclusifmag.com\/online\/wp-json\/wp\/v2\/types\/post"}],"author":[{"embeddable":true,"href":"https:\/\/www.exclusifmag.com\/online\/wp-json\/wp\/v2\/users\/1"}],"replies":[{"embeddable":true,"href":"https:\/\/www.exclusifmag.com\/online\/wp-json\/wp\/v2\/comments?post=22639"}],"version-history":[{"count":19,"href":"https:\/\/www.exclusifmag.com\/online\/wp-json\/wp\/v2\/posts\/22639\/revisions"}],"predecessor-version":[{"id":22689,"href":"https:\/\/www.exclusifmag.com\/online\/wp-json\/wp\/v2\/posts\/22639\/revisions\/22689"}],"wp:featuredmedia":[{"embeddable":true,"href":"https:\/\/www.exclusifmag.com\/online\/wp-json\/wp\/v2\/media\/22646"}],"wp:attachment":[{"href":"https:\/\/www.exclusifmag.com\/online\/wp-json\/wp\/v2\/media?parent=22639"}],"wp:term":[{"taxonomy":"category","embeddable":true,"href":"https:\/\/www.exclusifmag.com\/online\/wp-json\/wp\/v2\/categories?post=22639"},{"taxonomy":"post_tag","embeddable":true,"href":"https:\/\/www.exclusifmag.com\/online\/wp-json\/wp\/v2\/tags?post=22639"}],"curies":[{"name":"wp","href":"https:\/\/api.w.org\/{rel}","templated":true}]}}