{"id":23184,"date":"2024-06-16T20:18:51","date_gmt":"2024-06-16T18:18:51","guid":{"rendered":"https:\/\/www.exclusifmag.com\/online\/?p=23184"},"modified":"2024-06-18T19:05:43","modified_gmt":"2024-06-18T17:05:43","slug":"theatre-le-poche-geneve","status":"publish","type":"post","link":"https:\/\/www.exclusifmag.com\/online\/theatre-le-poche-geneve\/","title":{"rendered":"Th\u00e9\u00e2tre Le Poche Gen\u00e8ve"},"content":{"rendered":"<h2>Martine Corbat \u00e0 la direction<\/h2>\n<h2><em>D\u00e8s la saison 2025-2026 <\/em><\/h2>\n<p><strong>Elle l\u2019a remport\u00e9 haut la main\u00a0! Apr\u00e8s le processus de s\u00e9lection qui a suivi la mise en concours du poste et la vingtaine de candidatures re\u00e7ues, le Conseil de la Fondation d\u2019art dramatique (FAD) a nomm\u00e9 Martine Corbat \u00e0 la t\u00eate du Poche Gen\u00e8ve. Offrant au public ses multiples talents et pratiques, \u00e0 partir du 1er juillet 2025, la nouvelle Directrice d\u00e9posera sur l\u2019autel du Th\u00e9\u00e2tre de la Vieille-Ville, un dossier de programmation riche et singulier A d\u00e9couvrir au fil de la saison<\/strong>.<\/p>\n\n\t\t<style type=\"text\/css\">\n\t\t\t#gallery-1 {\n\t\t\t\tmargin: auto;\n\t\t\t}\n\t\t\t#gallery-1 .gallery-item {\n\t\t\t\tfloat: left;\n\t\t\t\tmargin-top: 10px;\n\t\t\t\ttext-align: center;\n\t\t\t\twidth: 50%;\n\t\t\t}\n\t\t\t#gallery-1 img {\n\t\t\t\tborder: 2px solid #cfcfcf;\n\t\t\t}\n\t\t\t#gallery-1 .gallery-caption {\n\t\t\t\tmargin-left: 0;\n\t\t\t}\n\t\t\t\/* see gallery_shortcode() in wp-includes\/media.php *\/\n\t\t<\/style>\n\t\t<div id='gallery-1' class='gallery galleryid-23184 gallery-columns-2 gallery-size-medium'><dl class='gallery-item'>\n\t\t\t<dt class='gallery-icon landscape'>\n\t\t\t\t<a href='https:\/\/www.exclusifmag.com\/online\/wp-content\/uploads\/2024\/06\/2.-Lorella-Bertani-Presidente-de-la-Fondation-dart-dramatique-FAD-avec-Martine-Corbat-a-la-conference-de-presse-c-Chloe-Cohen.jpg'><img loading=\"lazy\" decoding=\"async\" width=\"400\" height=\"267\" src=\"https:\/\/www.exclusifmag.com\/online\/wp-content\/uploads\/2024\/06\/2.-Lorella-Bertani-Presidente-de-la-Fondation-dart-dramatique-FAD-avec-Martine-Corbat-a-la-conference-de-presse-c-Chloe-Cohen-400x267.jpg\" class=\"attachment-medium size-medium\" alt=\"Lorella Bertani, Pr\u00e9sidente de la Fondation d\u2019art dramatique (FAD) avec Martine Corbat \u00e0 la conf\u00e9rence de presse (c) Chlo\u00e9 Cohen\" srcset=\"https:\/\/www.exclusifmag.com\/online\/wp-content\/uploads\/2024\/06\/2.-Lorella-Bertani-Presidente-de-la-Fondation-dart-dramatique-FAD-avec-Martine-Corbat-a-la-conference-de-presse-c-Chloe-Cohen-400x267.jpg 400w, https:\/\/www.exclusifmag.com\/online\/wp-content\/uploads\/2024\/06\/2.-Lorella-Bertani-Presidente-de-la-Fondation-dart-dramatique-FAD-avec-Martine-Corbat-a-la-conference-de-presse-c-Chloe-Cohen-768x512.jpg 768w, https:\/\/www.exclusifmag.com\/online\/wp-content\/uploads\/2024\/06\/2.-Lorella-Bertani-Presidente-de-la-Fondation-dart-dramatique-FAD-avec-Martine-Corbat-a-la-conference-de-presse-c-Chloe-Cohen-825x550.jpg 825w, https:\/\/www.exclusifmag.com\/online\/wp-content\/uploads\/2024\/06\/2.-Lorella-Bertani-Presidente-de-la-Fondation-dart-dramatique-FAD-avec-Martine-Corbat-a-la-conference-de-presse-c-Chloe-Cohen.jpg 900w\" sizes=\"auto, (max-width: 400px) 100vw, 400px\" \/><\/a>\n\t\t\t<\/dt><\/dl><dl class='gallery-item'>\n\t\t\t<dt class='gallery-icon landscape'>\n\t\t\t\t<a href='https:\/\/www.exclusifmag.com\/online\/wp-content\/uploads\/2024\/06\/3.-Toujours-vive-et-chaleureuse-Martine-Corbat-sur-la-scene-du-Poche-avec-la-Presidente-du-FAB-Lorella-Bertani-\u00a9Chloe-Cohen.jpg'><img loading=\"lazy\" decoding=\"async\" width=\"400\" height=\"267\" src=\"https:\/\/www.exclusifmag.com\/online\/wp-content\/uploads\/2024\/06\/3.-Toujours-vive-et-chaleureuse-Martine-Corbat-sur-la-scene-du-Poche-avec-la-Presidente-du-FAB-Lorella-Bertani-\u00a9Chloe-Cohen-400x267.jpg\" class=\"attachment-medium size-medium\" alt=\"Toujours vive et chaleureuse Martine Corbat sur la sc\u00e8ne du Poche avec la Pr\u00e9sidente du FAB Lorella Bertani \u00a9Chlo\u00e9 Cohen\" srcset=\"https:\/\/www.exclusifmag.com\/online\/wp-content\/uploads\/2024\/06\/3.-Toujours-vive-et-chaleureuse-Martine-Corbat-sur-la-scene-du-Poche-avec-la-Presidente-du-FAB-Lorella-Bertani-\u00a9Chloe-Cohen-400x267.jpg 400w, https:\/\/www.exclusifmag.com\/online\/wp-content\/uploads\/2024\/06\/3.-Toujours-vive-et-chaleureuse-Martine-Corbat-sur-la-scene-du-Poche-avec-la-Presidente-du-FAB-Lorella-Bertani-\u00a9Chloe-Cohen-768x512.jpg 768w, https:\/\/www.exclusifmag.com\/online\/wp-content\/uploads\/2024\/06\/3.-Toujours-vive-et-chaleureuse-Martine-Corbat-sur-la-scene-du-Poche-avec-la-Presidente-du-FAB-Lorella-Bertani-\u00a9Chloe-Cohen-825x550.jpg 825w, https:\/\/www.exclusifmag.com\/online\/wp-content\/uploads\/2024\/06\/3.-Toujours-vive-et-chaleureuse-Martine-Corbat-sur-la-scene-du-Poche-avec-la-Presidente-du-FAB-Lorella-Bertani-\u00a9Chloe-Cohen.jpg 900w\" sizes=\"auto, (max-width: 400px) 100vw, 400px\" \/><\/a>\n\t\t\t<\/dt><\/dl><br style=\"clear: both\" \/>\n\t\t<\/div>\n\n<p>Outre ses exp\u00e9riences de metteuse en sc\u00e8ne et de com\u00e9dienne, Martine Corbat a \u00e9galement cr\u00e9\u00e9 sa propre compagnie. C\u2019est dire la force de la fibre qui l\u2019anime\u2026 Son parcours passionn\u00e9 comme son projet artistique ne pouvaient laisser indiff\u00e9rents les membres recruteurs. Tout en c\u00e9l\u00e9brant le texte sous ses multiples formes, la directrice vise \u00e0 mettre l\u2019accent sur la diversit\u00e9 des expressions, proposant par une audacieuse mixit\u00e9 th\u00e9\u00e2trale, une nouvelle tr\u00e8s improbable \u00e9criture\u2026 En pr\u00e9servant les valeurs ch\u00e8res au Poche, Martine Corbat reste fid\u00e8le \u00e0 l\u2019ADN de la Maison et garde la cr\u00e9ation locale, la place des femmes, la durabilit\u00e9 et l\u2019inclusion\u2026 en t\u00eate de liste.<\/p>\n<p style=\"text-align: left;\"><a href=\"http:\/\/www.exclusifmag.com\/online\/wp-content\/uploads\/2024\/06\/1.-Martine-Corbat-nouvelle-directrice-du-Poche-des-le-1er-juillet-2025-T\u00a9Chloe-Cohen.jpg\"><img loading=\"lazy\" decoding=\"async\" class=\"alignright wp-image-23221\" src=\"http:\/\/www.exclusifmag.com\/online\/wp-content\/uploads\/2024\/06\/1.-Martine-Corbat-nouvelle-directrice-du-Poche-des-le-1er-juillet-2025-T\u00a9Chloe-Cohen.jpg\" alt=\" Martine Corbat nouvelle directrice du Poche d\u00e8s le 1er juillet 2025 \u00a9Chlo\u00e9 Cohen\" width=\"178\" height=\"235\" srcset=\"https:\/\/www.exclusifmag.com\/online\/wp-content\/uploads\/2024\/06\/1.-Martine-Corbat-nouvelle-directrice-du-Poche-des-le-1er-juillet-2025-T\u00a9Chloe-Cohen.jpg 570w, https:\/\/www.exclusifmag.com\/online\/wp-content\/uploads\/2024\/06\/1.-Martine-Corbat-nouvelle-directrice-du-Poche-des-le-1er-juillet-2025-T\u00a9Chloe-Cohen-304x400.jpg 304w, https:\/\/www.exclusifmag.com\/online\/wp-content\/uploads\/2024\/06\/1.-Martine-Corbat-nouvelle-directrice-du-Poche-des-le-1er-juillet-2025-T\u00a9Chloe-Cohen-418x550.jpg 418w\" sizes=\"auto, (max-width: 178px) 100vw, 178px\" \/><\/a>Lors de l\u2019annonce de la nomination de la nouvelle directrice, Lorella Bertani, Pr\u00e9sidente de la Fondation d\u2019art dramatique (FAD) n\u2019a pas cach\u00e9 la satisfaction du Conseil pour cette exceptionnelle recrue \u00ab\u00a0<em>artiste multic\u00e9phale<\/em> \u00bb et ses projets aux fronti\u00e8res du Poche. Et de son imaginaire. Martine Corbat se plait \u00e0 entrelacer les expressions artistiques de sa griffe personnelle, apportant au Th\u00e9\u00e2tre et \u00e0 l\u2019\u00e9criture dramatique, l\u2019intime de la po\u00e9sie, du conte, ou les facettes d\u2019une biographie\u2026 M\u00ealant la musique aux arts plastiques, les marionnettes et les bandes dessin\u00e9es, elle les invite ici sur sc\u00e8ne \u00e0 porter leurs expressions \u00e0 travers la r\u00e9sonance des mots. Et partager la bourrasque de la force \u00e9motionnelle,,,<\/p>\n<p>Petite pointe de rappel, depuis sa cr\u00e9ation en 1948, Le Poche s\u2019inscrit dans un mode avant-garde avec pour principe cardinal de sortir du rang, se distinguer et, se poser en ambassadeur de textes contemporains\u2026 Dans un sens participatif et la volont\u00e9 de nouer des partenariats avec d\u2019autres couleurs culturelles. Et, toujours, le d\u00e9sir ardent de renforcer les liens avec le public. Vivement 2025\u00a0!<\/p>\n<p><a href=\"http:\/\/www.exclusifmag.com\/online\/wp-content\/uploads\/2024\/06\/4.-En-bandeau-inferieur-Facade-cote-entree-du-Theatre-Le-Poche-en-Vieille-Ville-de-Geneve-c-Samuel-Rubio.jpg\"><img loading=\"lazy\" decoding=\"async\" class=\"size-full wp-image-23216 aligncenter\" src=\"http:\/\/www.exclusifmag.com\/online\/wp-content\/uploads\/2024\/06\/4.-En-bandeau-inferieur-Facade-cote-entree-du-Theatre-Le-Poche-en-Vieille-Ville-de-Geneve-c-Samuel-Rubio.jpg\" alt=\" Fa\u00e7ade c\u00f4t\u00e9 entr\u00e9e du Th\u00e9\u00e2tre Le Poche en Vieille-Ville de Gen\u00e8ve (c) Samuel Rubio\" width=\"700\" height=\"331\" srcset=\"https:\/\/www.exclusifmag.com\/online\/wp-content\/uploads\/2024\/06\/4.-En-bandeau-inferieur-Facade-cote-entree-du-Theatre-Le-Poche-en-Vieille-Ville-de-Geneve-c-Samuel-Rubio.jpg 700w, https:\/\/www.exclusifmag.com\/online\/wp-content\/uploads\/2024\/06\/4.-En-bandeau-inferieur-Facade-cote-entree-du-Theatre-Le-Poche-en-Vieille-Ville-de-Geneve-c-Samuel-Rubio-400x189.jpg 400w\" sizes=\"auto, (max-width: 700px) 100vw, 700px\" \/><\/a><\/p>\n","protected":false},"excerpt":{"rendered":"<p>Th\u00e9\u00e2tre Le Poche Gen\u00e8ve<br \/>\nMartine Corbat \u00e0 la direction<br \/>\nD\u00e8s la saison 2025-2026 <\/p>\n","protected":false},"author":1,"featured_media":23199,"comment_status":"open","ping_status":"open","sticky":false,"template":"","format":"standard","meta":{"footnotes":""},"categories":[11,145,1832],"tags":[42,1862,1861,1860,1859],"class_list":["post-23184","post","type-post","status-publish","format-standard","has-post-thumbnail","hentry","category-art-culture","category-infos-news","category-theatre-art-culture","tag-geneve","tag-lorella-bertani","tag-martine-corbat","tag-saison-2025-2026","tag-theatre-le-poche"],"_links":{"self":[{"href":"https:\/\/www.exclusifmag.com\/online\/wp-json\/wp\/v2\/posts\/23184","targetHints":{"allow":["GET"]}}],"collection":[{"href":"https:\/\/www.exclusifmag.com\/online\/wp-json\/wp\/v2\/posts"}],"about":[{"href":"https:\/\/www.exclusifmag.com\/online\/wp-json\/wp\/v2\/types\/post"}],"author":[{"embeddable":true,"href":"https:\/\/www.exclusifmag.com\/online\/wp-json\/wp\/v2\/users\/1"}],"replies":[{"embeddable":true,"href":"https:\/\/www.exclusifmag.com\/online\/wp-json\/wp\/v2\/comments?post=23184"}],"version-history":[{"count":20,"href":"https:\/\/www.exclusifmag.com\/online\/wp-json\/wp\/v2\/posts\/23184\/revisions"}],"predecessor-version":[{"id":23219,"href":"https:\/\/www.exclusifmag.com\/online\/wp-json\/wp\/v2\/posts\/23184\/revisions\/23219"}],"wp:featuredmedia":[{"embeddable":true,"href":"https:\/\/www.exclusifmag.com\/online\/wp-json\/wp\/v2\/media\/23199"}],"wp:attachment":[{"href":"https:\/\/www.exclusifmag.com\/online\/wp-json\/wp\/v2\/media?parent=23184"}],"wp:term":[{"taxonomy":"category","embeddable":true,"href":"https:\/\/www.exclusifmag.com\/online\/wp-json\/wp\/v2\/categories?post=23184"},{"taxonomy":"post_tag","embeddable":true,"href":"https:\/\/www.exclusifmag.com\/online\/wp-json\/wp\/v2\/tags?post=23184"}],"curies":[{"name":"wp","href":"https:\/\/api.w.org\/{rel}","templated":true}]}}