{"id":23774,"date":"2024-08-28T11:12:36","date_gmt":"2024-08-28T09:12:36","guid":{"rendered":"https:\/\/www.exclusifmag.com\/online\/?p=23774"},"modified":"2024-08-30T16:16:29","modified_gmt":"2024-08-30T14:16:29","slug":"locarno-77","status":"publish","type":"post","link":"https:\/\/www.exclusifmag.com\/online\/locarno-77\/","title":{"rendered":"LOCARNO 77"},"content":{"rendered":"<h2><strong>Le Festival du Film de Locarno<\/strong><\/h2>\n<h2><strong>une 77eme \u00e9dition et pas une ride <\/strong><\/h2>\n<p><strong>\u00c9blouissante comme toujours, sous la direction artistique de Giona A. Nazzaro et de son \u00e9quipe &#8211; sous la nouvelle pr\u00e9sidence de Maja Hoffmann &#8211; l\u2019\u00e9dition 2024 du Festival de cin\u00e9ma, parmi les 10 plus gran<\/strong><strong>ds du monde, a tenu toutes ses promesses. Entre l\u2019illustre Piazza Grande, les nombreuses salles et le PalaCinema, plus de 220 films y ont \u00e9t\u00e9 projet\u00e9s, dont 104 premi\u00e8res mondiales. Regards.<\/strong><\/p>\n\n\t\t<style type=\"text\/css\">\n\t\t\t#gallery-1 {\n\t\t\t\tmargin: auto;\n\t\t\t}\n\t\t\t#gallery-1 .gallery-item {\n\t\t\t\tfloat: left;\n\t\t\t\tmargin-top: 10px;\n\t\t\t\ttext-align: center;\n\t\t\t\twidth: 33%;\n\t\t\t}\n\t\t\t#gallery-1 img {\n\t\t\t\tborder: 2px solid #cfcfcf;\n\t\t\t}\n\t\t\t#gallery-1 .gallery-caption {\n\t\t\t\tmargin-left: 0;\n\t\t\t}\n\t\t\t\/* see gallery_shortcode() in wp-includes\/media.php *\/\n\t\t<\/style>\n\t\t<div id='gallery-1' class='gallery galleryid-23774 gallery-columns-3 gallery-size-large'><dl class='gallery-item'>\n\t\t\t<dt class='gallery-icon landscape'>\n\t\t\t\t<a href='https:\/\/www.exclusifmag.com\/online\/wp-content\/uploads\/2024\/08\/1.-Partie-officielle-77e-Festival-du-Film-de-Locarno-avec-Ignazio-Cassis-Chef-du-CDAE-c-LFF.jpg'><img loading=\"lazy\" decoding=\"async\" width=\"900\" height=\"600\" src=\"https:\/\/www.exclusifmag.com\/online\/wp-content\/uploads\/2024\/08\/1.-Partie-officielle-77e-Festival-du-Film-de-Locarno-avec-Ignazio-Cassis-Chef-du-CDAE-c-LFF.jpg\" class=\"attachment-large size-large\" alt=\"Partie officielle 77e Festival du Film de Locarno avec Ignazio Cassis Chef du CDAE (c) LFF\" srcset=\"https:\/\/www.exclusifmag.com\/online\/wp-content\/uploads\/2024\/08\/1.-Partie-officielle-77e-Festival-du-Film-de-Locarno-avec-Ignazio-Cassis-Chef-du-CDAE-c-LFF.jpg 900w, https:\/\/www.exclusifmag.com\/online\/wp-content\/uploads\/2024\/08\/1.-Partie-officielle-77e-Festival-du-Film-de-Locarno-avec-Ignazio-Cassis-Chef-du-CDAE-c-LFF-400x267.jpg 400w, https:\/\/www.exclusifmag.com\/online\/wp-content\/uploads\/2024\/08\/1.-Partie-officielle-77e-Festival-du-Film-de-Locarno-avec-Ignazio-Cassis-Chef-du-CDAE-c-LFF-768x512.jpg 768w, https:\/\/www.exclusifmag.com\/online\/wp-content\/uploads\/2024\/08\/1.-Partie-officielle-77e-Festival-du-Film-de-Locarno-avec-Ignazio-Cassis-Chef-du-CDAE-c-LFF-825x550.jpg 825w\" sizes=\"auto, (max-width: 900px) 100vw, 900px\" \/><\/a>\n\t\t\t<\/dt><\/dl><dl class='gallery-item'>\n\t\t\t<dt class='gallery-icon landscape'>\n\t\t\t\t<a href='https:\/\/www.exclusifmag.com\/online\/wp-content\/uploads\/2024\/08\/2.-Allocution-dElisabeth-Baume-Schneider-a-louverture-du-Locarno-Film-Festival-8c-LFF.jpg'><img loading=\"lazy\" decoding=\"async\" width=\"900\" height=\"600\" src=\"https:\/\/www.exclusifmag.com\/online\/wp-content\/uploads\/2024\/08\/2.-Allocution-dElisabeth-Baume-Schneider-a-louverture-du-Locarno-Film-Festival-8c-LFF.jpg\" class=\"attachment-large size-large\" alt=\"Allocution d&#039;Elisabeth Baume-Schneider, \u00e0 l&#039;ouverture du Locarno Film Festival (c) LFF\" srcset=\"https:\/\/www.exclusifmag.com\/online\/wp-content\/uploads\/2024\/08\/2.-Allocution-dElisabeth-Baume-Schneider-a-louverture-du-Locarno-Film-Festival-8c-LFF.jpg 900w, https:\/\/www.exclusifmag.com\/online\/wp-content\/uploads\/2024\/08\/2.-Allocution-dElisabeth-Baume-Schneider-a-louverture-du-Locarno-Film-Festival-8c-LFF-400x267.jpg 400w, https:\/\/www.exclusifmag.com\/online\/wp-content\/uploads\/2024\/08\/2.-Allocution-dElisabeth-Baume-Schneider-a-louverture-du-Locarno-Film-Festival-8c-LFF-768x512.jpg 768w, https:\/\/www.exclusifmag.com\/online\/wp-content\/uploads\/2024\/08\/2.-Allocution-dElisabeth-Baume-Schneider-a-louverture-du-Locarno-Film-Festival-8c-LFF-825x550.jpg 825w\" sizes=\"auto, (max-width: 900px) 100vw, 900px\" \/><\/a>\n\t\t\t<\/dt><\/dl><dl class='gallery-item'>\n\t\t\t<dt class='gallery-icon landscape'>\n\t\t\t\t<a href='https:\/\/www.exclusifmag.com\/online\/wp-content\/uploads\/2024\/08\/3.-Maja-Hoffmann-Presidente-du-Locarno-Film-Festival-c-Annie-Leibovitz.jpg'><img loading=\"lazy\" decoding=\"async\" width=\"900\" height=\"600\" src=\"https:\/\/www.exclusifmag.com\/online\/wp-content\/uploads\/2024\/08\/3.-Maja-Hoffmann-Presidente-du-Locarno-Film-Festival-c-Annie-Leibovitz.jpg\" class=\"attachment-large size-large\" alt=\"Maja Hoffmann Pr\u00e9sidente du Locarno Film Festival (c) Annie Leibovitz\" srcset=\"https:\/\/www.exclusifmag.com\/online\/wp-content\/uploads\/2024\/08\/3.-Maja-Hoffmann-Presidente-du-Locarno-Film-Festival-c-Annie-Leibovitz.jpg 900w, https:\/\/www.exclusifmag.com\/online\/wp-content\/uploads\/2024\/08\/3.-Maja-Hoffmann-Presidente-du-Locarno-Film-Festival-c-Annie-Leibovitz-400x267.jpg 400w, https:\/\/www.exclusifmag.com\/online\/wp-content\/uploads\/2024\/08\/3.-Maja-Hoffmann-Presidente-du-Locarno-Film-Festival-c-Annie-Leibovitz-768x512.jpg 768w, https:\/\/www.exclusifmag.com\/online\/wp-content\/uploads\/2024\/08\/3.-Maja-Hoffmann-Presidente-du-Locarno-Film-Festival-c-Annie-Leibovitz-825x550.jpg 825w\" sizes=\"auto, (max-width: 900px) 100vw, 900px\" \/><\/a>\n\t\t\t<\/dt><\/dl><br style=\"clear: both\" \/>\n\t\t<\/div>\n\n<p>Une magnifique r\u00e9trospective de Columbia Pictures &#8211; sous le titre <em>The Lady With The Torch<\/em> &#8211; des d\u00e9buts de l\u2019\u00e8re du cin\u00e9ma sonore jusqu\u2019\u00e0 la fin des ann\u00e9es 1950, a c\u00e9l\u00e9br\u00e9 son centenaire en 2024. Sous une m\u00e9t\u00e9o cl\u00e9mente, la pluie ne faisant son apparition qu\u2019\u00e0 la nuit apr\u00e8s la cl\u00f4ture, la 77<sup>e<\/sup> \u00e9dition du Festival a, encore une fois constat\u00e9, sans \u00e9tonnement, l\u2019augmentation du nombre de ses spectateurs\u2026 Les films prim\u00e9s ont tous m\u00e9rit\u00e9 leurs distinctions, parmi eux, preuve de l\u2019\u00e9volution qualitative des productions cin\u00e9matographiques nationales, un grand nombre d\u2019\u0153uvres suisses en lice. La participation de films r\u00e9alis\u00e9s par des femmes a presque atteint la parit\u00e9. Aussi, les personnalit\u00e9s invit\u00e9es ayant sp\u00e9cialement marqu\u00e9 par leur charisme &#8211; si magnifiques \u00e0 observer &#8211; \u00e9taient quatre :\u00a0 Jane Campion, Stacey Sher, Ir\u00e8ne Jacob et Berenice B\u00e9jo. Chacune \u00e0 sa mani\u00e8re et dans son expression propre a \u00e9bloui le public\u2026<\/p>\n\n\t\t<style type=\"text\/css\">\n\t\t\t#gallery-2 {\n\t\t\t\tmargin: auto;\n\t\t\t}\n\t\t\t#gallery-2 .gallery-item {\n\t\t\t\tfloat: left;\n\t\t\t\tmargin-top: 10px;\n\t\t\t\ttext-align: center;\n\t\t\t\twidth: 50%;\n\t\t\t}\n\t\t\t#gallery-2 img {\n\t\t\t\tborder: 2px solid #cfcfcf;\n\t\t\t}\n\t\t\t#gallery-2 .gallery-caption {\n\t\t\t\tmargin-left: 0;\n\t\t\t}\n\t\t\t\/* see gallery_shortcode() in wp-includes\/media.php *\/\n\t\t<\/style>\n\t\t<div id='gallery-2' class='gallery galleryid-23774 gallery-columns-2 gallery-size-medium'><dl class='gallery-item'>\n\t\t\t<dt class='gallery-icon landscape'>\n\t\t\t\t<a href='https:\/\/www.exclusifmag.com\/online\/wp-content\/uploads\/2024\/08\/4.-Ambiance-tapis-Rouge-Piazza-Grande-Giona-A.-Nazzaro-avec-Jane-Campion-Leopard-dHonneur-Manor-c-LFF.jpg'><img loading=\"lazy\" decoding=\"async\" width=\"400\" height=\"267\" src=\"https:\/\/www.exclusifmag.com\/online\/wp-content\/uploads\/2024\/08\/4.-Ambiance-tapis-Rouge-Piazza-Grande-Giona-A.-Nazzaro-avec-Jane-Campion-Leopard-dHonneur-Manor-c-LFF-400x267.jpg\" class=\"attachment-medium size-medium\" alt=\"Ambiance tapis Rouge Piazza Grande, Giona A. Nazzaro avec Jane Campion, L\u00e9opard d&#039;Honneur Manor (c) LFF\" srcset=\"https:\/\/www.exclusifmag.com\/online\/wp-content\/uploads\/2024\/08\/4.-Ambiance-tapis-Rouge-Piazza-Grande-Giona-A.-Nazzaro-avec-Jane-Campion-Leopard-dHonneur-Manor-c-LFF-400x267.jpg 400w, https:\/\/www.exclusifmag.com\/online\/wp-content\/uploads\/2024\/08\/4.-Ambiance-tapis-Rouge-Piazza-Grande-Giona-A.-Nazzaro-avec-Jane-Campion-Leopard-dHonneur-Manor-c-LFF-768x512.jpg 768w, https:\/\/www.exclusifmag.com\/online\/wp-content\/uploads\/2024\/08\/4.-Ambiance-tapis-Rouge-Piazza-Grande-Giona-A.-Nazzaro-avec-Jane-Campion-Leopard-dHonneur-Manor-c-LFF-825x550.jpg 825w, https:\/\/www.exclusifmag.com\/online\/wp-content\/uploads\/2024\/08\/4.-Ambiance-tapis-Rouge-Piazza-Grande-Giona-A.-Nazzaro-avec-Jane-Campion-Leopard-dHonneur-Manor-c-LFF.jpg 900w\" sizes=\"auto, (max-width: 400px) 100vw, 400px\" \/><\/a>\n\t\t\t<\/dt><\/dl><dl class='gallery-item'>\n\t\t\t<dt class='gallery-icon landscape'>\n\t\t\t\t<a href='https:\/\/www.exclusifmag.com\/online\/wp-content\/uploads\/2024\/08\/5.-Irene-Jacob-Leopard-Club-Award-2024-c-Locarno-Film-Festival.jpg'><img loading=\"lazy\" decoding=\"async\" width=\"400\" height=\"267\" src=\"https:\/\/www.exclusifmag.com\/online\/wp-content\/uploads\/2024\/08\/5.-Irene-Jacob-Leopard-Club-Award-2024-c-Locarno-Film-Festival-400x267.jpg\" class=\"attachment-medium size-medium\" alt=\"Ir\u00e8ne Jacob, Leopard Club Award (c) LFF\" srcset=\"https:\/\/www.exclusifmag.com\/online\/wp-content\/uploads\/2024\/08\/5.-Irene-Jacob-Leopard-Club-Award-2024-c-Locarno-Film-Festival-400x267.jpg 400w, https:\/\/www.exclusifmag.com\/online\/wp-content\/uploads\/2024\/08\/5.-Irene-Jacob-Leopard-Club-Award-2024-c-Locarno-Film-Festival-768x512.jpg 768w, https:\/\/www.exclusifmag.com\/online\/wp-content\/uploads\/2024\/08\/5.-Irene-Jacob-Leopard-Club-Award-2024-c-Locarno-Film-Festival-825x550.jpg 825w, https:\/\/www.exclusifmag.com\/online\/wp-content\/uploads\/2024\/08\/5.-Irene-Jacob-Leopard-Club-Award-2024-c-Locarno-Film-Festival.jpg 900w\" sizes=\"auto, (max-width: 400px) 100vw, 400px\" \/><\/a>\n\t\t\t<\/dt><\/dl><br style=\"clear: both\" \/>\n\t\t<\/div>\n\n<p>La sensation m\u00e9diatique de LOCARNO 77 a \u00e9t\u00e9 Shah Rukh Khan, la superstar indienne r\u00e9compens\u00e9e pour l\u2019ensemble de sa carri\u00e8re.\u00a0 Son magn\u00e9tisme a attir\u00e9 sur la Piazza Grande des compatriotes venus de toutes parts tenter de l\u2019apercevoir sur sc\u00e8ne et clamer leur immense admiration. Une ferveur m\u00e9connue sous nos latitudes, une v\u00e9n\u00e9ration incroyable ! Couvrant 13 ans durant le festival, il ne nous a jamais \u00e9t\u00e9 donn\u00e9 de voir un tel engouement\u2026 une passion qui fait chaud au c\u0153ur ! Dans son discours de remerciement pour son prix, l\u2019acteur a affirm\u00e9 se sentir \u00e0 Locarno comme chez lui en Inde, avec les temp\u00e9ratures en Suisse avoisinant cette ann\u00e9e celles de son pays. Manifestant toute sa reconnaissance pour\u00a0 l\u2019accueil chaleureux re\u00e7u, parlant d\u2019amour, Shah Rukh Khan a compar\u00e9 ce sentiment \u00e0 un langage universel. En outre, la star n\u2019a pas manqu\u00e9 d\u2019\u00eatre \u00e9blouie par les 8000 personnes l\u2019acclamant sur la Piazza Grande, avec un ind\u00e9fectible enthousiasme.<\/p>\n\n\t\t<style type=\"text\/css\">\n\t\t\t#gallery-3 {\n\t\t\t\tmargin: auto;\n\t\t\t}\n\t\t\t#gallery-3 .gallery-item {\n\t\t\t\tfloat: left;\n\t\t\t\tmargin-top: 10px;\n\t\t\t\ttext-align: center;\n\t\t\t\twidth: 33%;\n\t\t\t}\n\t\t\t#gallery-3 img {\n\t\t\t\tborder: 2px solid #cfcfcf;\n\t\t\t}\n\t\t\t#gallery-3 .gallery-caption {\n\t\t\t\tmargin-left: 0;\n\t\t\t}\n\t\t\t\/* see gallery_shortcode() in wp-includes\/media.php *\/\n\t\t<\/style>\n\t\t<div id='gallery-3' class='gallery galleryid-23774 gallery-columns-3 gallery-size-large'><dl class='gallery-item'>\n\t\t\t<dt class='gallery-icon landscape'>\n\t\t\t\t<a href='https:\/\/www.exclusifmag.com\/online\/wp-content\/uploads\/2024\/08\/6.-Piazza-Grande-la-superstar-Shah-Rukh-Khan-Leopard-Ascona-Locarno-Tourisme-pour-sa-carriere-c-LFF.jpg'><img loading=\"lazy\" decoding=\"async\" width=\"900\" height=\"600\" src=\"https:\/\/www.exclusifmag.com\/online\/wp-content\/uploads\/2024\/08\/6.-Piazza-Grande-la-superstar-Shah-Rukh-Khan-Leopard-Ascona-Locarno-Tourisme-pour-sa-carriere-c-LFF.jpg\" class=\"attachment-large size-large\" alt=\"Piazza Grande, la superstar Shah Rukh Khan L\u00e9opard Ascona-Locarno Tourisme pour sa carri\u00e8re (c) LFF\" srcset=\"https:\/\/www.exclusifmag.com\/online\/wp-content\/uploads\/2024\/08\/6.-Piazza-Grande-la-superstar-Shah-Rukh-Khan-Leopard-Ascona-Locarno-Tourisme-pour-sa-carriere-c-LFF.jpg 900w, https:\/\/www.exclusifmag.com\/online\/wp-content\/uploads\/2024\/08\/6.-Piazza-Grande-la-superstar-Shah-Rukh-Khan-Leopard-Ascona-Locarno-Tourisme-pour-sa-carriere-c-LFF-400x267.jpg 400w, https:\/\/www.exclusifmag.com\/online\/wp-content\/uploads\/2024\/08\/6.-Piazza-Grande-la-superstar-Shah-Rukh-Khan-Leopard-Ascona-Locarno-Tourisme-pour-sa-carriere-c-LFF-768x512.jpg 768w, https:\/\/www.exclusifmag.com\/online\/wp-content\/uploads\/2024\/08\/6.-Piazza-Grande-la-superstar-Shah-Rukh-Khan-Leopard-Ascona-Locarno-Tourisme-pour-sa-carriere-c-LFF-825x550.jpg 825w\" sizes=\"auto, (max-width: 900px) 100vw, 900px\" \/><\/a>\n\t\t\t<\/dt><\/dl><dl class='gallery-item'>\n\t\t\t<dt class='gallery-icon landscape'>\n\t\t\t\t<a href='https:\/\/www.exclusifmag.com\/online\/wp-content\/uploads\/2024\/08\/7.-Locarno77-Piazza-Grande-Stacey-Sher-Raimondo-Rezzonico-Award-2024-08.08.2024-c-LFF-2.jpg'><img loading=\"lazy\" decoding=\"async\" width=\"900\" height=\"600\" src=\"https:\/\/www.exclusifmag.com\/online\/wp-content\/uploads\/2024\/08\/7.-Locarno77-Piazza-Grande-Stacey-Sher-Raimondo-Rezzonico-Award-2024-08.08.2024-c-LFF-2.jpg\" class=\"attachment-large size-large\" alt=\"Piazza Grande, Stacey Sher. Raimondo Rezzonico Award (c) LFF\" srcset=\"https:\/\/www.exclusifmag.com\/online\/wp-content\/uploads\/2024\/08\/7.-Locarno77-Piazza-Grande-Stacey-Sher-Raimondo-Rezzonico-Award-2024-08.08.2024-c-LFF-2.jpg 900w, https:\/\/www.exclusifmag.com\/online\/wp-content\/uploads\/2024\/08\/7.-Locarno77-Piazza-Grande-Stacey-Sher-Raimondo-Rezzonico-Award-2024-08.08.2024-c-LFF-2-400x267.jpg 400w, https:\/\/www.exclusifmag.com\/online\/wp-content\/uploads\/2024\/08\/7.-Locarno77-Piazza-Grande-Stacey-Sher-Raimondo-Rezzonico-Award-2024-08.08.2024-c-LFF-2-768x512.jpg 768w, https:\/\/www.exclusifmag.com\/online\/wp-content\/uploads\/2024\/08\/7.-Locarno77-Piazza-Grande-Stacey-Sher-Raimondo-Rezzonico-Award-2024-08.08.2024-c-LFF-2-825x550.jpg 825w\" sizes=\"auto, (max-width: 900px) 100vw, 900px\" \/><\/a>\n\t\t\t<\/dt><\/dl><dl class='gallery-item'>\n\t\t\t<dt class='gallery-icon landscape'>\n\t\t\t\t<a href='https:\/\/www.exclusifmag.com\/online\/wp-content\/uploads\/2024\/08\/8.-Claude-Barras-avec-son-Kids-Award-la-Mobiliare-c-LFF.jpg'><img loading=\"lazy\" decoding=\"async\" width=\"900\" height=\"600\" src=\"https:\/\/www.exclusifmag.com\/online\/wp-content\/uploads\/2024\/08\/8.-Claude-Barras-avec-son-Kids-Award-la-Mobiliare-c-LFF.jpg\" class=\"attachment-large size-large\" alt=\"Claude Barras Locarno Kids Award la Mobiliare), (c) LFF\" srcset=\"https:\/\/www.exclusifmag.com\/online\/wp-content\/uploads\/2024\/08\/8.-Claude-Barras-avec-son-Kids-Award-la-Mobiliare-c-LFF.jpg 900w, https:\/\/www.exclusifmag.com\/online\/wp-content\/uploads\/2024\/08\/8.-Claude-Barras-avec-son-Kids-Award-la-Mobiliare-c-LFF-400x267.jpg 400w, https:\/\/www.exclusifmag.com\/online\/wp-content\/uploads\/2024\/08\/8.-Claude-Barras-avec-son-Kids-Award-la-Mobiliare-c-LFF-768x512.jpg 768w, https:\/\/www.exclusifmag.com\/online\/wp-content\/uploads\/2024\/08\/8.-Claude-Barras-avec-son-Kids-Award-la-Mobiliare-c-LFF-825x550.jpg 825w\" sizes=\"auto, (max-width: 900px) 100vw, 900px\" \/><\/a>\n\t\t\t<\/dt><\/dl><br style=\"clear: both\" \/>\n\t\t<\/div>\n\n<p>Enfin, arrivons sur notre th\u00e8me favori, cette place mythique, connue dans le monde entier. Chaque soir, une autre impression s\u2019en d\u00e9gage, sous le ciel \u00e9toil\u00e9. Avec une ponctualit\u00e9 rigoureuse, \u00e0 21.30h, quand la nuit plonge la piazza dans l\u2019obscurit\u00e9 &#8211; les spots s\u2019allument sur les notes du g\u00e9n\u00e9rique du Festival -. \u00a0La magie fait son effet et le spectacle commence\u2026\u00a0 Avec, r\u00e9guli\u00e8rement une remise de distinction, un prix d\u00e9cern\u00e9 \u00e0 une actrice ou un acteur, une productrice ou un producteur ainsi qu\u2019au grand nombre des m\u00e9tiers repr\u00e9sent\u00e9s, venus recevoir ici leurs r\u00e9compenses\u2026\u00a0 Et, ensuite, place au cin\u00e9ma, avec des projections d\u2019une incroyable diversit\u00e9, des films captivants et distrayants. Toujours au lendemain de la remise des distinctions &#8211; lors de Forums ou Conversations &#8211; avec la possibilit\u00e9 d\u2019approcher les laur\u00e9ats et, de les interviewer, les rencontres avec des personnalit\u00e9s prim\u00e9es sont des moments privil\u00e9gi\u00e9s\u2026<\/p>\n\n\t\t<style type=\"text\/css\">\n\t\t\t#gallery-4 {\n\t\t\t\tmargin: auto;\n\t\t\t}\n\t\t\t#gallery-4 .gallery-item {\n\t\t\t\tfloat: left;\n\t\t\t\tmargin-top: 10px;\n\t\t\t\ttext-align: center;\n\t\t\t\twidth: 33%;\n\t\t\t}\n\t\t\t#gallery-4 img {\n\t\t\t\tborder: 2px solid #cfcfcf;\n\t\t\t}\n\t\t\t#gallery-4 .gallery-caption {\n\t\t\t\tmargin-left: 0;\n\t\t\t}\n\t\t\t\/* see gallery_shortcode() in wp-includes\/media.php *\/\n\t\t<\/style>\n\t\t<div id='gallery-4' class='gallery galleryid-23774 gallery-columns-3 gallery-size-large'><dl class='gallery-item'>\n\t\t\t<dt class='gallery-icon landscape'>\n\t\t\t\t<a href='https:\/\/www.exclusifmag.com\/online\/wp-content\/uploads\/2024\/08\/9.-Conversation-avec-Jane-Campion-Pardo-dHonneur-Manor-c-Locarno-Film-Festival.jpg'><img loading=\"lazy\" decoding=\"async\" width=\"900\" height=\"600\" src=\"https:\/\/www.exclusifmag.com\/online\/wp-content\/uploads\/2024\/08\/9.-Conversation-avec-Jane-Campion-Pardo-dHonneur-Manor-c-Locarno-Film-Festival.jpg\" class=\"attachment-large size-large\" alt=\"Conversation avec Jane Campion Pardo d&#039;Honneur Manor (c) LFF\" srcset=\"https:\/\/www.exclusifmag.com\/online\/wp-content\/uploads\/2024\/08\/9.-Conversation-avec-Jane-Campion-Pardo-dHonneur-Manor-c-Locarno-Film-Festival.jpg 900w, https:\/\/www.exclusifmag.com\/online\/wp-content\/uploads\/2024\/08\/9.-Conversation-avec-Jane-Campion-Pardo-dHonneur-Manor-c-Locarno-Film-Festival-400x267.jpg 400w, https:\/\/www.exclusifmag.com\/online\/wp-content\/uploads\/2024\/08\/9.-Conversation-avec-Jane-Campion-Pardo-dHonneur-Manor-c-Locarno-Film-Festival-768x512.jpg 768w, https:\/\/www.exclusifmag.com\/online\/wp-content\/uploads\/2024\/08\/9.-Conversation-avec-Jane-Campion-Pardo-dHonneur-Manor-c-Locarno-Film-Festival-825x550.jpg 825w\" sizes=\"auto, (max-width: 900px) 100vw, 900px\" \/><\/a>\n\t\t\t<\/dt><\/dl><dl class='gallery-item'>\n\t\t\t<dt class='gallery-icon landscape'>\n\t\t\t\t<a href='https:\/\/www.exclusifmag.com\/online\/wp-content\/uploads\/2024\/08\/10.-Prix-d-Excellence-Davide-Campari-pour-Le-Deluge-Guillaume-Carnet-et-Melanie-Laurent-c-LFF.jpg'><img loading=\"lazy\" decoding=\"async\" width=\"900\" height=\"600\" src=\"https:\/\/www.exclusifmag.com\/online\/wp-content\/uploads\/2024\/08\/10.-Prix-d-Excellence-Davide-Campari-pour-Le-Deluge-Guillaume-Carnet-et-Melanie-Laurent-c-LFF.jpg\" class=\"attachment-large size-large\" alt=\"Prix d&#039; Excellence Davide Campari, pour Le Deluge Guillaume Carnet et M\u00e9lanie Laurent, (c) LFF\" srcset=\"https:\/\/www.exclusifmag.com\/online\/wp-content\/uploads\/2024\/08\/10.-Prix-d-Excellence-Davide-Campari-pour-Le-Deluge-Guillaume-Carnet-et-Melanie-Laurent-c-LFF.jpg 900w, https:\/\/www.exclusifmag.com\/online\/wp-content\/uploads\/2024\/08\/10.-Prix-d-Excellence-Davide-Campari-pour-Le-Deluge-Guillaume-Carnet-et-Melanie-Laurent-c-LFF-400x267.jpg 400w, https:\/\/www.exclusifmag.com\/online\/wp-content\/uploads\/2024\/08\/10.-Prix-d-Excellence-Davide-Campari-pour-Le-Deluge-Guillaume-Carnet-et-Melanie-Laurent-c-LFF-768x512.jpg 768w, https:\/\/www.exclusifmag.com\/online\/wp-content\/uploads\/2024\/08\/10.-Prix-d-Excellence-Davide-Campari-pour-Le-Deluge-Guillaume-Carnet-et-Melanie-Laurent-c-LFF-825x550.jpg 825w\" sizes=\"auto, (max-width: 900px) 100vw, 900px\" \/><\/a>\n\t\t\t<\/dt><\/dl><dl class='gallery-item'>\n\t\t\t<dt class='gallery-icon landscape'>\n\t\t\t\t<a href='https:\/\/www.exclusifmag.com\/online\/wp-content\/uploads\/2024\/08\/11.-Giona-A.-Nazzzaro-Directeur-artistique-du-Locarno-Film-Festival-c-LFF.jpg'><img loading=\"lazy\" decoding=\"async\" width=\"900\" height=\"600\" src=\"https:\/\/www.exclusifmag.com\/online\/wp-content\/uploads\/2024\/08\/11.-Giona-A.-Nazzzaro-Directeur-artistique-du-Locarno-Film-Festival-c-LFF.jpg\" class=\"attachment-large size-large\" alt=\"Giona A. Nazzzaro Directeur artistique du Locarno Film Festival (c) LFF\" srcset=\"https:\/\/www.exclusifmag.com\/online\/wp-content\/uploads\/2024\/08\/11.-Giona-A.-Nazzzaro-Directeur-artistique-du-Locarno-Film-Festival-c-LFF.jpg 900w, https:\/\/www.exclusifmag.com\/online\/wp-content\/uploads\/2024\/08\/11.-Giona-A.-Nazzzaro-Directeur-artistique-du-Locarno-Film-Festival-c-LFF-400x267.jpg 400w, https:\/\/www.exclusifmag.com\/online\/wp-content\/uploads\/2024\/08\/11.-Giona-A.-Nazzzaro-Directeur-artistique-du-Locarno-Film-Festival-c-LFF-768x512.jpg 768w, https:\/\/www.exclusifmag.com\/online\/wp-content\/uploads\/2024\/08\/11.-Giona-A.-Nazzzaro-Directeur-artistique-du-Locarno-Film-Festival-c-LFF-825x550.jpg 825w\" sizes=\"auto, (max-width: 900px) 100vw, 900px\" \/><\/a>\n\t\t\t<\/dt><\/dl><br style=\"clear: both\" \/>\n\t\t<\/div>\n\n<p>Locarno s\u2019affirme comme le cadre unique pour ce Festival\u00a0! Une ville hors du monde, \u00e0 l\u2019extr\u00e9mit\u00e9 sud de la Suisse, un lieu et ses alentours m\u00e9ritant leur r\u00e9putation et d\u2019\u00eatre visit\u00e9s.\u00a0 Alors disons \u00ab Au revoir \u00bb jusqu\u2019\u00e0 la prochaine rencontre du 6 au 16 ao\u00fbt 2025 pour la 78em \u00e9dition du Locarno Film Festival. A la d\u00e9couverte de nouvelles merveilles et l\u2019occasion de c\u00e9l\u00e9brer le cin\u00e9ma, d\u2019une fa\u00e7on propre \u00e0 ce lieu magique !<\/p>\n<p><a href=\"http:\/\/www.exclusifmag.com\/online\/wp-content\/uploads\/2024\/08\/00.-PiazzaGrande-Panoramica-c-LFF.jpg\"><img loading=\"lazy\" decoding=\"async\" class=\"wp-image-23799 aligncenter\" src=\"http:\/\/www.exclusifmag.com\/online\/wp-content\/uploads\/2024\/08\/00.-PiazzaGrande-Panoramica-c-LFF.jpg\" alt=\"Panorama Piazza Grande (c) LFF\" width=\"715\" height=\"402\" \/><\/a><\/p>\n<p><em>\u00a0<\/em><\/p>\n","protected":false},"excerpt":{"rendered":"<p>LOCARNO 77<br \/>\nLe Festival du Film de Locarno<br \/>\nune 77eme \u00e9dition et pas une ride. <\/p>\n","protected":false},"author":1,"featured_media":23777,"comment_status":"open","ping_status":"open","sticky":false,"template":"","format":"standard","meta":{"footnotes":""},"categories":[11,57,4],"tags":[1916,1918,1911,1293,1915,1913,101,1910,1912,1917,1914],"class_list":["post-23774","post","type-post","status-publish","format-standard","has-post-thumbnail","hentry","category-art-culture","category-cinema","category-events","tag-berenice-bejo","tag-claude-barras","tag-festival-du-film","tag-giona-a-nazzaro","tag-irene-jacob","tag-jane-campion","tag-locarno","tag-locarno-77","tag-maja-hoffmann","tag-shah-rukh-khan","tag-stacey-sher"],"_links":{"self":[{"href":"https:\/\/www.exclusifmag.com\/online\/wp-json\/wp\/v2\/posts\/23774","targetHints":{"allow":["GET"]}}],"collection":[{"href":"https:\/\/www.exclusifmag.com\/online\/wp-json\/wp\/v2\/posts"}],"about":[{"href":"https:\/\/www.exclusifmag.com\/online\/wp-json\/wp\/v2\/types\/post"}],"author":[{"embeddable":true,"href":"https:\/\/www.exclusifmag.com\/online\/wp-json\/wp\/v2\/users\/1"}],"replies":[{"embeddable":true,"href":"https:\/\/www.exclusifmag.com\/online\/wp-json\/wp\/v2\/comments?post=23774"}],"version-history":[{"count":30,"href":"https:\/\/www.exclusifmag.com\/online\/wp-json\/wp\/v2\/posts\/23774\/revisions"}],"predecessor-version":[{"id":23823,"href":"https:\/\/www.exclusifmag.com\/online\/wp-json\/wp\/v2\/posts\/23774\/revisions\/23823"}],"wp:featuredmedia":[{"embeddable":true,"href":"https:\/\/www.exclusifmag.com\/online\/wp-json\/wp\/v2\/media\/23777"}],"wp:attachment":[{"href":"https:\/\/www.exclusifmag.com\/online\/wp-json\/wp\/v2\/media?parent=23774"}],"wp:term":[{"taxonomy":"category","embeddable":true,"href":"https:\/\/www.exclusifmag.com\/online\/wp-json\/wp\/v2\/categories?post=23774"},{"taxonomy":"post_tag","embeddable":true,"href":"https:\/\/www.exclusifmag.com\/online\/wp-json\/wp\/v2\/tags?post=23774"}],"curies":[{"name":"wp","href":"https:\/\/api.w.org\/{rel}","templated":true}]}}