{"id":24722,"date":"2025-02-04T17:13:15","date_gmt":"2025-02-04T16:13:15","guid":{"rendered":"https:\/\/www.exclusifmag.com\/online\/?p=24722"},"modified":"2025-02-04T19:59:12","modified_gmt":"2025-02-04T18:59:12","slug":"art-geneve-a-palexpo","status":"publish","type":"post","link":"https:\/\/www.exclusifmag.com\/online\/art-geneve-a-palexpo\/","title":{"rendered":"Art Gen\u00e8ve \u00e0 Palexpo"},"content":{"rendered":"<h2><strong><em>Le rendez-vous international<\/em><\/strong><\/h2>\n<h2><strong>des principaux acteurs de l\u2019Art<\/strong><\/h2>\n<p><strong>Centre d\u2019exposition et de congr\u00e8s, Palexpo a accueilli la 13<sup>e<\/sup> \u00e9dition d\u2019Art Gen\u00e8ve, le Salon dont la r\u00e9putation mondialement \u00e9tablie attire au bord du Lac L\u00e9man, les principaux acteurs de l\u2019Art\u2026 Galeries, collections priv\u00e9es et institutionnelles, fondations nationales et internationales, entre autres partenaires de notori\u00e9t\u00e9, ont r\u00e9pondu pr\u00e9sents \u00e0 l\u2019appel\u00a0! A l\u2019occasion de l\u2019avant-premi\u00e8re, invit\u00e9s VIP, visiteurs et amateurs \u00e9clair\u00e9s n\u2019ont pas boud\u00e9 leur plaisir. Art Gen\u00e8ve a \u00e9t\u00e9 pris d\u2019assaut\u00a0d\u00e8s l\u2019ouverture ! Regards.<\/strong><\/p>\n\n\t\t<style type=\"text\/css\">\n\t\t\t#gallery-1 {\n\t\t\t\tmargin: auto;\n\t\t\t}\n\t\t\t#gallery-1 .gallery-item {\n\t\t\t\tfloat: left;\n\t\t\t\tmargin-top: 10px;\n\t\t\t\ttext-align: center;\n\t\t\t\twidth: 50%;\n\t\t\t}\n\t\t\t#gallery-1 img {\n\t\t\t\tborder: 2px solid #cfcfcf;\n\t\t\t}\n\t\t\t#gallery-1 .gallery-caption {\n\t\t\t\tmargin-left: 0;\n\t\t\t}\n\t\t\t\/* see gallery_shortcode() in wp-includes\/media.php *\/\n\t\t<\/style>\n\t\t<div id='gallery-1' class='gallery galleryid-24722 gallery-columns-2 gallery-size-medium'><dl class='gallery-item'>\n\t\t\t<dt class='gallery-icon landscape'>\n\t\t\t\t<a href='https:\/\/www.exclusifmag.com\/online\/wp-content\/uploads\/2025\/02\/1.-Art-Geneve-dans-les-allees-de-lexposition-en-avant-premiere-de-louverture-c-GAD.jpg'><img loading=\"lazy\" decoding=\"async\" width=\"400\" height=\"300\" src=\"https:\/\/www.exclusifmag.com\/online\/wp-content\/uploads\/2025\/02\/1.-Art-Geneve-dans-les-allees-de-lexposition-en-avant-premiere-de-louverture-c-GAD-400x300.jpg\" class=\"attachment-medium size-medium\" alt=\"Art Gen\u00e8ve dans les all\u00e9es de l&#039;exposition en avant premi\u00e8re de l&#039;ouverture (c) GAD\" srcset=\"https:\/\/www.exclusifmag.com\/online\/wp-content\/uploads\/2025\/02\/1.-Art-Geneve-dans-les-allees-de-lexposition-en-avant-premiere-de-louverture-c-GAD-400x300.jpg 400w, https:\/\/www.exclusifmag.com\/online\/wp-content\/uploads\/2025\/02\/1.-Art-Geneve-dans-les-allees-de-lexposition-en-avant-premiere-de-louverture-c-GAD-768x576.jpg 768w, https:\/\/www.exclusifmag.com\/online\/wp-content\/uploads\/2025\/02\/1.-Art-Geneve-dans-les-allees-de-lexposition-en-avant-premiere-de-louverture-c-GAD-733x550.jpg 733w, https:\/\/www.exclusifmag.com\/online\/wp-content\/uploads\/2025\/02\/1.-Art-Geneve-dans-les-allees-de-lexposition-en-avant-premiere-de-louverture-c-GAD.jpg 800w\" sizes=\"auto, (max-width: 400px) 100vw, 400px\" \/><\/a>\n\t\t\t<\/dt><\/dl><dl class='gallery-item'>\n\t\t\t<dt class='gallery-icon landscape'>\n\t\t\t\t<a href='https:\/\/www.exclusifmag.com\/online\/wp-content\/uploads\/2025\/02\/2.-Entree-Art-Geneve-Carrefour-livre-c-GAD.jpg'><img loading=\"lazy\" decoding=\"async\" width=\"400\" height=\"300\" src=\"https:\/\/www.exclusifmag.com\/online\/wp-content\/uploads\/2025\/02\/2.-Entree-Art-Geneve-Carrefour-livre-c-GAD-400x300.jpg\" class=\"attachment-medium size-medium\" alt=\"Entr\u00e9e Art Gen\u00e8ve Carrefour livre (c) GAD\" srcset=\"https:\/\/www.exclusifmag.com\/online\/wp-content\/uploads\/2025\/02\/2.-Entree-Art-Geneve-Carrefour-livre-c-GAD-400x300.jpg 400w, https:\/\/www.exclusifmag.com\/online\/wp-content\/uploads\/2025\/02\/2.-Entree-Art-Geneve-Carrefour-livre-c-GAD-768x576.jpg 768w, https:\/\/www.exclusifmag.com\/online\/wp-content\/uploads\/2025\/02\/2.-Entree-Art-Geneve-Carrefour-livre-c-GAD-733x550.jpg 733w, https:\/\/www.exclusifmag.com\/online\/wp-content\/uploads\/2025\/02\/2.-Entree-Art-Geneve-Carrefour-livre-c-GAD.jpg 800w\" sizes=\"auto, (max-width: 400px) 100vw, 400px\" \/><\/a>\n\t\t\t<\/dt><\/dl><br style=\"clear: both\" \/>\n\t\t<\/div>\n\n<p>Lan\u00e7ant la premi\u00e8re manifestation d\u2019art de la saison, c\u2019est dans une effervescence feutr\u00e9e et une \u00e9nergie radieuse que Palexpo a retrouv\u00e9 le public passionn\u00e9 d\u2019Art Gen\u00e8ve. Entre expositions solo et th\u00e9matiques, \u00e9coles et espaces d\u2019art, 80 galeries sp\u00e9cialis\u00e9es en art moderne et contemporain ont partag\u00e9 le dialogue et \u00e9chang\u00e9 les \u00e9motions. Remises de prix, jubil\u00e9s, exp\u00e9riences \u00e0 vivre, d\u00e9couvertes de nouveaut\u00e9s, c\u2019est un voyage aux confins de l\u2019imagination, de l\u2019inspiration d\u00e9brid\u00e9e et du talent\u2026 sans entraves. Visionnaire et p\u00e9tri d\u2019allant Art Gen\u00e8ve est bien install\u00e9 dans la cour des grands ! Avec des parcours multiples et divers, les expressions vont de la peinture \u00e0 la sculpture passant par les m\u00e9diums les plus improbables et des accrochages qui interpellent, subjuguent convainquant par leur r\u00e9flexion et singularit\u00e9.<\/p>\n\n\t\t<style type=\"text\/css\">\n\t\t\t#gallery-2 {\n\t\t\t\tmargin: auto;\n\t\t\t}\n\t\t\t#gallery-2 .gallery-item {\n\t\t\t\tfloat: left;\n\t\t\t\tmargin-top: 10px;\n\t\t\t\ttext-align: center;\n\t\t\t\twidth: 33%;\n\t\t\t}\n\t\t\t#gallery-2 img {\n\t\t\t\tborder: 2px solid #cfcfcf;\n\t\t\t}\n\t\t\t#gallery-2 .gallery-caption {\n\t\t\t\tmargin-left: 0;\n\t\t\t}\n\t\t\t\/* see gallery_shortcode() in wp-includes\/media.php *\/\n\t\t<\/style>\n\t\t<div id='gallery-2' class='gallery galleryid-24722 gallery-columns-3 gallery-size-large'><dl class='gallery-item'>\n\t\t\t<dt class='gallery-icon landscape'>\n\t\t\t\t<a href='https:\/\/www.exclusifmag.com\/online\/wp-content\/uploads\/2025\/02\/3.-Experience-Virtual-Hall-le-stand-daccueil-de-lOSR-ou-le-visiteur-participe-a-un-concert-virtuel-a-laide-dun-casque-c-GAD.jpg'><img loading=\"lazy\" decoding=\"async\" width=\"800\" height=\"600\" src=\"https:\/\/www.exclusifmag.com\/online\/wp-content\/uploads\/2025\/02\/3.-Experience-Virtual-Hall-le-stand-daccueil-de-lOSR-ou-le-visiteur-participe-a-un-concert-virtuel-a-laide-dun-casque-c-GAD.jpg\" class=\"attachment-large size-large\" alt=\"Exp\u00e9rience Virtual Hall, le stand d&#039;accueil de l&#039;OSR o\u00f9 le visiteur participe \u00e0 un concert virtuel \u00e0 l&#039;aide d&#039;un casque (c) GAD\" srcset=\"https:\/\/www.exclusifmag.com\/online\/wp-content\/uploads\/2025\/02\/3.-Experience-Virtual-Hall-le-stand-daccueil-de-lOSR-ou-le-visiteur-participe-a-un-concert-virtuel-a-laide-dun-casque-c-GAD.jpg 800w, https:\/\/www.exclusifmag.com\/online\/wp-content\/uploads\/2025\/02\/3.-Experience-Virtual-Hall-le-stand-daccueil-de-lOSR-ou-le-visiteur-participe-a-un-concert-virtuel-a-laide-dun-casque-c-GAD-400x300.jpg 400w, https:\/\/www.exclusifmag.com\/online\/wp-content\/uploads\/2025\/02\/3.-Experience-Virtual-Hall-le-stand-daccueil-de-lOSR-ou-le-visiteur-participe-a-un-concert-virtuel-a-laide-dun-casque-c-GAD-768x576.jpg 768w, https:\/\/www.exclusifmag.com\/online\/wp-content\/uploads\/2025\/02\/3.-Experience-Virtual-Hall-le-stand-daccueil-de-lOSR-ou-le-visiteur-participe-a-un-concert-virtuel-a-laide-dun-casque-c-GAD-733x550.jpg 733w\" sizes=\"auto, (max-width: 800px) 100vw, 800px\" \/><\/a>\n\t\t\t<\/dt><\/dl><dl class='gallery-item'>\n\t\t\t<dt class='gallery-icon landscape'>\n\t\t\t\t<a href='https:\/\/www.exclusifmag.com\/online\/wp-content\/uploads\/2025\/02\/4.-OSR-Virtual-Hall-le-casque-permettant-de-vivre-un-concert-en-live-c-CyberlArt.jpg'><img loading=\"lazy\" decoding=\"async\" width=\"800\" height=\"600\" src=\"https:\/\/www.exclusifmag.com\/online\/wp-content\/uploads\/2025\/02\/4.-OSR-Virtual-Hall-le-casque-permettant-de-vivre-un-concert-en-live-c-CyberlArt.jpg\" class=\"attachment-large size-large\" alt=\"OSR Virtual Hall, le casque permettant de vivre un concert en live (c) CyberlArt\" srcset=\"https:\/\/www.exclusifmag.com\/online\/wp-content\/uploads\/2025\/02\/4.-OSR-Virtual-Hall-le-casque-permettant-de-vivre-un-concert-en-live-c-CyberlArt.jpg 800w, https:\/\/www.exclusifmag.com\/online\/wp-content\/uploads\/2025\/02\/4.-OSR-Virtual-Hall-le-casque-permettant-de-vivre-un-concert-en-live-c-CyberlArt-400x300.jpg 400w, https:\/\/www.exclusifmag.com\/online\/wp-content\/uploads\/2025\/02\/4.-OSR-Virtual-Hall-le-casque-permettant-de-vivre-un-concert-en-live-c-CyberlArt-768x576.jpg 768w, https:\/\/www.exclusifmag.com\/online\/wp-content\/uploads\/2025\/02\/4.-OSR-Virtual-Hall-le-casque-permettant-de-vivre-un-concert-en-live-c-CyberlArt-733x550.jpg 733w\" sizes=\"auto, (max-width: 800px) 100vw, 800px\" \/><\/a>\n\t\t\t<\/dt><\/dl><dl class='gallery-item'>\n\t\t\t<dt class='gallery-icon landscape'>\n\t\t\t\t<a href='https:\/\/www.exclusifmag.com\/online\/wp-content\/uploads\/2025\/02\/5.-Stand-OSR-dans-lattente-de-vivre-lexperience-du-concert-virtuel-c-GAD-.jpg'><img loading=\"lazy\" decoding=\"async\" width=\"800\" height=\"600\" src=\"https:\/\/www.exclusifmag.com\/online\/wp-content\/uploads\/2025\/02\/5.-Stand-OSR-dans-lattente-de-vivre-lexperience-du-concert-virtuel-c-GAD-.jpg\" class=\"attachment-large size-large\" alt=\"Stand OSR, dans l&#039;attente de vivre l&#039;exp\u00e9rience du concert virtuel (c) GAD\" srcset=\"https:\/\/www.exclusifmag.com\/online\/wp-content\/uploads\/2025\/02\/5.-Stand-OSR-dans-lattente-de-vivre-lexperience-du-concert-virtuel-c-GAD-.jpg 800w, https:\/\/www.exclusifmag.com\/online\/wp-content\/uploads\/2025\/02\/5.-Stand-OSR-dans-lattente-de-vivre-lexperience-du-concert-virtuel-c-GAD--400x300.jpg 400w, https:\/\/www.exclusifmag.com\/online\/wp-content\/uploads\/2025\/02\/5.-Stand-OSR-dans-lattente-de-vivre-lexperience-du-concert-virtuel-c-GAD--768x576.jpg 768w, https:\/\/www.exclusifmag.com\/online\/wp-content\/uploads\/2025\/02\/5.-Stand-OSR-dans-lattente-de-vivre-lexperience-du-concert-virtuel-c-GAD--733x550.jpg 733w\" sizes=\"auto, (max-width: 800px) 100vw, 800px\" \/><\/a>\n\t\t\t<\/dt><\/dl><br style=\"clear: both\" \/>\n\t\t<\/div>\n\n<p>Apr\u00e8s avoir pr\u00e9sent\u00e9, au Salon en 2024, une premi\u00e8re performance technique au moyen d\u2019un hologramme g\u00e9ant de l\u2019OSR permettant d\u2019assister \u00e0 un concert comme si on y \u00e9tait, l\u2019Orchestre de la Suisse Romande r\u00e9cidive. S\u2019agissant ici, non pas d\u2019\u00eatre spectateur d\u2019un concert virtuel, mais d\u2019en devenir acteur. Install\u00e9 sur sc\u00e8ne au milieu de l\u2019orchestre ! Avec la possibilit\u00e9 par le fait d\u2019une console de choisir sa partition musicale et de se rapprocher virtuellement d\u2019un musicien ou d\u2019un autre\u2026 Le tout \u00e0 l\u2019aide d\u2019un casque, une innovation appel\u00e9e <em>Virtual Hall<\/em>\u2026 Logiciel\u00a0? Application\u00a0? As des Arts Techs, inventeur de cette technique complexe, Pierluigi Orunesu, fondateur de Cybel\u2019Art, a con\u00e7u cette prouesse. Devant le stand de l\u2019OSR, le public a fait la queue pour vivre l\u2019exp\u00e9rience. A la plus grande satisfaction de Steve Roger, Directeur de l\u2019OSR, planifiant d\u00e9j\u00e0 les prochains usages <em>Virtual Hall<\/em> pour concerts, op\u00e9ras, ballets et, encore, \u00e0 but p\u00e9dagogique.<\/p>\n\n\t\t<style type=\"text\/css\">\n\t\t\t#gallery-3 {\n\t\t\t\tmargin: auto;\n\t\t\t}\n\t\t\t#gallery-3 .gallery-item {\n\t\t\t\tfloat: left;\n\t\t\t\tmargin-top: 10px;\n\t\t\t\ttext-align: center;\n\t\t\t\twidth: 50%;\n\t\t\t}\n\t\t\t#gallery-3 img {\n\t\t\t\tborder: 2px solid #cfcfcf;\n\t\t\t}\n\t\t\t#gallery-3 .gallery-caption {\n\t\t\t\tmargin-left: 0;\n\t\t\t}\n\t\t\t\/* see gallery_shortcode() in wp-includes\/media.php *\/\n\t\t<\/style>\n\t\t<div id='gallery-3' class='gallery galleryid-24722 gallery-columns-2 gallery-size-medium'><dl class='gallery-item'>\n\t\t\t<dt class='gallery-icon landscape'>\n\t\t\t\t<a href='https:\/\/www.exclusifmag.com\/online\/wp-content\/uploads\/2025\/02\/6-REMI1.jpg'><img loading=\"lazy\" decoding=\"async\" width=\"400\" height=\"300\" src=\"https:\/\/www.exclusifmag.com\/online\/wp-content\/uploads\/2025\/02\/6-REMI1-400x300.jpg\" class=\"attachment-medium size-medium\" alt=\"Remise du Prix Solo Art Gen\u00e8ve - F.P.Journe. De g. \u00e0 d. Claude Membrez, Alberto Velasco, F-P Journe, Niamh Coghlan, Aloisia Leopardi, Thierry Apoth\u00e9loz, Charlotte Diwan (c) F.P. Journe\" srcset=\"https:\/\/www.exclusifmag.com\/online\/wp-content\/uploads\/2025\/02\/6-REMI1-400x300.jpg 400w, https:\/\/www.exclusifmag.com\/online\/wp-content\/uploads\/2025\/02\/6-REMI1-768x576.jpg 768w, https:\/\/www.exclusifmag.com\/online\/wp-content\/uploads\/2025\/02\/6-REMI1-733x550.jpg 733w, https:\/\/www.exclusifmag.com\/online\/wp-content\/uploads\/2025\/02\/6-REMI1.jpg 800w\" sizes=\"auto, (max-width: 400px) 100vw, 400px\" \/><\/a>\n\t\t\t<\/dt><\/dl><dl class='gallery-item'>\n\t\t\t<dt class='gallery-icon landscape'>\n\t\t\t\t<a href='https:\/\/www.exclusifmag.com\/online\/wp-content\/uploads\/2025\/02\/7.-Prix-Solo-Art-Geneve-F.P.-Journe-lelegant-stand-de-la-celebre-marque-horlogere-au-Salon-c-F.P.-Journe.jpg'><img loading=\"lazy\" decoding=\"async\" width=\"400\" height=\"300\" src=\"https:\/\/www.exclusifmag.com\/online\/wp-content\/uploads\/2025\/02\/7.-Prix-Solo-Art-Geneve-F.P.-Journe-lelegant-stand-de-la-celebre-marque-horlogere-au-Salon-c-F.P.-Journe-400x300.jpg\" class=\"attachment-medium size-medium\" alt=\"Prix Solo Art Gen\u00e8ve F.P. Journe l&#039;\u00e9l\u00e9gant stand de la c\u00e9l\u00e8bre marque horlog\u00e8re au Salon (c) F.P. Journe\" srcset=\"https:\/\/www.exclusifmag.com\/online\/wp-content\/uploads\/2025\/02\/7.-Prix-Solo-Art-Geneve-F.P.-Journe-lelegant-stand-de-la-celebre-marque-horlogere-au-Salon-c-F.P.-Journe-400x300.jpg 400w, https:\/\/www.exclusifmag.com\/online\/wp-content\/uploads\/2025\/02\/7.-Prix-Solo-Art-Geneve-F.P.-Journe-lelegant-stand-de-la-celebre-marque-horlogere-au-Salon-c-F.P.-Journe-768x576.jpg 768w, https:\/\/www.exclusifmag.com\/online\/wp-content\/uploads\/2025\/02\/7.-Prix-Solo-Art-Geneve-F.P.-Journe-lelegant-stand-de-la-celebre-marque-horlogere-au-Salon-c-F.P.-Journe-733x550.jpg 733w, https:\/\/www.exclusifmag.com\/online\/wp-content\/uploads\/2025\/02\/7.-Prix-Solo-Art-Geneve-F.P.-Journe-lelegant-stand-de-la-celebre-marque-horlogere-au-Salon-c-F.P.-Journe.jpg 800w\" sizes=\"auto, (max-width: 400px) 100vw, 400px\" \/><\/a>\n\t\t\t<\/dt><\/dl><br style=\"clear: both\" \/>\n\t\t<\/div>\n\n<p>Ev\u00e9nement phare aux premi\u00e8res heures du Salon, la remise du <em>Prix Solo Art Gen\u00e8ve &#8211; F.P. Journe<\/em> distinguant, pour cette 13<sup>e<\/sup> \u00e9dition, la Galerie Richard Saltoun retenue parmi les 26 stands de la section Solo. Avec pour mission de valoriser le patrimoine artistique national, le Prix a \u00e9t\u00e9 acquis, selon la tradition, par le c\u00e9l\u00e8bre horloger Fran\u00e7ois-Paul Journe et, offert au Mus\u00e9e d\u2019Art Moderne et Contemporain de Gen\u00e8ve. Pl\u00e9biscit\u00e9e par un jury d\u2019experts dont, les directeurs du MAMCO Gen\u00e8ve, du Mus\u00e9e des Beaux-Arts du Locle et celui du MAXXI Roma, l\u2019\u0153uvre laur\u00e9ate <em>The Dawn and the Fish,<\/em> sous la signature de BAYA, se trouvera d\u00e9sormais en bonne place aux cimaises du MAMCO. Avec pas moins de 22 projets institutionnels et des collaborations avec le Kunst Museum Winterthur, le MASI Lugano, la Fondation Gandur pour l\u2019Art et, encore, celle du Mus\u00e9e des Beaux-Arts du Locle, c\u2019est une multiplicit\u00e9 d\u2019expressions artistiques qui se c\u00f4toient \u00e0 Palexpo. Pour en d\u00e9finir les liens et les contours, La Fondation Plaza s\u2019est lanc\u00e9e dans une analyse entre art contemporain et cin\u00e9ma qui n\u2019a pas fini d\u2019\u00e9tonner\u2026<\/p>\n\n\t\t<style type=\"text\/css\">\n\t\t\t#gallery-4 {\n\t\t\t\tmargin: auto;\n\t\t\t}\n\t\t\t#gallery-4 .gallery-item {\n\t\t\t\tfloat: left;\n\t\t\t\tmargin-top: 10px;\n\t\t\t\ttext-align: center;\n\t\t\t\twidth: 33%;\n\t\t\t}\n\t\t\t#gallery-4 img {\n\t\t\t\tborder: 2px solid #cfcfcf;\n\t\t\t}\n\t\t\t#gallery-4 .gallery-caption {\n\t\t\t\tmargin-left: 0;\n\t\t\t}\n\t\t\t\/* see gallery_shortcode() in wp-includes\/media.php *\/\n\t\t<\/style>\n\t\t<div id='gallery-4' class='gallery galleryid-24722 gallery-columns-3 gallery-size-large'><dl class='gallery-item'>\n\t\t\t<dt class='gallery-icon landscape'>\n\t\t\t\t<a href='https:\/\/www.exclusifmag.com\/online\/wp-content\/uploads\/2025\/02\/8.-Art-Geneve-Espace-lounge-amenage-par-teo-jakob-c-GAD.jpg'><img loading=\"lazy\" decoding=\"async\" width=\"800\" height=\"600\" src=\"https:\/\/www.exclusifmag.com\/online\/wp-content\/uploads\/2025\/02\/8.-Art-Geneve-Espace-lounge-amenage-par-teo-jakob-c-GAD.jpg\" class=\"attachment-large size-large\" alt=\"Art Gen\u00e8ve Espace lounge am\u00e9nag\u00e9 par teo jakob (c) GAD\" srcset=\"https:\/\/www.exclusifmag.com\/online\/wp-content\/uploads\/2025\/02\/8.-Art-Geneve-Espace-lounge-amenage-par-teo-jakob-c-GAD.jpg 800w, https:\/\/www.exclusifmag.com\/online\/wp-content\/uploads\/2025\/02\/8.-Art-Geneve-Espace-lounge-amenage-par-teo-jakob-c-GAD-400x300.jpg 400w, https:\/\/www.exclusifmag.com\/online\/wp-content\/uploads\/2025\/02\/8.-Art-Geneve-Espace-lounge-amenage-par-teo-jakob-c-GAD-768x576.jpg 768w, https:\/\/www.exclusifmag.com\/online\/wp-content\/uploads\/2025\/02\/8.-Art-Geneve-Espace-lounge-amenage-par-teo-jakob-c-GAD-733x550.jpg 733w\" sizes=\"auto, (max-width: 800px) 100vw, 800px\" \/><\/a>\n\t\t\t<\/dt><\/dl><dl class='gallery-item'>\n\t\t\t<dt class='gallery-icon landscape'>\n\t\t\t\t<a href='https:\/\/www.exclusifmag.com\/online\/wp-content\/uploads\/2025\/02\/9.-Les-affiches-de-la-renommee-teo-jacob-c-GAD.jpg'><img loading=\"lazy\" decoding=\"async\" width=\"800\" height=\"600\" src=\"https:\/\/www.exclusifmag.com\/online\/wp-content\/uploads\/2025\/02\/9.-Les-affiches-de-la-renommee-teo-jacob-c-GAD.jpg\" class=\"attachment-large size-large\" alt=\"Les affiches de la renomm\u00e9e teo jakob (c) GAD\" srcset=\"https:\/\/www.exclusifmag.com\/online\/wp-content\/uploads\/2025\/02\/9.-Les-affiches-de-la-renommee-teo-jacob-c-GAD.jpg 800w, https:\/\/www.exclusifmag.com\/online\/wp-content\/uploads\/2025\/02\/9.-Les-affiches-de-la-renommee-teo-jacob-c-GAD-400x300.jpg 400w, https:\/\/www.exclusifmag.com\/online\/wp-content\/uploads\/2025\/02\/9.-Les-affiches-de-la-renommee-teo-jacob-c-GAD-768x576.jpg 768w, https:\/\/www.exclusifmag.com\/online\/wp-content\/uploads\/2025\/02\/9.-Les-affiches-de-la-renommee-teo-jacob-c-GAD-733x550.jpg 733w\" sizes=\"auto, (max-width: 800px) 100vw, 800px\" \/><\/a>\n\t\t\t<\/dt><\/dl><dl class='gallery-item'>\n\t\t\t<dt class='gallery-icon landscape'>\n\t\t\t\t<a href='https:\/\/www.exclusifmag.com\/online\/wp-content\/uploads\/2025\/02\/10.-teo-jakob-Restaurant-Art-Geneve-2025-\u00a9Nicolas-Schopfer.jpg'><img loading=\"lazy\" decoding=\"async\" width=\"800\" height=\"600\" src=\"https:\/\/www.exclusifmag.com\/online\/wp-content\/uploads\/2025\/02\/10.-teo-jakob-Restaurant-Art-Geneve-2025-\u00a9Nicolas-Schopfer.jpg\" class=\"attachment-large size-large\" alt=\"teo jakob Restaurant Art Gen\u00e8ve 2025 \u00a9 Nicolas Schopfer\" srcset=\"https:\/\/www.exclusifmag.com\/online\/wp-content\/uploads\/2025\/02\/10.-teo-jakob-Restaurant-Art-Geneve-2025-\u00a9Nicolas-Schopfer.jpg 800w, https:\/\/www.exclusifmag.com\/online\/wp-content\/uploads\/2025\/02\/10.-teo-jakob-Restaurant-Art-Geneve-2025-\u00a9Nicolas-Schopfer-400x300.jpg 400w, https:\/\/www.exclusifmag.com\/online\/wp-content\/uploads\/2025\/02\/10.-teo-jakob-Restaurant-Art-Geneve-2025-\u00a9Nicolas-Schopfer-768x576.jpg 768w, https:\/\/www.exclusifmag.com\/online\/wp-content\/uploads\/2025\/02\/10.-teo-jakob-Restaurant-Art-Geneve-2025-\u00a9Nicolas-Schopfer-733x550.jpg 733w\" sizes=\"auto, (max-width: 800px) 100vw, 800px\" \/><\/a>\n\t\t\t<\/dt><\/dl><br style=\"clear: both\" \/>\n\t\t<\/div>\n\n<p>Dans la section <em>Sur Mesure<\/em>, &#8211; on se souvient du succ\u00e8s monumental de Joana Vasconcelos en 2024 et de son \u0153uvre \u00e9blouissante hors norme &#8211; la plateforme 2025 met en lumi\u00e8re l\u2019art vid\u00e9o avec FOOD. Sujet d\u2019actualit\u00e9, accompagn\u00e9 par la cr\u00e9ativit\u00e9 des artistes Gordon Matta-Clark et Pilar Albarracin mettant en exergue des th\u00e9matiques autour de la nourriture\u2026 Sur ce registre, <em>teo jakob,<\/em> partenaire indissociable d\u2019Art Gen\u00e8ve, am\u00e9nageant depuis les d\u00e9buts les espaces publics, all\u00e9es et aires de d\u00e9tente de la manifestation, a cr\u00e9\u00e9 pour cette \u00e9dition un restaurant \u00e9ph\u00e9m\u00e8re, confortable et\u2026 design\u00a0! Une savoureuse exp\u00e9rience en collaboration avec, entre autres, des partenaires tels qu\u2019USM\u00a0! A noter que <em>teo jakob<\/em> c\u00e9l\u00e8bre en m\u00eame temps \u00e0 Palexpo ses 75 ans de cr\u00e9ativit\u00e9 et de coop\u00e9rations fructueuses. Pour l\u2019occasion, <em>Collaborations, <\/em>une r\u00e9trospective, sp\u00e9ciale Art Gen\u00e8ve pr\u00e9sente l\u2019histoire de l\u2019entreprise par des \u0153uvres, objets, et projets expos\u00e9s\u2026 Parmi lesquels 15 chaises culte signant les chapitres importants du design. A voir.<\/p>\n\n\t\t<style type=\"text\/css\">\n\t\t\t#gallery-5 {\n\t\t\t\tmargin: auto;\n\t\t\t}\n\t\t\t#gallery-5 .gallery-item {\n\t\t\t\tfloat: left;\n\t\t\t\tmargin-top: 10px;\n\t\t\t\ttext-align: center;\n\t\t\t\twidth: 33%;\n\t\t\t}\n\t\t\t#gallery-5 img {\n\t\t\t\tborder: 2px solid #cfcfcf;\n\t\t\t}\n\t\t\t#gallery-5 .gallery-caption {\n\t\t\t\tmargin-left: 0;\n\t\t\t}\n\t\t\t\/* see gallery_shortcode() in wp-includes\/media.php *\/\n\t\t<\/style>\n\t\t<div id='gallery-5' class='gallery galleryid-24722 gallery-columns-3 gallery-size-large'><dl class='gallery-item'>\n\t\t\t<dt class='gallery-icon landscape'>\n\t\t\t\t<a href='https:\/\/www.exclusifmag.com\/online\/wp-content\/uploads\/2025\/02\/11.-Philippe-Cramer-presentant-ses-nouvelles-creations-dans-esthetique-toujours-raffinee-et-originale-c-GAD.jpg'><img loading=\"lazy\" decoding=\"async\" width=\"800\" height=\"600\" src=\"https:\/\/www.exclusifmag.com\/online\/wp-content\/uploads\/2025\/02\/11.-Philippe-Cramer-presentant-ses-nouvelles-creations-dans-esthetique-toujours-raffinee-et-originale-c-GAD.jpg\" class=\"attachment-large size-large\" alt=\"Philippe Cramer pr\u00e9sentant ses nouvelles cr\u00e9ations esth\u00e9tiques toujours raffin\u00e9es et originales (c) GAD\" srcset=\"https:\/\/www.exclusifmag.com\/online\/wp-content\/uploads\/2025\/02\/11.-Philippe-Cramer-presentant-ses-nouvelles-creations-dans-esthetique-toujours-raffinee-et-originale-c-GAD.jpg 800w, https:\/\/www.exclusifmag.com\/online\/wp-content\/uploads\/2025\/02\/11.-Philippe-Cramer-presentant-ses-nouvelles-creations-dans-esthetique-toujours-raffinee-et-originale-c-GAD-400x300.jpg 400w, https:\/\/www.exclusifmag.com\/online\/wp-content\/uploads\/2025\/02\/11.-Philippe-Cramer-presentant-ses-nouvelles-creations-dans-esthetique-toujours-raffinee-et-originale-c-GAD-768x576.jpg 768w, https:\/\/www.exclusifmag.com\/online\/wp-content\/uploads\/2025\/02\/11.-Philippe-Cramer-presentant-ses-nouvelles-creations-dans-esthetique-toujours-raffinee-et-originale-c-GAD-733x550.jpg 733w\" sizes=\"auto, (max-width: 800px) 100vw, 800px\" \/><\/a>\n\t\t\t<\/dt><\/dl><dl class='gallery-item'>\n\t\t\t<dt class='gallery-icon landscape'>\n\t\t\t\t<a href='https:\/\/www.exclusifmag.com\/online\/wp-content\/uploads\/2025\/02\/12.-Philippe-Cramer-designer-collection-unique-en-pierre-et-inclusion-de-metal-c-GAD.jpg'><img loading=\"lazy\" decoding=\"async\" width=\"800\" height=\"600\" src=\"https:\/\/www.exclusifmag.com\/online\/wp-content\/uploads\/2025\/02\/12.-Philippe-Cramer-designer-collection-unique-en-pierre-et-inclusion-de-metal-c-GAD.jpg\" class=\"attachment-large size-large\" alt=\"Philippe Cramer designer collection unique en pierre et inclusion de m\u00e9tal (c) GAD\" srcset=\"https:\/\/www.exclusifmag.com\/online\/wp-content\/uploads\/2025\/02\/12.-Philippe-Cramer-designer-collection-unique-en-pierre-et-inclusion-de-metal-c-GAD.jpg 800w, https:\/\/www.exclusifmag.com\/online\/wp-content\/uploads\/2025\/02\/12.-Philippe-Cramer-designer-collection-unique-en-pierre-et-inclusion-de-metal-c-GAD-400x300.jpg 400w, https:\/\/www.exclusifmag.com\/online\/wp-content\/uploads\/2025\/02\/12.-Philippe-Cramer-designer-collection-unique-en-pierre-et-inclusion-de-metal-c-GAD-768x576.jpg 768w, https:\/\/www.exclusifmag.com\/online\/wp-content\/uploads\/2025\/02\/12.-Philippe-Cramer-designer-collection-unique-en-pierre-et-inclusion-de-metal-c-GAD-733x550.jpg 733w\" sizes=\"auto, (max-width: 800px) 100vw, 800px\" \/><\/a>\n\t\t\t<\/dt><\/dl><dl class='gallery-item'>\n\t\t\t<dt class='gallery-icon landscape'>\n\t\t\t\t<a href='https:\/\/www.exclusifmag.com\/online\/wp-content\/uploads\/2025\/02\/13.-Section-edition-c-GAD.jpg'><img loading=\"lazy\" decoding=\"async\" width=\"800\" height=\"600\" src=\"https:\/\/www.exclusifmag.com\/online\/wp-content\/uploads\/2025\/02\/13.-Section-edition-c-GAD.jpg\" class=\"attachment-large size-large\" alt=\"Section \u00e9dition (c) GAD\" srcset=\"https:\/\/www.exclusifmag.com\/online\/wp-content\/uploads\/2025\/02\/13.-Section-edition-c-GAD.jpg 800w, https:\/\/www.exclusifmag.com\/online\/wp-content\/uploads\/2025\/02\/13.-Section-edition-c-GAD-400x300.jpg 400w, https:\/\/www.exclusifmag.com\/online\/wp-content\/uploads\/2025\/02\/13.-Section-edition-c-GAD-768x576.jpg 768w, https:\/\/www.exclusifmag.com\/online\/wp-content\/uploads\/2025\/02\/13.-Section-edition-c-GAD-733x550.jpg 733w\" sizes=\"auto, (max-width: 800px) 100vw, 800px\" \/><\/a>\n\t\t\t<\/dt><\/dl><br style=\"clear: both\" \/>\n\t\t<\/div>\n\n<p>Visite et d\u00e9ambulations se poursuivent vers le quartier des \u00e9diteurs o\u00f9 les livres d\u2019art content en images somptueuses l\u2019histoire des grands artistes et de leurs \u0153uvres\u2026 Les arr\u00eats se suivent se prolongeant de carrefour en carrefour, o\u00f9 all\u00e9es et couloirs portent vers les diff\u00e9rents les stands et vers les conf\u00e9rences se tenant dans le p\u00e9rim\u00e8tre. Passionnants et vari\u00e9s, avec des intervenants de haute vol\u00e9e, les programmes, toujours pointus, attirent le public en abordant des informations sur l\u2019actualit\u00e9 et l\u2019h\u00e9ritage de cet univers souverain et infini qu\u2019est l\u2019expression artistique \u2026 Du 30 janvier au 2 f\u00e9vrier, la Cit\u00e9 de Calvin a hiss\u00e9 les couleurs de l\u2019Art devenant the <em>place to be<\/em>. Incontournable\u00a0!<\/p>\n","protected":false},"excerpt":{"rendered":"<p>Art Gen\u00e8ve \u00e0 Palexpo<br \/>\nLe rendez-vous international<br \/>\ndes principaux acteurs de l\u2019art<\/p>\n","protected":false},"author":1,"featured_media":24726,"comment_status":"open","ping_status":"open","sticky":false,"template":"","format":"standard","meta":{"footnotes":""},"categories":[11,4,1992,145],"tags":[1999,671,42,489,781,2000],"class_list":["post-24722","post","type-post","status-publish","format-standard","has-post-thumbnail","hentry","category-art-culture","category-events","category-galerie-dart","category-infos-news","tag-art-geneve","tag-f-p-journe","tag-geneve","tag-osr","tag-palexpo","tag-virtual-hall"],"_links":{"self":[{"href":"https:\/\/www.exclusifmag.com\/online\/wp-json\/wp\/v2\/posts\/24722","targetHints":{"allow":["GET"]}}],"collection":[{"href":"https:\/\/www.exclusifmag.com\/online\/wp-json\/wp\/v2\/posts"}],"about":[{"href":"https:\/\/www.exclusifmag.com\/online\/wp-json\/wp\/v2\/types\/post"}],"author":[{"embeddable":true,"href":"https:\/\/www.exclusifmag.com\/online\/wp-json\/wp\/v2\/users\/1"}],"replies":[{"embeddable":true,"href":"https:\/\/www.exclusifmag.com\/online\/wp-json\/wp\/v2\/comments?post=24722"}],"version-history":[{"count":10,"href":"https:\/\/www.exclusifmag.com\/online\/wp-json\/wp\/v2\/posts\/24722\/revisions"}],"predecessor-version":[{"id":24756,"href":"https:\/\/www.exclusifmag.com\/online\/wp-json\/wp\/v2\/posts\/24722\/revisions\/24756"}],"wp:featuredmedia":[{"embeddable":true,"href":"https:\/\/www.exclusifmag.com\/online\/wp-json\/wp\/v2\/media\/24726"}],"wp:attachment":[{"href":"https:\/\/www.exclusifmag.com\/online\/wp-json\/wp\/v2\/media?parent=24722"}],"wp:term":[{"taxonomy":"category","embeddable":true,"href":"https:\/\/www.exclusifmag.com\/online\/wp-json\/wp\/v2\/categories?post=24722"},{"taxonomy":"post_tag","embeddable":true,"href":"https:\/\/www.exclusifmag.com\/online\/wp-json\/wp\/v2\/tags?post=24722"}],"curies":[{"name":"wp","href":"https:\/\/api.w.org\/{rel}","templated":true}]}}