{"id":25015,"date":"2025-03-29T18:13:53","date_gmt":"2025-03-29T17:13:53","guid":{"rendered":"https:\/\/www.exclusifmag.com\/online\/?p=25015"},"modified":"2025-03-30T11:37:13","modified_gmt":"2025-03-30T09:37:13","slug":"nouveau-rendez-vous-a-geneve","status":"publish","type":"post","link":"https:\/\/www.exclusifmag.com\/online\/nouveau-rendez-vous-a-geneve\/","title":{"rendered":"Nouveau rendez-vous \u00e0 Gen\u00e8ve"},"content":{"rendered":"<h2><strong><em>Villa Dolorosa au Poche<\/em><\/strong><\/h2>\n<h2><strong><em>Un succ\u00e8s assur\u00e9<\/em><\/strong><\/h2>\n<p><strong>Dernier spectacle sous l\u2019orientation de son fringant directeur Mathieu Bertholet quittant Gen\u00e8ve pour Zurich, le Th\u00e9\u00e2tre du Poche vient de lancer sa nouvelle repr\u00e9sentation <em>Villa Dolorosa<\/em> ovationn\u00e9e par le public\u00a0!\u00a0 Sous la plume incisive de Rebekka Kricheldof, librement inspir\u00e9e de Tchekhov, la pi\u00e8ce revient sur les planches en Vieille-Ville apr\u00e8s un premier passage, il y a 10 ans ! Elle se rejoue ici, mise en sc\u00e8ne par Manon Kr\u00fcttli. A l\u2019affiche jusqu\u2019au 13 avril 2025, <em>Villa Dolorosa<\/em> se poursuit joyeusement\u2026 <em>La F\u00eate n\u2019est pas finie\u00a0! <\/em><\/strong><\/p>\n\n\t\t<style type=\"text\/css\">\n\t\t\t#gallery-1 {\n\t\t\t\tmargin: auto;\n\t\t\t}\n\t\t\t#gallery-1 .gallery-item {\n\t\t\t\tfloat: left;\n\t\t\t\tmargin-top: 10px;\n\t\t\t\ttext-align: center;\n\t\t\t\twidth: 50%;\n\t\t\t}\n\t\t\t#gallery-1 img {\n\t\t\t\tborder: 2px solid #cfcfcf;\n\t\t\t}\n\t\t\t#gallery-1 .gallery-caption {\n\t\t\t\tmargin-left: 0;\n\t\t\t}\n\t\t\t\/* see gallery_shortcode() in wp-includes\/media.php *\/\n\t\t<\/style>\n\t\t<div id='gallery-1' class='gallery galleryid-25015 gallery-columns-2 gallery-size-full'><dl class='gallery-item'>\n\t\t\t<dt class='gallery-icon landscape'>\n\t\t\t\t<a href='https:\/\/www.exclusifmag.com\/online\/wp-content\/uploads\/2025\/03\/1.-Rebekka-Kricheldorf-auteure-dramaturege-a-signe-Villa-Dolorosa-inspire-des-Trois-Soeurs-de-Tchekov-c-Robert-Frank.jpg'><img loading=\"lazy\" decoding=\"async\" width=\"800\" height=\"600\" src=\"https:\/\/www.exclusifmag.com\/online\/wp-content\/uploads\/2025\/03\/1.-Rebekka-Kricheldorf-auteure-dramaturege-a-signe-Villa-Dolorosa-inspire-des-Trois-Soeurs-de-Tchekov-c-Robert-Frank.jpg\" class=\"attachment-full size-full\" alt=\"Rebekka Kricheldorf auteure dramaturge a sign\u00e9 Villa Dolorosa inspir\u00e9 des Trois S\u0153urs de Tchekhov (c) Robert Frank\" srcset=\"https:\/\/www.exclusifmag.com\/online\/wp-content\/uploads\/2025\/03\/1.-Rebekka-Kricheldorf-auteure-dramaturege-a-signe-Villa-Dolorosa-inspire-des-Trois-Soeurs-de-Tchekov-c-Robert-Frank.jpg 800w, https:\/\/www.exclusifmag.com\/online\/wp-content\/uploads\/2025\/03\/1.-Rebekka-Kricheldorf-auteure-dramaturege-a-signe-Villa-Dolorosa-inspire-des-Trois-Soeurs-de-Tchekov-c-Robert-Frank-400x300.jpg 400w, https:\/\/www.exclusifmag.com\/online\/wp-content\/uploads\/2025\/03\/1.-Rebekka-Kricheldorf-auteure-dramaturege-a-signe-Villa-Dolorosa-inspire-des-Trois-Soeurs-de-Tchekov-c-Robert-Frank-768x576.jpg 768w, https:\/\/www.exclusifmag.com\/online\/wp-content\/uploads\/2025\/03\/1.-Rebekka-Kricheldorf-auteure-dramaturege-a-signe-Villa-Dolorosa-inspire-des-Trois-Soeurs-de-Tchekov-c-Robert-Frank-733x550.jpg 733w\" sizes=\"auto, (max-width: 800px) 100vw, 800px\" \/><\/a>\n\t\t\t<\/dt><\/dl><dl class='gallery-item'>\n\t\t\t<dt class='gallery-icon landscape'>\n\t\t\t\t<a href='https:\/\/www.exclusifmag.com\/online\/wp-content\/uploads\/2025\/03\/2.-Manon-Kruttli-a-assure-la-mise-en-scene-de-la-Villa-Dolorosa-c-Samuel-Rubio.jpg'><img loading=\"lazy\" decoding=\"async\" width=\"800\" height=\"600\" src=\"https:\/\/www.exclusifmag.com\/online\/wp-content\/uploads\/2025\/03\/2.-Manon-Kruttli-a-assure-la-mise-en-scene-de-la-Villa-Dolorosa-c-Samuel-Rubio.jpg\" class=\"attachment-full size-full\" alt=\"Manon Kr\u00fcttli a assur\u00e9 la mise en sc\u00e8ne de la Villa Dolorosa (c) Samuel Rubio\" srcset=\"https:\/\/www.exclusifmag.com\/online\/wp-content\/uploads\/2025\/03\/2.-Manon-Kruttli-a-assure-la-mise-en-scene-de-la-Villa-Dolorosa-c-Samuel-Rubio.jpg 800w, https:\/\/www.exclusifmag.com\/online\/wp-content\/uploads\/2025\/03\/2.-Manon-Kruttli-a-assure-la-mise-en-scene-de-la-Villa-Dolorosa-c-Samuel-Rubio-400x300.jpg 400w, https:\/\/www.exclusifmag.com\/online\/wp-content\/uploads\/2025\/03\/2.-Manon-Kruttli-a-assure-la-mise-en-scene-de-la-Villa-Dolorosa-c-Samuel-Rubio-768x576.jpg 768w, https:\/\/www.exclusifmag.com\/online\/wp-content\/uploads\/2025\/03\/2.-Manon-Kruttli-a-assure-la-mise-en-scene-de-la-Villa-Dolorosa-c-Samuel-Rubio-733x550.jpg 733w\" sizes=\"auto, (max-width: 800px) 100vw, 800px\" \/><\/a>\n\t\t\t<\/dt><\/dl><br style=\"clear: both\" \/>\n\t\t<\/div>\n\n<p><a href=\"http:\/\/www.exclusifmag.com\/online\/wp-content\/uploads\/2025\/03\/000-Villa-Dolorosa-est-dernier-spectacle-de-Mathieu-Bertholet-Directeur-sortant-du-Poche-Geneve-\u00a9Chloe-Cohen.jpg\"><img loading=\"lazy\" decoding=\"async\" class=\"alignleft wp-image-25026\" src=\"http:\/\/www.exclusifmag.com\/online\/wp-content\/uploads\/2025\/03\/000-Villa-Dolorosa-est-dernier-spectacle-de-Mathieu-Bertholet-Directeur-sortant-du-Poche-Geneve-\u00a9Chloe-Cohen.jpg\" alt=\"Villa Dolorosa est le dernier spectacle de Mathieu Bertholet Directeur sortant du Poche Gen\u00e8ve \u00a9 Chlo\u00e9 Cohen\" width=\"240\" height=\"320\" srcset=\"https:\/\/www.exclusifmag.com\/online\/wp-content\/uploads\/2025\/03\/000-Villa-Dolorosa-est-dernier-spectacle-de-Mathieu-Bertholet-Directeur-sortant-du-Poche-Geneve-\u00a9Chloe-Cohen.jpg 600w, https:\/\/www.exclusifmag.com\/online\/wp-content\/uploads\/2025\/03\/000-Villa-Dolorosa-est-dernier-spectacle-de-Mathieu-Bertholet-Directeur-sortant-du-Poche-Geneve-\u00a9Chloe-Cohen-300x400.jpg 300w, https:\/\/www.exclusifmag.com\/online\/wp-content\/uploads\/2025\/03\/000-Villa-Dolorosa-est-dernier-spectacle-de-Mathieu-Bertholet-Directeur-sortant-du-Poche-Geneve-\u00a9Chloe-Cohen-413x550.jpg 413w\" sizes=\"auto, (max-width: 240px) 100vw, 240px\" \/><\/a><\/p>\n<p>Th\u00e9\u00e2tre de texte, privil\u00e9giant les \u00e9critures, pr\u00eat \u00e0 offrir leurs chances aux auteurs contemporains poursuivant le questionnement des tr\u00e9fonds de l\u2019intime o\u00f9 l\u2019imaginaire l\u2019emporte, <em>Le Poche<\/em> ne craint pas de surfer sur la vague audacieuse de cr\u00e9ations singuli\u00e8res\u2026 S\u2019inspirant des <em>Trois S\u0153urs de Tchekhov<\/em>, la trame de <em>Villa Dolorosa<\/em> reste d\u00e9pourvue de rebondissements. Loin de ces fulgurances titillant un sensationnel oblig\u00e9, indispensable &#8211; dit-on &#8211; pour exister aujourd\u2019hui. Consid\u00e9r\u00e9 le plus grand dramaturge russe, Tchekhov se plait \u00e0 d\u00e9peindre des existences plates, remplies de\u2026 vide. Sans projets, objectifs ou passions ! C\u2019est ainsi que la pi\u00e8ce de Rebekka Kricheldof se r\u00e9v\u00e8le serpentant entre les m\u00e9andres de vies int\u00e9rieures sans couleurs. Nues et, si profond\u00e9ment anonymes\u2026 La pi\u00e8ce s\u2019ouvre sur un d\u00e9cor d\u2019int\u00e9rieur rigoureusement g\u00e9om\u00e9trique, une bulle r\u00e9confortante, imperm\u00e9able \u00e0 l\u2019ailleurs et, aux autres\u2026 o\u00f9 se vautrent Irina, Macha, Olga, les trois s\u0153urs.<\/p>\n\n\t\t<style type=\"text\/css\">\n\t\t\t#gallery-2 {\n\t\t\t\tmargin: auto;\n\t\t\t}\n\t\t\t#gallery-2 .gallery-item {\n\t\t\t\tfloat: left;\n\t\t\t\tmargin-top: 10px;\n\t\t\t\ttext-align: center;\n\t\t\t\twidth: 33%;\n\t\t\t}\n\t\t\t#gallery-2 img {\n\t\t\t\tborder: 2px solid #cfcfcf;\n\t\t\t}\n\t\t\t#gallery-2 .gallery-caption {\n\t\t\t\tmargin-left: 0;\n\t\t\t}\n\t\t\t\/* see gallery_shortcode() in wp-includes\/media.php *\/\n\t\t<\/style>\n\t\t<div id='gallery-2' class='gallery galleryid-25015 gallery-columns-3 gallery-size-large'><dl class='gallery-item'>\n\t\t\t<dt class='gallery-icon landscape'>\n\t\t\t\t<a href='https:\/\/www.exclusifmag.com\/online\/wp-content\/uploads\/2025\/03\/3.-Angele-Colas-dans-le-role-de-Macha-c-Chloe-Cohen.jpg'><img loading=\"lazy\" decoding=\"async\" width=\"800\" height=\"600\" src=\"https:\/\/www.exclusifmag.com\/online\/wp-content\/uploads\/2025\/03\/3.-Angele-Colas-dans-le-role-de-Macha-c-Chloe-Cohen.jpg\" class=\"attachment-large size-large\" alt=\"Ang\u00e8le Colas dans le r\u00f4le de Macha (c) Chlo\u00e9 Cohen\" srcset=\"https:\/\/www.exclusifmag.com\/online\/wp-content\/uploads\/2025\/03\/3.-Angele-Colas-dans-le-role-de-Macha-c-Chloe-Cohen.jpg 800w, https:\/\/www.exclusifmag.com\/online\/wp-content\/uploads\/2025\/03\/3.-Angele-Colas-dans-le-role-de-Macha-c-Chloe-Cohen-400x300.jpg 400w, https:\/\/www.exclusifmag.com\/online\/wp-content\/uploads\/2025\/03\/3.-Angele-Colas-dans-le-role-de-Macha-c-Chloe-Cohen-768x576.jpg 768w, https:\/\/www.exclusifmag.com\/online\/wp-content\/uploads\/2025\/03\/3.-Angele-Colas-dans-le-role-de-Macha-c-Chloe-Cohen-733x550.jpg 733w\" sizes=\"auto, (max-width: 800px) 100vw, 800px\" \/><\/a>\n\t\t\t<\/dt><\/dl><dl class='gallery-item'>\n\t\t\t<dt class='gallery-icon landscape'>\n\t\t\t\t<a href='https:\/\/www.exclusifmag.com\/online\/wp-content\/uploads\/2025\/03\/4.-Jeanne-De-Nont-dans-le-role-dIrina-dont-cest-lanniversaire-c-Chloe-Cohen.jpg'><img loading=\"lazy\" decoding=\"async\" width=\"800\" height=\"600\" src=\"https:\/\/www.exclusifmag.com\/online\/wp-content\/uploads\/2025\/03\/4.-Jeanne-De-Nont-dans-le-role-dIrina-dont-cest-lanniversaire-c-Chloe-Cohen.jpg\" class=\"attachment-large size-large\" alt=\"Jeanne De Nont dans le r\u00f4le d&#039;Irina dont c&#039;est l&#039;anniversaire (c) Chlo\u00e9 Cohen\" srcset=\"https:\/\/www.exclusifmag.com\/online\/wp-content\/uploads\/2025\/03\/4.-Jeanne-De-Nont-dans-le-role-dIrina-dont-cest-lanniversaire-c-Chloe-Cohen.jpg 800w, https:\/\/www.exclusifmag.com\/online\/wp-content\/uploads\/2025\/03\/4.-Jeanne-De-Nont-dans-le-role-dIrina-dont-cest-lanniversaire-c-Chloe-Cohen-400x300.jpg 400w, https:\/\/www.exclusifmag.com\/online\/wp-content\/uploads\/2025\/03\/4.-Jeanne-De-Nont-dans-le-role-dIrina-dont-cest-lanniversaire-c-Chloe-Cohen-768x576.jpg 768w, https:\/\/www.exclusifmag.com\/online\/wp-content\/uploads\/2025\/03\/4.-Jeanne-De-Nont-dans-le-role-dIrina-dont-cest-lanniversaire-c-Chloe-Cohen-733x550.jpg 733w\" sizes=\"auto, (max-width: 800px) 100vw, 800px\" \/><\/a>\n\t\t\t<\/dt><\/dl><dl class='gallery-item'>\n\t\t\t<dt class='gallery-icon landscape'>\n\t\t\t\t<a href='https:\/\/www.exclusifmag.com\/online\/wp-content\/uploads\/2025\/03\/5.-Margaux-Le-Mignam-a-interprete-Olga-lune-des-trois-soeurs-de-la-Villa-dolorosa-c-Chloe-Cohen.jpg'><img loading=\"lazy\" decoding=\"async\" width=\"800\" height=\"600\" src=\"https:\/\/www.exclusifmag.com\/online\/wp-content\/uploads\/2025\/03\/5.-Margaux-Le-Mignam-a-interprete-Olga-lune-des-trois-soeurs-de-la-Villa-dolorosa-c-Chloe-Cohen.jpg\" class=\"attachment-large size-large\" alt=\"Margaux Le Mignam a interpr\u00e9t\u00e9 Olga, l&#039;une des trois s\u0153urs de la Villa Dolorosa (c) Chlo\u00e9 Cohen\" srcset=\"https:\/\/www.exclusifmag.com\/online\/wp-content\/uploads\/2025\/03\/5.-Margaux-Le-Mignam-a-interprete-Olga-lune-des-trois-soeurs-de-la-Villa-dolorosa-c-Chloe-Cohen.jpg 800w, https:\/\/www.exclusifmag.com\/online\/wp-content\/uploads\/2025\/03\/5.-Margaux-Le-Mignam-a-interprete-Olga-lune-des-trois-soeurs-de-la-Villa-dolorosa-c-Chloe-Cohen-400x300.jpg 400w, https:\/\/www.exclusifmag.com\/online\/wp-content\/uploads\/2025\/03\/5.-Margaux-Le-Mignam-a-interprete-Olga-lune-des-trois-soeurs-de-la-Villa-dolorosa-c-Chloe-Cohen-768x576.jpg 768w, https:\/\/www.exclusifmag.com\/online\/wp-content\/uploads\/2025\/03\/5.-Margaux-Le-Mignam-a-interprete-Olga-lune-des-trois-soeurs-de-la-Villa-dolorosa-c-Chloe-Cohen-733x550.jpg 733w\" sizes=\"auto, (max-width: 800px) 100vw, 800px\" \/><\/a>\n\t\t\t<\/dt><\/dl><br style=\"clear: both\" \/>\n\t\t<\/div>\n\n<p>Baignant dans une mar\u00e9e de paroles, chuchot\u00e9es, r\u00e9p\u00e9t\u00e9es, ressass\u00e9es, encore et encore, comme jet\u00e9es en p\u00e2ture pour conjurer l\u2019oubli, l\u2019indiff\u00e9rence ou, l\u2019ennui, elles parlent et, parlent encore, pour ne rien dire. D\u2019ailleurs, y aurait-t-il des choses \u00e0 dire ? C\u2019est l\u2019anniversaire d\u2019Irina, mais une f\u00eate en famille seule n\u2019est pas une f\u00eate ! M\u00eame si Andre\u00ef, le fr\u00e8re \u00e9crivain rat\u00e9 y a convi\u00e9e Janine, l\u2019unique personne en phase ici avec son \u00e9poque\u2026 Les s\u0153urs sont toutes comme en pyjamas, rev\u00eatues d\u2019une houppelande des temps jadis, une sorte de robe de chambre longue les enveloppe trainant leur langueur dans une ambiance boudoir. Au sein du ronron rassurant de la Villa, apr\u00e8s de longues \u00e9tudes et, avec pour seules occupations intellectuelles, aucune d\u2019elles n\u2019est vraiment active. D\u2019ailleurs, d\u00e9finir en ce cercle \u00e9troit le sens du travail est une r\u00e9flexion bien trop complexe\u2026 \u00a0Et, si les s\u0153urs n\u2019ont pas d\u2019obligations, on sent bien que le temps de l\u2019opulence &#8211; et des privil\u00e8ges &#8211; est pass\u00e9.<\/p>\n\n\t\t<style type=\"text\/css\">\n\t\t\t#gallery-3 {\n\t\t\t\tmargin: auto;\n\t\t\t}\n\t\t\t#gallery-3 .gallery-item {\n\t\t\t\tfloat: left;\n\t\t\t\tmargin-top: 10px;\n\t\t\t\ttext-align: center;\n\t\t\t\twidth: 33%;\n\t\t\t}\n\t\t\t#gallery-3 img {\n\t\t\t\tborder: 2px solid #cfcfcf;\n\t\t\t}\n\t\t\t#gallery-3 .gallery-caption {\n\t\t\t\tmargin-left: 0;\n\t\t\t}\n\t\t\t\/* see gallery_shortcode() in wp-includes\/media.php *\/\n\t\t<\/style>\n\t\t<div id='gallery-3' class='gallery galleryid-25015 gallery-columns-3 gallery-size-large'><dl class='gallery-item'>\n\t\t\t<dt class='gallery-icon landscape'>\n\t\t\t\t<a href='https:\/\/www.exclusifmag.com\/online\/wp-content\/uploads\/2025\/03\/6.-Yann-Philipona-interprete-dAndrei-le-frere-des-trois-soeurs-de-la-Villa-dolorosa-c.jpg'><img loading=\"lazy\" decoding=\"async\" width=\"800\" height=\"600\" src=\"https:\/\/www.exclusifmag.com\/online\/wp-content\/uploads\/2025\/03\/6.-Yann-Philipona-interprete-dAndrei-le-frere-des-trois-soeurs-de-la-Villa-dolorosa-c.jpg\" class=\"attachment-large size-large\" alt=\"Yann Philipona interpr\u00e8te d&#039;Andre\u00ef le fr\u00e8re des trois s\u0153urs de la Villa Dolorosa (c) Chlo\u00e9 Cohen\" srcset=\"https:\/\/www.exclusifmag.com\/online\/wp-content\/uploads\/2025\/03\/6.-Yann-Philipona-interprete-dAndrei-le-frere-des-trois-soeurs-de-la-Villa-dolorosa-c.jpg 800w, https:\/\/www.exclusifmag.com\/online\/wp-content\/uploads\/2025\/03\/6.-Yann-Philipona-interprete-dAndrei-le-frere-des-trois-soeurs-de-la-Villa-dolorosa-c-400x300.jpg 400w, https:\/\/www.exclusifmag.com\/online\/wp-content\/uploads\/2025\/03\/6.-Yann-Philipona-interprete-dAndrei-le-frere-des-trois-soeurs-de-la-Villa-dolorosa-c-768x576.jpg 768w, https:\/\/www.exclusifmag.com\/online\/wp-content\/uploads\/2025\/03\/6.-Yann-Philipona-interprete-dAndrei-le-frere-des-trois-soeurs-de-la-Villa-dolorosa-c-733x550.jpg 733w\" sizes=\"auto, (max-width: 800px) 100vw, 800px\" \/><\/a>\n\t\t\t<\/dt><\/dl><dl class='gallery-item'>\n\t\t\t<dt class='gallery-icon landscape'>\n\t\t\t\t<a href='https:\/\/www.exclusifmag.com\/online\/wp-content\/uploads\/2025\/03\/7.-Benedicte-Amsler-Denogent-jouant-Janine-la-cherie-du-frere-Andrei-c-Chloe-Cohen.jpg'><img loading=\"lazy\" decoding=\"async\" width=\"800\" height=\"600\" src=\"https:\/\/www.exclusifmag.com\/online\/wp-content\/uploads\/2025\/03\/7.-Benedicte-Amsler-Denogent-jouant-Janine-la-cherie-du-frere-Andrei-c-Chloe-Cohen.jpg\" class=\"attachment-large size-large\" alt=\"B\u00e9n\u00e9dicte Amsler Denogent jouant Janine la ch\u00e9rie du fr\u00e8re Andre\u00ef (c) Chlo\u00e9 Cohen\" srcset=\"https:\/\/www.exclusifmag.com\/online\/wp-content\/uploads\/2025\/03\/7.-Benedicte-Amsler-Denogent-jouant-Janine-la-cherie-du-frere-Andrei-c-Chloe-Cohen.jpg 800w, https:\/\/www.exclusifmag.com\/online\/wp-content\/uploads\/2025\/03\/7.-Benedicte-Amsler-Denogent-jouant-Janine-la-cherie-du-frere-Andrei-c-Chloe-Cohen-400x300.jpg 400w, https:\/\/www.exclusifmag.com\/online\/wp-content\/uploads\/2025\/03\/7.-Benedicte-Amsler-Denogent-jouant-Janine-la-cherie-du-frere-Andrei-c-Chloe-Cohen-768x576.jpg 768w, https:\/\/www.exclusifmag.com\/online\/wp-content\/uploads\/2025\/03\/7.-Benedicte-Amsler-Denogent-jouant-Janine-la-cherie-du-frere-Andrei-c-Chloe-Cohen-733x550.jpg 733w\" sizes=\"auto, (max-width: 800px) 100vw, 800px\" \/><\/a>\n\t\t\t<\/dt><\/dl><dl class='gallery-item'>\n\t\t\t<dt class='gallery-icon landscape'>\n\t\t\t\t<a href='https:\/\/www.exclusifmag.com\/online\/wp-content\/uploads\/2025\/03\/8.-Pierre-Isaie-Duc-dans-le-role-de-Georg-c-Chloe-Cohen.jpg'><img loading=\"lazy\" decoding=\"async\" width=\"800\" height=\"600\" src=\"https:\/\/www.exclusifmag.com\/online\/wp-content\/uploads\/2025\/03\/8.-Pierre-Isaie-Duc-dans-le-role-de-Georg-c-Chloe-Cohen.jpg\" class=\"attachment-large size-large\" alt=\"Pierre-Isa\u00efe Duc dans le r\u00f4le de Georg (c) Chlo\u00e9 Cohen\" srcset=\"https:\/\/www.exclusifmag.com\/online\/wp-content\/uploads\/2025\/03\/8.-Pierre-Isaie-Duc-dans-le-role-de-Georg-c-Chloe-Cohen.jpg 800w, https:\/\/www.exclusifmag.com\/online\/wp-content\/uploads\/2025\/03\/8.-Pierre-Isaie-Duc-dans-le-role-de-Georg-c-Chloe-Cohen-400x300.jpg 400w, https:\/\/www.exclusifmag.com\/online\/wp-content\/uploads\/2025\/03\/8.-Pierre-Isaie-Duc-dans-le-role-de-Georg-c-Chloe-Cohen-768x576.jpg 768w, https:\/\/www.exclusifmag.com\/online\/wp-content\/uploads\/2025\/03\/8.-Pierre-Isaie-Duc-dans-le-role-de-Georg-c-Chloe-Cohen-733x550.jpg 733w\" sizes=\"auto, (max-width: 800px) 100vw, 800px\" \/><\/a>\n\t\t\t<\/dt><\/dl><br style=\"clear: both\" \/>\n\t\t<\/div>\n\n<p>Avec l\u2019arriv\u00e9e de Georg, l\u2019ami d\u2019Andre\u00ef, ces dames se bousculent et s\u2019animent, surtout Macha dont le mari est plut\u00f4t insignifiant. Avec une \u00e9pouse qui a pris la mauvaise habitude de vouloir se suicider en boucle, le nouveau venu est vite rattrap\u00e9 par ses probl\u00e8mes \u00e0\u2026 r\u00e9p\u00e9titions. Plus \u00e7a change et plus c\u2019est pareil\u00a0! Il n\u2019y a que le jardin de la Villa qui, rev\u00eatant ses plus \u00e9clatants atours, se m\u00e9tamorphose toutes les saisons. Et tout ce beau monde de le souligner avec force rasades de vodka\u00a0! Le public a beaucoup ri m\u00eame face \u00e0 des situations qui ne pr\u00e9tendaient pas \u00eatre hilarantes, la finesse des \u00e9changes et des dialogues n\u2019aura pas manqu\u00e9 de susciter des introspections\u2026\u00a0 Et, y voir, peut-\u00eatre, des concordances\u2026 <em>La F\u00eate n\u2019est pas finie, <\/em>pensez \u00e0 r\u00e9server<em>\u00a0!<\/em><\/p>\n<p>&nbsp;<\/p>\n","protected":false},"excerpt":{"rendered":"<p>Nouveau rendez-vous \u00e0 Gen\u00e8ve<br \/>\nVilla Dolorosa au Poche<br \/>\nUn succ\u00e8s assur\u00e9<\/p>\n","protected":false},"author":1,"featured_media":25048,"comment_status":"open","ping_status":"open","sticky":false,"template":"","format":"standard","meta":{"footnotes":""},"categories":[11,4,1832],"tags":[42,2020,2021,1859],"class_list":["post-25015","post","type-post","status-publish","format-standard","has-post-thumbnail","hentry","category-art-culture","category-events","category-theatre-art-culture","tag-geneve","tag-mathieu-bertholet","tag-tchekhov","tag-theatre-le-poche"],"_links":{"self":[{"href":"https:\/\/www.exclusifmag.com\/online\/wp-json\/wp\/v2\/posts\/25015","targetHints":{"allow":["GET"]}}],"collection":[{"href":"https:\/\/www.exclusifmag.com\/online\/wp-json\/wp\/v2\/posts"}],"about":[{"href":"https:\/\/www.exclusifmag.com\/online\/wp-json\/wp\/v2\/types\/post"}],"author":[{"embeddable":true,"href":"https:\/\/www.exclusifmag.com\/online\/wp-json\/wp\/v2\/users\/1"}],"replies":[{"embeddable":true,"href":"https:\/\/www.exclusifmag.com\/online\/wp-json\/wp\/v2\/comments?post=25015"}],"version-history":[{"count":16,"href":"https:\/\/www.exclusifmag.com\/online\/wp-json\/wp\/v2\/posts\/25015\/revisions"}],"predecessor-version":[{"id":25046,"href":"https:\/\/www.exclusifmag.com\/online\/wp-json\/wp\/v2\/posts\/25015\/revisions\/25046"}],"wp:featuredmedia":[{"embeddable":true,"href":"https:\/\/www.exclusifmag.com\/online\/wp-json\/wp\/v2\/media\/25048"}],"wp:attachment":[{"href":"https:\/\/www.exclusifmag.com\/online\/wp-json\/wp\/v2\/media?parent=25015"}],"wp:term":[{"taxonomy":"category","embeddable":true,"href":"https:\/\/www.exclusifmag.com\/online\/wp-json\/wp\/v2\/categories?post=25015"},{"taxonomy":"post_tag","embeddable":true,"href":"https:\/\/www.exclusifmag.com\/online\/wp-json\/wp\/v2\/tags?post=25015"}],"curies":[{"name":"wp","href":"https:\/\/api.w.org\/{rel}","templated":true}]}}