{"id":25054,"date":"2025-04-10T18:36:27","date_gmt":"2025-04-10T16:36:27","guid":{"rendered":"https:\/\/www.exclusifmag.com\/online\/?p=25054"},"modified":"2025-04-23T17:30:55","modified_gmt":"2025-04-23T15:30:55","slug":"audacieuse-innovation","status":"publish","type":"post","link":"https:\/\/www.exclusifmag.com\/online\/audacieuse-innovation\/","title":{"rendered":"Audacieuse innovation"},"content":{"rendered":"<h2><strong><em>Le tourbillon \u00e0 quatre axes<\/em><\/strong><\/h2>\n<h2><strong><em>Sign\u00e9 Jacob &amp; Co.<\/em><\/strong><\/h2>\n<p><strong>Le c\u0153ur de Gen\u00e8ve a battu <\/strong><strong>avec \u00e9clat et passion au rythme d\u2019une formidable semaine horlog\u00e8re !<\/strong> <strong>Accueillant exposants, professionnels et visiteurs venant du monde entier, <em>Watches &amp; Wonders<\/em> a attir\u00e9 toute l\u2019industrie horlog\u00e8re sous les feux des projecteurs\u2026<\/strong> <strong>Couru par les experts de la branche comme par un public amoureux d\u2019inestimables garde-temps, <\/strong><strong>le rendez-vous international des grandes marques a fait fureur\u00a0!<\/strong><\/p>\n\n\t\t<style type=\"text\/css\">\n\t\t\t#gallery-1 {\n\t\t\t\tmargin: auto;\n\t\t\t}\n\t\t\t#gallery-1 .gallery-item {\n\t\t\t\tfloat: left;\n\t\t\t\tmargin-top: 10px;\n\t\t\t\ttext-align: center;\n\t\t\t\twidth: 33%;\n\t\t\t}\n\t\t\t#gallery-1 img {\n\t\t\t\tborder: 2px solid #cfcfcf;\n\t\t\t}\n\t\t\t#gallery-1 .gallery-caption {\n\t\t\t\tmargin-left: 0;\n\t\t\t}\n\t\t\t\/* see gallery_shortcode() in wp-includes\/media.php *\/\n\t\t<\/style>\n\t\t<div id='gallery-1' class='gallery galleryid-25054 gallery-columns-3 gallery-size-large'><dl class='gallery-item'>\n\t\t\t<dt class='gallery-icon landscape'>\n\t\t\t\t<a href='https:\/\/www.exclusifmag.com\/online\/wp-content\/uploads\/2025\/04\/1.-Panorama-Geneve-depuis-la-terrasse-des-Fours-Seasons-Hotel-des-Bergues-c-GAD.jpg'><img loading=\"lazy\" decoding=\"async\" width=\"800\" height=\"600\" src=\"https:\/\/www.exclusifmag.com\/online\/wp-content\/uploads\/2025\/04\/1.-Panorama-Geneve-depuis-la-terrasse-des-Fours-Seasons-Hotel-des-Bergues-c-GAD.jpg\" class=\"attachment-large size-large\" alt=\"Panorama Gen\u00e8ve depuis la terrasse des Fours Seasons H\u00f4tel des Bergues (c) GAD.j\" srcset=\"https:\/\/www.exclusifmag.com\/online\/wp-content\/uploads\/2025\/04\/1.-Panorama-Geneve-depuis-la-terrasse-des-Fours-Seasons-Hotel-des-Bergues-c-GAD.jpg 800w, https:\/\/www.exclusifmag.com\/online\/wp-content\/uploads\/2025\/04\/1.-Panorama-Geneve-depuis-la-terrasse-des-Fours-Seasons-Hotel-des-Bergues-c-GAD-400x300.jpg 400w, https:\/\/www.exclusifmag.com\/online\/wp-content\/uploads\/2025\/04\/1.-Panorama-Geneve-depuis-la-terrasse-des-Fours-Seasons-Hotel-des-Bergues-c-GAD-768x576.jpg 768w, https:\/\/www.exclusifmag.com\/online\/wp-content\/uploads\/2025\/04\/1.-Panorama-Geneve-depuis-la-terrasse-des-Fours-Seasons-Hotel-des-Bergues-c-GAD-733x550.jpg 733w\" sizes=\"auto, (max-width: 800px) 100vw, 800px\" \/><\/a>\n\t\t\t<\/dt><\/dl><dl class='gallery-item'>\n\t\t\t<dt class='gallery-icon landscape'>\n\t\t\t\t<a href='https:\/\/www.exclusifmag.com\/online\/wp-content\/uploads\/2025\/04\/COPIELAstromania-Revolution-Four-Axis-Tourbillon-grande-revelation-du-salon-c-Jacob-Co-Copier.jpg'><img loading=\"lazy\" decoding=\"async\" width=\"800\" height=\"600\" src=\"https:\/\/www.exclusifmag.com\/online\/wp-content\/uploads\/2025\/04\/COPIELAstromania-Revolution-Four-Axis-Tourbillon-grande-revelation-du-salon-c-Jacob-Co-Copier.jpg\" class=\"attachment-large size-large\" alt=\"L&#039;Astromania Revolution Four Axis Tourbillon grande r\u00e9v\u00e9lation du salon (c) Jacob &amp; Co)\" srcset=\"https:\/\/www.exclusifmag.com\/online\/wp-content\/uploads\/2025\/04\/COPIELAstromania-Revolution-Four-Axis-Tourbillon-grande-revelation-du-salon-c-Jacob-Co-Copier.jpg 800w, https:\/\/www.exclusifmag.com\/online\/wp-content\/uploads\/2025\/04\/COPIELAstromania-Revolution-Four-Axis-Tourbillon-grande-revelation-du-salon-c-Jacob-Co-Copier-400x300.jpg 400w, https:\/\/www.exclusifmag.com\/online\/wp-content\/uploads\/2025\/04\/COPIELAstromania-Revolution-Four-Axis-Tourbillon-grande-revelation-du-salon-c-Jacob-Co-Copier-768x576.jpg 768w, https:\/\/www.exclusifmag.com\/online\/wp-content\/uploads\/2025\/04\/COPIELAstromania-Revolution-Four-Axis-Tourbillon-grande-revelation-du-salon-c-Jacob-Co-Copier-733x550.jpg 733w\" sizes=\"auto, (max-width: 800px) 100vw, 800px\" \/><\/a>\n\t\t\t<\/dt><\/dl><dl class='gallery-item'>\n\t\t\t<dt class='gallery-icon landscape'>\n\t\t\t\t<a href='https:\/\/www.exclusifmag.com\/online\/wp-content\/uploads\/2025\/04\/3.-Presentation-en-premiere-mondiale-de-LAstronomia-Revolution-Four-Axis-Tourbillon-par-Jacob-Arabo-aux-Fours-Seasons-c-GAD.jpg'><img loading=\"lazy\" decoding=\"async\" width=\"800\" height=\"600\" src=\"https:\/\/www.exclusifmag.com\/online\/wp-content\/uploads\/2025\/04\/3.-Presentation-en-premiere-mondiale-de-LAstronomia-Revolution-Four-Axis-Tourbillon-par-Jacob-Arabo-aux-Fours-Seasons-c-GAD.jpg\" class=\"attachment-large size-large\" alt=\"Pr\u00e9sentation en premi\u00e8re mondiale de L&#039;Astronomia Revolution Four Axis Tourbillon par Jacob Arabo aux Fours Seasons (c) GAD\" srcset=\"https:\/\/www.exclusifmag.com\/online\/wp-content\/uploads\/2025\/04\/3.-Presentation-en-premiere-mondiale-de-LAstronomia-Revolution-Four-Axis-Tourbillon-par-Jacob-Arabo-aux-Fours-Seasons-c-GAD.jpg 800w, https:\/\/www.exclusifmag.com\/online\/wp-content\/uploads\/2025\/04\/3.-Presentation-en-premiere-mondiale-de-LAstronomia-Revolution-Four-Axis-Tourbillon-par-Jacob-Arabo-aux-Fours-Seasons-c-GAD-400x300.jpg 400w, https:\/\/www.exclusifmag.com\/online\/wp-content\/uploads\/2025\/04\/3.-Presentation-en-premiere-mondiale-de-LAstronomia-Revolution-Four-Axis-Tourbillon-par-Jacob-Arabo-aux-Fours-Seasons-c-GAD-768x576.jpg 768w, https:\/\/www.exclusifmag.com\/online\/wp-content\/uploads\/2025\/04\/3.-Presentation-en-premiere-mondiale-de-LAstronomia-Revolution-Four-Axis-Tourbillon-par-Jacob-Arabo-aux-Fours-Seasons-c-GAD-733x550.jpg 733w\" sizes=\"auto, (max-width: 800px) 100vw, 800px\" \/><\/a>\n\t\t\t<\/dt><\/dl><br style=\"clear: both\" \/>\n\t\t<\/div>\n\n<p>Sortant des p\u00e9rim\u00e8tres d\u2019exposition occup\u00e9s par les plus illustres\u00a0 Maisons c\u00e9l\u00e9brant collectivement la grand-messe de la haute horlogerie, <em>Jacob Arabo, <\/em>fondateur et Chairman de <em>Jacob &amp; Co<\/em> a choisi de participer \u00e0 <em>Watches &amp; Wonders<\/em> en r\u00e9servant pour sa seule marque tout le premier \u00e9tage du tr\u00e8s s\u00e9lect Four Seasons H\u00f4tel des Bergues\u00a0! C\u2019est ici, en ce luxe raffin\u00e9 et intemporel, en bordure du lac et face au panorama de la Vieille-Ville, que l\u2019enseigne de toutes les audaces a attir\u00e9 ses admirateurs\u2026 Et, c\u00e9l\u00e9br\u00e9 l\u2019anniversaire de sa collection <em>Astronomia &#8211; <\/em>bouclant 10 ans d\u2019existence &#8211; en signant cette ann\u00e9e une premi\u00e8re mondiale avec <em>l\u2019Astronomia Revolution Four Axis Tourbillon<\/em>\u00a0! Un v\u00e9ritable d\u00e9fi quand on sait que <em>Jacob &amp; Co<\/em> \u00e9tait, encore peu, plus particuli\u00e8rement connu pour sa haute joaillerie. Aujourd\u2019hui, avec une tendance <em>no limit<\/em> r\u00e9serv\u00e9e \u00e0 la cr\u00e9ativit\u00e9, l\u2019horlogerie se place en premier rang\u00a0!<\/p>\n\n\t\t<style type=\"text\/css\">\n\t\t\t#gallery-2 {\n\t\t\t\tmargin: auto;\n\t\t\t}\n\t\t\t#gallery-2 .gallery-item {\n\t\t\t\tfloat: left;\n\t\t\t\tmargin-top: 10px;\n\t\t\t\ttext-align: center;\n\t\t\t\twidth: 33%;\n\t\t\t}\n\t\t\t#gallery-2 img {\n\t\t\t\tborder: 2px solid #cfcfcf;\n\t\t\t}\n\t\t\t#gallery-2 .gallery-caption {\n\t\t\t\tmargin-left: 0;\n\t\t\t}\n\t\t\t\/* see gallery_shortcode() in wp-includes\/media.php *\/\n\t\t<\/style>\n\t\t<div id='gallery-2' class='gallery galleryid-25054 gallery-columns-3 gallery-size-large'><dl class='gallery-item'>\n\t\t\t<dt class='gallery-icon landscape'>\n\t\t\t\t<a href='https:\/\/www.exclusifmag.com\/online\/wp-content\/uploads\/2025\/04\/4.-.Benjamin-Arabov-PDG-de-Jacob-Co.-et-sa-fiancee-avec-Angela-et-Jacob-Arabo.jpg'><img loading=\"lazy\" decoding=\"async\" width=\"800\" height=\"600\" src=\"https:\/\/www.exclusifmag.com\/online\/wp-content\/uploads\/2025\/04\/4.-.Benjamin-Arabov-PDG-de-Jacob-Co.-et-sa-fiancee-avec-Angela-et-Jacob-Arabo.jpg\" class=\"attachment-large size-large\" alt=\"Benjamin Arabov PDG de Jacob &amp; Co. et sa fianc\u00e9e avec Angela et Jacob Arabo (c) Jacob &amp; Co.\" srcset=\"https:\/\/www.exclusifmag.com\/online\/wp-content\/uploads\/2025\/04\/4.-.Benjamin-Arabov-PDG-de-Jacob-Co.-et-sa-fiancee-avec-Angela-et-Jacob-Arabo.jpg 800w, https:\/\/www.exclusifmag.com\/online\/wp-content\/uploads\/2025\/04\/4.-.Benjamin-Arabov-PDG-de-Jacob-Co.-et-sa-fiancee-avec-Angela-et-Jacob-Arabo-400x300.jpg 400w, https:\/\/www.exclusifmag.com\/online\/wp-content\/uploads\/2025\/04\/4.-.Benjamin-Arabov-PDG-de-Jacob-Co.-et-sa-fiancee-avec-Angela-et-Jacob-Arabo-768x576.jpg 768w, https:\/\/www.exclusifmag.com\/online\/wp-content\/uploads\/2025\/04\/4.-.Benjamin-Arabov-PDG-de-Jacob-Co.-et-sa-fiancee-avec-Angela-et-Jacob-Arabo-733x550.jpg 733w\" sizes=\"auto, (max-width: 800px) 100vw, 800px\" \/><\/a>\n\t\t\t<\/dt><\/dl><dl class='gallery-item'>\n\t\t\t<dt class='gallery-icon landscape'>\n\t\t\t\t<a href='https:\/\/www.exclusifmag.com\/online\/wp-content\/uploads\/2025\/04\/7.-En-presentoir-les-sublimes-modele-crees-inspires-par-liconique-Bugati-c-GAD.jpg'><img loading=\"lazy\" decoding=\"async\" width=\"800\" height=\"600\" src=\"https:\/\/www.exclusifmag.com\/online\/wp-content\/uploads\/2025\/04\/7.-En-presentoir-les-sublimes-modele-crees-inspires-par-liconique-Bugati-c-GAD.jpg\" class=\"attachment-large size-large\" alt=\"En pr\u00e9sentoir les sublimes mod\u00e8le cr\u00e9\u00e9s inspir\u00e9s par l&#039;iconique Bugati (c) GAD\" srcset=\"https:\/\/www.exclusifmag.com\/online\/wp-content\/uploads\/2025\/04\/7.-En-presentoir-les-sublimes-modele-crees-inspires-par-liconique-Bugati-c-GAD.jpg 800w, https:\/\/www.exclusifmag.com\/online\/wp-content\/uploads\/2025\/04\/7.-En-presentoir-les-sublimes-modele-crees-inspires-par-liconique-Bugati-c-GAD-400x300.jpg 400w, https:\/\/www.exclusifmag.com\/online\/wp-content\/uploads\/2025\/04\/7.-En-presentoir-les-sublimes-modele-crees-inspires-par-liconique-Bugati-c-GAD-768x576.jpg 768w, https:\/\/www.exclusifmag.com\/online\/wp-content\/uploads\/2025\/04\/7.-En-presentoir-les-sublimes-modele-crees-inspires-par-liconique-Bugati-c-GAD-733x550.jpg 733w\" sizes=\"auto, (max-width: 800px) 100vw, 800px\" \/><\/a>\n\t\t\t<\/dt><\/dl><dl class='gallery-item'>\n\t\t\t<dt class='gallery-icon landscape'>\n\t\t\t\t<a href='https:\/\/www.exclusifmag.com\/online\/wp-content\/uploads\/2025\/04\/6.-Lelocution-de-bienvenue-de-Benjamin-Arabov-a-la-soiree-inaugurale-c-Jacob-Co.jpg'><img loading=\"lazy\" decoding=\"async\" width=\"800\" height=\"600\" src=\"https:\/\/www.exclusifmag.com\/online\/wp-content\/uploads\/2025\/04\/6.-Lelocution-de-bienvenue-de-Benjamin-Arabov-a-la-soiree-inaugurale-c-Jacob-Co.jpg\" class=\"attachment-large size-large\" alt=\"L&#039;\u00e9locution de bienvenue de Benjamin Arabov \u00e0 la soir\u00e9e inaugurale (c) Jacob &amp; Co.\" srcset=\"https:\/\/www.exclusifmag.com\/online\/wp-content\/uploads\/2025\/04\/6.-Lelocution-de-bienvenue-de-Benjamin-Arabov-a-la-soiree-inaugurale-c-Jacob-Co.jpg 800w, https:\/\/www.exclusifmag.com\/online\/wp-content\/uploads\/2025\/04\/6.-Lelocution-de-bienvenue-de-Benjamin-Arabov-a-la-soiree-inaugurale-c-Jacob-Co-400x300.jpg 400w, https:\/\/www.exclusifmag.com\/online\/wp-content\/uploads\/2025\/04\/6.-Lelocution-de-bienvenue-de-Benjamin-Arabov-a-la-soiree-inaugurale-c-Jacob-Co-768x576.jpg 768w, https:\/\/www.exclusifmag.com\/online\/wp-content\/uploads\/2025\/04\/6.-Lelocution-de-bienvenue-de-Benjamin-Arabov-a-la-soiree-inaugurale-c-Jacob-Co-733x550.jpg 733w\" sizes=\"auto, (max-width: 800px) 100vw, 800px\" \/><\/a>\n\t\t\t<\/dt><\/dl><br style=\"clear: both\" \/>\n\t\t<\/div>\n\n<p>Le carton d\u2019invitation Jacob &amp; Co. pr\u00e9cisant <em>Red Carpet<\/em> pour le dress code, la soir\u00e9e d\u2019ouverture, marqu\u00e9e par un cocktail tout en glamour et faste, a d\u2019embl\u00e9e donn\u00e9 le ton. D\u00e9ambulant en robes longues, de superbes h\u00f4tesses accueillaient les invit\u00e9s les guidant \u00e0 travers les salles vers les innombrables vitrines rec\u00e9lant multiples splendeurs. Et, d\u00e9voilant divers mod\u00e8les ultra techniques, tous d\u2019une originalit\u00e9 renversante\u2026Agr\u00e9ment\u00e9es de champagne et de d\u00e9licieuses bouch\u00e9es de blinis au caviar, l\u2019ambiance \u00e9tait r\u00e9solument \u00e0 la f\u00eate. Et grandiose\u00a0! Si la force de <em>Jacob &amp; Co<\/em>. s\u2019appuie sur la cr\u00e9ativit\u00e9 et l\u2019innovation, le d\u00e9sir de r\u00e9aliser l\u2019impossible motive les orientations de Jacob Arabo d\u00e9veloppant inlassablement son enthousiasme d\u2019entreprendre hors\u00a0 normes\u2026 Aujourd\u2019hui, Benjamin Arabov, PDG de la marque, d\u00e9cid\u00e9 de son c\u00f4t\u00e9 d\u2019atteindre l\u2019impossible, reste le gardien de la flamme !<\/p>\n\n\t\t<style type=\"text\/css\">\n\t\t\t#gallery-3 {\n\t\t\t\tmargin: auto;\n\t\t\t}\n\t\t\t#gallery-3 .gallery-item {\n\t\t\t\tfloat: left;\n\t\t\t\tmargin-top: 10px;\n\t\t\t\ttext-align: center;\n\t\t\t\twidth: 50%;\n\t\t\t}\n\t\t\t#gallery-3 img {\n\t\t\t\tborder: 2px solid #cfcfcf;\n\t\t\t}\n\t\t\t#gallery-3 .gallery-caption {\n\t\t\t\tmargin-left: 0;\n\t\t\t}\n\t\t\t\/* see gallery_shortcode() in wp-includes\/media.php *\/\n\t\t<\/style>\n\t\t<div id='gallery-3' class='gallery galleryid-25054 gallery-columns-2 gallery-size-medium'><dl class='gallery-item'>\n\t\t\t<dt class='gallery-icon landscape'>\n\t\t\t\t<a href='https:\/\/www.exclusifmag.com\/online\/wp-content\/uploads\/2025\/04\/8.-Une-creation-Jacob-Co.-survolant-le-temps-et-les-fuseaux-horaires-c-Jacob-Co.jpg'><img loading=\"lazy\" decoding=\"async\" width=\"400\" height=\"300\" src=\"https:\/\/www.exclusifmag.com\/online\/wp-content\/uploads\/2025\/04\/8.-Une-creation-Jacob-Co.-survolant-le-temps-et-les-fuseaux-horaires-c-Jacob-Co-400x300.jpg\" class=\"attachment-medium size-medium\" alt=\"Une cr\u00e9ation Jacob &amp; Co. survolant le temps et les fuseaux horaires (c) Jacob &amp; Co.\" srcset=\"https:\/\/www.exclusifmag.com\/online\/wp-content\/uploads\/2025\/04\/8.-Une-creation-Jacob-Co.-survolant-le-temps-et-les-fuseaux-horaires-c-Jacob-Co-400x300.jpg 400w, https:\/\/www.exclusifmag.com\/online\/wp-content\/uploads\/2025\/04\/8.-Une-creation-Jacob-Co.-survolant-le-temps-et-les-fuseaux-horaires-c-Jacob-Co-768x576.jpg 768w, https:\/\/www.exclusifmag.com\/online\/wp-content\/uploads\/2025\/04\/8.-Une-creation-Jacob-Co.-survolant-le-temps-et-les-fuseaux-horaires-c-Jacob-Co-733x550.jpg 733w, https:\/\/www.exclusifmag.com\/online\/wp-content\/uploads\/2025\/04\/8.-Une-creation-Jacob-Co.-survolant-le-temps-et-les-fuseaux-horaires-c-Jacob-Co.jpg 800w\" sizes=\"auto, (max-width: 400px) 100vw, 400px\" \/><\/a>\n\t\t\t<\/dt><\/dl><dl class='gallery-item'>\n\t\t\t<dt class='gallery-icon landscape'>\n\t\t\t\t<a href='https:\/\/www.exclusifmag.com\/online\/wp-content\/uploads\/2025\/04\/9-.-En-vitrine-les-fabuleuses-creations-de-Jacob-Co.-c-GAD.jpg'><img loading=\"lazy\" decoding=\"async\" width=\"400\" height=\"300\" src=\"https:\/\/www.exclusifmag.com\/online\/wp-content\/uploads\/2025\/04\/9-.-En-vitrine-les-fabuleuses-creations-de-Jacob-Co.-c-GAD-400x300.jpg\" class=\"attachment-medium size-medium\" alt=\"En vitrine les fabuleuses cr\u00e9ations de Jacob &amp; Co. (c) GAD\" srcset=\"https:\/\/www.exclusifmag.com\/online\/wp-content\/uploads\/2025\/04\/9-.-En-vitrine-les-fabuleuses-creations-de-Jacob-Co.-c-GAD-400x300.jpg 400w, https:\/\/www.exclusifmag.com\/online\/wp-content\/uploads\/2025\/04\/9-.-En-vitrine-les-fabuleuses-creations-de-Jacob-Co.-c-GAD-768x576.jpg 768w, https:\/\/www.exclusifmag.com\/online\/wp-content\/uploads\/2025\/04\/9-.-En-vitrine-les-fabuleuses-creations-de-Jacob-Co.-c-GAD-733x550.jpg 733w, https:\/\/www.exclusifmag.com\/online\/wp-content\/uploads\/2025\/04\/9-.-En-vitrine-les-fabuleuses-creations-de-Jacob-Co.-c-GAD.jpg 800w\" sizes=\"auto, (max-width: 400px) 100vw, 400px\" \/><\/a>\n\t\t\t<\/dt><\/dl><br style=\"clear: both\" \/>\n\t\t<\/div>\n\n<p>Apr\u00e8s l\u2019entreprise joailli\u00e8re lanc\u00e9e en 1986, 20 ans plus tard, Jacob Arabo se tourne vers l\u2019horlogerie. Visionnaire exceptionnel, avec une m\u00eame fougue cr\u00e9atrice ne se d\u00e9mentant jamais, le fondateur de <em>Jacob &amp; Co<\/em> poursuit ses d\u00e9fis et, ose toujours et encore\u2026 Sa premi\u00e8re r\u00e9ussite horlog\u00e8re &#8211; une montre quartz aux heures du monde &#8211; la <em>Five Time Zone<\/em> &#8211; aux cadrans, lunettes et bracelets interchangeables, confirme sa r\u00e9putation\u2026 Avec le garde-temps <em>Quentin &#8211; <\/em>r\u00e9alis\u00e9 en Suisse<em> &#8211; <\/em>une grande premi\u00e8re en 2007 avec un tourbillon vertical et une r\u00e9serve de marche de 31 jours, le bouillant entrepreneur allait conqu\u00e9rir sa l\u00e9gitimit\u00e9 sur la sc\u00e8ne horlog\u00e8re helv\u00e9tique\u2026 Et, l\u2019aventure de se poursuivre avec succ\u00e8s avec une s\u00e9rie de montres d\u2019avant-garde gagnant ses inestimables galons pour 3 cr\u00e9ations toutes finalistes au Grand Prix de l\u2019Horlogerie (GPHG) en 2019 et, se retrouvant, derechef en 2020, avec 4 nouveaux mod\u00e8les <em>Jacob &amp; Co<\/em>. en comp\u00e9tition \u2026 Continuant sur cette voie royale, la maison d\u00e9borde de projets. Vous avez dit <em>Red Carpet<\/em>\u00a0?<\/p>\n<p>&nbsp;<\/p>\n","protected":false},"excerpt":{"rendered":"<p>Le tourbillon \u00e0 quatre axes<br \/>\nSign\u00e9 Jacob &#038; Co. <\/p>\n","protected":false},"author":1,"featured_media":25060,"comment_status":"open","ping_status":"open","sticky":false,"template":"","format":"standard","meta":{"footnotes":""},"categories":[4,8,1588],"tags":[2025,42,2022,2023],"class_list":["post-25054","post","type-post","status-publish","format-standard","has-post-thumbnail","hentry","category-events","category-horlogerie-joaillerie","category-joaillerie","tag-benjamin-arabov","tag-geneve","tag-jakob-co","tag-watches-wonder"],"_links":{"self":[{"href":"https:\/\/www.exclusifmag.com\/online\/wp-json\/wp\/v2\/posts\/25054","targetHints":{"allow":["GET"]}}],"collection":[{"href":"https:\/\/www.exclusifmag.com\/online\/wp-json\/wp\/v2\/posts"}],"about":[{"href":"https:\/\/www.exclusifmag.com\/online\/wp-json\/wp\/v2\/types\/post"}],"author":[{"embeddable":true,"href":"https:\/\/www.exclusifmag.com\/online\/wp-json\/wp\/v2\/users\/1"}],"replies":[{"embeddable":true,"href":"https:\/\/www.exclusifmag.com\/online\/wp-json\/wp\/v2\/comments?post=25054"}],"version-history":[{"count":13,"href":"https:\/\/www.exclusifmag.com\/online\/wp-json\/wp\/v2\/posts\/25054\/revisions"}],"predecessor-version":[{"id":25061,"href":"https:\/\/www.exclusifmag.com\/online\/wp-json\/wp\/v2\/posts\/25054\/revisions\/25061"}],"wp:featuredmedia":[{"embeddable":true,"href":"https:\/\/www.exclusifmag.com\/online\/wp-json\/wp\/v2\/media\/25060"}],"wp:attachment":[{"href":"https:\/\/www.exclusifmag.com\/online\/wp-json\/wp\/v2\/media?parent=25054"}],"wp:term":[{"taxonomy":"category","embeddable":true,"href":"https:\/\/www.exclusifmag.com\/online\/wp-json\/wp\/v2\/categories?post=25054"},{"taxonomy":"post_tag","embeddable":true,"href":"https:\/\/www.exclusifmag.com\/online\/wp-json\/wp\/v2\/tags?post=25054"}],"curies":[{"name":"wp","href":"https:\/\/api.w.org\/{rel}","templated":true}]}}