{"id":25760,"date":"2025-09-06T19:13:08","date_gmt":"2025-09-06T17:13:08","guid":{"rendered":"https:\/\/www.exclusifmag.com\/online\/?p=25760"},"modified":"2025-09-07T10:34:38","modified_gmt":"2025-09-07T08:34:38","slug":"chasse-a-la-morosite","status":"publish","type":"post","link":"https:\/\/www.exclusifmag.com\/online\/chasse-a-la-morosite\/","title":{"rendered":"Chasse \u00e0 la morosit\u00e9 !"},"content":{"rendered":"<h2><strong>La 133<sup>e<\/sup> Revue genevoise <\/strong><\/h2>\n<h2><strong>embrase <\/strong><strong>le Casino-Th\u00e9\u00e2tre<\/strong><\/h2>\n<p><strong>D\u00e8s le 9 octobre &#8211; et, jusqu\u2019au tournant de l\u2019an &#8211; l\u2019\u00e9dition 2025 de la Revue promet d\u2019enflammer la sc\u00e8ne du Casino Th\u00e9\u00e2tre pour la derni\u00e8re fois, avant de s\u2019installer sur la plaine de Plainpalais. Un \u00e9poustouflant spectacle o\u00f9 danse et grands th\u00e8mes musicaux c\u00f4toient humour et fac\u00e9ties dans un m\u00e9lange irr\u00e9sistible. La Revue, c\u2019est fou\u00a0!<\/strong><\/p>\n\n\t\t<style type=\"text\/css\">\n\t\t\t#gallery-1 {\n\t\t\t\tmargin: auto;\n\t\t\t}\n\t\t\t#gallery-1 .gallery-item {\n\t\t\t\tfloat: left;\n\t\t\t\tmargin-top: 10px;\n\t\t\t\ttext-align: center;\n\t\t\t\twidth: 50%;\n\t\t\t}\n\t\t\t#gallery-1 img {\n\t\t\t\tborder: 2px solid #cfcfcf;\n\t\t\t}\n\t\t\t#gallery-1 .gallery-caption {\n\t\t\t\tmargin-left: 0;\n\t\t\t}\n\t\t\t\/* see gallery_shortcode() in wp-includes\/media.php *\/\n\t\t<\/style>\n\t\t<div id='gallery-1' class='gallery galleryid-25760 gallery-columns-2 gallery-size-medium'><dl class='gallery-item'>\n\t\t\t<dt class='gallery-icon landscape'>\n\t\t\t\t<a href='https:\/\/www.exclusifmag.com\/online\/wp-content\/uploads\/2025\/09\/1.-La_Revue_2025_Direction-artistique_Photographe_Diana_M_Photography-30.jpg'><img loading=\"lazy\" decoding=\"async\" width=\"400\" height=\"267\" src=\"https:\/\/www.exclusifmag.com\/online\/wp-content\/uploads\/2025\/09\/1.-La_Revue_2025_Direction-artistique_Photographe_Diana_M_Photography-30-400x267.jpg\" class=\"attachment-medium size-medium\" alt=\"Direction artistique Fr\u00e9d\u00e9ric Hohl, Claude-Inga Barbey, Laurent Deshusses et Molly Hirt (c) Diana M Photography\" srcset=\"https:\/\/www.exclusifmag.com\/online\/wp-content\/uploads\/2025\/09\/1.-La_Revue_2025_Direction-artistique_Photographe_Diana_M_Photography-30-400x267.jpg 400w, https:\/\/www.exclusifmag.com\/online\/wp-content\/uploads\/2025\/09\/1.-La_Revue_2025_Direction-artistique_Photographe_Diana_M_Photography-30-768x512.jpg 768w, https:\/\/www.exclusifmag.com\/online\/wp-content\/uploads\/2025\/09\/1.-La_Revue_2025_Direction-artistique_Photographe_Diana_M_Photography-30.jpg 800w\" sizes=\"auto, (max-width: 400px) 100vw, 400px\" \/><\/a>\n\t\t\t<\/dt><\/dl><dl class='gallery-item'>\n\t\t\t<dt class='gallery-icon landscape'>\n\t\t\t\t<a href='https:\/\/www.exclusifmag.com\/online\/wp-content\/uploads\/2025\/09\/2.-La_Revue_2025_Artistes-et-auteurs_Photographe_Diana_M_Photography-18.jpg'><img loading=\"lazy\" decoding=\"async\" width=\"400\" height=\"267\" src=\"https:\/\/www.exclusifmag.com\/online\/wp-content\/uploads\/2025\/09\/2.-La_Revue_2025_Artistes-et-auteurs_Photographe_Diana_M_Photography-18-400x267.jpg\" class=\"attachment-medium size-medium\" alt=\"La Revue 2025 aper\u00e7u sur un groupe d&#039;artistes et auteurs (c) Diana M Photography\" srcset=\"https:\/\/www.exclusifmag.com\/online\/wp-content\/uploads\/2025\/09\/2.-La_Revue_2025_Artistes-et-auteurs_Photographe_Diana_M_Photography-18-400x267.jpg 400w, https:\/\/www.exclusifmag.com\/online\/wp-content\/uploads\/2025\/09\/2.-La_Revue_2025_Artistes-et-auteurs_Photographe_Diana_M_Photography-18-768x512.jpg 768w, https:\/\/www.exclusifmag.com\/online\/wp-content\/uploads\/2025\/09\/2.-La_Revue_2025_Artistes-et-auteurs_Photographe_Diana_M_Photography-18.jpg 800w\" sizes=\"auto, (max-width: 400px) 100vw, 400px\" \/><\/a>\n\t\t\t<\/dt><\/dl><br style=\"clear: both\" \/>\n\t\t<\/div>\n\n<p><a href=\"http:\/\/www.exclusifmag.com\/online\/wp-content\/uploads\/2025\/09\/Affiche-2025.jpg\"><img loading=\"lazy\" decoding=\"async\" class=\"alignleft wp-image-25790\" src=\"http:\/\/www.exclusifmag.com\/online\/wp-content\/uploads\/2025\/09\/Affiche-2025.jpg\" alt=\"\" width=\"199\" height=\"281\" srcset=\"https:\/\/www.exclusifmag.com\/online\/wp-content\/uploads\/2025\/09\/Affiche-2025.jpg 566w, https:\/\/www.exclusifmag.com\/online\/wp-content\/uploads\/2025\/09\/Affiche-2025-283x400.jpg 283w, https:\/\/www.exclusifmag.com\/online\/wp-content\/uploads\/2025\/09\/Affiche-2025-389x550.jpg 389w\" sizes=\"auto, (max-width: 199px) 100vw, 199px\" \/><\/a>La salle, rue de Carouge, qui a accueilli la Revue genevoise depuis 1982, va \u00eatre remise \u00e0 neuf. Fauteuils, machinerie, son et lumi\u00e8res, effets sc\u00e9niques, circulation \u2026 l\u2019ambitieux projet de r\u00e9novation devrait s\u2019\u00e9tendre de 2026 \u00e0 2028\u2026 En attendant cette page qui se tourne, Fr\u00e9d\u00e9ric Hohl annonce une installation temporaire sur la plaine de Plainpalais. Ici ou l\u00e0, aujourd\u2019hui et demain, l\u2019exceptionnel esprit de la Revue fuse et enchante le public. Immense succ\u00e8s, le show 2024 a attir\u00e9 les spectateurs s\u00e9duits par une nouvelle version fr\u00e9missante et color\u00e9e. Et, ces sketchs dans\u00e9s, chant\u00e9s, o\u00f9 l\u2019actualit\u00e9 locale et internationale s\u2019insinue piquante et incisive\u2026 Toujours \u00e0 la pointe de la satire, bien tourn\u00e9e et mordante\u00a0!<\/p>\n<p>Entre autres sujets chauds, l\u2019\u00e9dition 2025 ne manquera pas de commenter le d\u00e9part d\u2019Antonio Hodgers, la fin de la Gen\u00e8ve internationale, mais encore l\u2019identit\u00e9 \u00e9lectronique, l\u2019intelligence artificielle. De stigmatiser les trous et travaux, comme le sauvetage de la redevance RTS\u2026 Et, de c\u00e9l\u00e9brer les cent ans de la Migros\u00a0!<\/p>\n<p><a href=\"http:\/\/www.exclusifmag.com\/online\/wp-content\/uploads\/2025\/09\/3.-La_Revue_2025_la-troupe_Photographe_Diana_M_Photography-4.jpg\"><img loading=\"lazy\" decoding=\"async\" class=\"alignleft wp-image-25780 size-full\" src=\"http:\/\/www.exclusifmag.com\/online\/wp-content\/uploads\/2025\/09\/3.-La_Revue_2025_la-troupe_Photographe_Diana_M_Photography-4.jpg\" alt=\"La troupe de La Revue 2025 (c) Diana M Photography\" width=\"671\" height=\"350\" srcset=\"https:\/\/www.exclusifmag.com\/online\/wp-content\/uploads\/2025\/09\/3.-La_Revue_2025_la-troupe_Photographe_Diana_M_Photography-4.jpg 671w, https:\/\/www.exclusifmag.com\/online\/wp-content\/uploads\/2025\/09\/3.-La_Revue_2025_la-troupe_Photographe_Diana_M_Photography-4-400x209.jpg 400w\" sizes=\"auto, (max-width: 671px) 100vw, 671px\" \/><\/a><\/p>\n<p>Si, en raison de sant\u00e9, Claude-Inga Barbey ne sera pas pr\u00e9sente cette ann\u00e9e sur sc\u00e8ne, elle a sign\u00e9 la direction d\u2019\u00e9criture &#8211; et, artistique &#8211; partageant la mise en sc\u00e8ne avec Laurent Deshusses, qu\u2019on ne pr\u00e9sente plus et Ylan Assefy Waterdrinker apportant sa vibrante cr\u00e9ativit\u00e9 au duo. Coop\u00e9rant aux textes, autour des t\u00e9nors, on retrouve les nombreux talents, Thierry Meury, Christian Savary, Pierre Tenthorey avec Paul Deshusses, Nelson Duborgel et les autrices, Gloria Grossrieder et Judith Marchal\u2026 A l\u2019\u00e9quipe, viennent se joindre Nicolas Hafner aux arrangements musicaux et Adrien Moretti sc\u00e9nographe, sans oublier, la chor\u00e9graphe Molly Hirt et les excellents danseurs, Maureen, L\u00e9a, Ines, Jonathan et Nathan. Aux costumes et \u00e0 la cr\u00e9ation lumi\u00e8re, \u00e0 citer, Jeff Castaing, Giulia Muniz et Marc Heimendinger\u2026 Un casting de r\u00eave. Et, une belle rel\u00e8ve, entre autres, avec les nouvelles recrues Lionel Fr\u00e9sard, Maxence Marmy, Jean-Philippe Meyer\u2026<\/p>\n<p><em>Confirmant le succ\u00e8s de l\u2019an pass\u00e9, deux soir\u00e9es sp\u00e9ciales Revue et Clubbing sont de nouveau au programme pour les moins de 35 ans avec un tarif pr\u00e9f\u00e9rentiel et une after party, les samedis 4 et 18 octobre \u00e0 19h30\u00a0! \u00a0<\/em>Billetterie\u00a0et information<em> : depuis le 1<sup>er<\/sup> septembre 2025, le site <\/em><a href=\"http:\/\/www.larevue.ch\"><em>www.larevue.ch<\/em><\/a><em> et les points de vente Migros Change Rive, Mparc La Praille et Stand Info Balexert, la Maison des Arts du Gr\u00fctli et Pour-Cent-Culturel Migros sont en ligne. V\u00e9rifier les diff\u00e9rents horaires de la semaine.\u00a0\u00a0 \u00a0<\/em><\/p>\n","protected":false},"excerpt":{"rendered":"<p>Chasse \u00e0 la morosit\u00e9 !<br \/>\nLa 133e Revue genevoise<br \/>\nembrase le Casino-Th\u00e9\u00e2tre<\/p>\n","protected":false},"author":1,"featured_media":25773,"comment_status":"open","ping_status":"open","sticky":false,"template":"","format":"standard","meta":{"footnotes":""},"categories":[4,145,1831],"tags":[1351,1355,1352,1350,2064],"class_list":["post-25760","post","type-post","status-publish","format-standard","has-post-thumbnail","hentry","category-events","category-infos-news","category-theatre","tag-casino-theatre","tag-claude-inga-barbey","tag-frederic-hohl","tag-la-revue","tag-paul-deshusses"],"_links":{"self":[{"href":"https:\/\/www.exclusifmag.com\/online\/wp-json\/wp\/v2\/posts\/25760","targetHints":{"allow":["GET"]}}],"collection":[{"href":"https:\/\/www.exclusifmag.com\/online\/wp-json\/wp\/v2\/posts"}],"about":[{"href":"https:\/\/www.exclusifmag.com\/online\/wp-json\/wp\/v2\/types\/post"}],"author":[{"embeddable":true,"href":"https:\/\/www.exclusifmag.com\/online\/wp-json\/wp\/v2\/users\/1"}],"replies":[{"embeddable":true,"href":"https:\/\/www.exclusifmag.com\/online\/wp-json\/wp\/v2\/comments?post=25760"}],"version-history":[{"count":24,"href":"https:\/\/www.exclusifmag.com\/online\/wp-json\/wp\/v2\/posts\/25760\/revisions"}],"predecessor-version":[{"id":25787,"href":"https:\/\/www.exclusifmag.com\/online\/wp-json\/wp\/v2\/posts\/25760\/revisions\/25787"}],"wp:featuredmedia":[{"embeddable":true,"href":"https:\/\/www.exclusifmag.com\/online\/wp-json\/wp\/v2\/media\/25773"}],"wp:attachment":[{"href":"https:\/\/www.exclusifmag.com\/online\/wp-json\/wp\/v2\/media?parent=25760"}],"wp:term":[{"taxonomy":"category","embeddable":true,"href":"https:\/\/www.exclusifmag.com\/online\/wp-json\/wp\/v2\/categories?post=25760"},{"taxonomy":"post_tag","embeddable":true,"href":"https:\/\/www.exclusifmag.com\/online\/wp-json\/wp\/v2\/tags?post=25760"}],"curies":[{"name":"wp","href":"https:\/\/api.w.org\/{rel}","templated":true}]}}