{"id":26037,"date":"2025-10-16T18:25:08","date_gmt":"2025-10-16T16:25:08","guid":{"rendered":"https:\/\/www.exclusifmag.com\/online\/?p=26037"},"modified":"2025-10-17T17:28:09","modified_gmt":"2025-10-17T15:28:09","slug":"a-la-cite-bleue","status":"publish","type":"post","link":"https:\/\/www.exclusifmag.com\/online\/a-la-cite-bleue\/","title":{"rendered":"A la Cit\u00e9 Bleue"},"content":{"rendered":"<h2>Sophia Loren en majest\u00e9<\/h2>\n<h2><em>vue par Gianfranco Lelj<\/em><\/h2>\n<p><strong>Dans l\u2019intimit\u00e9, il se chuchotait qu\u2019elle serait \u00e0 cette <em>Journ\u00e9e Particuli\u00e8re<\/em>\u2026 L\u2019iconique star Sophia Loren aurait pu rencontrer \u00e0 la Cit\u00e9 Bleue, le c\u00e9l\u00e8bre photographe Gianfranco Lelj\u2026 lors de la pr\u00e9sentation de ses clich\u00e9s pris sur le tournage du film <em>Una Giornata Particolare<\/em><\/strong><strong><em>. <\/em><\/strong><strong>Chef d\u2019\u0153uvre d\u2019Ettore Scola, la diva y joue avec Marcello Mastroianni<em>. <\/em><\/strong><strong>L\u2019exposition vient de fermer ses portes sur ce film mythique, sans l\u2019apparition de la vedette. Sur un retentissant succ\u00e8s\u00a0!<\/strong><\/p>\n\n\t\t<style type=\"text\/css\">\n\t\t\t#gallery-1 {\n\t\t\t\tmargin: auto;\n\t\t\t}\n\t\t\t#gallery-1 .gallery-item {\n\t\t\t\tfloat: left;\n\t\t\t\tmargin-top: 10px;\n\t\t\t\ttext-align: center;\n\t\t\t\twidth: 33%;\n\t\t\t}\n\t\t\t#gallery-1 img {\n\t\t\t\tborder: 2px solid #cfcfcf;\n\t\t\t}\n\t\t\t#gallery-1 .gallery-caption {\n\t\t\t\tmargin-left: 0;\n\t\t\t}\n\t\t\t\/* see gallery_shortcode() in wp-includes\/media.php *\/\n\t\t<\/style>\n\t\t<div id='gallery-1' class='gallery galleryid-26037 gallery-columns-3 gallery-size-large'><dl class='gallery-item'>\n\t\t\t<dt class='gallery-icon landscape'>\n\t\t\t\t<a href='https:\/\/www.exclusifmag.com\/online\/wp-content\/uploads\/2025\/10\/1.-La-salle-de-spectacle-de-la-Cite-Bleue-se-preparant-a-presenter-sa-Journee-Particuliere-\u00a9Giulia-Charbit-La-Cite-Bleue.jpg'><img loading=\"lazy\" decoding=\"async\" width=\"800\" height=\"533\" src=\"https:\/\/www.exclusifmag.com\/online\/wp-content\/uploads\/2025\/10\/1.-La-salle-de-spectacle-de-la-Cite-Bleue-se-preparant-a-presenter-sa-Journee-Particuliere-\u00a9Giulia-Charbit-La-Cite-Bleue.jpg\" class=\"attachment-large size-large\" alt=\"La salle de spectacle de la Cit\u00e9 Bleue se pr\u00e9parant \u00e0 pr\u00e9senter sa Journ\u00e9e Particuli\u00e8re \u00a9Giulia Charbit - La Cit\u00e9 Bleue\" srcset=\"https:\/\/www.exclusifmag.com\/online\/wp-content\/uploads\/2025\/10\/1.-La-salle-de-spectacle-de-la-Cite-Bleue-se-preparant-a-presenter-sa-Journee-Particuliere-\u00a9Giulia-Charbit-La-Cite-Bleue.jpg 800w, https:\/\/www.exclusifmag.com\/online\/wp-content\/uploads\/2025\/10\/1.-La-salle-de-spectacle-de-la-Cite-Bleue-se-preparant-a-presenter-sa-Journee-Particuliere-\u00a9Giulia-Charbit-La-Cite-Bleue-400x267.jpg 400w, https:\/\/www.exclusifmag.com\/online\/wp-content\/uploads\/2025\/10\/1.-La-salle-de-spectacle-de-la-Cite-Bleue-se-preparant-a-presenter-sa-Journee-Particuliere-\u00a9Giulia-Charbit-La-Cite-Bleue-768x512.jpg 768w\" sizes=\"auto, (max-width: 800px) 100vw, 800px\" \/><\/a>\n\t\t\t<\/dt><\/dl><dl class='gallery-item'>\n\t\t\t<dt class='gallery-icon landscape'>\n\t\t\t\t<a href='https:\/\/www.exclusifmag.com\/online\/wp-content\/uploads\/2025\/10\/2.-Leonardo-Garcia-Alarcon-Directeur-General-et-artistique-de-la-Cite-Bleue-\u00a9Giulia-Charbit-La-Cite-Bleue.jpg'><img loading=\"lazy\" decoding=\"async\" width=\"800\" height=\"533\" src=\"https:\/\/www.exclusifmag.com\/online\/wp-content\/uploads\/2025\/10\/2.-Leonardo-Garcia-Alarcon-Directeur-General-et-artistique-de-la-Cite-Bleue-\u00a9Giulia-Charbit-La-Cite-Bleue.jpg\" class=\"attachment-large size-large\" alt=\"Leonardo Garcia-Alarc\u00f2n Directeur G\u00e9n\u00e9ral et artistique de la Cit\u00e9 Bleue \u00a9Giulia Charbit - La Cit\u00e9 Bleue\" srcset=\"https:\/\/www.exclusifmag.com\/online\/wp-content\/uploads\/2025\/10\/2.-Leonardo-Garcia-Alarcon-Directeur-General-et-artistique-de-la-Cite-Bleue-\u00a9Giulia-Charbit-La-Cite-Bleue.jpg 800w, https:\/\/www.exclusifmag.com\/online\/wp-content\/uploads\/2025\/10\/2.-Leonardo-Garcia-Alarcon-Directeur-General-et-artistique-de-la-Cite-Bleue-\u00a9Giulia-Charbit-La-Cite-Bleue-400x267.jpg 400w, https:\/\/www.exclusifmag.com\/online\/wp-content\/uploads\/2025\/10\/2.-Leonardo-Garcia-Alarcon-Directeur-General-et-artistique-de-la-Cite-Bleue-\u00a9Giulia-Charbit-La-Cite-Bleue-768x512.jpg 768w\" sizes=\"auto, (max-width: 800px) 100vw, 800px\" \/><\/a>\n\t\t\t<\/dt><\/dl><dl class='gallery-item'>\n\t\t\t<dt class='gallery-icon landscape'>\n\t\t\t\t<a href='https:\/\/www.exclusifmag.com\/online\/wp-content\/uploads\/2025\/10\/3.-En-scene-Leonardo-Garcia-Alarcon-presentant-la-musique-a-travers-lemotion-quelle-engendre-\u00a9Giulia-Charbit-La-Cite-Bleue.jpg'><img loading=\"lazy\" decoding=\"async\" width=\"800\" height=\"533\" src=\"https:\/\/www.exclusifmag.com\/online\/wp-content\/uploads\/2025\/10\/3.-En-scene-Leonardo-Garcia-Alarcon-presentant-la-musique-a-travers-lemotion-quelle-engendre-\u00a9Giulia-Charbit-La-Cite-Bleue.jpg\" class=\"attachment-large size-large\" alt=\"En sc\u00e8ne Leonardo Garcia-Alarc\u00f2n pr\u00e9sentant la musique \u00e0 travers l&#039;\u00e9motion qu&#039;elle engendre \u00a9Giulia Charbit - La Cit\u00e9 Bleue\" srcset=\"https:\/\/www.exclusifmag.com\/online\/wp-content\/uploads\/2025\/10\/3.-En-scene-Leonardo-Garcia-Alarcon-presentant-la-musique-a-travers-lemotion-quelle-engendre-\u00a9Giulia-Charbit-La-Cite-Bleue.jpg 800w, https:\/\/www.exclusifmag.com\/online\/wp-content\/uploads\/2025\/10\/3.-En-scene-Leonardo-Garcia-Alarcon-presentant-la-musique-a-travers-lemotion-quelle-engendre-\u00a9Giulia-Charbit-La-Cite-Bleue-400x267.jpg 400w, https:\/\/www.exclusifmag.com\/online\/wp-content\/uploads\/2025\/10\/3.-En-scene-Leonardo-Garcia-Alarcon-presentant-la-musique-a-travers-lemotion-quelle-engendre-\u00a9Giulia-Charbit-La-Cite-Bleue-768x512.jpg 768w\" sizes=\"auto, (max-width: 800px) 100vw, 800px\" \/><\/a>\n\t\t\t<\/dt><\/dl><br style=\"clear: both\" \/>\n\t\t<\/div>\n\n<p><a href=\"http:\/\/www.exclusifmag.com\/online\/wp-content\/uploads\/2025\/10\/4.-bis-Sous-lobjectif-de-Gianfranco-Lelj-Sophia-Loren-au-tournage-dUne-Journee-Particuliere-\u00a9-Gianfranco-Lelj-jpgjpeg-Copy.jpg\"><img loading=\"lazy\" decoding=\"async\" class=\"alignleft wp-image-26050\" src=\"http:\/\/www.exclusifmag.com\/online\/wp-content\/uploads\/2025\/10\/4.-bis-Sous-lobjectif-de-Gianfranco-Lelj-Sophia-Loren-au-tournage-dUne-Journee-Particuliere-\u00a9-Gianfranco-Lelj-jpgjpeg-Copy.jpg\" alt=\"Sous l'objectif de Gianfranco Lelj, Sophia Loren au tournage d'Une Journ\u00e9e Particuli\u00e8re \u00a9 Gianfranco Lelj\" width=\"172\" height=\"258\" srcset=\"https:\/\/www.exclusifmag.com\/online\/wp-content\/uploads\/2025\/10\/4.-bis-Sous-lobjectif-de-Gianfranco-Lelj-Sophia-Loren-au-tournage-dUne-Journee-Particuliere-\u00a9-Gianfranco-Lelj-jpgjpeg-Copy.jpg 533w, https:\/\/www.exclusifmag.com\/online\/wp-content\/uploads\/2025\/10\/4.-bis-Sous-lobjectif-de-Gianfranco-Lelj-Sophia-Loren-au-tournage-dUne-Journee-Particuliere-\u00a9-Gianfranco-Lelj-jpgjpeg-Copy-267x400.jpg 267w, https:\/\/www.exclusifmag.com\/online\/wp-content\/uploads\/2025\/10\/4.-bis-Sous-lobjectif-de-Gianfranco-Lelj-Sophia-Loren-au-tournage-dUne-Journee-Particuliere-\u00a9-Gianfranco-Lelj-jpgjpeg-Copy-400x600.jpg 400w, https:\/\/www.exclusifmag.com\/online\/wp-content\/uploads\/2025\/10\/4.-bis-Sous-lobjectif-de-Gianfranco-Lelj-Sophia-Loren-au-tournage-dUne-Journee-Particuliere-\u00a9-Gianfranco-Lelj-jpgjpeg-Copy-366x550.jpg 366w\" sizes=\"auto, (max-width: 172px) 100vw, 172px\" \/><\/a><\/p>\n<p>La premi\u00e8re pr\u00e9sentation autour des \u0153uvres de Gianfranco Lelj, en cette <em>Journ\u00e9e Particuli\u00e8re<\/em> branch\u00e9e musique et cin\u00e9ma italien, s\u2019est ouverte sur une rencontre anim\u00e9e par Leonardo Garcia-Alarc\u00f2n. Un apart\u00e9 exceptionnel expliquant, par l\u2019exemple, le r\u00f4le capital des seules huit petites notes \u00e0 l\u2019origine des compositions musicales. Une combinaison magique engendrant l\u2019\u00e9motion et rythmant la dramaturgie des personnages. Sous diff\u00e9rentes formes, elle accompagne sur sc\u00e8ne des spectacles rehauss\u00e9s par un clavecin, un orgue, un pianoforte ou, plus proche de nous, un piano. Et divers instruments qu\u2019on (re)connait en des orchestres interpr\u00e9tant ces symphonie, sonate, op\u00e9ra, cantate et autres genres, illustres aujourd\u2019hui et, hier ! Sous l\u2019\u00e9gide de Leonardo Garcia-Alarc\u00f2n, avec <em>Cappella Mediterranea, <\/em>l\u2019ensemble en r\u00e9sidence qu\u2019il a fond\u00e9, la Cit\u00e9 Bleue devient un centre incontournable de musique internationale.<\/p>\n\n\t\t<style type=\"text\/css\">\n\t\t\t#gallery-2 {\n\t\t\t\tmargin: auto;\n\t\t\t}\n\t\t\t#gallery-2 .gallery-item {\n\t\t\t\tfloat: left;\n\t\t\t\tmargin-top: 10px;\n\t\t\t\ttext-align: center;\n\t\t\t\twidth: 50%;\n\t\t\t}\n\t\t\t#gallery-2 img {\n\t\t\t\tborder: 2px solid #cfcfcf;\n\t\t\t}\n\t\t\t#gallery-2 .gallery-caption {\n\t\t\t\tmargin-left: 0;\n\t\t\t}\n\t\t\t\/* see gallery_shortcode() in wp-includes\/media.php *\/\n\t\t<\/style>\n\t\t<div id='gallery-2' class='gallery galleryid-26037 gallery-columns-2 gallery-size-medium'><dl class='gallery-item'>\n\t\t\t<dt class='gallery-icon landscape'>\n\t\t\t\t<a href='https:\/\/www.exclusifmag.com\/online\/wp-content\/uploads\/2025\/10\/5.-Chaleureux-aparte-entre-Leonardo-Garcia-Alarcon-et-Gianfranco-ELelj-a-loccasion-de-la-Journee-Particuliere-a-la-Cite-Bleue-c-Giulia-Charbit-jpeg.jpg'><img loading=\"lazy\" decoding=\"async\" width=\"400\" height=\"267\" src=\"https:\/\/www.exclusifmag.com\/online\/wp-content\/uploads\/2025\/10\/5.-Chaleureux-aparte-entre-Leonardo-Garcia-Alarcon-et-Gianfranco-ELelj-a-loccasion-de-la-Journee-Particuliere-a-la-Cite-Bleue-c-Giulia-Charbit-jpeg-400x267.jpg\" class=\"attachment-medium size-medium\" alt=\"Chaleureux apart\u00e9 entre Leonardo Garcia-Alarc\u00f2n et Gianfranco Lelj \u00e0 l&#039;occasion de la Journ\u00e9e Particuli\u00e8re \u00e0 la Cit\u00e9 Bleue (c) Giulia Charbit\" srcset=\"https:\/\/www.exclusifmag.com\/online\/wp-content\/uploads\/2025\/10\/5.-Chaleureux-aparte-entre-Leonardo-Garcia-Alarcon-et-Gianfranco-ELelj-a-loccasion-de-la-Journee-Particuliere-a-la-Cite-Bleue-c-Giulia-Charbit-jpeg-400x267.jpg 400w, https:\/\/www.exclusifmag.com\/online\/wp-content\/uploads\/2025\/10\/5.-Chaleureux-aparte-entre-Leonardo-Garcia-Alarcon-et-Gianfranco-ELelj-a-loccasion-de-la-Journee-Particuliere-a-la-Cite-Bleue-c-Giulia-Charbit-jpeg-768x512.jpg 768w, https:\/\/www.exclusifmag.com\/online\/wp-content\/uploads\/2025\/10\/5.-Chaleureux-aparte-entre-Leonardo-Garcia-Alarcon-et-Gianfranco-ELelj-a-loccasion-de-la-Journee-Particuliere-a-la-Cite-Bleue-c-Giulia-Charbit-jpeg.jpg 800w\" sizes=\"auto, (max-width: 400px) 100vw, 400px\" \/><\/a>\n\t\t\t<\/dt><\/dl><dl class='gallery-item'>\n\t\t\t<dt class='gallery-icon landscape'>\n\t\t\t\t<a href='https:\/\/www.exclusifmag.com\/online\/wp-content\/uploads\/2025\/10\/6.-Presentation-Cite-Bleue-photo-Gianfranco-Lelj-Sophia-Loren-dans-Une-Journee-Particuliere-dEttore-Scola-c-GAD.jpg'><img loading=\"lazy\" decoding=\"async\" width=\"400\" height=\"267\" src=\"https:\/\/www.exclusifmag.com\/online\/wp-content\/uploads\/2025\/10\/6.-Presentation-Cite-Bleue-photo-Gianfranco-Lelj-Sophia-Loren-dans-Une-Journee-Particuliere-dEttore-Scola-c-GAD-400x267.jpg\" class=\"attachment-medium size-medium\" alt=\"Pr\u00e9sentation Cit\u00e9 Bleue photo Gianfranco Lelj Sophia Loren dans Une Journ\u00e9e Particuli\u00e8re d&#039;Ettore Scola (c) GAD\" srcset=\"https:\/\/www.exclusifmag.com\/online\/wp-content\/uploads\/2025\/10\/6.-Presentation-Cite-Bleue-photo-Gianfranco-Lelj-Sophia-Loren-dans-Une-Journee-Particuliere-dEttore-Scola-c-GAD-400x267.jpg 400w, https:\/\/www.exclusifmag.com\/online\/wp-content\/uploads\/2025\/10\/6.-Presentation-Cite-Bleue-photo-Gianfranco-Lelj-Sophia-Loren-dans-Une-Journee-Particuliere-dEttore-Scola-c-GAD-768x512.jpg 768w, https:\/\/www.exclusifmag.com\/online\/wp-content\/uploads\/2025\/10\/6.-Presentation-Cite-Bleue-photo-Gianfranco-Lelj-Sophia-Loren-dans-Une-Journee-Particuliere-dEttore-Scola-c-GAD.jpg 800w\" sizes=\"auto, (max-width: 400px) 100vw, 400px\" \/><\/a>\n\t\t\t<\/dt><\/dl><br style=\"clear: both\" \/>\n\t\t<\/div>\n\n<p>Sous la direction g\u00e9n\u00e9rale et artistique de Leonardo Garc\u00eda- Alarc\u00f3n, la Cit\u00e9 Bleue \u00e0 Gen\u00e8ve s\u2019inscrit dans un nouvel \u00e9lan culturel cr\u00e9atif. Sur une sc\u00e8ne accueillant diverses expressions culturelles contemporaines, spectacles intimistes ou grands ensembles, la programmation se veut riche et vari\u00e9e\u00a0en projets innovants et audacieux ! Lieu polyvalent, devenu historique, jadis identifi\u00e9 sous le nom de Salle Patin\u00f4, la Cit\u00e9 Bleue est situ\u00e9e aux alentours de la Cit\u00e9 Universitaire de Champel. Enti\u00e8rement r\u00e9nov\u00e9, l\u2019espace s\u2019enorgueillit d\u2019un syst\u00e8me \u00e9lectroacoustique unique en Suisse\u00a0! <em>Constellation<\/em> &#8211; le nom de l\u2019\u00e9quipement &#8211; est, en effet, capable d\u2019adapter le son de la salle \u00e0 chaque type de manifestation. Ajust\u00e9, \u00e9galement, aux interpr\u00e8tes, il assure ainsi une qualit\u00e9 d\u2019\u00e9coute id\u00e9ale pour le public\u2026<\/p>\n\n\t\t<style type=\"text\/css\">\n\t\t\t#gallery-3 {\n\t\t\t\tmargin: auto;\n\t\t\t}\n\t\t\t#gallery-3 .gallery-item {\n\t\t\t\tfloat: left;\n\t\t\t\tmargin-top: 10px;\n\t\t\t\ttext-align: center;\n\t\t\t\twidth: 33%;\n\t\t\t}\n\t\t\t#gallery-3 img {\n\t\t\t\tborder: 2px solid #cfcfcf;\n\t\t\t}\n\t\t\t#gallery-3 .gallery-caption {\n\t\t\t\tmargin-left: 0;\n\t\t\t}\n\t\t\t\/* see gallery_shortcode() in wp-includes\/media.php *\/\n\t\t<\/style>\n\t\t<div id='gallery-3' class='gallery galleryid-26037 gallery-columns-3 gallery-size-large'><dl class='gallery-item'>\n\t\t\t<dt class='gallery-icon landscape'>\n\t\t\t\t<a href='https:\/\/www.exclusifmag.com\/online\/wp-content\/uploads\/2025\/10\/7.-Expressif-et-passionne-Gianfranco-Lelj-presentant-son-vecu-dans-le-milieu-du-cinema-\u00a9Giulia-Charbit-La-Cite-Bleue.jpg'><img loading=\"lazy\" decoding=\"async\" width=\"800\" height=\"533\" src=\"https:\/\/www.exclusifmag.com\/online\/wp-content\/uploads\/2025\/10\/7.-Expressif-et-passionne-Gianfranco-Lelj-presentant-son-vecu-dans-le-milieu-du-cinema-\u00a9Giulia-Charbit-La-Cite-Bleue.jpg\" class=\"attachment-large size-large\" alt=\"Expressif et passionn\u00e9 Gianfranco Lelj pr\u00e9sentant son v\u00e9cu dans le milieu du cin\u00e9ma \u00a9Giulia Charbit - La Cit\u00e9 Bleue\" srcset=\"https:\/\/www.exclusifmag.com\/online\/wp-content\/uploads\/2025\/10\/7.-Expressif-et-passionne-Gianfranco-Lelj-presentant-son-vecu-dans-le-milieu-du-cinema-\u00a9Giulia-Charbit-La-Cite-Bleue.jpg 800w, https:\/\/www.exclusifmag.com\/online\/wp-content\/uploads\/2025\/10\/7.-Expressif-et-passionne-Gianfranco-Lelj-presentant-son-vecu-dans-le-milieu-du-cinema-\u00a9Giulia-Charbit-La-Cite-Bleue-400x267.jpg 400w, https:\/\/www.exclusifmag.com\/online\/wp-content\/uploads\/2025\/10\/7.-Expressif-et-passionne-Gianfranco-Lelj-presentant-son-vecu-dans-le-milieu-du-cinema-\u00a9Giulia-Charbit-La-Cite-Bleue-768x512.jpg 768w\" sizes=\"auto, (max-width: 800px) 100vw, 800px\" \/><\/a>\n\t\t\t<\/dt><\/dl><dl class='gallery-item'>\n\t\t\t<dt class='gallery-icon landscape'>\n\t\t\t\t<a href='https:\/\/www.exclusifmag.com\/online\/wp-content\/uploads\/2025\/10\/8.-Une-scene-du-film-dEttore-Scola-avec-Sophia-Loren-et-Marcello-Mastroianni-photo-Gianfranco-Lelj-.jpg'><img loading=\"lazy\" decoding=\"async\" width=\"800\" height=\"533\" src=\"https:\/\/www.exclusifmag.com\/online\/wp-content\/uploads\/2025\/10\/8.-Une-scene-du-film-dEttore-Scola-avec-Sophia-Loren-et-Marcello-Mastroianni-photo-Gianfranco-Lelj-.jpg\" class=\"attachment-large size-large\" alt=\"Une sc\u00e8ne du film d&#039;Ettore Scola avec Sophia Loren et Marcello Mastroianni photo Gianfranco Lelj\" srcset=\"https:\/\/www.exclusifmag.com\/online\/wp-content\/uploads\/2025\/10\/8.-Une-scene-du-film-dEttore-Scola-avec-Sophia-Loren-et-Marcello-Mastroianni-photo-Gianfranco-Lelj-.jpg 800w, https:\/\/www.exclusifmag.com\/online\/wp-content\/uploads\/2025\/10\/8.-Une-scene-du-film-dEttore-Scola-avec-Sophia-Loren-et-Marcello-Mastroianni-photo-Gianfranco-Lelj--400x267.jpg 400w, https:\/\/www.exclusifmag.com\/online\/wp-content\/uploads\/2025\/10\/8.-Une-scene-du-film-dEttore-Scola-avec-Sophia-Loren-et-Marcello-Mastroianni-photo-Gianfranco-Lelj--768x512.jpg 768w\" sizes=\"auto, (max-width: 800px) 100vw, 800px\" \/><\/a>\n\t\t\t<\/dt><\/dl><dl class='gallery-item'>\n\t\t\t<dt class='gallery-icon landscape'>\n\t\t\t\t<a href='https:\/\/www.exclusifmag.com\/online\/wp-content\/uploads\/2025\/10\/12.-Portrait-d-Elisabeth-Taylor-vedette-de-Cleopatre-par-Gianfranco-Lelj-c-GAD-jpg-1.jpg'><img loading=\"lazy\" decoding=\"async\" width=\"800\" height=\"533\" src=\"https:\/\/www.exclusifmag.com\/online\/wp-content\/uploads\/2025\/10\/12.-Portrait-d-Elisabeth-Taylor-vedette-de-Cleopatre-par-Gianfranco-Lelj-c-GAD-jpg-1.jpg\" class=\"attachment-large size-large\" alt=\"Portrait d&#039; Elisabeth Taylor vedette de Cl\u00e9op\u00e2tre par Gianfranco Lelj (c) GAD\" srcset=\"https:\/\/www.exclusifmag.com\/online\/wp-content\/uploads\/2025\/10\/12.-Portrait-d-Elisabeth-Taylor-vedette-de-Cleopatre-par-Gianfranco-Lelj-c-GAD-jpg-1.jpg 800w, https:\/\/www.exclusifmag.com\/online\/wp-content\/uploads\/2025\/10\/12.-Portrait-d-Elisabeth-Taylor-vedette-de-Cleopatre-par-Gianfranco-Lelj-c-GAD-jpg-1-400x267.jpg 400w, https:\/\/www.exclusifmag.com\/online\/wp-content\/uploads\/2025\/10\/12.-Portrait-d-Elisabeth-Taylor-vedette-de-Cleopatre-par-Gianfranco-Lelj-c-GAD-jpg-1-768x512.jpg 768w\" sizes=\"auto, (max-width: 800px) 100vw, 800px\" \/><\/a>\n\t\t\t<\/dt><\/dl><br style=\"clear: both\" \/>\n\t\t<\/div>\n\n<p>C\u2019est l\u2019immense Anna Magnani qui a d\u00e9clench\u00e9 la vocation de Gianfranco Lelj. Lors d\u2019une matin\u00e9e scolaire, une repr\u00e9sentation th\u00e9\u00e2trale propos\u00e9e aux \u00e9tudiants, il assiste, \u00e0 l\u2019instigation de sa m\u00e8re, \u00e0 <em>La Lupa de Verga<\/em> de Zeffirelli, interpr\u00e9t\u00e9 sur sc\u00e8ne par la Magnani\u00a0! <em>Il en sort foudroy\u00e9,\u00a0<\/em>selon ses propres aveux au professeur Michael Jakob, l\u2019interviewant en direct \u00e0 La Cit\u00e9 Bleue. A l\u2019issue de la pi\u00e8ce, sous le choc, piqu\u00e9 d\u2019audace, le jeune Gianfranco se rend dans sa loge. Et, l\u00e0, miracle, promettant de poser pour lui, elle conc\u00e8de de le recevoir s\u2019il \u00e9tait un jour de passage \u00e0 Rome ! M\u00eame s\u2019il devait lui remettre tous ses clich\u00e9s \u2013 y compris les n\u00e9gatifs \u2013 le sort \u00e9tait jet\u00e9\u2026 Une de ses photos parut dans <em>Life<\/em> <em>Magazine<\/em> et, Magnani, en personne, en offrit une autre \u00e0 Tennessee Williams\u2026 C\u2019\u00e9tait le commencement d\u2019une grande carri\u00e8re de photographe de c\u00e9l\u00e9brit\u00e9s et, sur les plateaux de tournage.<\/p>\n\n\t\t<style type=\"text\/css\">\n\t\t\t#gallery-4 {\n\t\t\t\tmargin: auto;\n\t\t\t}\n\t\t\t#gallery-4 .gallery-item {\n\t\t\t\tfloat: left;\n\t\t\t\tmargin-top: 10px;\n\t\t\t\ttext-align: center;\n\t\t\t\twidth: 50%;\n\t\t\t}\n\t\t\t#gallery-4 img {\n\t\t\t\tborder: 2px solid #cfcfcf;\n\t\t\t}\n\t\t\t#gallery-4 .gallery-caption {\n\t\t\t\tmargin-left: 0;\n\t\t\t}\n\t\t\t\/* see gallery_shortcode() in wp-includes\/media.php *\/\n\t\t<\/style>\n\t\t<div id='gallery-4' class='gallery galleryid-26037 gallery-columns-2 gallery-size-medium'><dl class='gallery-item'>\n\t\t\t<dt class='gallery-icon landscape'>\n\t\t\t\t<a href='https:\/\/www.exclusifmag.com\/online\/wp-content\/uploads\/2025\/10\/10.-Charlton-Heston-star-US-photographie-par-Gianfranco-Lelj-presente-a-la-Cite-Bleue-c-GAD-jpeg.jpg'><img loading=\"lazy\" decoding=\"async\" width=\"400\" height=\"267\" src=\"https:\/\/www.exclusifmag.com\/online\/wp-content\/uploads\/2025\/10\/10.-Charlton-Heston-star-US-photographie-par-Gianfranco-Lelj-presente-a-la-Cite-Bleue-c-GAD-jpeg-400x267.jpg\" class=\"attachment-medium size-medium\" alt=\"Charlton Heston star US photographi\u00e9 par Gianfranco Lelj pr\u00e9sent\u00e9 a la Cit\u00e9 Bleue (c) GAD\" srcset=\"https:\/\/www.exclusifmag.com\/online\/wp-content\/uploads\/2025\/10\/10.-Charlton-Heston-star-US-photographie-par-Gianfranco-Lelj-presente-a-la-Cite-Bleue-c-GAD-jpeg-400x267.jpg 400w, https:\/\/www.exclusifmag.com\/online\/wp-content\/uploads\/2025\/10\/10.-Charlton-Heston-star-US-photographie-par-Gianfranco-Lelj-presente-a-la-Cite-Bleue-c-GAD-jpeg-768x512.jpg 768w, https:\/\/www.exclusifmag.com\/online\/wp-content\/uploads\/2025\/10\/10.-Charlton-Heston-star-US-photographie-par-Gianfranco-Lelj-presente-a-la-Cite-Bleue-c-GAD-jpeg.jpg 800w\" sizes=\"auto, (max-width: 400px) 100vw, 400px\" \/><\/a>\n\t\t\t<\/dt><\/dl><dl class='gallery-item'>\n\t\t\t<dt class='gallery-icon landscape'>\n\t\t\t\t<a href='https:\/\/www.exclusifmag.com\/online\/wp-content\/uploads\/2025\/10\/11.-Un-grand-souvenir-Audrey-Hepburn-sous-lobjectif-de-Gianfranco-Lelj-c-GAD-1-1.jpg'><img loading=\"lazy\" decoding=\"async\" width=\"400\" height=\"267\" src=\"https:\/\/www.exclusifmag.com\/online\/wp-content\/uploads\/2025\/10\/11.-Un-grand-souvenir-Audrey-Hepburn-sous-lobjectif-de-Gianfranco-Lelj-c-GAD-1-1-400x267.jpg\" class=\"attachment-medium size-medium\" alt=\"Un grand souvenir, Audrey Hepburn sous l&#039;objectif de Gianfranco Lelj (c) GAD\" srcset=\"https:\/\/www.exclusifmag.com\/online\/wp-content\/uploads\/2025\/10\/11.-Un-grand-souvenir-Audrey-Hepburn-sous-lobjectif-de-Gianfranco-Lelj-c-GAD-1-1-400x267.jpg 400w, https:\/\/www.exclusifmag.com\/online\/wp-content\/uploads\/2025\/10\/11.-Un-grand-souvenir-Audrey-Hepburn-sous-lobjectif-de-Gianfranco-Lelj-c-GAD-1-1-768x512.jpg 768w, https:\/\/www.exclusifmag.com\/online\/wp-content\/uploads\/2025\/10\/11.-Un-grand-souvenir-Audrey-Hepburn-sous-lobjectif-de-Gianfranco-Lelj-c-GAD-1-1.jpg 800w\" sizes=\"auto, (max-width: 400px) 100vw, 400px\" \/><\/a>\n\t\t\t<\/dt><\/dl><br style=\"clear: both\" \/>\n\t\t<\/div>\n\n<p><a href=\"http:\/\/www.exclusifmag.com\/online\/wp-content\/uploads\/2025\/10\/13.-Leonardo-Garcia-Alarcon-au-piano-a-La-Cite-Bleue-\u00a9-Giulia-Charbit-La-Cite-Bleue-jpeg-Copy.jpg\"><img loading=\"lazy\" decoding=\"async\" class=\"alignright wp-image-26075\" src=\"http:\/\/www.exclusifmag.com\/online\/wp-content\/uploads\/2025\/10\/13.-Leonardo-Garcia-Alarcon-au-piano-a-La-Cite-Bleue-\u00a9-Giulia-Charbit-La-Cite-Bleue-jpeg-Copy.jpg\" alt=\"Leonardo Garc\u00eda-Alarc\u00f3n au piano \u00e0 La Cit\u00e9 Bleue \u00a9 Giulia Charbit\" width=\"172\" height=\"258\" srcset=\"https:\/\/www.exclusifmag.com\/online\/wp-content\/uploads\/2025\/10\/13.-Leonardo-Garcia-Alarcon-au-piano-a-La-Cite-Bleue-\u00a9-Giulia-Charbit-La-Cite-Bleue-jpeg-Copy.jpg 533w, https:\/\/www.exclusifmag.com\/online\/wp-content\/uploads\/2025\/10\/13.-Leonardo-Garcia-Alarcon-au-piano-a-La-Cite-Bleue-\u00a9-Giulia-Charbit-La-Cite-Bleue-jpeg-Copy-267x400.jpg 267w, https:\/\/www.exclusifmag.com\/online\/wp-content\/uploads\/2025\/10\/13.-Leonardo-Garcia-Alarcon-au-piano-a-La-Cite-Bleue-\u00a9-Giulia-Charbit-La-Cite-Bleue-jpeg-Copy-400x600.jpg 400w, https:\/\/www.exclusifmag.com\/online\/wp-content\/uploads\/2025\/10\/13.-Leonardo-Garcia-Alarcon-au-piano-a-La-Cite-Bleue-\u00a9-Giulia-Charbit-La-Cite-Bleue-jpeg-Copy-366x550.jpg 366w\" sizes=\"auto, (max-width: 172px) 100vw, 172px\" \/><\/a>Reconnu pour sa sensibilit\u00e9 et ses ambiances singuli\u00e8res, la trajectoire de Gianfranco Lelj prit son \u00e9lan avec le r\u00e9alisateur Mauro Bolognini l\u2019engageant comme <em>photographe sp\u00e9cial<\/em>, portraitiste, responsable des affiches de ses films\u2026\u00a0 Il a connu et travaill\u00e9 avec les plus grands metteurs en sc\u00e8ne, entre autres, Federico Fellini, Luchino Visconti, Pier Paolo Pasolini\u2026 et, tenu devant son objectif les plus grandes stars du cin\u00e9ma international. L\u2019exposition <em>Dal Volto, l\u2019Anima<\/em> &#8211; Du visage, l\u2019\u00c2me &#8211; \u00e0 la Cit\u00e9 Bleue rassemble une s\u00e9lection de photos prises sur le tournage <em>d\u2019Une Journ\u00e9e Particuli\u00e8re. <\/em>Dans un climat de tristesse et d\u2019humilit\u00e9, le public d\u00e9couvre une Sophia Loren inconnue d\u00e9gageant une humanit\u00e9 p\u00e9trie de bienveillance et de compassion,. Une \u00e2me bris\u00e9e dans toute sa splendeur naturelle. Une d\u00e9couverte de <em>l\u2019autre<\/em> douloureux et, en m\u00eame temps rayonnant sign\u00e9 Gianfranco Lelj. Inoubliable\u00a0!<\/p>\n<p><strong>Prochain spectacle, une cr\u00e9ation de La Cit\u00e9 Bleue<\/strong>\u00a0: les 28 et 29 octobre 2025 \u00e0 19h30\u00a0: <em>Sufi\u2019s Saraband <\/em>hommage \u00e0 la po\u00e9sie persane avec Keyvan Chemirani.<\/p>\n","protected":false},"excerpt":{"rendered":"<p>A la Cit\u00e9 Bleue<br \/>\nSophia Loren en majest\u00e9<br \/>\nvue par Gianfranco Lelj<\/p>\n","protected":false},"author":1,"featured_media":26080,"comment_status":"open","ping_status":"open","sticky":false,"template":"","format":"standard","meta":{"footnotes":""},"categories":[11,57,145,1832],"tags":[2086,42,2088,1277,2087,2089],"class_list":["post-26037","post","type-post","status-publish","format-standard","has-post-thumbnail","hentry","category-art-culture","category-cinema","category-infos-news","category-theatre-art-culture","tag-cite-bleue","tag-geneve","tag-gianfranco-lelj","tag-leonardo-garcia-alarcon","tag-sophia-loren","tag-una-giornata-particolare"],"_links":{"self":[{"href":"https:\/\/www.exclusifmag.com\/online\/wp-json\/wp\/v2\/posts\/26037","targetHints":{"allow":["GET"]}}],"collection":[{"href":"https:\/\/www.exclusifmag.com\/online\/wp-json\/wp\/v2\/posts"}],"about":[{"href":"https:\/\/www.exclusifmag.com\/online\/wp-json\/wp\/v2\/types\/post"}],"author":[{"embeddable":true,"href":"https:\/\/www.exclusifmag.com\/online\/wp-json\/wp\/v2\/users\/1"}],"replies":[{"embeddable":true,"href":"https:\/\/www.exclusifmag.com\/online\/wp-json\/wp\/v2\/comments?post=26037"}],"version-history":[{"count":20,"href":"https:\/\/www.exclusifmag.com\/online\/wp-json\/wp\/v2\/posts\/26037\/revisions"}],"predecessor-version":[{"id":26084,"href":"https:\/\/www.exclusifmag.com\/online\/wp-json\/wp\/v2\/posts\/26037\/revisions\/26084"}],"wp:featuredmedia":[{"embeddable":true,"href":"https:\/\/www.exclusifmag.com\/online\/wp-json\/wp\/v2\/media\/26080"}],"wp:attachment":[{"href":"https:\/\/www.exclusifmag.com\/online\/wp-json\/wp\/v2\/media?parent=26037"}],"wp:term":[{"taxonomy":"category","embeddable":true,"href":"https:\/\/www.exclusifmag.com\/online\/wp-json\/wp\/v2\/categories?post=26037"},{"taxonomy":"post_tag","embeddable":true,"href":"https:\/\/www.exclusifmag.com\/online\/wp-json\/wp\/v2\/tags?post=26037"}],"curies":[{"name":"wp","href":"https:\/\/api.w.org\/{rel}","templated":true}]}}