{"id":26113,"date":"2025-10-26T16:07:19","date_gmt":"2025-10-26T15:07:19","guid":{"rendered":"https:\/\/www.exclusifmag.com\/online\/?p=26113"},"modified":"2025-10-26T16:37:37","modified_gmt":"2025-10-26T15:37:37","slug":"save-the-date","status":"publish","type":"post","link":"https:\/\/www.exclusifmag.com\/online\/save-the-date\/","title":{"rendered":"SAVE THE DATE"},"content":{"rendered":"<h2 class=\"Default\"><i><span style=\"font-size: 20.0pt; color: windowtext;\">La Fondation Clair-Bois <\/span><\/i><\/h2>\n<h2 class=\"Default\"><b><i><span style=\"font-size: 14.0pt; color: windowtext;\">C\u00e9l\u00e8bre ses 50 ans avec l\u2019OSR<\/span><\/i><\/b><\/h2>\n<h2 class=\"Default\"><b><span style=\"font-size: 14.0pt; color: windowtext;\">Au Victoria Hall le 5 novembre<\/span><\/b><\/h2>\n<p><strong>C\u2019est un \u00e9v\u00e9nement \u00e0 ne pas rater\u00a0! Au Victoria Hall, un exceptionnel <em>cin\u00e9-concert <\/em>au sommet de l\u2019originalit\u00e9 et\u2026 du suspense. Projet\u00e9 \u00e0 l\u2019\u00e9cran sur la musique du film,<em> The Lodger, <\/em>l\u2019une des plus c\u00e9l\u00e8bres \u0153uvres du cin\u00e9ma muet sign\u00e9 Alfred Hitchcock. Une s\u00e9quence \u00e9motion interpr\u00e9t\u00e9e par l\u2019Orchestre de la Suisse Romande (OSR) sous la baguette de Philippe B\u00e9ran\u2026 Une soir\u00e9e-c\u00e9l\u00e9bration unique, le 5 novembre 2025. A r\u00e9server sans tarder\u00a0!<\/strong><\/p>\n\n\t\t<style type=\"text\/css\">\n\t\t\t#gallery-1 {\n\t\t\t\tmargin: auto;\n\t\t\t}\n\t\t\t#gallery-1 .gallery-item {\n\t\t\t\tfloat: left;\n\t\t\t\tmargin-top: 10px;\n\t\t\t\ttext-align: center;\n\t\t\t\twidth: 50%;\n\t\t\t}\n\t\t\t#gallery-1 img {\n\t\t\t\tborder: 2px solid #cfcfcf;\n\t\t\t}\n\t\t\t#gallery-1 .gallery-caption {\n\t\t\t\tmargin-left: 0;\n\t\t\t}\n\t\t\t\/* see gallery_shortcode() in wp-includes\/media.php *\/\n\t\t<\/style>\n\t\t<div id='gallery-1' class='gallery galleryid-26113 gallery-columns-2 gallery-size-medium'><dl class='gallery-item'>\n\t\t\t<dt class='gallery-icon landscape'>\n\t\t\t\t<a href='https:\/\/www.exclusifmag.com\/online\/wp-content\/uploads\/2025\/10\/1.-Scene-du-film-The-Lodger-c-Michael-Balcon.jpg'><img loading=\"lazy\" decoding=\"async\" width=\"400\" height=\"286\" src=\"https:\/\/www.exclusifmag.com\/online\/wp-content\/uploads\/2025\/10\/1.-Scene-du-film-The-Lodger-c-Michael-Balcon-400x286.jpg\" class=\"attachment-medium size-medium\" alt=\"Sc\u00e8ne du film The Lodger (c) Michael Balcon\" srcset=\"https:\/\/www.exclusifmag.com\/online\/wp-content\/uploads\/2025\/10\/1.-Scene-du-film-The-Lodger-c-Michael-Balcon-400x286.jpg 400w, https:\/\/www.exclusifmag.com\/online\/wp-content\/uploads\/2025\/10\/1.-Scene-du-film-The-Lodger-c-Michael-Balcon-768x548.jpg 768w, https:\/\/www.exclusifmag.com\/online\/wp-content\/uploads\/2025\/10\/1.-Scene-du-film-The-Lodger-c-Michael-Balcon-771x550.jpg 771w, https:\/\/www.exclusifmag.com\/online\/wp-content\/uploads\/2025\/10\/1.-Scene-du-film-The-Lodger-c-Michael-Balcon.jpg 800w\" sizes=\"auto, (max-width: 400px) 100vw, 400px\" \/><\/a>\n\t\t\t<\/dt><\/dl><dl class='gallery-item'>\n\t\t\t<dt class='gallery-icon landscape'>\n\t\t\t\t<a href='https:\/\/www.exclusifmag.com\/online\/wp-content\/uploads\/2025\/10\/2.-The-Lodger-c-Michael-Balcon-.jpg'><img loading=\"lazy\" decoding=\"async\" width=\"400\" height=\"286\" src=\"https:\/\/www.exclusifmag.com\/online\/wp-content\/uploads\/2025\/10\/2.-The-Lodger-c-Michael-Balcon--400x286.jpg\" class=\"attachment-medium size-medium\" alt=\"The Lodger (c) Michael Balcon\" srcset=\"https:\/\/www.exclusifmag.com\/online\/wp-content\/uploads\/2025\/10\/2.-The-Lodger-c-Michael-Balcon--400x286.jpg 400w, https:\/\/www.exclusifmag.com\/online\/wp-content\/uploads\/2025\/10\/2.-The-Lodger-c-Michael-Balcon--768x548.jpg 768w, https:\/\/www.exclusifmag.com\/online\/wp-content\/uploads\/2025\/10\/2.-The-Lodger-c-Michael-Balcon--771x550.jpg 771w, https:\/\/www.exclusifmag.com\/online\/wp-content\/uploads\/2025\/10\/2.-The-Lodger-c-Michael-Balcon-.jpg 800w\" sizes=\"auto, (max-width: 400px) 100vw, 400px\" \/><\/a>\n\t\t\t<\/dt><\/dl><br style=\"clear: both\" \/>\n\t\t<\/div>\n\n<p>En une incroyable d\u00e9termination men\u00e9e avec succ\u00e8s, la Fondation Clair-Bois, \u00e0 Gen\u00e8ve, pourvoie un accompagnement aux enfants et adultes polyhandicap\u00e9s et\/ ou aux handicaps multiples. Offrant assistance avec une possibilit\u00e9 d\u2019emplois et, \u00e9galement, des formations professionnelles, l\u2019institution propose des voies aux sujets en difficult\u00e9 d\u2019apprentissage. Pour l\u2019anniversaire marquant les 50 ans de Clair-Bois, le comit\u00e9 d\u2019action a voulu revoir la soir\u00e9e traditionnellement pr\u00e9sent\u00e9e en l\u2019honneur de ses donateurs, b\u00e9n\u00e9ficiaires, amis et proches grand public \u2026 Une f\u00eate c\u00e9l\u00e9br\u00e9e cette ann\u00e9e entre une ambiance musicale et visuelle, (re)d\u00e9couvrant les premiers pas du plus talentueux faiseur de suspens par excellence\u2026 \u00a0Accueillie par un joyeux ap\u00e9ritif et, suivie &#8211; \u00e0 choix &#8211; par un <em>after<\/em> spectacle dinatoire gourmet et gourmand. \u00a0(Voir le lien Cin\u00e9-Concert pour la Soir\u00e9e du Comit\u00e9 &#8211; Fondation Clair-Bois.)<\/p>\n\n\t\t<style type=\"text\/css\">\n\t\t\t#gallery-2 {\n\t\t\t\tmargin: auto;\n\t\t\t}\n\t\t\t#gallery-2 .gallery-item {\n\t\t\t\tfloat: left;\n\t\t\t\tmargin-top: 10px;\n\t\t\t\ttext-align: center;\n\t\t\t\twidth: 33%;\n\t\t\t}\n\t\t\t#gallery-2 img {\n\t\t\t\tborder: 2px solid #cfcfcf;\n\t\t\t}\n\t\t\t#gallery-2 .gallery-caption {\n\t\t\t\tmargin-left: 0;\n\t\t\t}\n\t\t\t\/* see gallery_shortcode() in wp-includes\/media.php *\/\n\t\t<\/style>\n\t\t<div id='gallery-2' class='gallery galleryid-26113 gallery-columns-3 gallery-size-large'><dl class='gallery-item'>\n\t\t\t<dt class='gallery-icon landscape'>\n\t\t\t\t<a href='https:\/\/www.exclusifmag.com\/online\/wp-content\/uploads\/2025\/10\/3.-Scene-du-film-The-Lodger-c-Michael-Balcon-.jpg'><img loading=\"lazy\" decoding=\"async\" width=\"800\" height=\"571\" src=\"https:\/\/www.exclusifmag.com\/online\/wp-content\/uploads\/2025\/10\/3.-Scene-du-film-The-Lodger-c-Michael-Balcon-.jpg\" class=\"attachment-large size-large\" alt=\"Sc\u00e8ne du film The Lodger (c) Michael Balcon\" srcset=\"https:\/\/www.exclusifmag.com\/online\/wp-content\/uploads\/2025\/10\/3.-Scene-du-film-The-Lodger-c-Michael-Balcon-.jpg 800w, https:\/\/www.exclusifmag.com\/online\/wp-content\/uploads\/2025\/10\/3.-Scene-du-film-The-Lodger-c-Michael-Balcon--400x286.jpg 400w, https:\/\/www.exclusifmag.com\/online\/wp-content\/uploads\/2025\/10\/3.-Scene-du-film-The-Lodger-c-Michael-Balcon--768x548.jpg 768w, https:\/\/www.exclusifmag.com\/online\/wp-content\/uploads\/2025\/10\/3.-Scene-du-film-The-Lodger-c-Michael-Balcon--771x550.jpg 771w\" sizes=\"auto, (max-width: 800px) 100vw, 800px\" \/><\/a>\n\t\t\t<\/dt><\/dl><dl class='gallery-item'>\n\t\t\t<dt class='gallery-icon landscape'>\n\t\t\t\t<a href='https:\/\/www.exclusifmag.com\/online\/wp-content\/uploads\/2025\/10\/4.-The-Lodger-c-Michael-Balcon-.jpg'><img loading=\"lazy\" decoding=\"async\" width=\"800\" height=\"571\" src=\"https:\/\/www.exclusifmag.com\/online\/wp-content\/uploads\/2025\/10\/4.-The-Lodger-c-Michael-Balcon-.jpg\" class=\"attachment-large size-large\" alt=\"The Lodger (c) Michael Balcon\" srcset=\"https:\/\/www.exclusifmag.com\/online\/wp-content\/uploads\/2025\/10\/4.-The-Lodger-c-Michael-Balcon-.jpg 800w, https:\/\/www.exclusifmag.com\/online\/wp-content\/uploads\/2025\/10\/4.-The-Lodger-c-Michael-Balcon--400x286.jpg 400w, https:\/\/www.exclusifmag.com\/online\/wp-content\/uploads\/2025\/10\/4.-The-Lodger-c-Michael-Balcon--768x548.jpg 768w, https:\/\/www.exclusifmag.com\/online\/wp-content\/uploads\/2025\/10\/4.-The-Lodger-c-Michael-Balcon--771x550.jpg 771w\" sizes=\"auto, (max-width: 800px) 100vw, 800px\" \/><\/a>\n\t\t\t<\/dt><\/dl><dl class='gallery-item'>\n\t\t\t<dt class='gallery-icon landscape'>\n\t\t\t\t<a href='https:\/\/www.exclusifmag.com\/online\/wp-content\/uploads\/2025\/10\/5.-The-Lodger-c-Michael-Balcon-.jpg'><img loading=\"lazy\" decoding=\"async\" width=\"800\" height=\"571\" src=\"https:\/\/www.exclusifmag.com\/online\/wp-content\/uploads\/2025\/10\/5.-The-Lodger-c-Michael-Balcon-.jpg\" class=\"attachment-large size-large\" alt=\"The Lodger (c) Michael Balcon .\" srcset=\"https:\/\/www.exclusifmag.com\/online\/wp-content\/uploads\/2025\/10\/5.-The-Lodger-c-Michael-Balcon-.jpg 800w, https:\/\/www.exclusifmag.com\/online\/wp-content\/uploads\/2025\/10\/5.-The-Lodger-c-Michael-Balcon--400x286.jpg 400w, https:\/\/www.exclusifmag.com\/online\/wp-content\/uploads\/2025\/10\/5.-The-Lodger-c-Michael-Balcon--768x548.jpg 768w, https:\/\/www.exclusifmag.com\/online\/wp-content\/uploads\/2025\/10\/5.-The-Lodger-c-Michael-Balcon--771x550.jpg 771w\" sizes=\"auto, (max-width: 800px) 100vw, 800px\" \/><\/a>\n\t\t\t<\/dt><\/dl><br style=\"clear: both\" \/>\n\t\t<\/div>\n\n<p>Offert gracieusement par l\u2019OSR, le concert &#8211; avec Philippe B\u00e9ran \u00e0 la direction d\u2019orchestre &#8211; viendra en soutien au projet de Clair-Bois \u00e0 Pinchat pour l\u2019am\u00e9nagement des ext\u00e9rieurs du site. Favorisant la biodiversit\u00e9, avec plus d\u2019ombre et de fra\u00eecheur, les travaux apporteront davantage d\u2019activit\u00e9s aux r\u00e9sidents\u2026 Partageant valeurs et missions culturelles, par les nombreuses actions, son g\u00e9nie et les \u00e9motions qu\u2019il g\u00e9n\u00e8re, l\u2019OSR porte \u00e0 l\u2019international le t\u00e9moignage de l\u2019\u00e9clatant patrimoine musical de la Suisse romande\u2026 Avec ce 50e anniversaire de la Fondation et la formule cin\u00e9-concert que l\u2019\u00e9v\u00e9nement s\u2019est choisie, le public retrouvera Alfred Hitchcock et, le c\u00e9l\u00e8bre film de ses d\u00e9buts de r\u00e9alisateur, \u00e0 seulement 28 ans\u2026 Avec le <em>thriller<\/em> <em>The Lodger, a story of the London Fog, <\/em>une ic\u00f4ne d\u2019Hollywood prenait son envol\u2026 \u00a0Belle soir\u00e9e.<\/p>\n","protected":false},"excerpt":{"rendered":"<p>SAVE THE DATE<br \/>\nLa Fondation Clair-Bois<br \/>\nC\u00e9l\u00e8bre ses 50 ans avec l\u2019OSR<br \/>\nAu Victoria Hall le 5 novembre<\/p>\n","protected":false},"author":1,"featured_media":26091,"comment_status":"open","ping_status":"open","sticky":false,"template":"","format":"standard","meta":{"footnotes":""},"categories":[2026,53,4,145],"tags":[2091,2090,489,2092],"class_list":["post-26113","post","type-post","status-publish","format-standard","has-post-thumbnail","hentry","category-bienfaisance","category-concert","category-events","category-infos-news","tag-50-ans","tag-fondation-clair-bois","tag-osr","tag-the-lodger"],"_links":{"self":[{"href":"https:\/\/www.exclusifmag.com\/online\/wp-json\/wp\/v2\/posts\/26113","targetHints":{"allow":["GET"]}}],"collection":[{"href":"https:\/\/www.exclusifmag.com\/online\/wp-json\/wp\/v2\/posts"}],"about":[{"href":"https:\/\/www.exclusifmag.com\/online\/wp-json\/wp\/v2\/types\/post"}],"author":[{"embeddable":true,"href":"https:\/\/www.exclusifmag.com\/online\/wp-json\/wp\/v2\/users\/1"}],"replies":[{"embeddable":true,"href":"https:\/\/www.exclusifmag.com\/online\/wp-json\/wp\/v2\/comments?post=26113"}],"version-history":[{"count":9,"href":"https:\/\/www.exclusifmag.com\/online\/wp-json\/wp\/v2\/posts\/26113\/revisions"}],"predecessor-version":[{"id":26121,"href":"https:\/\/www.exclusifmag.com\/online\/wp-json\/wp\/v2\/posts\/26113\/revisions\/26121"}],"wp:featuredmedia":[{"embeddable":true,"href":"https:\/\/www.exclusifmag.com\/online\/wp-json\/wp\/v2\/media\/26091"}],"wp:attachment":[{"href":"https:\/\/www.exclusifmag.com\/online\/wp-json\/wp\/v2\/media?parent=26113"}],"wp:term":[{"taxonomy":"category","embeddable":true,"href":"https:\/\/www.exclusifmag.com\/online\/wp-json\/wp\/v2\/categories?post=26113"},{"taxonomy":"post_tag","embeddable":true,"href":"https:\/\/www.exclusifmag.com\/online\/wp-json\/wp\/v2\/tags?post=26113"}],"curies":[{"name":"wp","href":"https:\/\/api.w.org\/{rel}","templated":true}]}}