{"id":26999,"date":"2026-03-09T16:10:45","date_gmt":"2026-03-09T15:10:45","guid":{"rendered":"https:\/\/www.exclusifmag.com\/online\/?p=26999"},"modified":"2026-03-12T15:59:06","modified_gmt":"2026-03-12T14:59:06","slug":"dordogne-perigord","status":"publish","type":"post","link":"https:\/\/www.exclusifmag.com\/online\/dordogne-perigord\/","title":{"rendered":"Dordogne &#8211; P\u00e9rigord"},"content":{"rendered":"<h2><strong><em>Un m\u00eame territoire sublime<\/em><\/strong><\/h2>\n<h2><strong>ses richesses mill\u00e9naires<\/strong><\/h2>\n<p><strong>C\u2019est une r\u00e9gion de la Vall\u00e9e de la Dordogne aux paysages naturels \u00e9poustouflants et, au patrimoine remontant \u00e0 la pr\u00e9histoire ! For\u00eats, vignes, jardins, gorges et collines constituent ici une perspective ponctu\u00e9e de ch\u00e2teaux et de villages m\u00e9di\u00e9vaux\u2026 Si l\u2019Histoire y a plant\u00e9 les racines d\u2019un pass\u00e9 captivant, sur les pas d\u2019un fabuleux ailleurs, le tourisme y fait vivre aujourd\u2019hui des exp\u00e9riences culturelles, gourmandes et, sportives. En surface, sous terre et sur l\u2019eau. Panorama.<\/strong><\/p>\n\n\t\t<style type=\"text\/css\">\n\t\t\t#gallery-1 {\n\t\t\t\tmargin: auto;\n\t\t\t}\n\t\t\t#gallery-1 .gallery-item {\n\t\t\t\tfloat: left;\n\t\t\t\tmargin-top: 10px;\n\t\t\t\ttext-align: center;\n\t\t\t\twidth: 33%;\n\t\t\t}\n\t\t\t#gallery-1 img {\n\t\t\t\tborder: 2px solid #cfcfcf;\n\t\t\t}\n\t\t\t#gallery-1 .gallery-caption {\n\t\t\t\tmargin-left: 0;\n\t\t\t}\n\t\t\t\/* see gallery_shortcode() in wp-includes\/media.php *\/\n\t\t<\/style>\n\t\t<div id='gallery-1' class='gallery galleryid-26999 gallery-columns-3 gallery-size-large'><dl class='gallery-item'>\n\t\t\t<dt class='gallery-icon landscape'>\n\t\t\t\t<a href='https:\/\/www.exclusifmag.com\/online\/wp-content\/uploads\/2026\/03\/1.-Au-centre-de-forets-et-jardins-la-Dordogne-pontuee-de-vestiges-anciens-c-GAD-9-.jpg'><img loading=\"lazy\" decoding=\"async\" width=\"800\" height=\"600\" src=\"https:\/\/www.exclusifmag.com\/online\/wp-content\/uploads\/2026\/03\/1.-Au-centre-de-forets-et-jardins-la-Dordogne-pontuee-de-vestiges-anciens-c-GAD-9-.jpg\" class=\"attachment-large size-large\" alt=\"Au centre de for\u00eats et jardins la Dordogne ponctu\u00e9e de vestiges anciens (c) GAD\" srcset=\"https:\/\/www.exclusifmag.com\/online\/wp-content\/uploads\/2026\/03\/1.-Au-centre-de-forets-et-jardins-la-Dordogne-pontuee-de-vestiges-anciens-c-GAD-9-.jpg 800w, https:\/\/www.exclusifmag.com\/online\/wp-content\/uploads\/2026\/03\/1.-Au-centre-de-forets-et-jardins-la-Dordogne-pontuee-de-vestiges-anciens-c-GAD-9--400x300.jpg 400w, https:\/\/www.exclusifmag.com\/online\/wp-content\/uploads\/2026\/03\/1.-Au-centre-de-forets-et-jardins-la-Dordogne-pontuee-de-vestiges-anciens-c-GAD-9--768x576.jpg 768w, https:\/\/www.exclusifmag.com\/online\/wp-content\/uploads\/2026\/03\/1.-Au-centre-de-forets-et-jardins-la-Dordogne-pontuee-de-vestiges-anciens-c-GAD-9--733x550.jpg 733w\" sizes=\"auto, (max-width: 800px) 100vw, 800px\" \/><\/a>\n\t\t\t<\/dt><\/dl><dl class='gallery-item'>\n\t\t\t<dt class='gallery-icon landscape'>\n\t\t\t\t<a href='https:\/\/www.exclusifmag.com\/online\/wp-content\/uploads\/2026\/03\/2.-Avec-ses-specialites-traditionnelles-une-solide-reputation-gastronomique-sattache-aux-lieux-c-GAD-9-.jpg'><img loading=\"lazy\" decoding=\"async\" width=\"800\" height=\"600\" src=\"https:\/\/www.exclusifmag.com\/online\/wp-content\/uploads\/2026\/03\/2.-Avec-ses-specialites-traditionnelles-une-solide-reputation-gastronomique-sattache-aux-lieux-c-GAD-9-.jpg\" class=\"attachment-large size-large\" alt=\"Avec ses sp\u00e9cialit\u00e9s traditionnelles, une solide r\u00e9putation gastronomique s&#039;attache aux lieux (c) GAD\" srcset=\"https:\/\/www.exclusifmag.com\/online\/wp-content\/uploads\/2026\/03\/2.-Avec-ses-specialites-traditionnelles-une-solide-reputation-gastronomique-sattache-aux-lieux-c-GAD-9-.jpg 800w, https:\/\/www.exclusifmag.com\/online\/wp-content\/uploads\/2026\/03\/2.-Avec-ses-specialites-traditionnelles-une-solide-reputation-gastronomique-sattache-aux-lieux-c-GAD-9--400x300.jpg 400w, https:\/\/www.exclusifmag.com\/online\/wp-content\/uploads\/2026\/03\/2.-Avec-ses-specialites-traditionnelles-une-solide-reputation-gastronomique-sattache-aux-lieux-c-GAD-9--768x576.jpg 768w, https:\/\/www.exclusifmag.com\/online\/wp-content\/uploads\/2026\/03\/2.-Avec-ses-specialites-traditionnelles-une-solide-reputation-gastronomique-sattache-aux-lieux-c-GAD-9--733x550.jpg 733w\" sizes=\"auto, (max-width: 800px) 100vw, 800px\" \/><\/a>\n\t\t\t<\/dt><\/dl><dl class='gallery-item'>\n\t\t\t<dt class='gallery-icon landscape'>\n\t\t\t\t<a href='https:\/\/www.exclusifmag.com\/online\/wp-content\/uploads\/2026\/03\/3.-Partout-le-souffle-de-lHistoire-marque-les-paysages-c-GAD-.jpg'><img loading=\"lazy\" decoding=\"async\" width=\"800\" height=\"600\" src=\"https:\/\/www.exclusifmag.com\/online\/wp-content\/uploads\/2026\/03\/3.-Partout-le-souffle-de-lHistoire-marque-les-paysages-c-GAD-.jpg\" class=\"attachment-large size-large\" alt=\"Partout le souffle de l&#039;Histoire marque les paysages (c) GAD\" srcset=\"https:\/\/www.exclusifmag.com\/online\/wp-content\/uploads\/2026\/03\/3.-Partout-le-souffle-de-lHistoire-marque-les-paysages-c-GAD-.jpg 800w, https:\/\/www.exclusifmag.com\/online\/wp-content\/uploads\/2026\/03\/3.-Partout-le-souffle-de-lHistoire-marque-les-paysages-c-GAD--400x300.jpg 400w, https:\/\/www.exclusifmag.com\/online\/wp-content\/uploads\/2026\/03\/3.-Partout-le-souffle-de-lHistoire-marque-les-paysages-c-GAD--768x576.jpg 768w, https:\/\/www.exclusifmag.com\/online\/wp-content\/uploads\/2026\/03\/3.-Partout-le-souffle-de-lHistoire-marque-les-paysages-c-GAD--733x550.jpg 733w\" sizes=\"auto, (max-width: 800px) 100vw, 800px\" \/><\/a>\n\t\t\t<\/dt><\/dl><br style=\"clear: both\" \/>\n\t\t<\/div>\n\n<p>Faisant partie de la Nouvelle-Aquitaine, la Dordogne doit son nom au fleuve \u00e9ponyme qui la traverse. Quant \u00e0 l\u2019ancien comt\u00e9 du P\u00e9rigord, se d\u00e9ployant avant la r\u00e9volution fran\u00e7aise sur ce m\u00eame territoire, par souci de simplification, les administrations de l\u2019\u00e9poque se sont r\u00e9solues \u00e0 les r\u00e9unir scellant ainsi leurs r\u00e9alit\u00e9s et origines profondes, Si la connotation <em>P\u00e9rigord <\/em>garde une tr\u00e8s forte consonnance gastronomique, avec foie gras, confit de canard et autres sp\u00e9cialit\u00e9s gourmandes, ces produits se r\u00e9f\u00e8rent \u00e9galement \u00e0 la Dordogne. Renomm\u00e9e pour son caviar, il s\u2019y tient, un exceptionnel \u00e9levage d\u2019esturgeon et de truite sans oublier la grande aventure de la truffe, sa singuli\u00e8re et al\u00e9atoire recherche\u2026 Autant de richesses gustatives venant somptueusement agr\u00e9menter les d\u00e9couvertes et tr\u00e9sors g\u00e9ologiques, grottes, gouffres et for\u00eats de stalactites\u2026 de la Dordogne-P\u00e9rigord.<\/p>\n\n\t\t<style type=\"text\/css\">\n\t\t\t#gallery-2 {\n\t\t\t\tmargin: auto;\n\t\t\t}\n\t\t\t#gallery-2 .gallery-item {\n\t\t\t\tfloat: left;\n\t\t\t\tmargin-top: 10px;\n\t\t\t\ttext-align: center;\n\t\t\t\twidth: 33%;\n\t\t\t}\n\t\t\t#gallery-2 img {\n\t\t\t\tborder: 2px solid #cfcfcf;\n\t\t\t}\n\t\t\t#gallery-2 .gallery-caption {\n\t\t\t\tmargin-left: 0;\n\t\t\t}\n\t\t\t\/* see gallery_shortcode() in wp-includes\/media.php *\/\n\t\t<\/style>\n\t\t<div id='gallery-2' class='gallery galleryid-26999 gallery-columns-3 gallery-size-large'><dl class='gallery-item'>\n\t\t\t<dt class='gallery-icon landscape'>\n\t\t\t\t<a href='https:\/\/www.exclusifmag.com\/online\/wp-content\/uploads\/2026\/03\/4.-Visite-autour-des-bassins-delevage-desturgeons-c-GAD-10-.jpg'><img loading=\"lazy\" decoding=\"async\" width=\"800\" height=\"600\" src=\"https:\/\/www.exclusifmag.com\/online\/wp-content\/uploads\/2026\/03\/4.-Visite-autour-des-bassins-delevage-desturgeons-c-GAD-10-.jpg\" class=\"attachment-large size-large\" alt=\"Visite autour des bassins d&#039;\u00e9levage d&#039;esturgeons (c) GAD\" srcset=\"https:\/\/www.exclusifmag.com\/online\/wp-content\/uploads\/2026\/03\/4.-Visite-autour-des-bassins-delevage-desturgeons-c-GAD-10-.jpg 800w, https:\/\/www.exclusifmag.com\/online\/wp-content\/uploads\/2026\/03\/4.-Visite-autour-des-bassins-delevage-desturgeons-c-GAD-10--400x300.jpg 400w, https:\/\/www.exclusifmag.com\/online\/wp-content\/uploads\/2026\/03\/4.-Visite-autour-des-bassins-delevage-desturgeons-c-GAD-10--768x576.jpg 768w, https:\/\/www.exclusifmag.com\/online\/wp-content\/uploads\/2026\/03\/4.-Visite-autour-des-bassins-delevage-desturgeons-c-GAD-10--733x550.jpg 733w\" sizes=\"auto, (max-width: 800px) 100vw, 800px\" \/><\/a>\n\t\t\t<\/dt><\/dl><dl class='gallery-item'>\n\t\t\t<dt class='gallery-icon landscape'>\n\t\t\t\t<a href='https:\/\/www.exclusifmag.com\/online\/wp-content\/uploads\/2026\/03\/IMG_5138.JPGCaviar-Juju-.jpg'><img loading=\"lazy\" decoding=\"async\" width=\"800\" height=\"600\" src=\"https:\/\/www.exclusifmag.com\/online\/wp-content\/uploads\/2026\/03\/IMG_5138.JPGCaviar-Juju-.jpg\" class=\"attachment-large size-large\" alt=\"Tr\u00e8s appr\u00e9ci\u00e9es, les bo\u00eetes de caviar Perle Noire du P\u00e9rigord et la gamme de produits (c) Roger Juillerat\" srcset=\"https:\/\/www.exclusifmag.com\/online\/wp-content\/uploads\/2026\/03\/IMG_5138.JPGCaviar-Juju-.jpg 800w, https:\/\/www.exclusifmag.com\/online\/wp-content\/uploads\/2026\/03\/IMG_5138.JPGCaviar-Juju--400x300.jpg 400w, https:\/\/www.exclusifmag.com\/online\/wp-content\/uploads\/2026\/03\/IMG_5138.JPGCaviar-Juju--768x576.jpg 768w, https:\/\/www.exclusifmag.com\/online\/wp-content\/uploads\/2026\/03\/IMG_5138.JPGCaviar-Juju--733x550.jpg 733w\" sizes=\"auto, (max-width: 800px) 100vw, 800px\" \/><\/a>\n\t\t\t<\/dt><\/dl><dl class='gallery-item'>\n\t\t\t<dt class='gallery-icon landscape'>\n\t\t\t\t<a href='https:\/\/www.exclusifmag.com\/online\/wp-content\/uploads\/2026\/03\/6.-Le-rendez-vous-accueil-et-degustation-au-retour-des-visites-decouverte-de-lelevage-GAD-10-.jpg'><img loading=\"lazy\" decoding=\"async\" width=\"800\" height=\"600\" src=\"https:\/\/www.exclusifmag.com\/online\/wp-content\/uploads\/2026\/03\/6.-Le-rendez-vous-accueil-et-degustation-au-retour-des-visites-decouverte-de-lelevage-GAD-10-.jpg\" class=\"attachment-large size-large\" alt=\"Le rendez-vous accueil et d\u00e9gustation au retour des visites d\u00e9couverte de l&#039;\u00e9levage GAD\" srcset=\"https:\/\/www.exclusifmag.com\/online\/wp-content\/uploads\/2026\/03\/6.-Le-rendez-vous-accueil-et-degustation-au-retour-des-visites-decouverte-de-lelevage-GAD-10-.jpg 800w, https:\/\/www.exclusifmag.com\/online\/wp-content\/uploads\/2026\/03\/6.-Le-rendez-vous-accueil-et-degustation-au-retour-des-visites-decouverte-de-lelevage-GAD-10--400x300.jpg 400w, https:\/\/www.exclusifmag.com\/online\/wp-content\/uploads\/2026\/03\/6.-Le-rendez-vous-accueil-et-degustation-au-retour-des-visites-decouverte-de-lelevage-GAD-10--768x576.jpg 768w, https:\/\/www.exclusifmag.com\/online\/wp-content\/uploads\/2026\/03\/6.-Le-rendez-vous-accueil-et-degustation-au-retour-des-visites-decouverte-de-lelevage-GAD-10--733x550.jpg 733w\" sizes=\"auto, (max-width: 800px) 100vw, 800px\" \/><\/a>\n\t\t\t<\/dt><\/dl><br style=\"clear: both\" \/>\n\t\t<\/div>\n\n<p><a href=\"http:\/\/www.exclusifmag.com\/online\/wp-content\/uploads\/2026\/03\/20251009_130059.jpgRegle-de-savoir-vivre-.jpg\"><img loading=\"lazy\" decoding=\"async\" class=\"alignright wp-image-27053\" src=\"http:\/\/www.exclusifmag.com\/online\/wp-content\/uploads\/2026\/03\/20251009_130059.jpgRegle-de-savoir-vivre-.jpg\" alt=\"\" width=\"220\" height=\"293\" srcset=\"https:\/\/www.exclusifmag.com\/online\/wp-content\/uploads\/2026\/03\/20251009_130059.jpgRegle-de-savoir-vivre-.jpg 600w, https:\/\/www.exclusifmag.com\/online\/wp-content\/uploads\/2026\/03\/20251009_130059.jpgRegle-de-savoir-vivre--300x400.jpg 300w, https:\/\/www.exclusifmag.com\/online\/wp-content\/uploads\/2026\/03\/20251009_130059.jpgRegle-de-savoir-vivre--413x550.jpg 413w\" sizes=\"auto, (max-width: 220px) 100vw, 220px\" \/><\/a><\/p>\n<p>Un caviar de qualit\u00e9 exige une pisciculture responsable. Installation de bassins aliment\u00e9s par des eaux fraiches, \u00e9levage en basse densit\u00e9, esturgeons nourris sans adjuvants alignent ici un bien-\u00eatre animal assurant l\u2019excellence ! D\u00e8s le printemps et tout le long de l\u2019\u00e9t\u00e9, des visites guid\u00e9es suivies d\u2019une d\u00e9gustation offrent ici une exp\u00e9rience raffin\u00e9e \u00e0 laquelle la truite arc-en-ciel apporte \u00e9galement sa part de d\u00e9lices ! Connue de son c\u00f4t\u00e9 depuis l\u2019antiquit\u00e9, myst\u00e9rieuse et v\u00e9n\u00e9r\u00e9e, la truffe affole la grande cuisine et, titille les palais. Accident de la nature, lov\u00e9e dans les sous-sols humides et sombres, c\u2019est une vari\u00e9t\u00e9 de champignon qui se plait sous les for\u00eats de ch\u00eanes. La truffe noire du P\u00e9rigord, la <em>Tuber Melanosporum<\/em> est la vedette de nombreux \u00e9v\u00e9nements la c\u00e9l\u00e9brant avec passion. March\u00e9s, points de vente, visite d\u2019une truffi\u00e8re, recherche organis\u00e9e avec un ma\u00eetre et son chien partis\u2026 caver la truffe. Des occasions \u00e0 saisir !<\/p>\n\n\t\t<style type=\"text\/css\">\n\t\t\t#gallery-3 {\n\t\t\t\tmargin: auto;\n\t\t\t}\n\t\t\t#gallery-3 .gallery-item {\n\t\t\t\tfloat: left;\n\t\t\t\tmargin-top: 10px;\n\t\t\t\ttext-align: center;\n\t\t\t\twidth: 33%;\n\t\t\t}\n\t\t\t#gallery-3 img {\n\t\t\t\tborder: 2px solid #cfcfcf;\n\t\t\t}\n\t\t\t#gallery-3 .gallery-caption {\n\t\t\t\tmargin-left: 0;\n\t\t\t}\n\t\t\t\/* see gallery_shortcode() in wp-includes\/media.php *\/\n\t\t<\/style>\n\t\t<div id='gallery-3' class='gallery galleryid-26999 gallery-columns-3 gallery-size-large'><dl class='gallery-item'>\n\t\t\t<dt class='gallery-icon landscape'>\n\t\t\t\t<a href='https:\/\/www.exclusifmag.com\/online\/wp-content\/uploads\/2026\/03\/7.-Le-maitre-truffier-et-son-chien-se-preparant-a-la-recherche-de-la-precieuse-truffe-c-GAD-.jpg'><img loading=\"lazy\" decoding=\"async\" width=\"800\" height=\"600\" src=\"https:\/\/www.exclusifmag.com\/online\/wp-content\/uploads\/2026\/03\/7.-Le-maitre-truffier-et-son-chien-se-preparant-a-la-recherche-de-la-precieuse-truffe-c-GAD-.jpg\" class=\"attachment-large size-large\" alt=\"Le ma\u00eetre truffier et son chien se pr\u00e9parant \u00e0 la recherche de la pr\u00e9cieuse truffe (c) GAD\" srcset=\"https:\/\/www.exclusifmag.com\/online\/wp-content\/uploads\/2026\/03\/7.-Le-maitre-truffier-et-son-chien-se-preparant-a-la-recherche-de-la-precieuse-truffe-c-GAD-.jpg 800w, https:\/\/www.exclusifmag.com\/online\/wp-content\/uploads\/2026\/03\/7.-Le-maitre-truffier-et-son-chien-se-preparant-a-la-recherche-de-la-precieuse-truffe-c-GAD--400x300.jpg 400w, https:\/\/www.exclusifmag.com\/online\/wp-content\/uploads\/2026\/03\/7.-Le-maitre-truffier-et-son-chien-se-preparant-a-la-recherche-de-la-precieuse-truffe-c-GAD--768x576.jpg 768w, https:\/\/www.exclusifmag.com\/online\/wp-content\/uploads\/2026\/03\/7.-Le-maitre-truffier-et-son-chien-se-preparant-a-la-recherche-de-la-precieuse-truffe-c-GAD--733x550.jpg 733w\" sizes=\"auto, (max-width: 800px) 100vw, 800px\" \/><\/a>\n\t\t\t<\/dt><\/dl><dl class='gallery-item'>\n\t\t\t<dt class='gallery-icon landscape'>\n\t\t\t\t<a href='https:\/\/www.exclusifmag.com\/online\/wp-content\/uploads\/2026\/03\/8.-Halte-gourmande-degustation-de-la-truffe-autour-dune-table-champetre-dressee-a-lattention-des-visiteurs-c-GAD-.jpg'><img loading=\"lazy\" decoding=\"async\" width=\"800\" height=\"600\" src=\"https:\/\/www.exclusifmag.com\/online\/wp-content\/uploads\/2026\/03\/8.-Halte-gourmande-degustation-de-la-truffe-autour-dune-table-champetre-dressee-a-lattention-des-visiteurs-c-GAD-.jpg\" class=\"attachment-large size-large\" alt=\"Halte gourmande, d\u00e9gustation de la truffe autour d&#039;une table champ\u00eatre dress\u00e9e \u00e0 l&#039;attention des visiteurs (c) GAD\" srcset=\"https:\/\/www.exclusifmag.com\/online\/wp-content\/uploads\/2026\/03\/8.-Halte-gourmande-degustation-de-la-truffe-autour-dune-table-champetre-dressee-a-lattention-des-visiteurs-c-GAD-.jpg 800w, https:\/\/www.exclusifmag.com\/online\/wp-content\/uploads\/2026\/03\/8.-Halte-gourmande-degustation-de-la-truffe-autour-dune-table-champetre-dressee-a-lattention-des-visiteurs-c-GAD--400x300.jpg 400w, https:\/\/www.exclusifmag.com\/online\/wp-content\/uploads\/2026\/03\/8.-Halte-gourmande-degustation-de-la-truffe-autour-dune-table-champetre-dressee-a-lattention-des-visiteurs-c-GAD--768x576.jpg 768w, https:\/\/www.exclusifmag.com\/online\/wp-content\/uploads\/2026\/03\/8.-Halte-gourmande-degustation-de-la-truffe-autour-dune-table-champetre-dressee-a-lattention-des-visiteurs-c-GAD--733x550.jpg 733w\" sizes=\"auto, (max-width: 800px) 100vw, 800px\" \/><\/a>\n\t\t\t<\/dt><\/dl><dl class='gallery-item'>\n\t\t\t<dt class='gallery-icon landscape'>\n\t\t\t\t<a href='https:\/\/www.exclusifmag.com\/online\/wp-content\/uploads\/2026\/03\/9.-Et-partout-ces-paysages-de-forets-et-darbres-aux-varietes-propices-a-la-truffe-c-GAD-11-.jpg'><img loading=\"lazy\" decoding=\"async\" width=\"800\" height=\"600\" src=\"https:\/\/www.exclusifmag.com\/online\/wp-content\/uploads\/2026\/03\/9.-Et-partout-ces-paysages-de-forets-et-darbres-aux-varietes-propices-a-la-truffe-c-GAD-11-.jpg\" class=\"attachment-large size-large\" alt=\"Et, partout ces paysages de f\u00f4rets et d&#039;arbres aux vari\u00e9t\u00e9s propices \u00e0 la truffe (c) GAD\" srcset=\"https:\/\/www.exclusifmag.com\/online\/wp-content\/uploads\/2026\/03\/9.-Et-partout-ces-paysages-de-forets-et-darbres-aux-varietes-propices-a-la-truffe-c-GAD-11-.jpg 800w, https:\/\/www.exclusifmag.com\/online\/wp-content\/uploads\/2026\/03\/9.-Et-partout-ces-paysages-de-forets-et-darbres-aux-varietes-propices-a-la-truffe-c-GAD-11--400x300.jpg 400w, https:\/\/www.exclusifmag.com\/online\/wp-content\/uploads\/2026\/03\/9.-Et-partout-ces-paysages-de-forets-et-darbres-aux-varietes-propices-a-la-truffe-c-GAD-11--768x576.jpg 768w, https:\/\/www.exclusifmag.com\/online\/wp-content\/uploads\/2026\/03\/9.-Et-partout-ces-paysages-de-forets-et-darbres-aux-varietes-propices-a-la-truffe-c-GAD-11--733x550.jpg 733w\" sizes=\"auto, (max-width: 800px) 100vw, 800px\" \/><\/a>\n\t\t\t<\/dt><\/dl><br style=\"clear: both\" \/>\n\t\t<\/div>\n\n<p>C\u2019est en creusant la terre, ouvrant des parois, sculptant la pierre et repoussant l\u2019obscurit\u00e9 que fut mis \u00e0 jour Lascaux dans la Vall\u00e9e de la Dordogne. Sur ces empreintes des temps premiers, se d\u00e9couvrit ainsi le pr\u00e9cieux h\u00e9ritage\u2026 la grande aventure de la Pr\u00e9histoire ! A c\u00f4t\u00e9 de la vie en pleine lumi\u00e8re, il y en avait une autre, souterraine et, secr\u00e8te ! Avant Homo Sapiens, N\u00e9andertal et Cro-Magnon, ces anc\u00eatres bien plus sensibles et astucieux que l\u2019imagerie officielle ne les d\u00e9peint, \u00e9taient pass\u00e9s par l\u00e0. A l\u2019abri de falaises, galeries, lacs, c\u2019est l\u2019histoire cach\u00e9e d\u2019une humanit\u00e9 qui imprime ses traces sur la r\u00e9gion. Livrant par hasard les vestiges de plusieurs centaines de milliers d\u2019ann\u00e9es et, ces bisons, mammouths et, autres animaux du glaciaire\u2026 reproduits sur les parois des grottes de Lascaux.\u00a0 Plus pr\u00e9cis\u00e9ment, de Lascaux IV la r\u00e9plique \u00e0 l\u2019identique du sanctuaire, chef d\u2019\u0153uvre d\u2019architecture \u00e9rig\u00e9 en ces lieux \u2026 En effet, victime de son succ\u00e8s, l\u2019original ne se visite plus.<\/p>\n\n\t\t<style type=\"text\/css\">\n\t\t\t#gallery-4 {\n\t\t\t\tmargin: auto;\n\t\t\t}\n\t\t\t#gallery-4 .gallery-item {\n\t\t\t\tfloat: left;\n\t\t\t\tmargin-top: 10px;\n\t\t\t\ttext-align: center;\n\t\t\t\twidth: 33%;\n\t\t\t}\n\t\t\t#gallery-4 img {\n\t\t\t\tborder: 2px solid #cfcfcf;\n\t\t\t}\n\t\t\t#gallery-4 .gallery-caption {\n\t\t\t\tmargin-left: 0;\n\t\t\t}\n\t\t\t\/* see gallery_shortcode() in wp-includes\/media.php *\/\n\t\t<\/style>\n\t\t<div id='gallery-4' class='gallery galleryid-26999 gallery-columns-3 gallery-size-large'><dl class='gallery-item'>\n\t\t\t<dt class='gallery-icon landscape'>\n\t\t\t\t<a href='https:\/\/www.exclusifmag.com\/online\/wp-content\/uploads\/2026\/03\/10.-La-Roque-Gageac-excursion-en-gabarre-pour-decouvrir-les-premieres-grottes-prehistoires-c-GAD-.jpg'><img loading=\"lazy\" decoding=\"async\" width=\"800\" height=\"600\" src=\"https:\/\/www.exclusifmag.com\/online\/wp-content\/uploads\/2026\/03\/10.-La-Roque-Gageac-excursion-en-gabarre-pour-decouvrir-les-premieres-grottes-prehistoires-c-GAD-.jpg\" class=\"attachment-large size-large\" alt=\"La Roque Gageac excursion en gabarre pour d\u00e9couvrir les premi\u00e8res grottes pr\u00e9histoires (c) GAD\" srcset=\"https:\/\/www.exclusifmag.com\/online\/wp-content\/uploads\/2026\/03\/10.-La-Roque-Gageac-excursion-en-gabarre-pour-decouvrir-les-premieres-grottes-prehistoires-c-GAD-.jpg 800w, https:\/\/www.exclusifmag.com\/online\/wp-content\/uploads\/2026\/03\/10.-La-Roque-Gageac-excursion-en-gabarre-pour-decouvrir-les-premieres-grottes-prehistoires-c-GAD--400x300.jpg 400w, https:\/\/www.exclusifmag.com\/online\/wp-content\/uploads\/2026\/03\/10.-La-Roque-Gageac-excursion-en-gabarre-pour-decouvrir-les-premieres-grottes-prehistoires-c-GAD--768x576.jpg 768w, https:\/\/www.exclusifmag.com\/online\/wp-content\/uploads\/2026\/03\/10.-La-Roque-Gageac-excursion-en-gabarre-pour-decouvrir-les-premieres-grottes-prehistoires-c-GAD--733x550.jpg 733w\" sizes=\"auto, (max-width: 800px) 100vw, 800px\" \/><\/a>\n\t\t\t<\/dt><\/dl><dl class='gallery-item'>\n\t\t\t<dt class='gallery-icon landscape'>\n\t\t\t\t<a href='https:\/\/www.exclusifmag.com\/online\/wp-content\/uploads\/2026\/03\/11.-Bis-remplace-Cest-aux-pieds.-c-GAD-.jpg'><img loading=\"lazy\" decoding=\"async\" width=\"800\" height=\"600\" src=\"https:\/\/www.exclusifmag.com\/online\/wp-content\/uploads\/2026\/03\/11.-Bis-remplace-Cest-aux-pieds.-c-GAD-.jpg\" class=\"attachment-large size-large\" alt=\"C&#039;est aux pieds de ces falaises et leurs grottes que les hommes de la pr\u00e9histoire trouv\u00e8rent refuge (c) GAD\" srcset=\"https:\/\/www.exclusifmag.com\/online\/wp-content\/uploads\/2026\/03\/11.-Bis-remplace-Cest-aux-pieds.-c-GAD-.jpg 800w, https:\/\/www.exclusifmag.com\/online\/wp-content\/uploads\/2026\/03\/11.-Bis-remplace-Cest-aux-pieds.-c-GAD--400x300.jpg 400w, https:\/\/www.exclusifmag.com\/online\/wp-content\/uploads\/2026\/03\/11.-Bis-remplace-Cest-aux-pieds.-c-GAD--768x576.jpg 768w, https:\/\/www.exclusifmag.com\/online\/wp-content\/uploads\/2026\/03\/11.-Bis-remplace-Cest-aux-pieds.-c-GAD--733x550.jpg 733w\" sizes=\"auto, (max-width: 800px) 100vw, 800px\" \/><\/a>\n\t\t\t<\/dt><\/dl><dl class='gallery-item'>\n\t\t\t<dt class='gallery-icon landscape'>\n\t\t\t\t<a href='https:\/\/www.exclusifmag.com\/online\/wp-content\/uploads\/2026\/03\/12.-Lascaux-IV-une-architecture-contemporaine-protege-la-replique-a-lidentique-des-grottes-originales-de-Lascaux-c-GAD-.jpg'><img loading=\"lazy\" decoding=\"async\" width=\"800\" height=\"600\" src=\"https:\/\/www.exclusifmag.com\/online\/wp-content\/uploads\/2026\/03\/12.-Lascaux-IV-une-architecture-contemporaine-protege-la-replique-a-lidentique-des-grottes-originales-de-Lascaux-c-GAD-.jpg\" class=\"attachment-large size-large\" alt=\"Lascaux IV, une architecture contemporaine prot\u00e8ge la r\u00e9plique \u00e0 l&#039;identique des grottes originales de Lascaux (c) GAD\" srcset=\"https:\/\/www.exclusifmag.com\/online\/wp-content\/uploads\/2026\/03\/12.-Lascaux-IV-une-architecture-contemporaine-protege-la-replique-a-lidentique-des-grottes-originales-de-Lascaux-c-GAD-.jpg 800w, https:\/\/www.exclusifmag.com\/online\/wp-content\/uploads\/2026\/03\/12.-Lascaux-IV-une-architecture-contemporaine-protege-la-replique-a-lidentique-des-grottes-originales-de-Lascaux-c-GAD--400x300.jpg 400w, https:\/\/www.exclusifmag.com\/online\/wp-content\/uploads\/2026\/03\/12.-Lascaux-IV-une-architecture-contemporaine-protege-la-replique-a-lidentique-des-grottes-originales-de-Lascaux-c-GAD--768x576.jpg 768w, https:\/\/www.exclusifmag.com\/online\/wp-content\/uploads\/2026\/03\/12.-Lascaux-IV-une-architecture-contemporaine-protege-la-replique-a-lidentique-des-grottes-originales-de-Lascaux-c-GAD--733x550.jpg 733w\" sizes=\"auto, (max-width: 800px) 100vw, 800px\" \/><\/a>\n\t\t\t<\/dt><\/dl><br style=\"clear: both\" \/>\n\t\t<\/div>\n\n<p>Si c\u2019est l\u00e0 que tout a commenc\u00e9, en ce Triangle d\u2019Or comptant Eyzies-de Tayac et Lascaux, le visiteur ne peut pas manquer Sarlat. La capitale du P\u00e9rigord Noir, cit\u00e9 historique r\u00e9put\u00e9e pour son charme et son patrimoine m\u00e9di\u00e9val\u2026 Entre ses ruelles et d\u00e9dales se love un ensemble urbain dessinant un p\u00e9rim\u00e8tre ponctu\u00e9 de palais d\u2019\u00e9v\u00eaques, de grandes maisons et h\u00f4tels particuliers\u2026 Sans oublier, sur la Place de La Libert\u00e9, ce c\u0153ur palpitant qui fait, entre autres, la c\u00e9l\u00e9brit\u00e9 de Sarlat, le march\u00e9 ! Avec ses sp\u00e9cialit\u00e9s traditionnelles, c\u2019est ici que les visiteurs d\u00e9couvrent leurs bonheurs gourmets et gourmands. Le march\u00e9 couvert situ\u00e9 en l\u2019Eglise Sainte-Marie &#8211; revu par Jean Nouvel &#8211; accueille en son clocher un ascenseur vitr\u00e9 offrant aux promeneurs une vue plongeante sur la ville. Magique ! Comme l\u2019ambiance agit\u00e9e, joyeuse et color\u00e9e portant une certaine solennit\u00e9 auguste\u2026 Toute historique ! L\u2019\u00e9tape \u00e0 ne pas manquer.<\/p>\n\n\t\t<style type=\"text\/css\">\n\t\t\t#gallery-5 {\n\t\t\t\tmargin: auto;\n\t\t\t}\n\t\t\t#gallery-5 .gallery-item {\n\t\t\t\tfloat: left;\n\t\t\t\tmargin-top: 10px;\n\t\t\t\ttext-align: center;\n\t\t\t\twidth: 33%;\n\t\t\t}\n\t\t\t#gallery-5 img {\n\t\t\t\tborder: 2px solid #cfcfcf;\n\t\t\t}\n\t\t\t#gallery-5 .gallery-caption {\n\t\t\t\tmargin-left: 0;\n\t\t\t}\n\t\t\t\/* see gallery_shortcode() in wp-includes\/media.php *\/\n\t\t<\/style>\n\t\t<div id='gallery-5' class='gallery galleryid-26999 gallery-columns-3 gallery-size-large'><dl class='gallery-item'>\n\t\t\t<dt class='gallery-icon landscape'>\n\t\t\t\t<a href='https:\/\/www.exclusifmag.com\/online\/wp-content\/uploads\/2026\/03\/13.-Aux-abords-du-marche-la-sculpture-des-mythiques-oies-de-Sarlat-c-GAD-.jpg'><img loading=\"lazy\" decoding=\"async\" width=\"800\" height=\"600\" src=\"https:\/\/www.exclusifmag.com\/online\/wp-content\/uploads\/2026\/03\/13.-Aux-abords-du-marche-la-sculpture-des-mythiques-oies-de-Sarlat-c-GAD-.jpg\" class=\"attachment-large size-large\" alt=\"Aux abords du march\u00e9, la sculpture des mythiques oies de Sarlat (c) GAD\" srcset=\"https:\/\/www.exclusifmag.com\/online\/wp-content\/uploads\/2026\/03\/13.-Aux-abords-du-marche-la-sculpture-des-mythiques-oies-de-Sarlat-c-GAD-.jpg 800w, https:\/\/www.exclusifmag.com\/online\/wp-content\/uploads\/2026\/03\/13.-Aux-abords-du-marche-la-sculpture-des-mythiques-oies-de-Sarlat-c-GAD--400x300.jpg 400w, https:\/\/www.exclusifmag.com\/online\/wp-content\/uploads\/2026\/03\/13.-Aux-abords-du-marche-la-sculpture-des-mythiques-oies-de-Sarlat-c-GAD--768x576.jpg 768w, https:\/\/www.exclusifmag.com\/online\/wp-content\/uploads\/2026\/03\/13.-Aux-abords-du-marche-la-sculpture-des-mythiques-oies-de-Sarlat-c-GAD--733x550.jpg 733w\" sizes=\"auto, (max-width: 800px) 100vw, 800px\" \/><\/a>\n\t\t\t<\/dt><\/dl><dl class='gallery-item'>\n\t\t\t<dt class='gallery-icon landscape'>\n\t\t\t\t<a href='https:\/\/www.exclusifmag.com\/online\/wp-content\/uploads\/2026\/03\/14.-Sarlat-et-ses-nombreux-cafes-et-restaurants-dambiance-couleur-locale-c-GAD-.jpg'><img loading=\"lazy\" decoding=\"async\" width=\"800\" height=\"600\" src=\"https:\/\/www.exclusifmag.com\/online\/wp-content\/uploads\/2026\/03\/14.-Sarlat-et-ses-nombreux-cafes-et-restaurants-dambiance-couleur-locale-c-GAD-.jpg\" class=\"attachment-large size-large\" alt=\"Sarlat et ses nombreux caf\u00e9s et restaurants d&#039;ambiance couleur locale (c) GAD\" srcset=\"https:\/\/www.exclusifmag.com\/online\/wp-content\/uploads\/2026\/03\/14.-Sarlat-et-ses-nombreux-cafes-et-restaurants-dambiance-couleur-locale-c-GAD-.jpg 800w, https:\/\/www.exclusifmag.com\/online\/wp-content\/uploads\/2026\/03\/14.-Sarlat-et-ses-nombreux-cafes-et-restaurants-dambiance-couleur-locale-c-GAD--400x300.jpg 400w, https:\/\/www.exclusifmag.com\/online\/wp-content\/uploads\/2026\/03\/14.-Sarlat-et-ses-nombreux-cafes-et-restaurants-dambiance-couleur-locale-c-GAD--768x576.jpg 768w, https:\/\/www.exclusifmag.com\/online\/wp-content\/uploads\/2026\/03\/14.-Sarlat-et-ses-nombreux-cafes-et-restaurants-dambiance-couleur-locale-c-GAD--733x550.jpg 733w\" sizes=\"auto, (max-width: 800px) 100vw, 800px\" \/><\/a>\n\t\t\t<\/dt><\/dl><dl class='gallery-item'>\n\t\t\t<dt class='gallery-icon landscape'>\n\t\t\t\t<a href='https:\/\/www.exclusifmag.com\/online\/wp-content\/uploads\/2026\/03\/15.-Marche-de-Sarlat-une-institution-dans-la-region-avec-ses-produits-traditionnels-dexception-c-GAD-.jpg'><img loading=\"lazy\" decoding=\"async\" width=\"800\" height=\"600\" src=\"https:\/\/www.exclusifmag.com\/online\/wp-content\/uploads\/2026\/03\/15.-Marche-de-Sarlat-une-institution-dans-la-region-avec-ses-produits-traditionnels-dexception-c-GAD-.jpg\" class=\"attachment-large size-large\" alt=\"March\u00e9 de Sarlat, une institution dans la r\u00e9gion avec ses produits traditionnels d&#039;exception (c) GAD\" srcset=\"https:\/\/www.exclusifmag.com\/online\/wp-content\/uploads\/2026\/03\/15.-Marche-de-Sarlat-une-institution-dans-la-region-avec-ses-produits-traditionnels-dexception-c-GAD-.jpg 800w, https:\/\/www.exclusifmag.com\/online\/wp-content\/uploads\/2026\/03\/15.-Marche-de-Sarlat-une-institution-dans-la-region-avec-ses-produits-traditionnels-dexception-c-GAD--400x300.jpg 400w, https:\/\/www.exclusifmag.com\/online\/wp-content\/uploads\/2026\/03\/15.-Marche-de-Sarlat-une-institution-dans-la-region-avec-ses-produits-traditionnels-dexception-c-GAD--768x576.jpg 768w, https:\/\/www.exclusifmag.com\/online\/wp-content\/uploads\/2026\/03\/15.-Marche-de-Sarlat-une-institution-dans-la-region-avec-ses-produits-traditionnels-dexception-c-GAD--733x550.jpg 733w\" sizes=\"auto, (max-width: 800px) 100vw, 800px\" \/><\/a>\n\t\t\t<\/dt><\/dl><br style=\"clear: both\" \/>\n\t\t<\/div>\n\n<p>A tout seigneur, tout honneur : jadis le centre des baronnies du P\u00e9rigord, un passage au Ch\u00e2teau de Biron offre un parcours mythique au Pays des Bastides ! M\u00e9moire de 1000 ans d\u2019histoire, le site mixe les \u00e9poques et les styles, entre m\u00e9di\u00e9val, renaissance et classique. Et, influences italiennes\u2026 Offrant des visites guid\u00e9es, certaines nocturnes et, des chasses au tr\u00e9sor, apr\u00e8s avoir \u00e9t\u00e9 la possession de la famille Gontaut-Biron, le Ch\u00e2teau est, \u00e0 pr\u00e9sent, propri\u00e9t\u00e9 du Conseil d\u00e9partemental de la Dordogne . Si la chapelle seigneuriale avait abrit\u00e9 une Mise au Tombeau du Christ et une Piet\u00e0 &#8211; chefs d\u2019\u0153uvres, aujourd\u2019hui, au Metropolitan Museum \u00e0 New York &#8211; une r\u00e9plique, \u00e0 l\u2019identique de la Piet\u00e0 &#8211; remplace d\u00e9sormais l\u2019\u0153uvre d\u2019origine. Appr\u00e9ci\u00e9s et recherch\u00e9s par le cin\u00e9ma et la t\u00e9l\u00e9vision, le ch\u00e2teau et sa r\u00e9gion ont servi de d\u00e9cors \u00e0 de nombreux films et s\u00e9ries. V\u00e9ritable merveille de l\u2019art gothique, le Clo\u00eetre de Cadouin propose, de son c\u00f4t\u00e9, une exp\u00e9rience unique de visite, \u00e0 ajouter sur la liste <em>must do<\/em>\u00a0!<\/p>\n\n\t\t<style type=\"text\/css\">\n\t\t\t#gallery-6 {\n\t\t\t\tmargin: auto;\n\t\t\t}\n\t\t\t#gallery-6 .gallery-item {\n\t\t\t\tfloat: left;\n\t\t\t\tmargin-top: 10px;\n\t\t\t\ttext-align: center;\n\t\t\t\twidth: 33%;\n\t\t\t}\n\t\t\t#gallery-6 img {\n\t\t\t\tborder: 2px solid #cfcfcf;\n\t\t\t}\n\t\t\t#gallery-6 .gallery-caption {\n\t\t\t\tmargin-left: 0;\n\t\t\t}\n\t\t\t\/* see gallery_shortcode() in wp-includes\/media.php *\/\n\t\t<\/style>\n\t\t<div id='gallery-6' class='gallery galleryid-26999 gallery-columns-3 gallery-size-large'><dl class='gallery-item'>\n\t\t\t<dt class='gallery-icon landscape'>\n\t\t\t\t<a href='https:\/\/www.exclusifmag.com\/online\/wp-content\/uploads\/2026\/03\/16.-De-vicissitudes-en.-fasteLe-Chateau-Biron-a-traverse-les-siecles-styles-et-epoques-c-GAD-.jpg'><img loading=\"lazy\" decoding=\"async\" width=\"800\" height=\"600\" src=\"https:\/\/www.exclusifmag.com\/online\/wp-content\/uploads\/2026\/03\/16.-De-vicissitudes-en.-fasteLe-Chateau-Biron-a-traverse-les-siecles-styles-et-epoques-c-GAD-.jpg\" class=\"attachment-large size-large\" alt=\"De vicissitudes en... fastes Le Ch\u00e2teau Biron a travers\u00e9 les si\u00e8cles, styles et \u00e9poques (c) GAD\" srcset=\"https:\/\/www.exclusifmag.com\/online\/wp-content\/uploads\/2026\/03\/16.-De-vicissitudes-en.-fasteLe-Chateau-Biron-a-traverse-les-siecles-styles-et-epoques-c-GAD-.jpg 800w, https:\/\/www.exclusifmag.com\/online\/wp-content\/uploads\/2026\/03\/16.-De-vicissitudes-en.-fasteLe-Chateau-Biron-a-traverse-les-siecles-styles-et-epoques-c-GAD--400x300.jpg 400w, https:\/\/www.exclusifmag.com\/online\/wp-content\/uploads\/2026\/03\/16.-De-vicissitudes-en.-fasteLe-Chateau-Biron-a-traverse-les-siecles-styles-et-epoques-c-GAD--768x576.jpg 768w, https:\/\/www.exclusifmag.com\/online\/wp-content\/uploads\/2026\/03\/16.-De-vicissitudes-en.-fasteLe-Chateau-Biron-a-traverse-les-siecles-styles-et-epoques-c-GAD--733x550.jpg 733w\" sizes=\"auto, (max-width: 800px) 100vw, 800px\" \/><\/a>\n\t\t\t<\/dt><\/dl><dl class='gallery-item'>\n\t\t\t<dt class='gallery-icon landscape'>\n\t\t\t\t<a href='https:\/\/www.exclusifmag.com\/online\/wp-content\/uploads\/2026\/03\/17.-Fonde-au-12e-siecle-le-Chateau-Biron-compte-une-quinzaine-de-batiments-qui-sinscrivent-dans-1000-ans-dhistoire-c-GAD-1-1.jpg'><img loading=\"lazy\" decoding=\"async\" width=\"800\" height=\"602\" src=\"https:\/\/www.exclusifmag.com\/online\/wp-content\/uploads\/2026\/03\/17.-Fonde-au-12e-siecle-le-Chateau-Biron-compte-une-quinzaine-de-batiments-qui-sinscrivent-dans-1000-ans-dhistoire-c-GAD-1-1.jpg\" class=\"attachment-large size-large\" alt=\"Erig\u00e9 au XIIe si\u00e8cle le Ch\u00e2teau Biron compte une quinzaine de b\u00e2timents qui s&#039;inscrivent sur 1000 ans d&#039;histoire ! (c) GAD\" srcset=\"https:\/\/www.exclusifmag.com\/online\/wp-content\/uploads\/2026\/03\/17.-Fonde-au-12e-siecle-le-Chateau-Biron-compte-une-quinzaine-de-batiments-qui-sinscrivent-dans-1000-ans-dhistoire-c-GAD-1-1.jpg 800w, https:\/\/www.exclusifmag.com\/online\/wp-content\/uploads\/2026\/03\/17.-Fonde-au-12e-siecle-le-Chateau-Biron-compte-une-quinzaine-de-batiments-qui-sinscrivent-dans-1000-ans-dhistoire-c-GAD-1-1-400x301.jpg 400w, https:\/\/www.exclusifmag.com\/online\/wp-content\/uploads\/2026\/03\/17.-Fonde-au-12e-siecle-le-Chateau-Biron-compte-une-quinzaine-de-batiments-qui-sinscrivent-dans-1000-ans-dhistoire-c-GAD-1-1-768x578.jpg 768w, https:\/\/www.exclusifmag.com\/online\/wp-content\/uploads\/2026\/03\/17.-Fonde-au-12e-siecle-le-Chateau-Biron-compte-une-quinzaine-de-batiments-qui-sinscrivent-dans-1000-ans-dhistoire-c-GAD-1-1-731x550.jpg 731w\" sizes=\"auto, (max-width: 800px) 100vw, 800px\" \/><\/a>\n\t\t\t<\/dt><\/dl><dl class='gallery-item'>\n\t\t\t<dt class='gallery-icon landscape'>\n\t\t\t\t<a href='https:\/\/www.exclusifmag.com\/online\/wp-content\/uploads\/2026\/03\/18.-LAbbaye-de-Cadouin-dans-son-style-Gothique-flamboyant-a-garde-toure-sa-superbe-c-GAD-.jpg'><img loading=\"lazy\" decoding=\"async\" width=\"800\" height=\"600\" src=\"https:\/\/www.exclusifmag.com\/online\/wp-content\/uploads\/2026\/03\/18.-LAbbaye-de-Cadouin-dans-son-style-Gothique-flamboyant-a-garde-toure-sa-superbe-c-GAD-.jpg\" class=\"attachment-large size-large\" alt=\"L&#039;Abbaye de Cadouin dans son style gothique flamboyant a gard\u00e9 toute sa superbe (c) GAD\" srcset=\"https:\/\/www.exclusifmag.com\/online\/wp-content\/uploads\/2026\/03\/18.-LAbbaye-de-Cadouin-dans-son-style-Gothique-flamboyant-a-garde-toure-sa-superbe-c-GAD-.jpg 800w, https:\/\/www.exclusifmag.com\/online\/wp-content\/uploads\/2026\/03\/18.-LAbbaye-de-Cadouin-dans-son-style-Gothique-flamboyant-a-garde-toure-sa-superbe-c-GAD--400x300.jpg 400w, https:\/\/www.exclusifmag.com\/online\/wp-content\/uploads\/2026\/03\/18.-LAbbaye-de-Cadouin-dans-son-style-Gothique-flamboyant-a-garde-toure-sa-superbe-c-GAD--768x576.jpg 768w, https:\/\/www.exclusifmag.com\/online\/wp-content\/uploads\/2026\/03\/18.-LAbbaye-de-Cadouin-dans-son-style-Gothique-flamboyant-a-garde-toure-sa-superbe-c-GAD--733x550.jpg 733w\" sizes=\"auto, (max-width: 800px) 100vw, 800px\" \/><\/a>\n\t\t\t<\/dt><\/dl><br style=\"clear: both\" \/>\n\t\t<\/div>\n\n<p>La Dordogne-P\u00e9rigord rec\u00e8le d\u2019un immense patrimoine divers et vari\u00e9 \u00e0 d\u00e9couvrir\u2026<\/p>\n","protected":false},"excerpt":{"rendered":"<p>Dordogne &#8211; P\u00e9rigord<br \/>\nUn m\u00eame territoire sublime<br \/>\nses richesses mill\u00e9naires<\/p>\n","protected":false},"author":1,"featured_media":27044,"comment_status":"open","ping_status":"open","sticky":false,"template":"","format":"standard","meta":{"footnotes":""},"categories":[15,6,145],"tags":[2144,1616,2142,1614,2143],"class_list":["post-26999","post","type-post","status-publish","format-standard","has-post-thumbnail","hentry","category-escapades","category-gastronomie","category-infos-news","tag-caviar","tag-dordogne","tag-lascaux","tag-sarlat-la-caneda","tag-truffe-noire"],"_links":{"self":[{"href":"https:\/\/www.exclusifmag.com\/online\/wp-json\/wp\/v2\/posts\/26999","targetHints":{"allow":["GET"]}}],"collection":[{"href":"https:\/\/www.exclusifmag.com\/online\/wp-json\/wp\/v2\/posts"}],"about":[{"href":"https:\/\/www.exclusifmag.com\/online\/wp-json\/wp\/v2\/types\/post"}],"author":[{"embeddable":true,"href":"https:\/\/www.exclusifmag.com\/online\/wp-json\/wp\/v2\/users\/1"}],"replies":[{"embeddable":true,"href":"https:\/\/www.exclusifmag.com\/online\/wp-json\/wp\/v2\/comments?post=26999"}],"version-history":[{"count":33,"href":"https:\/\/www.exclusifmag.com\/online\/wp-json\/wp\/v2\/posts\/26999\/revisions"}],"predecessor-version":[{"id":27070,"href":"https:\/\/www.exclusifmag.com\/online\/wp-json\/wp\/v2\/posts\/26999\/revisions\/27070"}],"wp:featuredmedia":[{"embeddable":true,"href":"https:\/\/www.exclusifmag.com\/online\/wp-json\/wp\/v2\/media\/27044"}],"wp:attachment":[{"href":"https:\/\/www.exclusifmag.com\/online\/wp-json\/wp\/v2\/media?parent=26999"}],"wp:term":[{"taxonomy":"category","embeddable":true,"href":"https:\/\/www.exclusifmag.com\/online\/wp-json\/wp\/v2\/categories?post=26999"},{"taxonomy":"post_tag","embeddable":true,"href":"https:\/\/www.exclusifmag.com\/online\/wp-json\/wp\/v2\/tags?post=26999"}],"curies":[{"name":"wp","href":"https:\/\/api.w.org\/{rel}","templated":true}]}}