{"id":27423,"date":"2026-04-10T11:01:10","date_gmt":"2026-04-10T09:01:10","guid":{"rendered":"https:\/\/www.exclusifmag.com\/online\/?p=27423"},"modified":"2026-04-11T11:41:19","modified_gmt":"2026-04-11T09:41:19","slug":"premieres-et-retrouvailles","status":"publish","type":"post","link":"https:\/\/www.exclusifmag.com\/online\/premieres-et-retrouvailles\/","title":{"rendered":"Premi\u00e8res et Retrouvailles"},"content":{"rendered":"<h2>L&rsquo;OSR signe le programme<br \/>\nd&rsquo;une riche saison<\/h2>\n<p><strong>La nouvelle \u00e9dition du programme de l\u2019Orchestre de la Suisse romande se pr\u00e9sente riche en mouvements, ouvertures et d\u00e9couvertes\u2026 Audacieuses explorations de compositions inconnues ou reprises de pi\u00e8ces immortelles rarement interpr\u00e9t\u00e9es\u2026 l\u2019OSR innove et se r\u00e9invente. Par des premi\u00e8res et autres collaborations in\u00e9dites, des r\u00e9sidences inspir\u00e9es et des anniversaires scellant le souvenir\u2026 Un panel grandiose.<\/strong><\/p>\n\n\t\t<style type=\"text\/css\">\n\t\t\t#gallery-1 {\n\t\t\t\tmargin: auto;\n\t\t\t}\n\t\t\t#gallery-1 .gallery-item {\n\t\t\t\tfloat: left;\n\t\t\t\tmargin-top: 10px;\n\t\t\t\ttext-align: center;\n\t\t\t\twidth: 33%;\n\t\t\t}\n\t\t\t#gallery-1 img {\n\t\t\t\tborder: 2px solid #cfcfcf;\n\t\t\t}\n\t\t\t#gallery-1 .gallery-caption {\n\t\t\t\tmargin-left: 0;\n\t\t\t}\n\t\t\t\/* see gallery_shortcode() in wp-includes\/media.php *\/\n\t\t<\/style>\n\t\t<div id='gallery-1' class='gallery galleryid-27423 gallery-columns-3 gallery-size-large'><dl class='gallery-item'>\n\t\t\t<dt class='gallery-icon landscape'>\n\t\t\t\t<a href='https:\/\/www.exclusifmag.com\/online\/wp-content\/uploads\/2026\/04\/1.-Rencontre-et-presentation-du-nouveau-programme-de-2026-2027-de-lOSR\u00aeG.Maillot_point-of-views.ch-1-1.jpg'><img loading=\"lazy\" decoding=\"async\" width=\"800\" height=\"533\" src=\"https:\/\/www.exclusifmag.com\/online\/wp-content\/uploads\/2026\/04\/1.-Rencontre-et-presentation-du-nouveau-programme-de-2026-2027-de-lOSR\u00aeG.Maillot_point-of-views.ch-1-1.jpg\" class=\"attachment-large size-large\" alt=\"Rencontre et pr\u00e9sentation du nouveau programme de 2026-2027 de l&#039;OSR\u00aeG.Maillot_point-of-views.ch\" srcset=\"https:\/\/www.exclusifmag.com\/online\/wp-content\/uploads\/2026\/04\/1.-Rencontre-et-presentation-du-nouveau-programme-de-2026-2027-de-lOSR\u00aeG.Maillot_point-of-views.ch-1-1.jpg 800w, https:\/\/www.exclusifmag.com\/online\/wp-content\/uploads\/2026\/04\/1.-Rencontre-et-presentation-du-nouveau-programme-de-2026-2027-de-lOSR\u00aeG.Maillot_point-of-views.ch-1-1-400x267.jpg 400w, https:\/\/www.exclusifmag.com\/online\/wp-content\/uploads\/2026\/04\/1.-Rencontre-et-presentation-du-nouveau-programme-de-2026-2027-de-lOSR\u00aeG.Maillot_point-of-views.ch-1-1-768x512.jpg 768w\" sizes=\"auto, (max-width: 800px) 100vw, 800px\" \/><\/a>\n\t\t\t<\/dt><\/dl><dl class='gallery-item'>\n\t\t\t<dt class='gallery-icon landscape'>\n\t\t\t\t<a href='https:\/\/www.exclusifmag.com\/online\/wp-content\/uploads\/2026\/04\/2.-Un-des-derniers-concerts-de-Jonathan-Nott-a-Geneve-il-reviendra-diriger-Chant-de-la-Nuit-de-Gustav-Mahler-en-2027-c-Magali-Dougados.jpg'><img loading=\"lazy\" decoding=\"async\" width=\"800\" height=\"533\" src=\"https:\/\/www.exclusifmag.com\/online\/wp-content\/uploads\/2026\/04\/2.-Un-des-derniers-concerts-de-Jonathan-Nott-a-Geneve-il-reviendra-diriger-Chant-de-la-Nuit-de-Gustav-Mahler-en-2027-c-Magali-Dougados.jpg\" class=\"attachment-large size-large\" alt=\"Un des derniers concerts de Jonathan Nott \u00e0 Gen\u00e8ve, il reviendra diriger Chant de la Nuit de Gustav Mahler en 2027 (c) Magali Dougados\" srcset=\"https:\/\/www.exclusifmag.com\/online\/wp-content\/uploads\/2026\/04\/2.-Un-des-derniers-concerts-de-Jonathan-Nott-a-Geneve-il-reviendra-diriger-Chant-de-la-Nuit-de-Gustav-Mahler-en-2027-c-Magali-Dougados.jpg 800w, https:\/\/www.exclusifmag.com\/online\/wp-content\/uploads\/2026\/04\/2.-Un-des-derniers-concerts-de-Jonathan-Nott-a-Geneve-il-reviendra-diriger-Chant-de-la-Nuit-de-Gustav-Mahler-en-2027-c-Magali-Dougados-400x267.jpg 400w, https:\/\/www.exclusifmag.com\/online\/wp-content\/uploads\/2026\/04\/2.-Un-des-derniers-concerts-de-Jonathan-Nott-a-Geneve-il-reviendra-diriger-Chant-de-la-Nuit-de-Gustav-Mahler-en-2027-c-Magali-Dougados-768x512.jpg 768w\" sizes=\"auto, (max-width: 800px) 100vw, 800px\" \/><\/a>\n\t\t\t<\/dt><\/dl><dl class='gallery-item'>\n\t\t\t<dt class='gallery-icon landscape'>\n\t\t\t\t<a href='https:\/\/www.exclusifmag.com\/online\/wp-content\/uploads\/2026\/04\/3.-2026-2027-LOrchestre-de-la-Suisse-romande-Geneve-reinvente-la-saison-a-venir-\u00aeG.Maillot-point-of-views-ch-1-1.jpg'><img loading=\"lazy\" decoding=\"async\" width=\"800\" height=\"533\" src=\"https:\/\/www.exclusifmag.com\/online\/wp-content\/uploads\/2026\/04\/3.-2026-2027-LOrchestre-de-la-Suisse-romande-Geneve-reinvente-la-saison-a-venir-\u00aeG.Maillot-point-of-views-ch-1-1.jpg\" class=\"attachment-large size-large\" alt=\"L&#039;Orchestre de la Suisse romande Gen\u00e8ve r\u00e9invente la saison \u00e0 venir \u00aeG.Maillot-point-of-views-ch\" srcset=\"https:\/\/www.exclusifmag.com\/online\/wp-content\/uploads\/2026\/04\/3.-2026-2027-LOrchestre-de-la-Suisse-romande-Geneve-reinvente-la-saison-a-venir-\u00aeG.Maillot-point-of-views-ch-1-1.jpg 800w, https:\/\/www.exclusifmag.com\/online\/wp-content\/uploads\/2026\/04\/3.-2026-2027-LOrchestre-de-la-Suisse-romande-Geneve-reinvente-la-saison-a-venir-\u00aeG.Maillot-point-of-views-ch-1-1-400x267.jpg 400w, https:\/\/www.exclusifmag.com\/online\/wp-content\/uploads\/2026\/04\/3.-2026-2027-LOrchestre-de-la-Suisse-romande-Geneve-reinvente-la-saison-a-venir-\u00aeG.Maillot-point-of-views-ch-1-1-768x512.jpg 768w\" sizes=\"auto, (max-width: 800px) 100vw, 800px\" \/><\/a>\n\t\t\t<\/dt><\/dl><br style=\"clear: both\" \/>\n\t\t<\/div>\n\n<p><a href=\"http:\/\/www.exclusifmag.com\/online\/wp-content\/uploads\/2026\/04\/7.-New-Concert-au-Victoria-Hall-avec-les-violoniste-de-lOSR-\u00a9Magali-Dougados-.jpg\"><img loading=\"lazy\" decoding=\"async\" class=\"alignleft wp-image-27442\" src=\"http:\/\/www.exclusifmag.com\/online\/wp-content\/uploads\/2026\/04\/7.-New-Concert-au-Victoria-Hall-avec-les-violoniste-de-lOSR-\u00a9Magali-Dougados-.jpg\" alt=\"Concert au Victoria Hall avec les violoniste de l'OSR \u00a9Magali Dougados\" width=\"167\" height=\"251\" srcset=\"https:\/\/www.exclusifmag.com\/online\/wp-content\/uploads\/2026\/04\/7.-New-Concert-au-Victoria-Hall-avec-les-violoniste-de-lOSR-\u00a9Magali-Dougados-.jpg 533w, https:\/\/www.exclusifmag.com\/online\/wp-content\/uploads\/2026\/04\/7.-New-Concert-au-Victoria-Hall-avec-les-violoniste-de-lOSR-\u00a9Magali-Dougados--267x400.jpg 267w, https:\/\/www.exclusifmag.com\/online\/wp-content\/uploads\/2026\/04\/7.-New-Concert-au-Victoria-Hall-avec-les-violoniste-de-lOSR-\u00a9Magali-Dougados--400x600.jpg 400w, https:\/\/www.exclusifmag.com\/online\/wp-content\/uploads\/2026\/04\/7.-New-Concert-au-Victoria-Hall-avec-les-violoniste-de-lOSR-\u00a9Magali-Dougados--366x550.jpg 366w\" sizes=\"auto, (max-width: 167px) 100vw, 167px\" \/><\/a>La tourn\u00e9e de l\u2019Orchestre de la Suisse Romande a pris fin par une derni\u00e8re prestation \u00e0 la Philharmonie de Paris. Apr\u00e8s Hambourg, Copenhague, Vienne, Munich et, Berlin, l\u2019OSR aura tenu sept concerts tr\u00e8s attendus en 14 jours de voyages. Et de succ\u00e8s.\u00a0 Le retour \u00e0 Gen\u00e8ve coche le rappel du programme annonc\u00e9 pour la saison 2026-2027. Une fabuleuse affiche pr\u00eate \u00e0 surprendre les amateurs avertis, fervents passionn\u00e9s de musique classique\u00a0et, \u00e0 susciter l\u2019\u00e9veil d\u2019un jeune public\u2026 Soutenu par le Canton et la Ville de Gen\u00e8ve, ainsi que par Lausanne et le Canton de Vaud, avec le support de la Radio-T\u00e9l\u00e9vision Suisse, l\u2019OSR b\u00e9n\u00e9ficie de la bienveillance de nombreux m\u00e9c\u00e8nes et sponsors\u2026 Et, glorifie ses racines genevoises c\u00e9l\u00e9brant cette ann\u00e9e les 100 ans du Motet* et les 80 ans du Concours de Gen\u00e8ve**\u00a0!<\/p>\n\n\t\t<style type=\"text\/css\">\n\t\t\t#gallery-2 {\n\t\t\t\tmargin: auto;\n\t\t\t}\n\t\t\t#gallery-2 .gallery-item {\n\t\t\t\tfloat: left;\n\t\t\t\tmargin-top: 10px;\n\t\t\t\ttext-align: center;\n\t\t\t\twidth: 33%;\n\t\t\t}\n\t\t\t#gallery-2 img {\n\t\t\t\tborder: 2px solid #cfcfcf;\n\t\t\t}\n\t\t\t#gallery-2 .gallery-caption {\n\t\t\t\tmargin-left: 0;\n\t\t\t}\n\t\t\t\/* see gallery_shortcode() in wp-includes\/media.php *\/\n\t\t<\/style>\n\t\t<div id='gallery-2' class='gallery galleryid-27423 gallery-columns-3 gallery-size-large'><dl class='gallery-item'>\n\t\t\t<dt class='gallery-icon landscape'>\n\t\t\t\t<a href='https:\/\/www.exclusifmag.com\/online\/wp-content\/uploads\/2026\/04\/4.-New-Jonathan-Nott-Directeur-artistique-et-musical-de-lOSR-ayant-acheve-sa-residence-a-Geneve-J-c-Nils-Ackermann-.jpg'><img loading=\"lazy\" decoding=\"async\" width=\"800\" height=\"533\" src=\"https:\/\/www.exclusifmag.com\/online\/wp-content\/uploads\/2026\/04\/4.-New-Jonathan-Nott-Directeur-artistique-et-musical-de-lOSR-ayant-acheve-sa-residence-a-Geneve-J-c-Nils-Ackermann-.jpg\" class=\"attachment-large size-large\" alt=\"Jonathan Nott Directeur artistique et musical de l&#039;OSR ayant achev\u00e9 sa r\u00e9sidence \u00e0 Gen\u00e8ve J (c) Nils Ackermann\" srcset=\"https:\/\/www.exclusifmag.com\/online\/wp-content\/uploads\/2026\/04\/4.-New-Jonathan-Nott-Directeur-artistique-et-musical-de-lOSR-ayant-acheve-sa-residence-a-Geneve-J-c-Nils-Ackermann-.jpg 800w, https:\/\/www.exclusifmag.com\/online\/wp-content\/uploads\/2026\/04\/4.-New-Jonathan-Nott-Directeur-artistique-et-musical-de-lOSR-ayant-acheve-sa-residence-a-Geneve-J-c-Nils-Ackermann--400x267.jpg 400w, https:\/\/www.exclusifmag.com\/online\/wp-content\/uploads\/2026\/04\/4.-New-Jonathan-Nott-Directeur-artistique-et-musical-de-lOSR-ayant-acheve-sa-residence-a-Geneve-J-c-Nils-Ackermann--768x512.jpg 768w\" sizes=\"auto, (max-width: 800px) 100vw, 800px\" \/><\/a>\n\t\t\t<\/dt><\/dl><dl class='gallery-item'>\n\t\t\t<dt class='gallery-icon landscape'>\n\t\t\t\t<a href='https:\/\/www.exclusifmag.com\/online\/wp-content\/uploads\/2026\/04\/5-.-New-Concert-au-Victoria-Hall-Jonathan-Nott-au-pupitre-dirigeant-lOSR-\u00a9-Dougados-Magali.jpg'><img loading=\"lazy\" decoding=\"async\" width=\"696\" height=\"466\" src=\"https:\/\/www.exclusifmag.com\/online\/wp-content\/uploads\/2026\/04\/5-.-New-Concert-au-Victoria-Hall-Jonathan-Nott-au-pupitre-dirigeant-lOSR-\u00a9-Dougados-Magali.jpg\" class=\"attachment-large size-large\" alt=\"Concert au Victoria Hall Jonathan Nott au pupitre dirigeant l&#039;OSR \u00a9 Dougados Magali\" srcset=\"https:\/\/www.exclusifmag.com\/online\/wp-content\/uploads\/2026\/04\/5-.-New-Concert-au-Victoria-Hall-Jonathan-Nott-au-pupitre-dirigeant-lOSR-\u00a9-Dougados-Magali.jpg 696w, https:\/\/www.exclusifmag.com\/online\/wp-content\/uploads\/2026\/04\/5-.-New-Concert-au-Victoria-Hall-Jonathan-Nott-au-pupitre-dirigeant-lOSR-\u00a9-Dougados-Magali-400x268.jpg 400w\" sizes=\"auto, (max-width: 696px) 100vw, 696px\" \/><\/a>\n\t\t\t<\/dt><\/dl><dl class='gallery-item'>\n\t\t\t<dt class='gallery-icon landscape'>\n\t\t\t\t<a href='https:\/\/www.exclusifmag.com\/online\/wp-content\/uploads\/2026\/04\/6.-Daniele-Gatti-dirigera-le-Cycle-Beethoven-soit-la-totalite-des-9-symphonies-du-compositeur-c-Marco-Borggreve-1.jpg'><img loading=\"lazy\" decoding=\"async\" width=\"800\" height=\"533\" src=\"https:\/\/www.exclusifmag.com\/online\/wp-content\/uploads\/2026\/04\/6.-Daniele-Gatti-dirigera-le-Cycle-Beethoven-soit-la-totalite-des-9-symphonies-du-compositeur-c-Marco-Borggreve-1.jpg\" class=\"attachment-large size-large\" alt=\"Daniele Gatti dirigera le Cycle Beethoven soit la totalit\u00e9 des 9 symphonies du compositeur (c) Marco Borggreve\" srcset=\"https:\/\/www.exclusifmag.com\/online\/wp-content\/uploads\/2026\/04\/6.-Daniele-Gatti-dirigera-le-Cycle-Beethoven-soit-la-totalite-des-9-symphonies-du-compositeur-c-Marco-Borggreve-1.jpg 800w, https:\/\/www.exclusifmag.com\/online\/wp-content\/uploads\/2026\/04\/6.-Daniele-Gatti-dirigera-le-Cycle-Beethoven-soit-la-totalite-des-9-symphonies-du-compositeur-c-Marco-Borggreve-1-400x267.jpg 400w, https:\/\/www.exclusifmag.com\/online\/wp-content\/uploads\/2026\/04\/6.-Daniele-Gatti-dirigera-le-Cycle-Beethoven-soit-la-totalite-des-9-symphonies-du-compositeur-c-Marco-Borggreve-1-768x512.jpg 768w\" sizes=\"auto, (max-width: 800px) 100vw, 800px\" \/><\/a>\n\t\t\t<\/dt><\/dl><br style=\"clear: both\" \/>\n\t\t<\/div>\n\n<p>Avec le d\u00e9part de Jonathan Nott, fin 2025, l\u2019OSR accueille en r\u00e9sidence Daniele Gatti appel\u00e9 \u00e0 diriger le <em>Cycle Beethoven<\/em>, l\u2019int\u00e9grale des neuf symphonies du compositeur, \u00e0 l\u2019occasion du bicentenaire de sa disparition. Sous la baguette du chef, elles seront cet automne 2026 interpr\u00e9t\u00e9es au Victoria Hall, successivement les 6 et 7 novembre et, plus tard dans le mois du 25 au 27. Le public les retrouvera enfin, pour deux soir\u00e9es en 2027, les 10 mars et 26 mai. A noter, que le <em>Cycle Beethoven<\/em> se produit \u00e9galement \u00e0 Lausanne, la Chaux-de-Fonds, B\u00e2le et, Sion\u2026 Pour ce qui est du cheminement personnel de Daniele Gatti, le public s\u2019attend d\u00e9j\u00e0 \u00e0 savourer son empreinte dans le sillon magique du grand ma\u00eetre \u2026 Int\u00e9ressant chass\u00e9 crois\u00e9e, retournant au Victoria Hall en invit\u00e9, Jonathan Nott dirigera, en Premi\u00e8re Suisse, <em>Chant de la Nuit <\/em>de Gustav Mahler <em>Symphonie N\u00b0 7 en mi mineur<\/em>, les 20 et 21 janvier 2027\u2026\u00a0 Un pur bonheur\u00a0!<\/p>\n\n\t\t<style type=\"text\/css\">\n\t\t\t#gallery-3 {\n\t\t\t\tmargin: auto;\n\t\t\t}\n\t\t\t#gallery-3 .gallery-item {\n\t\t\t\tfloat: left;\n\t\t\t\tmargin-top: 10px;\n\t\t\t\ttext-align: center;\n\t\t\t\twidth: 33%;\n\t\t\t}\n\t\t\t#gallery-3 img {\n\t\t\t\tborder: 2px solid #cfcfcf;\n\t\t\t}\n\t\t\t#gallery-3 .gallery-caption {\n\t\t\t\tmargin-left: 0;\n\t\t\t}\n\t\t\t\/* see gallery_shortcode() in wp-includes\/media.php *\/\n\t\t<\/style>\n\t\t<div id='gallery-3' class='gallery galleryid-27423 gallery-columns-3 gallery-size-large'><dl class='gallery-item'>\n\t\t\t<dt class='gallery-icon landscape'>\n\t\t\t\t<a href='https:\/\/www.exclusifmag.com\/online\/wp-content\/uploads\/2026\/04\/8.-Daniel-Harding-un-retour-tres-attendu-a-la-direction-de-lOSR-en-janvier-2027-avec-Faust-et-Helene-c-Julian-Hargreaves-1-1.jpg'><img loading=\"lazy\" decoding=\"async\" width=\"800\" height=\"533\" src=\"https:\/\/www.exclusifmag.com\/online\/wp-content\/uploads\/2026\/04\/8.-Daniel-Harding-un-retour-tres-attendu-a-la-direction-de-lOSR-en-janvier-2027-avec-Faust-et-Helene-c-Julian-Hargreaves-1-1.jpg\" class=\"attachment-large size-large\" alt=\"Daniel Harding un retour tr\u00e8s attendu \u00e0 la direction de l&#039;OSR en janvier 2027 avec Faust et H\u00e9l\u00e8ne (c) Julian Hargreaves\" srcset=\"https:\/\/www.exclusifmag.com\/online\/wp-content\/uploads\/2026\/04\/8.-Daniel-Harding-un-retour-tres-attendu-a-la-direction-de-lOSR-en-janvier-2027-avec-Faust-et-Helene-c-Julian-Hargreaves-1-1.jpg 800w, https:\/\/www.exclusifmag.com\/online\/wp-content\/uploads\/2026\/04\/8.-Daniel-Harding-un-retour-tres-attendu-a-la-direction-de-lOSR-en-janvier-2027-avec-Faust-et-Helene-c-Julian-Hargreaves-1-1-400x267.jpg 400w, https:\/\/www.exclusifmag.com\/online\/wp-content\/uploads\/2026\/04\/8.-Daniel-Harding-un-retour-tres-attendu-a-la-direction-de-lOSR-en-janvier-2027-avec-Faust-et-Helene-c-Julian-Hargreaves-1-1-768x512.jpg 768w\" sizes=\"auto, (max-width: 800px) 100vw, 800px\" \/><\/a>\n\t\t\t<\/dt><\/dl><dl class='gallery-item'>\n\t\t\t<dt class='gallery-icon landscape'>\n\t\t\t\t<a href='https:\/\/www.exclusifmag.com\/online\/wp-content\/uploads\/2026\/04\/9.-Tugan-Sokhiev-de-retour-a-la-direction-de-lOSR-avec-100-Rachmaninoff-en-avril-2027-a-Geneve-c-Marco_Borggreve-1.jpg'><img loading=\"lazy\" decoding=\"async\" width=\"800\" height=\"533\" src=\"https:\/\/www.exclusifmag.com\/online\/wp-content\/uploads\/2026\/04\/9.-Tugan-Sokhiev-de-retour-a-la-direction-de-lOSR-avec-100-Rachmaninoff-en-avril-2027-a-Geneve-c-Marco_Borggreve-1.jpg\" class=\"attachment-large size-large\" alt=\"Tugan Sokhiev de retour \u00e0 la direction de l&#039;OSR avec 100% Rachmaninoff en avril 2027 \u00e0 Gen\u00e8ve (c) Marco_Borggreve\" srcset=\"https:\/\/www.exclusifmag.com\/online\/wp-content\/uploads\/2026\/04\/9.-Tugan-Sokhiev-de-retour-a-la-direction-de-lOSR-avec-100-Rachmaninoff-en-avril-2027-a-Geneve-c-Marco_Borggreve-1.jpg 800w, https:\/\/www.exclusifmag.com\/online\/wp-content\/uploads\/2026\/04\/9.-Tugan-Sokhiev-de-retour-a-la-direction-de-lOSR-avec-100-Rachmaninoff-en-avril-2027-a-Geneve-c-Marco_Borggreve-1-400x267.jpg 400w, https:\/\/www.exclusifmag.com\/online\/wp-content\/uploads\/2026\/04\/9.-Tugan-Sokhiev-de-retour-a-la-direction-de-lOSR-avec-100-Rachmaninoff-en-avril-2027-a-Geneve-c-Marco_Borggreve-1-768x512.jpg 768w\" sizes=\"auto, (max-width: 800px) 100vw, 800px\" \/><\/a>\n\t\t\t<\/dt><\/dl><dl class='gallery-item'>\n\t\t\t<dt class='gallery-icon landscape'>\n\t\t\t\t<a href='https:\/\/www.exclusifmag.com\/online\/wp-content\/uploads\/2026\/04\/10.-Alain-Gilbert-a-son-tour-reprendra-la-baguette-a-Geneve-pour-diriger-Daphnis-et-Chloe-en-mai-2027-cMarco-Borggreve-1-1.jpg'><img loading=\"lazy\" decoding=\"async\" width=\"800\" height=\"533\" src=\"https:\/\/www.exclusifmag.com\/online\/wp-content\/uploads\/2026\/04\/10.-Alain-Gilbert-a-son-tour-reprendra-la-baguette-a-Geneve-pour-diriger-Daphnis-et-Chloe-en-mai-2027-cMarco-Borggreve-1-1.jpg\" class=\"attachment-large size-large\" alt=\"Alain Gilbert \u00e0 son tour reprendra la baguette \u00e0 Gen\u00e8ve pour diriger Daphnis et Chlo\u00e9 en mai 2027 (c)Marco Borggreve\" srcset=\"https:\/\/www.exclusifmag.com\/online\/wp-content\/uploads\/2026\/04\/10.-Alain-Gilbert-a-son-tour-reprendra-la-baguette-a-Geneve-pour-diriger-Daphnis-et-Chloe-en-mai-2027-cMarco-Borggreve-1-1.jpg 800w, https:\/\/www.exclusifmag.com\/online\/wp-content\/uploads\/2026\/04\/10.-Alain-Gilbert-a-son-tour-reprendra-la-baguette-a-Geneve-pour-diriger-Daphnis-et-Chloe-en-mai-2027-cMarco-Borggreve-1-1-400x267.jpg 400w, https:\/\/www.exclusifmag.com\/online\/wp-content\/uploads\/2026\/04\/10.-Alain-Gilbert-a-son-tour-reprendra-la-baguette-a-Geneve-pour-diriger-Daphnis-et-Chloe-en-mai-2027-cMarco-Borggreve-1-1-768x512.jpg 768w\" sizes=\"auto, (max-width: 800px) 100vw, 800px\" \/><\/a>\n\t\t\t<\/dt><\/dl><br style=\"clear: both\" \/>\n\t\t<\/div>\n\n<p>Pour sa nouvelle \u00e9dition, l\u2019OSR s\u2019est attach\u00e9e \u00e0 mettre la virtuosit\u00e9 des femmes sur le devant de la sc\u00e8ne\u2026 Enfin, une chance exceptionnelle pour les cheffes comme les compositrices rest\u00e9es trop longtemps \u00e0 l\u2019\u00e9cart des grands choix d\u00e9terminants\u2026 Poursuivant son exploration des \u0153uvres f\u00e9minines, l\u2019OSR s\u2019est lanc\u00e9 ce d\u00e9fi pour 2026-2027 ! A noter \u00e0 cet effet, tr\u00e8s attendue le 8 octobre 2026, Eva Ollikainen \u00e0 la direction d\u2019<em>Horizons Finlandais<\/em>\u2026 tandis que Simone Young entamera aupr\u00e8s de l\u2019Orchestre de la Suisse Romande, une r\u00e9sidence de trois ans \u00e0 compter de 2027\u00a0! Quant aux hasards des collaborations renouvel\u00e9es, Daniel Harding rejoindra l\u2019OSR \u00e0 la direction de <em>Faust et H\u00e9l\u00e8ne<\/em> le 25 mars 2027 et, Tugan Sokhiev reviendra \u00e0 Gen\u00e8ve diriger <em>100% Rachmaninoff<\/em> le 29 avril suivant. Ancien laur\u00e9at du Concours de Gen\u00e8ve, Alan Gilbert est annonc\u00e9 \u00e0 son tour prenant la baguette avec <em>Daphnis et Chlo\u00e9 <\/em>le 13 mai 2027.<\/p>\n<p><a href=\"http:\/\/www.exclusifmag.com\/online\/wp-content\/uploads\/2026\/04\/Bis-Berner-Symphonieorchester_Krzysztof-Urbanski_66.jpg\"><img loading=\"lazy\" decoding=\"async\" class=\"alignright size-full wp-image-27334\" src=\"http:\/\/www.exclusifmag.com\/online\/wp-content\/uploads\/2026\/04\/Bis-Berner-Symphonieorchester_Krzysztof-Urbanski_66.jpg\" alt=\"\" width=\"800\" height=\"204\" srcset=\"https:\/\/www.exclusifmag.com\/online\/wp-content\/uploads\/2026\/04\/Bis-Berner-Symphonieorchester_Krzysztof-Urbanski_66.jpg 800w, https:\/\/www.exclusifmag.com\/online\/wp-content\/uploads\/2026\/04\/Bis-Berner-Symphonieorchester_Krzysztof-Urbanski_66-400x102.jpg 400w, https:\/\/www.exclusifmag.com\/online\/wp-content\/uploads\/2026\/04\/Bis-Berner-Symphonieorchester_Krzysztof-Urbanski_66-768x196.jpg 768w\" sizes=\"auto, (max-width: 800px) 100vw, 800px\" \/><\/a><\/p>\n<p>Pour interpeler le public et l\u2019\u00e9tonner, pr\u00e9cise Steve Roger, Directeur G\u00e9n\u00e9ral, l\u2019OSR offre un medley de musique classique intemporel allant au-devant des d\u00e9sirs des m\u00e9lomanes, tout en affichant des \u0153uvres que l\u2019auditoire n\u2019attend pas g\u00e9n\u00e9ralement\u2026 Avec \u00e0 la programmation toutes ces premi\u00e8res compositions et, l\u2019arriv\u00e9e, en m\u00eame temps, de nombreux nouveaux musiciens et musiciennes, c\u2019est une t\u00e2che d\u00e9licate\u00a0! Tout comme, renforcer les liens dans un souci d\u2019ouverture avec d\u2019autres ensembles suisses, dont le Berner Symphonieorchester et, de pr\u00e9server dans cet \u00e9lan les contacts nou\u00e9s lors de tourn\u00e9es \u00e0 B\u00e2le, La Chaux-de-Fonds, Rolle et Sion\u2026 Sans oublier de continuer de d\u00e9velopper le <em>Virtual Hall<\/em> et ses captations par l\u2019application de r\u00e9alit\u00e9 virtuelle lanc\u00e9e par l\u2019OSR\u00a0! Une v\u00e9ritable prouesse\u00a0!<\/p>\n\n\t\t<style type=\"text\/css\">\n\t\t\t#gallery-4 {\n\t\t\t\tmargin: auto;\n\t\t\t}\n\t\t\t#gallery-4 .gallery-item {\n\t\t\t\tfloat: left;\n\t\t\t\tmargin-top: 10px;\n\t\t\t\ttext-align: center;\n\t\t\t\twidth: 33%;\n\t\t\t}\n\t\t\t#gallery-4 img {\n\t\t\t\tborder: 2px solid #cfcfcf;\n\t\t\t}\n\t\t\t#gallery-4 .gallery-caption {\n\t\t\t\tmargin-left: 0;\n\t\t\t}\n\t\t\t\/* see gallery_shortcode() in wp-includes\/media.php *\/\n\t\t<\/style>\n\t\t<div id='gallery-4' class='gallery galleryid-27423 gallery-columns-3 gallery-size-large'><dl class='gallery-item'>\n\t\t\t<dt class='gallery-icon landscape'>\n\t\t\t\t<a href='https:\/\/www.exclusifmag.com\/online\/wp-content\/uploads\/2026\/04\/12.-Geneve-decouvrira-cette-saison-a-la-direction-de-lOSR-Karen-Kamensek-avec-une-baguette-affutee-et-efficace-cTodd-Rosenberg-jpg.jpg'><img loading=\"lazy\" decoding=\"async\" width=\"800\" height=\"533\" src=\"https:\/\/www.exclusifmag.com\/online\/wp-content\/uploads\/2026\/04\/12.-Geneve-decouvrira-cette-saison-a-la-direction-de-lOSR-Karen-Kamensek-avec-une-baguette-affutee-et-efficace-cTodd-Rosenberg-jpg.jpg\" class=\"attachment-large size-large\" alt=\"Gen\u00e8ve d\u00e9couvrira cette saison \u00e0 la direction de l&#039;OSR Karen Kamensek avec une baguette affut\u00e9e et efficace (c)Todd Rosenberg\" srcset=\"https:\/\/www.exclusifmag.com\/online\/wp-content\/uploads\/2026\/04\/12.-Geneve-decouvrira-cette-saison-a-la-direction-de-lOSR-Karen-Kamensek-avec-une-baguette-affutee-et-efficace-cTodd-Rosenberg-jpg.jpg 800w, https:\/\/www.exclusifmag.com\/online\/wp-content\/uploads\/2026\/04\/12.-Geneve-decouvrira-cette-saison-a-la-direction-de-lOSR-Karen-Kamensek-avec-une-baguette-affutee-et-efficace-cTodd-Rosenberg-jpg-400x267.jpg 400w, https:\/\/www.exclusifmag.com\/online\/wp-content\/uploads\/2026\/04\/12.-Geneve-decouvrira-cette-saison-a-la-direction-de-lOSR-Karen-Kamensek-avec-une-baguette-affutee-et-efficace-cTodd-Rosenberg-jpg-768x512.jpg 768w\" sizes=\"auto, (max-width: 800px) 100vw, 800px\" \/><\/a>\n\t\t\t<\/dt><\/dl><dl class='gallery-item'>\n\t\t\t<dt class='gallery-icon landscape'>\n\t\t\t\t<a href='https:\/\/www.exclusifmag.com\/online\/wp-content\/uploads\/2026\/04\/13.-Comme-Elim-Chan-les-femmes-sont-de-plus-en-plus-en-plus-acceptees-a-la-direction-dorchestre-Direction-c-Marco_Borggreve.jpg'><img loading=\"lazy\" decoding=\"async\" width=\"800\" height=\"533\" src=\"https:\/\/www.exclusifmag.com\/online\/wp-content\/uploads\/2026\/04\/13.-Comme-Elim-Chan-les-femmes-sont-de-plus-en-plus-en-plus-acceptees-a-la-direction-dorchestre-Direction-c-Marco_Borggreve.jpg\" class=\"attachment-large size-large\" alt=\"Comme Elim Chan les femmes sont de plus en plus en plus accept\u00e9es \u00e0 la direction d&#039;orchestre Direction (c) Marco_Borggreve\" srcset=\"https:\/\/www.exclusifmag.com\/online\/wp-content\/uploads\/2026\/04\/13.-Comme-Elim-Chan-les-femmes-sont-de-plus-en-plus-en-plus-acceptees-a-la-direction-dorchestre-Direction-c-Marco_Borggreve.jpg 800w, https:\/\/www.exclusifmag.com\/online\/wp-content\/uploads\/2026\/04\/13.-Comme-Elim-Chan-les-femmes-sont-de-plus-en-plus-en-plus-acceptees-a-la-direction-dorchestre-Direction-c-Marco_Borggreve-400x267.jpg 400w, https:\/\/www.exclusifmag.com\/online\/wp-content\/uploads\/2026\/04\/13.-Comme-Elim-Chan-les-femmes-sont-de-plus-en-plus-en-plus-acceptees-a-la-direction-dorchestre-Direction-c-Marco_Borggreve-768x512.jpg 768w\" sizes=\"auto, (max-width: 800px) 100vw, 800px\" \/><\/a>\n\t\t\t<\/dt><\/dl><dl class='gallery-item'>\n\t\t\t<dt class='gallery-icon landscape'>\n\t\t\t\t<a href='https:\/\/www.exclusifmag.com\/online\/wp-content\/uploads\/2026\/04\/14.-Super-rencontre-lOSR-invite-le-BSO-avec-pour-soliste-piano-litalo-suisse-Francesco-Piemontesi-en-novembre-2026-c-Camille-Blake.jpg'><img loading=\"lazy\" decoding=\"async\" width=\"800\" height=\"533\" src=\"https:\/\/www.exclusifmag.com\/online\/wp-content\/uploads\/2026\/04\/14.-Super-rencontre-lOSR-invite-le-BSO-avec-pour-soliste-piano-litalo-suisse-Francesco-Piemontesi-en-novembre-2026-c-Camille-Blake.jpg\" class=\"attachment-large size-large\" alt=\"Super rencontre, l&#039;OSR invite le BSO avec pour soliste piano l&#039;italo-suisse Francesco Piemontesi en novembre 2026 (c) Camille Blake\" srcset=\"https:\/\/www.exclusifmag.com\/online\/wp-content\/uploads\/2026\/04\/14.-Super-rencontre-lOSR-invite-le-BSO-avec-pour-soliste-piano-litalo-suisse-Francesco-Piemontesi-en-novembre-2026-c-Camille-Blake.jpg 800w, https:\/\/www.exclusifmag.com\/online\/wp-content\/uploads\/2026\/04\/14.-Super-rencontre-lOSR-invite-le-BSO-avec-pour-soliste-piano-litalo-suisse-Francesco-Piemontesi-en-novembre-2026-c-Camille-Blake-400x267.jpg 400w, https:\/\/www.exclusifmag.com\/online\/wp-content\/uploads\/2026\/04\/14.-Super-rencontre-lOSR-invite-le-BSO-avec-pour-soliste-piano-litalo-suisse-Francesco-Piemontesi-en-novembre-2026-c-Camille-Blake-768x512.jpg 768w\" sizes=\"auto, (max-width: 800px) 100vw, 800px\" \/><\/a>\n\t\t\t<\/dt><\/dl><br style=\"clear: both\" \/>\n\t\t<\/div>\n\n<p><a href=\"http:\/\/www.exclusifmag.com\/online\/wp-content\/uploads\/2026\/04\/15.-New-Perspective-ensoleillee-sur-le-Lac-Leman-lOSR-devant-le-Jet-deau-de-Geneve-c-Niels-Ackermann.jpg\"><img loading=\"lazy\" decoding=\"async\" class=\"alignright wp-image-27473\" src=\"http:\/\/www.exclusifmag.com\/online\/wp-content\/uploads\/2026\/04\/15.-New-Perspective-ensoleillee-sur-le-Lac-Leman-lOSR-devant-le-Jet-deau-de-Geneve-c-Niels-Ackermann.jpg\" alt=\"Perspective ensoleill\u00e9e sur le Lac L\u00e9man l'OSR devant le Jet d'eau de Gen\u00e8ve (c) Niels Ackermann\" width=\"167\" height=\"223\" srcset=\"https:\/\/www.exclusifmag.com\/online\/wp-content\/uploads\/2026\/04\/15.-New-Perspective-ensoleillee-sur-le-Lac-Leman-lOSR-devant-le-Jet-deau-de-Geneve-c-Niels-Ackermann.jpg 600w, https:\/\/www.exclusifmag.com\/online\/wp-content\/uploads\/2026\/04\/15.-New-Perspective-ensoleillee-sur-le-Lac-Leman-lOSR-devant-le-Jet-deau-de-Geneve-c-Niels-Ackermann-300x400.jpg 300w, https:\/\/www.exclusifmag.com\/online\/wp-content\/uploads\/2026\/04\/15.-New-Perspective-ensoleillee-sur-le-Lac-Leman-lOSR-devant-le-Jet-deau-de-Geneve-c-Niels-Ackermann-413x550.jpg 413w\" sizes=\"auto, (max-width: 167px) 100vw, 167px\" \/><\/a>Avec toutes ces t\u00e2ches et initiatives, l\u2019OSR s\u2019investit aupr\u00e8s du jeune public se donnant pour mission de suivre de pr\u00e8s leurs projets \u00e9ducatifs\u2026 L\u2019engagement envers les familles, avec ces concerts sp\u00e9cialement con\u00e7us pour elles en partenariat avec le DIP, rel\u00e8ve d\u2019une priorit\u00e9 bien affirm\u00e9e. A cet effet, visant \u00e0 \u00e9veiller la curiosit\u00e9 musicale d\u00e8s le plus jeune \u00e2ge, l\u2019OSR propose des <em>Doudou- Concerts<\/em> et, autres <em>Concerts pour Petites Oreilles<\/em> entre 3 et 4 ans ainsi que des <em>Concerts en Famille<\/em> \u00e0 partir de 7 ans\u2026 Dans cette mouvance, les <em>Cin\u00e9-Concerts <\/em>sont de vraies r\u00e9ussites avec, cette saison, <em>Harry Potter \u00e0 l\u2019\u00e9cole des sorciers, <\/em>ce film culte d\u00e9di\u00e9 \u00e0 la c\u00e9l\u00e8bre saga sera avec sa partition embl\u00e9matique d\u00e8s le mois de mai 2027 \u00e0 l\u2019Arena de Gen\u00e8ve. Vous avez dit magique\u00a0?<\/p>\n\n\t\t<style type=\"text\/css\">\n\t\t\t#gallery-5 {\n\t\t\t\tmargin: auto;\n\t\t\t}\n\t\t\t#gallery-5 .gallery-item {\n\t\t\t\tfloat: left;\n\t\t\t\tmargin-top: 10px;\n\t\t\t\ttext-align: center;\n\t\t\t\twidth: 33%;\n\t\t\t}\n\t\t\t#gallery-5 img {\n\t\t\t\tborder: 2px solid #cfcfcf;\n\t\t\t}\n\t\t\t#gallery-5 .gallery-caption {\n\t\t\t\tmargin-left: 0;\n\t\t\t}\n\t\t\t\/* see gallery_shortcode() in wp-includes\/media.php *\/\n\t\t<\/style>\n\t\t<div id='gallery-5' class='gallery galleryid-27423 gallery-columns-3 gallery-size-large'><dl class='gallery-item'>\n\t\t\t<dt class='gallery-icon landscape'>\n\t\t\t\t<a href='https:\/\/www.exclusifmag.com\/online\/wp-content\/uploads\/2026\/04\/16.-New-Cine-Concert-au-Victoria-Hall-avec-linoubliable-Charlie-Chaplin-c-G.Maillot-point-of-views.ch-.jpg'><img loading=\"lazy\" decoding=\"async\" width=\"800\" height=\"533\" src=\"https:\/\/www.exclusifmag.com\/online\/wp-content\/uploads\/2026\/04\/16.-New-Cine-Concert-au-Victoria-Hall-avec-linoubliable-Charlie-Chaplin-c-G.Maillot-point-of-views.ch-.jpg\" class=\"attachment-large size-large\" alt=\"15.- New Perspective ensoleill\u00e9e sur le Lac L\u00e9man l&#039;OSR devant le Jet d&#039;eau de Gen\u00e8ve (c) Niels Ackermann\" srcset=\"https:\/\/www.exclusifmag.com\/online\/wp-content\/uploads\/2026\/04\/16.-New-Cine-Concert-au-Victoria-Hall-avec-linoubliable-Charlie-Chaplin-c-G.Maillot-point-of-views.ch-.jpg 800w, https:\/\/www.exclusifmag.com\/online\/wp-content\/uploads\/2026\/04\/16.-New-Cine-Concert-au-Victoria-Hall-avec-linoubliable-Charlie-Chaplin-c-G.Maillot-point-of-views.ch--400x267.jpg 400w, https:\/\/www.exclusifmag.com\/online\/wp-content\/uploads\/2026\/04\/16.-New-Cine-Concert-au-Victoria-Hall-avec-linoubliable-Charlie-Chaplin-c-G.Maillot-point-of-views.ch--768x512.jpg 768w\" sizes=\"auto, (max-width: 800px) 100vw, 800px\" \/><\/a>\n\t\t\t<\/dt><\/dl><dl class='gallery-item'>\n\t\t\t<dt class='gallery-icon landscape'>\n\t\t\t\t<a href='https:\/\/www.exclusifmag.com\/online\/wp-content\/uploads\/2026\/04\/17.-New-Cine-Concert-le-celebre-Alfred-Hitchcock-en-efficgie-c-G.Maillot-point-of-views.ch-.jpg'><img loading=\"lazy\" decoding=\"async\" width=\"800\" height=\"533\" src=\"https:\/\/www.exclusifmag.com\/online\/wp-content\/uploads\/2026\/04\/17.-New-Cine-Concert-le-celebre-Alfred-Hitchcock-en-efficgie-c-G.Maillot-point-of-views.ch-.jpg\" class=\"attachment-large size-large\" alt=\"Cin\u00e9 Concert le c\u00e9l\u00e8bre Alfred Hitchcock en effigie (c) G.Maillot -point-of-views.ch\" srcset=\"https:\/\/www.exclusifmag.com\/online\/wp-content\/uploads\/2026\/04\/17.-New-Cine-Concert-le-celebre-Alfred-Hitchcock-en-efficgie-c-G.Maillot-point-of-views.ch-.jpg 800w, https:\/\/www.exclusifmag.com\/online\/wp-content\/uploads\/2026\/04\/17.-New-Cine-Concert-le-celebre-Alfred-Hitchcock-en-efficgie-c-G.Maillot-point-of-views.ch--400x267.jpg 400w, https:\/\/www.exclusifmag.com\/online\/wp-content\/uploads\/2026\/04\/17.-New-Cine-Concert-le-celebre-Alfred-Hitchcock-en-efficgie-c-G.Maillot-point-of-views.ch--768x512.jpg 768w\" sizes=\"auto, (max-width: 800px) 100vw, 800px\" \/><\/a>\n\t\t\t<\/dt><\/dl><dl class='gallery-item'>\n\t\t\t<dt class='gallery-icon landscape'>\n\t\t\t\t<a href='https:\/\/www.exclusifmag.com\/online\/wp-content\/uploads\/2026\/04\/18.-New-Cine-Concert-Anthony-Perkins-dans-Psychose-le-film-culte-dAlfred-Hichcock-c-G.Maillot-point-of-views.jpg'><img loading=\"lazy\" decoding=\"async\" width=\"800\" height=\"533\" src=\"https:\/\/www.exclusifmag.com\/online\/wp-content\/uploads\/2026\/04\/18.-New-Cine-Concert-Anthony-Perkins-dans-Psychose-le-film-culte-dAlfred-Hichcock-c-G.Maillot-point-of-views.jpg\" class=\"attachment-large size-large\" alt=\"Cin\u00e9 Concert Anthony Perkins dans Psychose le film culte d&#039;Alfred Hichcock (c) G.Maillot-point-of-views\" srcset=\"https:\/\/www.exclusifmag.com\/online\/wp-content\/uploads\/2026\/04\/18.-New-Cine-Concert-Anthony-Perkins-dans-Psychose-le-film-culte-dAlfred-Hichcock-c-G.Maillot-point-of-views.jpg 800w, https:\/\/www.exclusifmag.com\/online\/wp-content\/uploads\/2026\/04\/18.-New-Cine-Concert-Anthony-Perkins-dans-Psychose-le-film-culte-dAlfred-Hichcock-c-G.Maillot-point-of-views-400x267.jpg 400w, https:\/\/www.exclusifmag.com\/online\/wp-content\/uploads\/2026\/04\/18.-New-Cine-Concert-Anthony-Perkins-dans-Psychose-le-film-culte-dAlfred-Hichcock-c-G.Maillot-point-of-views-768x512.jpg 768w\" sizes=\"auto, (max-width: 800px) 100vw, 800px\" \/><\/a>\n\t\t\t<\/dt><\/dl><br style=\"clear: both\" \/>\n\t\t<\/div>\n\n<p>L\u2019\u00e9t\u00e9, venu, le <em>Cin\u00e9-Concert<\/em> continuant au Festival OSR \u00e0 Gen\u00e8ve Plage, s\u2019annonce incontournable. <em>American Summer<\/em> s\u2019installe le 13 ao\u00fbt 2026 face au lac avec la <em>Symphonie N\u00b0 9 du Nouveau Monde<\/em>, avant de voir projeter sur \u00e9cran <em>The Lodger d\u2019Alfred Hitchcock, <\/em>le lendemain 14 ao\u00fbt, accompagn\u00e9 par la musique originale du film de Neil Brand\u2026 Enfin, <em>Les Ann\u00e9es folles\u00a0: Hommage \u00e0 Jos\u00e9phine Baker<\/em> viendra cl\u00f4turer ce samedi 15 ao\u00fbt en apoth\u00e9ose\u2026 De retour au Victoria Hall le 24 septembre, c\u2019est \u00e0 <em>Laurel et Hardy <\/em>d\u2019enchanter le public avec la cr\u00e9ation musicale de Cyrille Aufort inspir\u00e9e des divers courts- m\u00e9trages du duo\u2026 Toujours au chapitre <em>Cin\u00e9-Concert,<\/em> se tenant au Victoria Hall le 31 octobre 2026, l\u2019in\u00e9narrable <em>Famille Adams<\/em> avec la musique du film de Marc Shaiman, promet un grand moment\u2026 A vos agendas.<\/p>\n<p><em>*Le<\/em> <strong><em>Motet de Gen\u00e8ve<\/em><\/strong><em> ensemble de choristes amateurs se produisant a capella ou avec des formations symphoniques, son r\u00e9pertoire va de la musique renaissance \u00e0 la musique contemporaine.<\/em><\/p>\n<p>**<strong><em>Le Concours de Gen\u00e8v<\/em><\/strong><em>e est l&rsquo;une des plus importantes comp\u00e9titions internationales de musique. Il lance et soutient de jeunes talents. <\/em><\/p>\n<h2><\/h2>\n<h2><\/h2>\n<h2><\/h2>\n<h2><\/h2>\n<h2><\/h2>\n<h2><\/h2>\n<h2><\/h2>\n<h2><\/h2>\n<h2><\/h2>\n<p>&nbsp;<\/p>\n<p>&nbsp;<\/p>\n<p>&nbsp;<\/p>\n<h2><\/h2>\n<h2><\/h2>\n<h2><\/h2>\n<h2><\/h2>\n<p>&nbsp;<\/p>\n","protected":false},"excerpt":{"rendered":"<p>Premi\u00e8res et retrouvailles<br \/>\nL\u2019OSR signe le programme<br \/>\nd\u2019une riche saison 2026-2027<\/p>\n","protected":false},"author":1,"featured_media":27430,"comment_status":"open","ping_status":"open","sticky":false,"template":"","format":"standard","meta":{"footnotes":""},"categories":[11,53,145],"tags":[2155,1018,1756,2153,490,489,2154],"class_list":["post-27423","post","type-post","status-publish","format-standard","has-post-thumbnail","hentry","category-art-culture","category-concert","category-infos-news","tag-alan-gilbert","tag-daniel-harding","tag-daniele-gatti","tag-eva-ollikainen","tag-jonathan-nott","tag-osr","tag-simone-young"],"_links":{"self":[{"href":"https:\/\/www.exclusifmag.com\/online\/wp-json\/wp\/v2\/posts\/27423","targetHints":{"allow":["GET"]}}],"collection":[{"href":"https:\/\/www.exclusifmag.com\/online\/wp-json\/wp\/v2\/posts"}],"about":[{"href":"https:\/\/www.exclusifmag.com\/online\/wp-json\/wp\/v2\/types\/post"}],"author":[{"embeddable":true,"href":"https:\/\/www.exclusifmag.com\/online\/wp-json\/wp\/v2\/users\/1"}],"replies":[{"embeddable":true,"href":"https:\/\/www.exclusifmag.com\/online\/wp-json\/wp\/v2\/comments?post=27423"}],"version-history":[{"count":36,"href":"https:\/\/www.exclusifmag.com\/online\/wp-json\/wp\/v2\/posts\/27423\/revisions"}],"predecessor-version":[{"id":27482,"href":"https:\/\/www.exclusifmag.com\/online\/wp-json\/wp\/v2\/posts\/27423\/revisions\/27482"}],"wp:featuredmedia":[{"embeddable":true,"href":"https:\/\/www.exclusifmag.com\/online\/wp-json\/wp\/v2\/media\/27430"}],"wp:attachment":[{"href":"https:\/\/www.exclusifmag.com\/online\/wp-json\/wp\/v2\/media?parent=27423"}],"wp:term":[{"taxonomy":"category","embeddable":true,"href":"https:\/\/www.exclusifmag.com\/online\/wp-json\/wp\/v2\/categories?post=27423"},{"taxonomy":"post_tag","embeddable":true,"href":"https:\/\/www.exclusifmag.com\/online\/wp-json\/wp\/v2\/tags?post=27423"}],"curies":[{"name":"wp","href":"https:\/\/api.w.org\/{rel}","templated":true}]}}