{"id":27541,"date":"2026-04-25T10:30:46","date_gmt":"2026-04-25T08:30:46","guid":{"rendered":"https:\/\/www.exclusifmag.com\/online\/?p=27541"},"modified":"2026-04-25T15:43:25","modified_gmt":"2026-04-25T13:43:25","slug":"geneve-capitale-du-temps","status":"publish","type":"post","link":"https:\/\/www.exclusifmag.com\/online\/geneve-capitale-du-temps\/","title":{"rendered":"Gen\u00e8ve capitale du temps"},"content":{"rendered":"<h2><strong><em>Franc succ\u00e8s pour Time to Watches<\/em><\/strong><\/h2>\n<h2><strong>A la Semaine Horlog\u00e8re<\/strong><\/h2>\n<p><strong>Sous l\u2019ombrelle fastueuse de <em>Watches and Wonders<\/em>, l\u2019exposition phare tenue \u00e0 Palexpo, la grande semaine horlog\u00e8re genevoise vient d\u2019offrir au public\u00a0 &#8211; professionnel et amateur &#8211; l\u2019opportunit\u00e9 de visiter dans le m\u00eame \u00e9lan, les salons <em>Time to Watches <\/em>et<em>, Chronopolis,<\/em> dans sa premi\u00e8re \u00e9dition ! \u00a0Sans oublier les autres fabricants et marques exposant leurs cr\u00e9ations dans l\u2019intimit\u00e9 feutr\u00e9e des grands h\u00f4tels ! Regards.<\/strong><\/p>\n\n\t\t<style type=\"text\/css\">\n\t\t\t#gallery-1 {\n\t\t\t\tmargin: auto;\n\t\t\t}\n\t\t\t#gallery-1 .gallery-item {\n\t\t\t\tfloat: left;\n\t\t\t\tmargin-top: 10px;\n\t\t\t\ttext-align: center;\n\t\t\t\twidth: 33%;\n\t\t\t}\n\t\t\t#gallery-1 img {\n\t\t\t\tborder: 2px solid #cfcfcf;\n\t\t\t}\n\t\t\t#gallery-1 .gallery-caption {\n\t\t\t\tmargin-left: 0;\n\t\t\t}\n\t\t\t\/* see gallery_shortcode() in wp-includes\/media.php *\/\n\t\t<\/style>\n\t\t<div id='gallery-1' class='gallery galleryid-27541 gallery-columns-3 gallery-size-large'><dl class='gallery-item'>\n\t\t\t<dt class='gallery-icon landscape'>\n\t\t\t\t<a href='https:\/\/www.exclusifmag.com\/online\/wp-content\/uploads\/2026\/04\/1.-A-lentree-de-Time-to-Watches-le-Garden-avec-le-Welcome-Desk-un-espace-daccueil-gerant-les-flux-\u00a9Jean-Luc-Auboeuf-jpg.jpg'><img loading=\"lazy\" decoding=\"async\" width=\"800\" height=\"533\" src=\"https:\/\/www.exclusifmag.com\/online\/wp-content\/uploads\/2026\/04\/1.-A-lentree-de-Time-to-Watches-le-Garden-avec-le-Welcome-Desk-un-espace-daccueil-gerant-les-flux-\u00a9Jean-Luc-Auboeuf-jpg.jpg\" class=\"attachment-large size-large\" alt=\"A l\u2019entr\u00e9e de Time to Watches, le Garden avec le Welcome Desk, un espace d\u2019accueil g\u00e9rant les flux \u00a9Jean-Luc Auboeuf jpg\" srcset=\"https:\/\/www.exclusifmag.com\/online\/wp-content\/uploads\/2026\/04\/1.-A-lentree-de-Time-to-Watches-le-Garden-avec-le-Welcome-Desk-un-espace-daccueil-gerant-les-flux-\u00a9Jean-Luc-Auboeuf-jpg.jpg 800w, https:\/\/www.exclusifmag.com\/online\/wp-content\/uploads\/2026\/04\/1.-A-lentree-de-Time-to-Watches-le-Garden-avec-le-Welcome-Desk-un-espace-daccueil-gerant-les-flux-\u00a9Jean-Luc-Auboeuf-jpg-400x267.jpg 400w, https:\/\/www.exclusifmag.com\/online\/wp-content\/uploads\/2026\/04\/1.-A-lentree-de-Time-to-Watches-le-Garden-avec-le-Welcome-Desk-un-espace-daccueil-gerant-les-flux-\u00a9Jean-Luc-Auboeuf-jpg-768x512.jpg 768w\" sizes=\"auto, (max-width: 800px) 100vw, 800px\" \/><\/a>\n\t\t\t<\/dt><\/dl><dl class='gallery-item'>\n\t\t\t<dt class='gallery-icon landscape'>\n\t\t\t\t<a href='https:\/\/www.exclusifmag.com\/online\/wp-content\/uploads\/2026\/04\/2.-Tableau-dinformations-la-Villa-Sarasin-accueillant-Time-to-Watches-dans-un-decor-bucolique-\u00a9Jean-Luc-Auboeuf-.jpg'><img loading=\"lazy\" decoding=\"async\" width=\"800\" height=\"533\" src=\"https:\/\/www.exclusifmag.com\/online\/wp-content\/uploads\/2026\/04\/2.-Tableau-dinformations-la-Villa-Sarasin-accueillant-Time-to-Watches-dans-un-decor-bucolique-\u00a9Jean-Luc-Auboeuf-.jpg\" class=\"attachment-large size-large\" alt=\"Tableau d&#039;informations, la Villa Sarasin accueillant Time to Watches dans un d\u00e9cor bucolique \u00a9Jean-Luc Auboeuf\" srcset=\"https:\/\/www.exclusifmag.com\/online\/wp-content\/uploads\/2026\/04\/2.-Tableau-dinformations-la-Villa-Sarasin-accueillant-Time-to-Watches-dans-un-decor-bucolique-\u00a9Jean-Luc-Auboeuf-.jpg 800w, https:\/\/www.exclusifmag.com\/online\/wp-content\/uploads\/2026\/04\/2.-Tableau-dinformations-la-Villa-Sarasin-accueillant-Time-to-Watches-dans-un-decor-bucolique-\u00a9Jean-Luc-Auboeuf--400x267.jpg 400w, https:\/\/www.exclusifmag.com\/online\/wp-content\/uploads\/2026\/04\/2.-Tableau-dinformations-la-Villa-Sarasin-accueillant-Time-to-Watches-dans-un-decor-bucolique-\u00a9Jean-Luc-Auboeuf--768x512.jpg 768w\" sizes=\"auto, (max-width: 800px) 100vw, 800px\" \/><\/a>\n\t\t\t<\/dt><\/dl><dl class='gallery-item'>\n\t\t\t<dt class='gallery-icon landscape'>\n\t\t\t\t<a href='https:\/\/www.exclusifmag.com\/online\/wp-content\/uploads\/2026\/04\/3.-Un-espace-detente-a-lentree-de-la-manifetation-\u00a9Jean-Luc-Auboeuf-.jpg'><img loading=\"lazy\" decoding=\"async\" width=\"800\" height=\"533\" src=\"https:\/\/www.exclusifmag.com\/online\/wp-content\/uploads\/2026\/04\/3.-Un-espace-detente-a-lentree-de-la-manifetation-\u00a9Jean-Luc-Auboeuf-.jpg\" class=\"attachment-large size-large\" alt=\"Un espace d\u00e9tente \u00e0 l&#039;entr\u00e9e de la manifestation \u00a9Jean-Luc Auboeuf\" srcset=\"https:\/\/www.exclusifmag.com\/online\/wp-content\/uploads\/2026\/04\/3.-Un-espace-detente-a-lentree-de-la-manifetation-\u00a9Jean-Luc-Auboeuf-.jpg 800w, https:\/\/www.exclusifmag.com\/online\/wp-content\/uploads\/2026\/04\/3.-Un-espace-detente-a-lentree-de-la-manifetation-\u00a9Jean-Luc-Auboeuf--400x267.jpg 400w, https:\/\/www.exclusifmag.com\/online\/wp-content\/uploads\/2026\/04\/3.-Un-espace-detente-a-lentree-de-la-manifetation-\u00a9Jean-Luc-Auboeuf--768x512.jpg 768w\" sizes=\"auto, (max-width: 800px) 100vw, 800px\" \/><\/a>\n\t\t\t<\/dt><\/dl><br style=\"clear: both\" \/>\n\t\t<\/div>\n\n<p><a href=\"http:\/\/www.exclusifmag.com\/online\/wp-content\/uploads\/2026\/04\/7.-Appella-la-marque-sappuie-sur-son-heritage-pour-creer-de-nouveaux-modeles-et-styles.-c-GAD-.jpg\"><img loading=\"lazy\" decoding=\"async\" class=\"alignleft wp-image-27590\" src=\"http:\/\/www.exclusifmag.com\/online\/wp-content\/uploads\/2026\/04\/7.-Appella-la-marque-sappuie-sur-son-heritage-pour-creer-de-nouveaux-modeles-et-styles.-c-GAD-.jpg\" alt=\"Appella la marque s'appuie sur son h\u00e9ritage pour cr\u00e9er de nouveaux mod\u00e8les et styles. (c) GAD\" width=\"203\" height=\"271\" srcset=\"https:\/\/www.exclusifmag.com\/online\/wp-content\/uploads\/2026\/04\/7.-Appella-la-marque-sappuie-sur-son-heritage-pour-creer-de-nouveaux-modeles-et-styles.-c-GAD-.jpg 600w, https:\/\/www.exclusifmag.com\/online\/wp-content\/uploads\/2026\/04\/7.-Appella-la-marque-sappuie-sur-son-heritage-pour-creer-de-nouveaux-modeles-et-styles.-c-GAD--300x400.jpg 300w, https:\/\/www.exclusifmag.com\/online\/wp-content\/uploads\/2026\/04\/7.-Appella-la-marque-sappuie-sur-son-heritage-pour-creer-de-nouveaux-modeles-et-styles.-c-GAD--413x550.jpg 413w\" sizes=\"auto, (max-width: 203px) 100vw, 203px\" \/><\/a><\/p>\n<p>Autour de la manifestation phare <em>Watches\u00a0and Wonders<\/em> r\u00e9unissant 66 des plus c\u00e9l\u00e8bres et incontournables marques horlog\u00e8res sous un m\u00eame toit, la prestigieuse <em>Geneva Watch Week<\/em> a attir\u00e9 &#8211; ancr\u00e9es dans la l\u00e9gende du temps\u00a0&#8211; les plus embl\u00e9matiques maisons ! Install\u00e9, \u00e0 la Villa Sarasin &#8211; ce b\u00e2timent patrimonial \u00e0 cinq minutes de Palexpo &#8211; <em>Time to Watches,<\/em> de son c\u00f4t\u00e9, accueille depuis 5 ans une assembl\u00e9e de cr\u00e9atifs originaux\u2026 appr\u00e9ci\u00e9e par des professionnels et fans internationaux. Sous le leitmotiv <em>Think out of the Box<\/em>, sortant des sentiers battus,\u00a0 les 87 exposants se veulent ici hors normes. Conjuguant des mesures off, manufactures, jeunes enseignes ind\u00e9pendantes ou inspir\u00e9es par une tradition renouvel\u00e9e y pratiquent le genre informel. Ouvert aux dialogues entre marques \u00e9mergentes et partenaires commerciaux ainsi qu\u2019aux collectionneurs ou influenceurs\u2026 <em>Time to Watches<\/em> a trouv\u00e9 son public\u00a0!<\/p>\n\n\t\t<style type=\"text\/css\">\n\t\t\t#gallery-2 {\n\t\t\t\tmargin: auto;\n\t\t\t}\n\t\t\t#gallery-2 .gallery-item {\n\t\t\t\tfloat: left;\n\t\t\t\tmargin-top: 10px;\n\t\t\t\ttext-align: center;\n\t\t\t\twidth: 33%;\n\t\t\t}\n\t\t\t#gallery-2 img {\n\t\t\t\tborder: 2px solid #cfcfcf;\n\t\t\t}\n\t\t\t#gallery-2 .gallery-caption {\n\t\t\t\tmargin-left: 0;\n\t\t\t}\n\t\t\t\/* see gallery_shortcode() in wp-includes\/media.php *\/\n\t\t<\/style>\n\t\t<div id='gallery-2' class='gallery galleryid-27541 gallery-columns-3 gallery-size-large'><dl class='gallery-item'>\n\t\t\t<dt class='gallery-icon landscape'>\n\t\t\t\t<a href='https:\/\/www.exclusifmag.com\/online\/wp-content\/uploads\/2026\/04\/4.-Beauregard-Geneve-Montreal-une-maison-independante-installee-au-coeur-de-Geneve-c-GAD-.jpg'><img loading=\"lazy\" decoding=\"async\" width=\"800\" height=\"533\" src=\"https:\/\/www.exclusifmag.com\/online\/wp-content\/uploads\/2026\/04\/4.-Beauregard-Geneve-Montreal-une-maison-independante-installee-au-coeur-de-Geneve-c-GAD-.jpg\" class=\"attachment-large size-large\" alt=\"Beauregard Gen\u00e8ve Montr\u00e9al une maison ind\u00e9pendante install\u00e9e au coeur de Gen\u00e8ve (c) GAD\" srcset=\"https:\/\/www.exclusifmag.com\/online\/wp-content\/uploads\/2026\/04\/4.-Beauregard-Geneve-Montreal-une-maison-independante-installee-au-coeur-de-Geneve-c-GAD-.jpg 800w, https:\/\/www.exclusifmag.com\/online\/wp-content\/uploads\/2026\/04\/4.-Beauregard-Geneve-Montreal-une-maison-independante-installee-au-coeur-de-Geneve-c-GAD--400x267.jpg 400w, https:\/\/www.exclusifmag.com\/online\/wp-content\/uploads\/2026\/04\/4.-Beauregard-Geneve-Montreal-une-maison-independante-installee-au-coeur-de-Geneve-c-GAD--768x512.jpg 768w\" sizes=\"auto, (max-width: 800px) 100vw, 800px\" \/><\/a>\n\t\t\t<\/dt><\/dl><dl class='gallery-item'>\n\t\t\t<dt class='gallery-icon landscape'>\n\t\t\t\t<a href='https:\/\/www.exclusifmag.com\/online\/wp-content\/uploads\/2026\/04\/5.-Adriatica-avec-une-technicite-pointue-la-marque-joue-a-lenvi-les-nouveautes-c-GAD-.jpg'><img loading=\"lazy\" decoding=\"async\" width=\"800\" height=\"533\" src=\"https:\/\/www.exclusifmag.com\/online\/wp-content\/uploads\/2026\/04\/5.-Adriatica-avec-une-technicite-pointue-la-marque-joue-a-lenvi-les-nouveautes-c-GAD-.jpg\" class=\"attachment-large size-large\" alt=\"Adriatica, avec une technicit\u00e9 pointue la marque joue \u00e0 l&#039;envi les nouveaut\u00e9s (c) GAD\" srcset=\"https:\/\/www.exclusifmag.com\/online\/wp-content\/uploads\/2026\/04\/5.-Adriatica-avec-une-technicite-pointue-la-marque-joue-a-lenvi-les-nouveautes-c-GAD-.jpg 800w, https:\/\/www.exclusifmag.com\/online\/wp-content\/uploads\/2026\/04\/5.-Adriatica-avec-une-technicite-pointue-la-marque-joue-a-lenvi-les-nouveautes-c-GAD--400x267.jpg 400w, https:\/\/www.exclusifmag.com\/online\/wp-content\/uploads\/2026\/04\/5.-Adriatica-avec-une-technicite-pointue-la-marque-joue-a-lenvi-les-nouveautes-c-GAD--768x512.jpg 768w\" sizes=\"auto, (max-width: 800px) 100vw, 800px\" \/><\/a>\n\t\t\t<\/dt><\/dl><dl class='gallery-item'>\n\t\t\t<dt class='gallery-icon landscape'>\n\t\t\t\t<a href='https:\/\/www.exclusifmag.com\/online\/wp-content\/uploads\/2026\/04\/6.-Sandoz-une-collection-intemporelle-inspiree-dun-passe-horloger-toujours-fortement-inspire-c-GAD-.jpg'><img loading=\"lazy\" decoding=\"async\" width=\"800\" height=\"533\" src=\"https:\/\/www.exclusifmag.com\/online\/wp-content\/uploads\/2026\/04\/6.-Sandoz-une-collection-intemporelle-inspiree-dun-passe-horloger-toujours-fortement-inspire-c-GAD-.jpg\" class=\"attachment-large size-large\" alt=\"Sandoz une collection intemporelle inspir\u00e9e d&#039;un pass\u00e9 horloger toujours fortement renouvel\u00e9 (c) GAD\" srcset=\"https:\/\/www.exclusifmag.com\/online\/wp-content\/uploads\/2026\/04\/6.-Sandoz-une-collection-intemporelle-inspiree-dun-passe-horloger-toujours-fortement-inspire-c-GAD-.jpg 800w, https:\/\/www.exclusifmag.com\/online\/wp-content\/uploads\/2026\/04\/6.-Sandoz-une-collection-intemporelle-inspiree-dun-passe-horloger-toujours-fortement-inspire-c-GAD--400x267.jpg 400w, https:\/\/www.exclusifmag.com\/online\/wp-content\/uploads\/2026\/04\/6.-Sandoz-une-collection-intemporelle-inspiree-dun-passe-horloger-toujours-fortement-inspire-c-GAD--768x512.jpg 768w\" sizes=\"auto, (max-width: 800px) 100vw, 800px\" \/><\/a>\n\t\t\t<\/dt><\/dl><br style=\"clear: both\" \/>\n\t\t<\/div>\n\n<p>Coup de c\u0153ur pour une montre horlog\u00e8re conjuguant la tendance mondiale vers la passion du pr\u00e9cieux et une certaine beaut\u00e9 d\u00e9licate\u2026 <em>Beauregard<\/em> <em>Gen\u00e8ve Montr\u00e9al <\/em>scintille et vibre au rythme de la flamme de son cr\u00e9ateur, Alexandre Beauregard, pour les pierres rares. Et, pour l\u2019excellence du savoir-faire suisse\u2026 Fermement ancr\u00e9es dans la haute tradition horlog\u00e8re nationale, <em>Adriatica<\/em> et <em>Appella<\/em> s\u2019appuient de leur c\u00f4t\u00e9 sur leur h\u00e9ritage pour imaginer des mod\u00e8les \u00e0 la hauteur des go\u00fbts et envies des nouvelles g\u00e9n\u00e9rations. Avec un style \u00e0 part et une technicit\u00e9 pointue, les marques jouent ici \u00e0 l\u2019envi la nouveaut\u00e9 tout en maintenant des prix accessibles \u2026 Egalement h\u00e9ritier d\u2019un pass\u00e9 horloger assum\u00e9 depuis plus de 150 ans, toujours dans une contemporan\u00e9it\u00e9 tendance, <em>Sandoz<\/em> transcrit par ses cr\u00e9ations intemporelles la notori\u00e9t\u00e9 de ses origines neuch\u00e2teloises\u2026 et pr\u00e9serve le respect port\u00e9 \u00e0 ses historiques pendules.<\/p>\n\n\t\t<style type=\"text\/css\">\n\t\t\t#gallery-3 {\n\t\t\t\tmargin: auto;\n\t\t\t}\n\t\t\t#gallery-3 .gallery-item {\n\t\t\t\tfloat: left;\n\t\t\t\tmargin-top: 10px;\n\t\t\t\ttext-align: center;\n\t\t\t\twidth: 33%;\n\t\t\t}\n\t\t\t#gallery-3 img {\n\t\t\t\tborder: 2px solid #cfcfcf;\n\t\t\t}\n\t\t\t#gallery-3 .gallery-caption {\n\t\t\t\tmargin-left: 0;\n\t\t\t}\n\t\t\t\/* see gallery_shortcode() in wp-includes\/media.php *\/\n\t\t<\/style>\n\t\t<div id='gallery-3' class='gallery galleryid-27541 gallery-columns-3 gallery-size-large'><dl class='gallery-item'>\n\t\t\t<dt class='gallery-icon landscape'>\n\t\t\t\t<a href='https:\/\/www.exclusifmag.com\/online\/wp-content\/uploads\/2026\/04\/8.-Exaequo-Salvador-Dali-inspire-par-la-vision-surrealiste-du-temps-par-lartiste-catalan-c-GAD-.jpg'><img loading=\"lazy\" decoding=\"async\" width=\"800\" height=\"533\" src=\"https:\/\/www.exclusifmag.com\/online\/wp-content\/uploads\/2026\/04\/8.-Exaequo-Salvador-Dali-inspire-par-la-vision-surrealiste-du-temps-par-lartiste-catalan-c-GAD-.jpg\" class=\"attachment-large size-large\" alt=\"Exaequo-Salvador Dali inspir\u00e9 par la vision surr\u00e9aliste du temps par l&#039;artiste catalan (c) GAD\" srcset=\"https:\/\/www.exclusifmag.com\/online\/wp-content\/uploads\/2026\/04\/8.-Exaequo-Salvador-Dali-inspire-par-la-vision-surrealiste-du-temps-par-lartiste-catalan-c-GAD-.jpg 800w, https:\/\/www.exclusifmag.com\/online\/wp-content\/uploads\/2026\/04\/8.-Exaequo-Salvador-Dali-inspire-par-la-vision-surrealiste-du-temps-par-lartiste-catalan-c-GAD--400x267.jpg 400w, https:\/\/www.exclusifmag.com\/online\/wp-content\/uploads\/2026\/04\/8.-Exaequo-Salvador-Dali-inspire-par-la-vision-surrealiste-du-temps-par-lartiste-catalan-c-GAD--768x512.jpg 768w\" sizes=\"auto, (max-width: 800px) 100vw, 800px\" \/><\/a>\n\t\t\t<\/dt><\/dl><dl class='gallery-item'>\n\t\t\t<dt class='gallery-icon landscape'>\n\t\t\t\t<a href='https:\/\/www.exclusifmag.com\/online\/wp-content\/uploads\/2026\/04\/9.-Depuis-1919-Milus-reproduit-lesprit-du-temps-vu-selon-les-chartes-de-la-maison-entre-tradition-et-innovation.-c-GAD.jpg'><img loading=\"lazy\" decoding=\"async\" width=\"800\" height=\"533\" src=\"https:\/\/www.exclusifmag.com\/online\/wp-content\/uploads\/2026\/04\/9.-Depuis-1919-Milus-reproduit-lesprit-du-temps-vu-selon-les-chartes-de-la-maison-entre-tradition-et-innovation.-c-GAD.jpg\" class=\"attachment-large size-large\" alt=\"Depuis 1919 Milus reproduit l&#039;esprit du temps vu selon les chartes de la maison entre tradition et innovation... (c) GAD\" srcset=\"https:\/\/www.exclusifmag.com\/online\/wp-content\/uploads\/2026\/04\/9.-Depuis-1919-Milus-reproduit-lesprit-du-temps-vu-selon-les-chartes-de-la-maison-entre-tradition-et-innovation.-c-GAD.jpg 800w, https:\/\/www.exclusifmag.com\/online\/wp-content\/uploads\/2026\/04\/9.-Depuis-1919-Milus-reproduit-lesprit-du-temps-vu-selon-les-chartes-de-la-maison-entre-tradition-et-innovation.-c-GAD-400x267.jpg 400w, https:\/\/www.exclusifmag.com\/online\/wp-content\/uploads\/2026\/04\/9.-Depuis-1919-Milus-reproduit-lesprit-du-temps-vu-selon-les-chartes-de-la-maison-entre-tradition-et-innovation.-c-GAD-768x512.jpg 768w\" sizes=\"auto, (max-width: 800px) 100vw, 800px\" \/><\/a>\n\t\t\t<\/dt><\/dl><dl class='gallery-item'>\n\t\t\t<dt class='gallery-icon landscape'>\n\t\t\t\t<a href='https:\/\/www.exclusifmag.com\/online\/wp-content\/uploads\/2026\/04\/10.-Sous-la-signature-de-Sinclair-Harding-un-set-de-pendules-anglaises-inspires-de-modeles-1995-c-GAD-.jpg'><img loading=\"lazy\" decoding=\"async\" width=\"800\" height=\"533\" src=\"https:\/\/www.exclusifmag.com\/online\/wp-content\/uploads\/2026\/04\/10.-Sous-la-signature-de-Sinclair-Harding-un-set-de-pendules-anglaises-inspires-de-modeles-1995-c-GAD-.jpg\" class=\"attachment-large size-large\" alt=\"Sous la signature de Sinclair Harding un set de pendules anglaises inspir\u00e9s de mod\u00e8les 1995 (c) GAD\" srcset=\"https:\/\/www.exclusifmag.com\/online\/wp-content\/uploads\/2026\/04\/10.-Sous-la-signature-de-Sinclair-Harding-un-set-de-pendules-anglaises-inspires-de-modeles-1995-c-GAD-.jpg 800w, https:\/\/www.exclusifmag.com\/online\/wp-content\/uploads\/2026\/04\/10.-Sous-la-signature-de-Sinclair-Harding-un-set-de-pendules-anglaises-inspires-de-modeles-1995-c-GAD--400x267.jpg 400w, https:\/\/www.exclusifmag.com\/online\/wp-content\/uploads\/2026\/04\/10.-Sous-la-signature-de-Sinclair-Harding-un-set-de-pendules-anglaises-inspires-de-modeles-1995-c-GAD--768x512.jpg 768w\" sizes=\"auto, (max-width: 800px) 100vw, 800px\" \/><\/a>\n\t\t\t<\/dt><\/dl><br style=\"clear: both\" \/>\n\t\t<\/div>\n\n<p><a href=\"http:\/\/www.exclusifmag.com\/online\/wp-content\/uploads\/2026\/04\/11.-Une-montre-des-profondeurs-Milus-presente-par-un-plongeur-en-scaphandrier-c-GAD-.jpg\"><img loading=\"lazy\" decoding=\"async\" class=\"alignright wp-image-27569\" src=\"http:\/\/www.exclusifmag.com\/online\/wp-content\/uploads\/2026\/04\/11.-Une-montre-des-profondeurs-Milus-presente-par-un-plongeur-en-scaphandrier-c-GAD-.jpg\" alt=\"Une montre des profondeurs Milus pr\u00e9sent\u00e9 par un plongeur en scaphandrier (c) GAD\" width=\"180\" height=\"240\" srcset=\"https:\/\/www.exclusifmag.com\/online\/wp-content\/uploads\/2026\/04\/11.-Une-montre-des-profondeurs-Milus-presente-par-un-plongeur-en-scaphandrier-c-GAD-.jpg 600w, https:\/\/www.exclusifmag.com\/online\/wp-content\/uploads\/2026\/04\/11.-Une-montre-des-profondeurs-Milus-presente-par-un-plongeur-en-scaphandrier-c-GAD--300x400.jpg 300w, https:\/\/www.exclusifmag.com\/online\/wp-content\/uploads\/2026\/04\/11.-Une-montre-des-profondeurs-Milus-presente-par-un-plongeur-en-scaphandrier-c-GAD--413x550.jpg 413w\" sizes=\"auto, (max-width: 180px) 100vw, 180px\" \/><\/a><\/p>\n<p>Arr\u00eats sur image\u00a0: renaissance fabuleuse de la montre molle de l\u2019immense artiste, elle (r\u00e9)apparait ici en tant que <em>Exaequo-Salvador Dali<\/em> en partenariat exclusif avec <em>Gala<\/em>&#8211;<em>Salvador Dali Foundation &amp; Jewellery<\/em>. Inspir\u00e9 par la vision surr\u00e9aliste du temps par le Ma\u00eetre catalan, c\u2019est le mariage unique de l\u2019art et l\u2019horlogerie sur les traces d\u2019un g\u00e9nie\u2026 Pour les passionn\u00e9s et les curieux \u00e0 l\u2019esprit technique, les secrets entourant la fabrication de garde-temps sont aujourd\u2019hui r\u00e9v\u00e9l\u00e9s en un nouveau kit par la <em>Maison Alc\u00e9e<\/em> expos\u00e9 \u00e0 <em>Time to Watches<\/em>\u00a0\u2026 Mode d\u2019emploi assur\u00e9, pr\u00e9cis et complet. Le coffret est magnifique. Comme les pendules anglaises de Sinclair Harding, imagin\u00e9es en 1995. Chaque pi\u00e8ce alors faite \u00e0 la main, c\u2019est un ensemble \u00e9th\u00e9r\u00e9, \u00e0 la lecture myst\u00e9rieuse, aux d\u00e9tails d\u00e9licats, a\u00e9riens comme des ailes de papillons\u2026<\/p>\n\n\t\t<style type=\"text\/css\">\n\t\t\t#gallery-4 {\n\t\t\t\tmargin: auto;\n\t\t\t}\n\t\t\t#gallery-4 .gallery-item {\n\t\t\t\tfloat: left;\n\t\t\t\tmargin-top: 10px;\n\t\t\t\ttext-align: center;\n\t\t\t\twidth: 33%;\n\t\t\t}\n\t\t\t#gallery-4 img {\n\t\t\t\tborder: 2px solid #cfcfcf;\n\t\t\t}\n\t\t\t#gallery-4 .gallery-caption {\n\t\t\t\tmargin-left: 0;\n\t\t\t}\n\t\t\t\/* see gallery_shortcode() in wp-includes\/media.php *\/\n\t\t<\/style>\n\t\t<div id='gallery-4' class='gallery galleryid-27541 gallery-columns-3 gallery-size-large'><dl class='gallery-item'>\n\t\t\t<dt class='gallery-icon landscape'>\n\t\t\t\t<a href='https:\/\/www.exclusifmag.com\/online\/wp-content\/uploads\/2026\/04\/12.-Espace-detente-pour-les-petites-faims-et-les-retrouvailles-\u00a9Jean-Luc-Auboeuf-jpg.jpg'><img loading=\"lazy\" decoding=\"async\" width=\"800\" height=\"533\" src=\"https:\/\/www.exclusifmag.com\/online\/wp-content\/uploads\/2026\/04\/12.-Espace-detente-pour-les-petites-faims-et-les-retrouvailles-\u00a9Jean-Luc-Auboeuf-jpg.jpg\" class=\"attachment-large size-large\" alt=\"Espace d\u00e9tente pour les petites faims et les retrouvailles \u00a9Jean-Luc Auboeuf\" srcset=\"https:\/\/www.exclusifmag.com\/online\/wp-content\/uploads\/2026\/04\/12.-Espace-detente-pour-les-petites-faims-et-les-retrouvailles-\u00a9Jean-Luc-Auboeuf-jpg.jpg 800w, https:\/\/www.exclusifmag.com\/online\/wp-content\/uploads\/2026\/04\/12.-Espace-detente-pour-les-petites-faims-et-les-retrouvailles-\u00a9Jean-Luc-Auboeuf-jpg-400x267.jpg 400w, https:\/\/www.exclusifmag.com\/online\/wp-content\/uploads\/2026\/04\/12.-Espace-detente-pour-les-petites-faims-et-les-retrouvailles-\u00a9Jean-Luc-Auboeuf-jpg-768x512.jpg 768w\" sizes=\"auto, (max-width: 800px) 100vw, 800px\" \/><\/a>\n\t\t\t<\/dt><\/dl><dl class='gallery-item'>\n\t\t\t<dt class='gallery-icon landscape'>\n\t\t\t\t<a href='https:\/\/www.exclusifmag.com\/online\/wp-content\/uploads\/2026\/04\/13.-Un-moment-de-forte-concentration-\u00a9Jean-Luc-Auboeuf_jlap.ch_8357.jpg'><img loading=\"lazy\" decoding=\"async\" width=\"800\" height=\"533\" src=\"https:\/\/www.exclusifmag.com\/online\/wp-content\/uploads\/2026\/04\/13.-Un-moment-de-forte-concentration-\u00a9Jean-Luc-Auboeuf_jlap.ch_8357.jpg\" class=\"attachment-large size-large\" alt=\"Un moment de forte concentration \u00a9Jean-Luc Auboeuf\" srcset=\"https:\/\/www.exclusifmag.com\/online\/wp-content\/uploads\/2026\/04\/13.-Un-moment-de-forte-concentration-\u00a9Jean-Luc-Auboeuf_jlap.ch_8357.jpg 800w, https:\/\/www.exclusifmag.com\/online\/wp-content\/uploads\/2026\/04\/13.-Un-moment-de-forte-concentration-\u00a9Jean-Luc-Auboeuf_jlap.ch_8357-400x267.jpg 400w, https:\/\/www.exclusifmag.com\/online\/wp-content\/uploads\/2026\/04\/13.-Un-moment-de-forte-concentration-\u00a9Jean-Luc-Auboeuf_jlap.ch_8357-768x512.jpg 768w\" sizes=\"auto, (max-width: 800px) 100vw, 800px\" \/><\/a>\n\t\t\t<\/dt><\/dl><dl class='gallery-item'>\n\t\t\t<dt class='gallery-icon landscape'>\n\t\t\t\t<a href='https:\/\/www.exclusifmag.com\/online\/wp-content\/uploads\/2026\/04\/14.-Presentations-et-discussion-less-tractations-vont-bontrain-\u00a9Jean-Luc-Auboeuf-.jpg'><img loading=\"lazy\" decoding=\"async\" width=\"800\" height=\"533\" src=\"https:\/\/www.exclusifmag.com\/online\/wp-content\/uploads\/2026\/04\/14.-Presentations-et-discussion-less-tractations-vont-bontrain-\u00a9Jean-Luc-Auboeuf-.jpg\" class=\"attachment-large size-large\" alt=\"Pr\u00e9sentations et discussion, les tractations vont bon train \u00a9Jean-Luc Auboeuf\" srcset=\"https:\/\/www.exclusifmag.com\/online\/wp-content\/uploads\/2026\/04\/14.-Presentations-et-discussion-less-tractations-vont-bontrain-\u00a9Jean-Luc-Auboeuf-.jpg 800w, https:\/\/www.exclusifmag.com\/online\/wp-content\/uploads\/2026\/04\/14.-Presentations-et-discussion-less-tractations-vont-bontrain-\u00a9Jean-Luc-Auboeuf--400x267.jpg 400w, https:\/\/www.exclusifmag.com\/online\/wp-content\/uploads\/2026\/04\/14.-Presentations-et-discussion-less-tractations-vont-bontrain-\u00a9Jean-Luc-Auboeuf--768x512.jpg 768w\" sizes=\"auto, (max-width: 800px) 100vw, 800px\" \/><\/a>\n\t\t\t<\/dt><\/dl><br style=\"clear: both\" \/>\n\t\t<\/div>\n\n<p>Christian Wipfli, Directeur de <em>Time to Watches <\/em>affirme soutenir ici un espace <em>sans barri\u00e8re, ni a priori <\/em>manquant selon lui, \u00e0 la grande famille horlog\u00e8re et, \u00e0 son univers ! Avec ce concept de village \u00e0 la simplicit\u00e9 conviviale et enjou\u00e9e, le vide\u00a0 est d\u00e9sormais combl\u00e9 et l\u2019exp\u00e9rience ratifi\u00e9e par la fr\u00e9quentation de 10 450 visiteurs pour cette ann\u00e9e 2026 ! De salles en salles, du rez-de-chauss\u00e9e \u00e0 la mezzanine, jusqu\u2019au sous-sol de la Villa Sarasin, professionnels de passage, collectionneurs et amateurs avis\u00e9s ou occasionnels y ont imprim\u00e9 une effervescence de bon aloi. Nouveaux venus ou exposants fid\u00e8les pr\u00e9sents dans la foul\u00e9e de <em>Watches and Wonders,<\/em> \u00e0\u00a0 l\u2019\u00e9dition annuelle suisse <em>Time to Watches<\/em> annonce une version am\u00e9ricaine \u00e0 Las Vegas, <em>Time to Watches @ COUTURE,<\/em> du 27 au 31 mai 2026. A suivre de pr\u00e8s\u00a0!<\/p>\n\n\t\t<style type=\"text\/css\">\n\t\t\t#gallery-5 {\n\t\t\t\tmargin: auto;\n\t\t\t}\n\t\t\t#gallery-5 .gallery-item {\n\t\t\t\tfloat: left;\n\t\t\t\tmargin-top: 10px;\n\t\t\t\ttext-align: center;\n\t\t\t\twidth: 33%;\n\t\t\t}\n\t\t\t#gallery-5 img {\n\t\t\t\tborder: 2px solid #cfcfcf;\n\t\t\t}\n\t\t\t#gallery-5 .gallery-caption {\n\t\t\t\tmargin-left: 0;\n\t\t\t}\n\t\t\t\/* see gallery_shortcode() in wp-includes\/media.php *\/\n\t\t<\/style>\n\t\t<div id='gallery-5' class='gallery galleryid-27541 gallery-columns-3 gallery-size-large'><dl class='gallery-item'>\n\t\t\t<dt class='gallery-icon landscape'>\n\t\t\t\t<a href='https:\/\/www.exclusifmag.com\/online\/wp-content\/uploads\/2026\/04\/15.-Dans-les-espaces-decouvertes-et-presentations-c-GAD-.jpg'><img loading=\"lazy\" decoding=\"async\" width=\"800\" height=\"533\" src=\"https:\/\/www.exclusifmag.com\/online\/wp-content\/uploads\/2026\/04\/15.-Dans-les-espaces-decouvertes-et-presentations-c-GAD-.jpg\" class=\"attachment-large size-large\" alt=\"Dans les espaces d\u00e9couvertes et pr\u00e9sentations (c) GAD\" srcset=\"https:\/\/www.exclusifmag.com\/online\/wp-content\/uploads\/2026\/04\/15.-Dans-les-espaces-decouvertes-et-presentations-c-GAD-.jpg 800w, https:\/\/www.exclusifmag.com\/online\/wp-content\/uploads\/2026\/04\/15.-Dans-les-espaces-decouvertes-et-presentations-c-GAD--400x267.jpg 400w, https:\/\/www.exclusifmag.com\/online\/wp-content\/uploads\/2026\/04\/15.-Dans-les-espaces-decouvertes-et-presentations-c-GAD--768x512.jpg 768w\" sizes=\"auto, (max-width: 800px) 100vw, 800px\" \/><\/a>\n\t\t\t<\/dt><\/dl><dl class='gallery-item'>\n\t\t\t<dt class='gallery-icon landscape'>\n\t\t\t\t<a href='https:\/\/www.exclusifmag.com\/online\/wp-content\/uploads\/2026\/04\/16.-Tout-en-couleurs-et-fantaisie-Zanetti-le-seul-atelier-horloger-independant-a-Rome-offre-une-excellente-maitrise-artistique-c-GAD-.jpg'><img loading=\"lazy\" decoding=\"async\" width=\"800\" height=\"533\" src=\"https:\/\/www.exclusifmag.com\/online\/wp-content\/uploads\/2026\/04\/16.-Tout-en-couleurs-et-fantaisie-Zanetti-le-seul-atelier-horloger-independant-a-Rome-offre-une-excellente-maitrise-artistique-c-GAD-.jpg\" class=\"attachment-large size-large\" alt=\"Tout en couleurs et fantaisie Zanetti le seul atelier horloger ind\u00e9pendant \u00e0 Rome offre une excellente maitrise artistique (c) GAD\" srcset=\"https:\/\/www.exclusifmag.com\/online\/wp-content\/uploads\/2026\/04\/16.-Tout-en-couleurs-et-fantaisie-Zanetti-le-seul-atelier-horloger-independant-a-Rome-offre-une-excellente-maitrise-artistique-c-GAD-.jpg 800w, https:\/\/www.exclusifmag.com\/online\/wp-content\/uploads\/2026\/04\/16.-Tout-en-couleurs-et-fantaisie-Zanetti-le-seul-atelier-horloger-independant-a-Rome-offre-une-excellente-maitrise-artistique-c-GAD--400x267.jpg 400w, https:\/\/www.exclusifmag.com\/online\/wp-content\/uploads\/2026\/04\/16.-Tout-en-couleurs-et-fantaisie-Zanetti-le-seul-atelier-horloger-independant-a-Rome-offre-une-excellente-maitrise-artistique-c-GAD--768x512.jpg 768w\" sizes=\"auto, (max-width: 800px) 100vw, 800px\" \/><\/a>\n\t\t\t<\/dt><\/dl><dl class='gallery-item'>\n\t\t\t<dt class='gallery-icon landscape'>\n\t\t\t\t<a href='https:\/\/www.exclusifmag.com\/online\/wp-content\/uploads\/2026\/04\/17.-Entre-presentation-et-rencontres-lexposition-proposait-des-ateliers-et-demonstrations-\u00a9Jean-Luc-Auboeuf-jpg.jpg'><img loading=\"lazy\" decoding=\"async\" width=\"800\" height=\"533\" src=\"https:\/\/www.exclusifmag.com\/online\/wp-content\/uploads\/2026\/04\/17.-Entre-presentation-et-rencontres-lexposition-proposait-des-ateliers-et-demonstrations-\u00a9Jean-Luc-Auboeuf-jpg.jpg\" class=\"attachment-large size-large\" alt=\"Entre pr\u00e9sentation et rencontres, l&#039;exposition proposait des ateliers et d\u00e9monstrations \u00a9Jean-Luc Auboeuf\" srcset=\"https:\/\/www.exclusifmag.com\/online\/wp-content\/uploads\/2026\/04\/17.-Entre-presentation-et-rencontres-lexposition-proposait-des-ateliers-et-demonstrations-\u00a9Jean-Luc-Auboeuf-jpg.jpg 800w, https:\/\/www.exclusifmag.com\/online\/wp-content\/uploads\/2026\/04\/17.-Entre-presentation-et-rencontres-lexposition-proposait-des-ateliers-et-demonstrations-\u00a9Jean-Luc-Auboeuf-jpg-400x267.jpg 400w, https:\/\/www.exclusifmag.com\/online\/wp-content\/uploads\/2026\/04\/17.-Entre-presentation-et-rencontres-lexposition-proposait-des-ateliers-et-demonstrations-\u00a9Jean-Luc-Auboeuf-jpg-768x512.jpg 768w\" sizes=\"auto, (max-width: 800px) 100vw, 800px\" \/><\/a>\n\t\t\t<\/dt><\/dl><br style=\"clear: both\" \/>\n\t\t<\/div>\n\n<p>Con\u00e7u comme un vrai festival, inaugur\u00e9 par Michel Pomatto, Conseiller administratif du Grand-Saconnex, en pr\u00e9sence, entre autres d\u2019Yves Bugmann, Pr\u00e9sident de la F\u00e9d\u00e9ration Horlog\u00e8re Suisse et de Daniel Loeffer, Secr\u00e9taire g\u00e9n\u00e9ral adjoint du D\u00e9partement de l\u2019\u00e9conomie et de l\u2019emploi du Canton de Gen\u00e8ve ainsi que du Fondateur et Directeur de <em>Time to Watches<\/em>, Christian Wipfli, l\u2019\u00e9v\u00e9nement a \u00e9t\u00e9 \u00e9tait d\u2019embl\u00e9e bien lanc\u00e9\u00a0sur son orbite ! Toute la semaine la manifestation a propos\u00e9 une programmation comptant des ateliers d\u2019horlogeries, d\u00e9monstrations et exp\u00e9riences <em>live<\/em>\u2026 insufflant \u00e0 <em>Time to Watches<\/em> un zeste de l\u00e9g\u00e8ret\u00e9 ludique et une ambiance festive si hautement appr\u00e9ci\u00e9e\u2026 A l\u2019ann\u00e9e prochaine\u00a0!<\/p>\n<p>&nbsp;<\/p>\n","protected":false},"excerpt":{"rendered":"<p>Gen\u00e8ve capitale du temps<br \/>\nA la Semaine Horlog\u00e8re<br \/>\nFranc succ\u00e8s pour Time to Watches<\/p>\n","protected":false},"author":1,"featured_media":27589,"comment_status":"open","ping_status":"open","sticky":false,"template":"","format":"standard","meta":{"footnotes":""},"categories":[4,1148,145],"tags":[2035,2161,1833,2036],"class_list":["post-27541","post","type-post","status-publish","format-standard","has-post-thumbnail","hentry","category-events","category-horlogerie","category-infos-news","tag-christian-wipfli","tag-grand-saconnex","tag-time-to-watches","tag-villa-sarasin"],"_links":{"self":[{"href":"https:\/\/www.exclusifmag.com\/online\/wp-json\/wp\/v2\/posts\/27541","targetHints":{"allow":["GET"]}}],"collection":[{"href":"https:\/\/www.exclusifmag.com\/online\/wp-json\/wp\/v2\/posts"}],"about":[{"href":"https:\/\/www.exclusifmag.com\/online\/wp-json\/wp\/v2\/types\/post"}],"author":[{"embeddable":true,"href":"https:\/\/www.exclusifmag.com\/online\/wp-json\/wp\/v2\/users\/1"}],"replies":[{"embeddable":true,"href":"https:\/\/www.exclusifmag.com\/online\/wp-json\/wp\/v2\/comments?post=27541"}],"version-history":[{"count":28,"href":"https:\/\/www.exclusifmag.com\/online\/wp-json\/wp\/v2\/posts\/27541\/revisions"}],"predecessor-version":[{"id":27595,"href":"https:\/\/www.exclusifmag.com\/online\/wp-json\/wp\/v2\/posts\/27541\/revisions\/27595"}],"wp:featuredmedia":[{"embeddable":true,"href":"https:\/\/www.exclusifmag.com\/online\/wp-json\/wp\/v2\/media\/27589"}],"wp:attachment":[{"href":"https:\/\/www.exclusifmag.com\/online\/wp-json\/wp\/v2\/media?parent=27541"}],"wp:term":[{"taxonomy":"category","embeddable":true,"href":"https:\/\/www.exclusifmag.com\/online\/wp-json\/wp\/v2\/categories?post=27541"},{"taxonomy":"post_tag","embeddable":true,"href":"https:\/\/www.exclusifmag.com\/online\/wp-json\/wp\/v2\/tags?post=27541"}],"curies":[{"name":"wp","href":"https:\/\/api.w.org\/{rel}","templated":true}]}}