{"id":28467,"date":"2026-08-27T12:20:40","date_gmt":"2026-08-27T10:20:40","guid":{"rendered":"https:\/\/www.exclusifmag.com\/online\/?p=28467"},"modified":"2026-08-27T20:15:29","modified_gmt":"2026-08-27T18:15:29","slug":"nouvelle-saison-2026-2027","status":"publish","type":"post","link":"https:\/\/www.exclusifmag.com\/online\/nouvelle-saison-2026-2027\/","title":{"rendered":"Nouvelle Saison 2026-2027"},"content":{"rendered":"<h2><strong>Le vertige de l\u2019Amour<\/strong><\/h2>\n<h2><strong>Embrase la sc\u00e8ne du Poche <\/strong><\/h2>\n<p><strong>Sous la direction de Martine Corbat signant sa premi\u00e8re saison qui vient de s\u2019\u00e9couler, Le Poche s\u2019est cl\u00f4tur\u00e9 sur un grand succ\u00e8s.\u00a0 Enregistrant un bond de 23% de fr\u00e9quentation et, un taux de remplissage culminant \u00e0 77%, avec la mission d\u2019encourager les cr\u00e9ations romandes et les \u00e9critures contemporaines, le th\u00e9\u00e2tre genevois affiche pour 2025 une r\u00e9ussite \u00e9clatante. A d\u00e9couvrir d\u00e8s septembre, sous le th\u00e8me <em>Vertige de l\u2019Amour,<\/em> la nouvelle \u00e9dition ne manquera pas de sublimer les passions\u2026 <\/strong><\/p>\n\n\t\t<style>\n\t\t\t#gallery-1 {\n\t\t\t\tmargin: auto;\n\t\t\t}\n\t\t\t#gallery-1 .gallery-item {\n\t\t\t\tfloat: left;\n\t\t\t\tmargin-top: 10px;\n\t\t\t\ttext-align: center;\n\t\t\t\twidth: 33%;\n\t\t\t}\n\t\t\t#gallery-1 img {\n\t\t\t\tborder: 2px solid #cfcfcf;\n\t\t\t}\n\t\t\t#gallery-1 .gallery-caption {\n\t\t\t\tmargin-left: 0;\n\t\t\t}\n\t\t\t\/* see gallery_shortcode() in wp-includes\/media.php *\/\n\t\t<\/style>\n\t\t<div id='gallery-1' class='gallery galleryid-28467 gallery-columns-3 gallery-size-large'><dl class='gallery-item'>\n\t\t\t<dt class='gallery-icon landscape'>\n\t\t\t\t<a href='https:\/\/www.exclusifmag.com\/online\/wp-content\/uploads\/2026\/08\/1.-Dialogue-sur-le-meme-theme-Le-Vertige-de-lAmour-saisissant-Le-Poche-en-2026-2027-\u00a9Dorothee-Thebert-.jpg'><img loading=\"lazy\" decoding=\"async\" width=\"800\" height=\"562\" src=\"https:\/\/www.exclusifmag.com\/online\/wp-content\/uploads\/2026\/08\/1.-Dialogue-sur-le-meme-theme-Le-Vertige-de-lAmour-saisissant-Le-Poche-en-2026-2027-\u00a9Dorothee-Thebert-.jpg\" class=\"attachment-large size-large\" alt=\"Dialogue sur le m\u00eame th\u00e8me Le Vertige de l&#039;Amour saisissant Le Poche en 2026-2027 \u00a9Doroth\u00e9e Thebert\" srcset=\"https:\/\/www.exclusifmag.com\/online\/wp-content\/uploads\/2026\/08\/1.-Dialogue-sur-le-meme-theme-Le-Vertige-de-lAmour-saisissant-Le-Poche-en-2026-2027-\u00a9Dorothee-Thebert-.jpg 800w, https:\/\/www.exclusifmag.com\/online\/wp-content\/uploads\/2026\/08\/1.-Dialogue-sur-le-meme-theme-Le-Vertige-de-lAmour-saisissant-Le-Poche-en-2026-2027-\u00a9Dorothee-Thebert--400x281.jpg 400w, https:\/\/www.exclusifmag.com\/online\/wp-content\/uploads\/2026\/08\/1.-Dialogue-sur-le-meme-theme-Le-Vertige-de-lAmour-saisissant-Le-Poche-en-2026-2027-\u00a9Dorothee-Thebert--768x540.jpg 768w, https:\/\/www.exclusifmag.com\/online\/wp-content\/uploads\/2026\/08\/1.-Dialogue-sur-le-meme-theme-Le-Vertige-de-lAmour-saisissant-Le-Poche-en-2026-2027-\u00a9Dorothee-Thebert--783x550.jpg 783w\" sizes=\"auto, (max-width: 800px) 100vw, 800px\" \/><\/a>\n\t\t\t<\/dt><\/dl><dl class='gallery-item'>\n\t\t\t<dt class='gallery-icon landscape'>\n\t\t\t\t<a href='https:\/\/www.exclusifmag.com\/online\/wp-content\/uploads\/2026\/08\/2.-Le-Poche-2026-2027-Saison-Vertige-de-lAmour-\u00a9Dorothee-Thebert-.jpg'><img loading=\"lazy\" decoding=\"async\" width=\"800\" height=\"562\" src=\"https:\/\/www.exclusifmag.com\/online\/wp-content\/uploads\/2026\/08\/2.-Le-Poche-2026-2027-Saison-Vertige-de-lAmour-\u00a9Dorothee-Thebert-.jpg\" class=\"attachment-large size-large\" alt=\"Le Poche 2026-2027 Saison Vertige de l&#039;Amour \u00a9Doroth\u00e9e Thebert\" srcset=\"https:\/\/www.exclusifmag.com\/online\/wp-content\/uploads\/2026\/08\/2.-Le-Poche-2026-2027-Saison-Vertige-de-lAmour-\u00a9Dorothee-Thebert-.jpg 800w, https:\/\/www.exclusifmag.com\/online\/wp-content\/uploads\/2026\/08\/2.-Le-Poche-2026-2027-Saison-Vertige-de-lAmour-\u00a9Dorothee-Thebert--400x281.jpg 400w, https:\/\/www.exclusifmag.com\/online\/wp-content\/uploads\/2026\/08\/2.-Le-Poche-2026-2027-Saison-Vertige-de-lAmour-\u00a9Dorothee-Thebert--768x540.jpg 768w, https:\/\/www.exclusifmag.com\/online\/wp-content\/uploads\/2026\/08\/2.-Le-Poche-2026-2027-Saison-Vertige-de-lAmour-\u00a9Dorothee-Thebert--783x550.jpg 783w\" sizes=\"auto, (max-width: 800px) 100vw, 800px\" \/><\/a>\n\t\t\t<\/dt><\/dl><dl class='gallery-item'>\n\t\t\t<dt class='gallery-icon landscape'>\n\t\t\t\t<a href='https:\/\/www.exclusifmag.com\/online\/wp-content\/uploads\/2026\/08\/3.-Le-Poche-Saison-Le-Vertige-de-lAmour-dans-lattente-du-programme-2026-2027-\u00a9dorothee-Thebert-.jpg'><img loading=\"lazy\" decoding=\"async\" width=\"800\" height=\"562\" src=\"https:\/\/www.exclusifmag.com\/online\/wp-content\/uploads\/2026\/08\/3.-Le-Poche-Saison-Le-Vertige-de-lAmour-dans-lattente-du-programme-2026-2027-\u00a9dorothee-Thebert-.jpg\" class=\"attachment-large size-large\" alt=\"Le Poche Saison Le Vertige de l&#039;Amour, dans l&#039;attente du programme 2026-2027 \u00a9doroth\u00e9e Thebert\" srcset=\"https:\/\/www.exclusifmag.com\/online\/wp-content\/uploads\/2026\/08\/3.-Le-Poche-Saison-Le-Vertige-de-lAmour-dans-lattente-du-programme-2026-2027-\u00a9dorothee-Thebert-.jpg 800w, https:\/\/www.exclusifmag.com\/online\/wp-content\/uploads\/2026\/08\/3.-Le-Poche-Saison-Le-Vertige-de-lAmour-dans-lattente-du-programme-2026-2027-\u00a9dorothee-Thebert--400x281.jpg 400w, https:\/\/www.exclusifmag.com\/online\/wp-content\/uploads\/2026\/08\/3.-Le-Poche-Saison-Le-Vertige-de-lAmour-dans-lattente-du-programme-2026-2027-\u00a9dorothee-Thebert--768x540.jpg 768w, https:\/\/www.exclusifmag.com\/online\/wp-content\/uploads\/2026\/08\/3.-Le-Poche-Saison-Le-Vertige-de-lAmour-dans-lattente-du-programme-2026-2027-\u00a9dorothee-Thebert--783x550.jpg 783w\" sizes=\"auto, (max-width: 800px) 100vw, 800px\" \/><\/a>\n\t\t\t<\/dt><\/dl><br style=\"clear: both\" \/>\n\t\t<\/div>\n\n<p>Les affres de l\u2019amour\u2026Toute une promesse avec ses intrigues, vertiges et ardeurs revisitant l\u2019histoire des familles plongeant dans les tr\u00e9fonds de secrets bien gard\u00e9s ou, perdus dans l\u2019inconnu des destins\u2026 Des amours-passion impossibles traversant jalousies, mal\u00e9dictions, vengeances. Se d\u00e9roulant sur diff\u00e9rentes \u00e9poques et g\u00e9n\u00e9rations, enjoignant les femmes &#8211; h\u00e9ro\u00efnes ou victimes &#8211; \u00e0 jouer la vuln\u00e9rabilit\u00e9 ou la r\u00e9silience, suivant force p\u00e9r\u00e9grinations et aventures, le public se trouvera submerg\u00e9 par des \u00e9motions fortes issues d\u2019\u00e9pisodes singuli\u00e8rement proches du quotidien ! Premier coup d\u2019\u0153il de la saison, une production du Th\u00e9\u00e2tre Le Poche <em>Vous avez les m\u00eames en 38\u00a0?<\/em> se tiendra du 3 au 6 septembre 2026 dans le cadre de La B\u00e2tie-Festival de Gen\u00e8ve. Elle pr\u00e9c\u00e9dera une tourn\u00e9e \u00e0 Lausanne et Yverdon-Les-Bains, les 8 octobre et 14 novembre prochains\u2026<\/p>\n\n\t\t<style>\n\t\t\t#gallery-2 {\n\t\t\t\tmargin: auto;\n\t\t\t}\n\t\t\t#gallery-2 .gallery-item {\n\t\t\t\tfloat: left;\n\t\t\t\tmargin-top: 10px;\n\t\t\t\ttext-align: center;\n\t\t\t\twidth: 33%;\n\t\t\t}\n\t\t\t#gallery-2 img {\n\t\t\t\tborder: 2px solid #cfcfcf;\n\t\t\t}\n\t\t\t#gallery-2 .gallery-caption {\n\t\t\t\tmargin-left: 0;\n\t\t\t}\n\t\t\t\/* see gallery_shortcode() in wp-includes\/media.php *\/\n\t\t<\/style>\n\t\t<div id='gallery-2' class='gallery galleryid-28467 gallery-columns-3 gallery-size-large'><dl class='gallery-item'>\n\t\t\t<dt class='gallery-icon landscape'>\n\t\t\t\t<a href='https:\/\/www.exclusifmag.com\/online\/wp-content\/uploads\/2026\/08\/4.-Martine-Corbat-Directrice-du-Poche-en-complicite-avec-un-interprete-a-loccasion-de-la-presentation-de-la-Saison-2026-2027-\u00a9Dorothee-.jpg'><img loading=\"lazy\" decoding=\"async\" width=\"800\" height=\"562\" src=\"https:\/\/www.exclusifmag.com\/online\/wp-content\/uploads\/2026\/08\/4.-Martine-Corbat-Directrice-du-Poche-en-complicite-avec-un-interprete-a-loccasion-de-la-presentation-de-la-Saison-2026-2027-\u00a9Dorothee-.jpg\" class=\"attachment-large size-large\" alt=\"Martine Corbat Directrice du Poche en complicit\u00e9 avec un interpr\u00e8te \u00e0 l&#039;occasion de la pr\u00e9sentation de la Saison 2026-2027 \u00a9Doroth\u00e9e Thebert\" srcset=\"https:\/\/www.exclusifmag.com\/online\/wp-content\/uploads\/2026\/08\/4.-Martine-Corbat-Directrice-du-Poche-en-complicite-avec-un-interprete-a-loccasion-de-la-presentation-de-la-Saison-2026-2027-\u00a9Dorothee-.jpg 800w, https:\/\/www.exclusifmag.com\/online\/wp-content\/uploads\/2026\/08\/4.-Martine-Corbat-Directrice-du-Poche-en-complicite-avec-un-interprete-a-loccasion-de-la-presentation-de-la-Saison-2026-2027-\u00a9Dorothee--400x281.jpg 400w, https:\/\/www.exclusifmag.com\/online\/wp-content\/uploads\/2026\/08\/4.-Martine-Corbat-Directrice-du-Poche-en-complicite-avec-un-interprete-a-loccasion-de-la-presentation-de-la-Saison-2026-2027-\u00a9Dorothee--768x540.jpg 768w, https:\/\/www.exclusifmag.com\/online\/wp-content\/uploads\/2026\/08\/4.-Martine-Corbat-Directrice-du-Poche-en-complicite-avec-un-interprete-a-loccasion-de-la-presentation-de-la-Saison-2026-2027-\u00a9Dorothee--783x550.jpg 783w\" sizes=\"auto, (max-width: 800px) 100vw, 800px\" \/><\/a>\n\t\t\t<\/dt><\/dl><dl class='gallery-item'>\n\t\t\t<dt class='gallery-icon landscape'>\n\t\t\t\t<a href='https:\/\/www.exclusifmag.com\/online\/wp-content\/uploads\/2026\/08\/5.-Sur-la-scene-du-Poche-Martine-Corbat-presentant-les-prochains-spectacles-2026-2027-\u00a9Dorothee-Thebert-.jpg'><img loading=\"lazy\" decoding=\"async\" width=\"800\" height=\"562\" src=\"https:\/\/www.exclusifmag.com\/online\/wp-content\/uploads\/2026\/08\/5.-Sur-la-scene-du-Poche-Martine-Corbat-presentant-les-prochains-spectacles-2026-2027-\u00a9Dorothee-Thebert-.jpg\" class=\"attachment-large size-large\" alt=\"Sur la sc\u00e8ne du Poche Martine Corbat pr\u00e9sentant les prochains spectacles 2026-2027 \u00a9Doroth\u00e9e Thebert\" srcset=\"https:\/\/www.exclusifmag.com\/online\/wp-content\/uploads\/2026\/08\/5.-Sur-la-scene-du-Poche-Martine-Corbat-presentant-les-prochains-spectacles-2026-2027-\u00a9Dorothee-Thebert-.jpg 800w, https:\/\/www.exclusifmag.com\/online\/wp-content\/uploads\/2026\/08\/5.-Sur-la-scene-du-Poche-Martine-Corbat-presentant-les-prochains-spectacles-2026-2027-\u00a9Dorothee-Thebert--400x281.jpg 400w, https:\/\/www.exclusifmag.com\/online\/wp-content\/uploads\/2026\/08\/5.-Sur-la-scene-du-Poche-Martine-Corbat-presentant-les-prochains-spectacles-2026-2027-\u00a9Dorothee-Thebert--768x540.jpg 768w, https:\/\/www.exclusifmag.com\/online\/wp-content\/uploads\/2026\/08\/5.-Sur-la-scene-du-Poche-Martine-Corbat-presentant-les-prochains-spectacles-2026-2027-\u00a9Dorothee-Thebert--783x550.jpg 783w\" sizes=\"auto, (max-width: 800px) 100vw, 800px\" \/><\/a>\n\t\t\t<\/dt><\/dl><dl class='gallery-item'>\n\t\t\t<dt class='gallery-icon landscape'>\n\t\t\t\t<a href='https:\/\/www.exclusifmag.com\/online\/wp-content\/uploads\/2026\/08\/6.-En-discussion-rapprochee-Martine-Corbat-presentant-la-saison-2026-2027-du-Poche-\u00a9Dorothee-Thebert-.jpg'><img loading=\"lazy\" decoding=\"async\" width=\"800\" height=\"562\" src=\"https:\/\/www.exclusifmag.com\/online\/wp-content\/uploads\/2026\/08\/6.-En-discussion-rapprochee-Martine-Corbat-presentant-la-saison-2026-2027-du-Poche-\u00a9Dorothee-Thebert-.jpg\" class=\"attachment-large size-large\" alt=\"En discussion rapproch\u00e9e Martine Corbat pr\u00e9sentant la saison 2026-2027 du Poche \u00a9Doroth\u00e9e Thebert\" srcset=\"https:\/\/www.exclusifmag.com\/online\/wp-content\/uploads\/2026\/08\/6.-En-discussion-rapprochee-Martine-Corbat-presentant-la-saison-2026-2027-du-Poche-\u00a9Dorothee-Thebert-.jpg 800w, https:\/\/www.exclusifmag.com\/online\/wp-content\/uploads\/2026\/08\/6.-En-discussion-rapprochee-Martine-Corbat-presentant-la-saison-2026-2027-du-Poche-\u00a9Dorothee-Thebert--400x281.jpg 400w, https:\/\/www.exclusifmag.com\/online\/wp-content\/uploads\/2026\/08\/6.-En-discussion-rapprochee-Martine-Corbat-presentant-la-saison-2026-2027-du-Poche-\u00a9Dorothee-Thebert--768x540.jpg 768w, https:\/\/www.exclusifmag.com\/online\/wp-content\/uploads\/2026\/08\/6.-En-discussion-rapprochee-Martine-Corbat-presentant-la-saison-2026-2027-du-Poche-\u00a9Dorothee-Thebert--783x550.jpg 783w\" sizes=\"auto, (max-width: 800px) 100vw, 800px\" \/><\/a>\n\t\t\t<\/dt><\/dl><br style=\"clear: both\" \/>\n\t\t<\/div>\n\n<p>A Gen\u00e8ve, ce seule-sur-sc\u00e8ne se retrouvera au Poche du 24 septembre au 7 octobre avec Eve Aouizerate, autrice et interpr\u00e8te de l\u2019\u0153uvre\u00a0! Un sujet complexe, cherchant &#8211; par rapport aux hommes &#8211; \u00e0 identifier ce qu\u2019<em>\u00eatre femme veut dire en 2026\u2026 <\/em>A la suite de ce vaste th\u00e8me, le 2<sup>e<\/sup> spectacle annonce des amours d\u00e9vorantes sous un humour d\u00e9cal\u00e9,\u00a0du 29 octobre au 8 novembre. <em>La Migration des<\/em> <em>C\u0153urs<\/em> avec Maryse Cond\u00e9, \u00e0 l\u2019origine du titre et du projet inspir\u00e9 des Hauts de Hurlevent d\u2019Emilie Bront\u00eb, adapt\u00e9 en toute libert\u00e9 par Anne Monfort\u00a0! Des ressorts compliqu\u00e9s plongent ici dans un contexte carib\u00e9en post-esclavagiste et, transposent une passion amoureuse aux dimensions politiques et soci\u00e9tales. Enfin, pour marquer l\u2019approche des f\u00eates de fin d\u2019ann\u00e9e, <em>Le Poche Cabaret II<\/em>, <em>le Chant des Bruants Fou, <\/em>du 3 au 20 d\u00e9cembre. Entre fiction et tradition, \u00a0on y \u00e9gr\u00e8ne une autre formule de cabaret, inventive en diable, selon un univers singulier o\u00f9 les codes se chahutent furieusement\u2026<\/p>\n\n\t\t<style>\n\t\t\t#gallery-3 {\n\t\t\t\tmargin: auto;\n\t\t\t}\n\t\t\t#gallery-3 .gallery-item {\n\t\t\t\tfloat: left;\n\t\t\t\tmargin-top: 10px;\n\t\t\t\ttext-align: center;\n\t\t\t\twidth: 33%;\n\t\t\t}\n\t\t\t#gallery-3 img {\n\t\t\t\tborder: 2px solid #cfcfcf;\n\t\t\t}\n\t\t\t#gallery-3 .gallery-caption {\n\t\t\t\tmargin-left: 0;\n\t\t\t}\n\t\t\t\/* see gallery_shortcode() in wp-includes\/media.php *\/\n\t\t<\/style>\n\t\t<div id='gallery-3' class='gallery galleryid-28467 gallery-columns-3 gallery-size-large'><dl class='gallery-item'>\n\t\t\t<dt class='gallery-icon landscape'>\n\t\t\t\t<a href='https:\/\/www.exclusifmag.com\/online\/wp-content\/uploads\/2026\/08\/7.-Une-sympathique-verree-a-suivi-la-presentation-de-la-saison-2026-2027-du-Poche-\u00a9Dorothee-Thebert-jpg.jpg'><img loading=\"lazy\" decoding=\"async\" width=\"800\" height=\"552\" src=\"https:\/\/www.exclusifmag.com\/online\/wp-content\/uploads\/2026\/08\/7.-Une-sympathique-verree-a-suivi-la-presentation-de-la-saison-2026-2027-du-Poche-\u00a9Dorothee-Thebert-jpg.jpg\" class=\"attachment-large size-large\" alt=\"Une sympathique verr\u00e9e a suivi la pr\u00e9sentation de la saison 2026-2027 du Poche \u00a9Doroth\u00e9e Thebert\" srcset=\"https:\/\/www.exclusifmag.com\/online\/wp-content\/uploads\/2026\/08\/7.-Une-sympathique-verree-a-suivi-la-presentation-de-la-saison-2026-2027-du-Poche-\u00a9Dorothee-Thebert-jpg.jpg 800w, https:\/\/www.exclusifmag.com\/online\/wp-content\/uploads\/2026\/08\/7.-Une-sympathique-verree-a-suivi-la-presentation-de-la-saison-2026-2027-du-Poche-\u00a9Dorothee-Thebert-jpg-400x276.jpg 400w, https:\/\/www.exclusifmag.com\/online\/wp-content\/uploads\/2026\/08\/7.-Une-sympathique-verree-a-suivi-la-presentation-de-la-saison-2026-2027-du-Poche-\u00a9Dorothee-Thebert-jpg-768x530.jpg 768w, https:\/\/www.exclusifmag.com\/online\/wp-content\/uploads\/2026\/08\/7.-Une-sympathique-verree-a-suivi-la-presentation-de-la-saison-2026-2027-du-Poche-\u00a9Dorothee-Thebert-jpg-797x550.jpg 797w\" sizes=\"auto, (max-width: 800px) 100vw, 800px\" \/><\/a>\n\t\t\t<\/dt><\/dl><dl class='gallery-item'>\n\t\t\t<dt class='gallery-icon landscape'>\n\t\t\t\t<a href='https:\/\/www.exclusifmag.com\/online\/wp-content\/uploads\/2026\/08\/8.-Martine-Corbat-cest-la-musique-que-jaime-avec-les-musiciens-du-Poche-en-exercice-cette-saison-\u00a9Dorothee-Thebert-.jpg'><img loading=\"lazy\" decoding=\"async\" width=\"800\" height=\"552\" src=\"https:\/\/www.exclusifmag.com\/online\/wp-content\/uploads\/2026\/08\/8.-Martine-Corbat-cest-la-musique-que-jaime-avec-les-musiciens-du-Poche-en-exercice-cette-saison-\u00a9Dorothee-Thebert-.jpg\" class=\"attachment-large size-large\" alt=\"Martine Corbat, c&#039;est la musique que j&#039;aime, avec les musiciens du Poche en exercice cette saison \u00a9Doroth\u00e9e Thebert\" srcset=\"https:\/\/www.exclusifmag.com\/online\/wp-content\/uploads\/2026\/08\/8.-Martine-Corbat-cest-la-musique-que-jaime-avec-les-musiciens-du-Poche-en-exercice-cette-saison-\u00a9Dorothee-Thebert-.jpg 800w, https:\/\/www.exclusifmag.com\/online\/wp-content\/uploads\/2026\/08\/8.-Martine-Corbat-cest-la-musique-que-jaime-avec-les-musiciens-du-Poche-en-exercice-cette-saison-\u00a9Dorothee-Thebert--400x276.jpg 400w, https:\/\/www.exclusifmag.com\/online\/wp-content\/uploads\/2026\/08\/8.-Martine-Corbat-cest-la-musique-que-jaime-avec-les-musiciens-du-Poche-en-exercice-cette-saison-\u00a9Dorothee-Thebert--768x530.jpg 768w, https:\/\/www.exclusifmag.com\/online\/wp-content\/uploads\/2026\/08\/8.-Martine-Corbat-cest-la-musique-que-jaime-avec-les-musiciens-du-Poche-en-exercice-cette-saison-\u00a9Dorothee-Thebert--797x550.jpg 797w\" sizes=\"auto, (max-width: 800px) 100vw, 800px\" \/><\/a>\n\t\t\t<\/dt><\/dl><dl class='gallery-item'>\n\t\t\t<dt class='gallery-icon landscape'>\n\t\t\t\t<a href='https:\/\/www.exclusifmag.com\/online\/wp-content\/uploads\/2026\/08\/9.-Toujours-foule-a-la-presentation-du-nouveau-programme-Saison-Vertige-de-lAmour-\u00a9Dorothee-Thebert.jpg'><img loading=\"lazy\" decoding=\"async\" width=\"800\" height=\"552\" src=\"https:\/\/www.exclusifmag.com\/online\/wp-content\/uploads\/2026\/08\/9.-Toujours-foule-a-la-presentation-du-nouveau-programme-Saison-Vertige-de-lAmour-\u00a9Dorothee-Thebert.jpg\" class=\"attachment-large size-large\" alt=\"Toujours foule \u00e0 la pr\u00e9sentation du nouveau programme Saison Vertige de l&#039;Amour \u00a9Doroth\u00e9e Thebert\" srcset=\"https:\/\/www.exclusifmag.com\/online\/wp-content\/uploads\/2026\/08\/9.-Toujours-foule-a-la-presentation-du-nouveau-programme-Saison-Vertige-de-lAmour-\u00a9Dorothee-Thebert.jpg 800w, https:\/\/www.exclusifmag.com\/online\/wp-content\/uploads\/2026\/08\/9.-Toujours-foule-a-la-presentation-du-nouveau-programme-Saison-Vertige-de-lAmour-\u00a9Dorothee-Thebert-400x276.jpg 400w, https:\/\/www.exclusifmag.com\/online\/wp-content\/uploads\/2026\/08\/9.-Toujours-foule-a-la-presentation-du-nouveau-programme-Saison-Vertige-de-lAmour-\u00a9Dorothee-Thebert-768x530.jpg 768w, https:\/\/www.exclusifmag.com\/online\/wp-content\/uploads\/2026\/08\/9.-Toujours-foule-a-la-presentation-du-nouveau-programme-Saison-Vertige-de-lAmour-\u00a9Dorothee-Thebert-797x550.jpg 797w\" sizes=\"auto, (max-width: 800px) 100vw, 800px\" \/><\/a>\n\t\t\t<\/dt><\/dl><br style=\"clear: both\" \/>\n\t\t<\/div>\n\n<p>&nbsp;<\/p>\n","protected":false},"excerpt":{"rendered":"<p>Nouvelle Saison 2026-2027<br \/>\nLe vertige de l\u2019Amour<br \/>\nEmbrase la sc\u00e8ne du Poche <\/p>\n","protected":false},"author":1,"featured_media":28495,"comment_status":"open","ping_status":"open","sticky":false,"template":"","format":"standard","meta":{"footnotes":""},"categories":[11,1832],"tags":[2081,42,1795,1861,2204],"class_list":["post-28467","post","type-post","status-publish","format-standard","has-post-thumbnail","hentry","category-art-culture","category-theatre-art-culture","tag-eve-aouizerate","tag-geneve","tag-le-poche","tag-martine-corbat","tag-nouvelle-saison"],"_links":{"self":[{"href":"https:\/\/www.exclusifmag.com\/online\/wp-json\/wp\/v2\/posts\/28467","targetHints":{"allow":["GET"]}}],"collection":[{"href":"https:\/\/www.exclusifmag.com\/online\/wp-json\/wp\/v2\/posts"}],"about":[{"href":"https:\/\/www.exclusifmag.com\/online\/wp-json\/wp\/v2\/types\/post"}],"author":[{"embeddable":true,"href":"https:\/\/www.exclusifmag.com\/online\/wp-json\/wp\/v2\/users\/1"}],"replies":[{"embeddable":true,"href":"https:\/\/www.exclusifmag.com\/online\/wp-json\/wp\/v2\/comments?post=28467"}],"version-history":[{"count":15,"href":"https:\/\/www.exclusifmag.com\/online\/wp-json\/wp\/v2\/posts\/28467\/revisions"}],"predecessor-version":[{"id":28501,"href":"https:\/\/www.exclusifmag.com\/online\/wp-json\/wp\/v2\/posts\/28467\/revisions\/28501"}],"wp:featuredmedia":[{"embeddable":true,"href":"https:\/\/www.exclusifmag.com\/online\/wp-json\/wp\/v2\/media\/28495"}],"wp:attachment":[{"href":"https:\/\/www.exclusifmag.com\/online\/wp-json\/wp\/v2\/media?parent=28467"}],"wp:term":[{"taxonomy":"category","embeddable":true,"href":"https:\/\/www.exclusifmag.com\/online\/wp-json\/wp\/v2\/categories?post=28467"},{"taxonomy":"post_tag","embeddable":true,"href":"https:\/\/www.exclusifmag.com\/online\/wp-json\/wp\/v2\/tags?post=28467"}],"curies":[{"name":"wp","href":"https:\/\/api.w.org\/{rel}","templated":true}]}}