{"id":4953,"date":"2019-03-28T21:54:16","date_gmt":"2019-03-28T20:54:16","guid":{"rendered":"http:\/\/www.exclusifmag.com\/online\/?p=4953"},"modified":"2021-11-29T17:50:10","modified_gmt":"2021-11-29T16:50:10","slug":"bal-du-printemps-21e-edition","status":"publish","type":"post","link":"https:\/\/www.exclusifmag.com\/online\/bal-du-printemps-21e-edition\/","title":{"rendered":"BAL DU PRINTEMPS 21e EDITION"},"content":{"rendered":"<h2>Fabuleux espoir pour les parapl\u00e9giques<\/h2>\n<h3><em>L\u2019un d\u2019eux a march\u00e9 sur sc\u00e8ne<\/em><\/h3>\n<p><a href=\"http:\/\/www.exclusifmag.com\/online\/wp-content\/uploads\/2019\/03\/Profs-Gr\u00e9goire-Courtine-et-Jocelyne-Bloch-saluant-David-Mzee-debout-sur-sc\u00e8ne-.jpg\"><img loading=\"lazy\" decoding=\"async\" class=\"alignleft wp-image-4973\" src=\"http:\/\/www.exclusifmag.com\/online\/wp-content\/uploads\/2019\/03\/Profs-Gr\u00e9goire-Courtine-et-Jocelyne-Bloch-saluant-David-Mzee-debout-sur-sc\u00e8ne-.jpg\" alt=\"Profs Gr\u00e9goire Courtine et Jocelyne Bloch saluant David Mzee debout sur sc\u00e8ne\" width=\"300\" height=\"241\" srcset=\"https:\/\/www.exclusifmag.com\/online\/wp-content\/uploads\/2019\/03\/Profs-Gr\u00e9goire-Courtine-et-Jocelyne-Bloch-saluant-David-Mzee-debout-sur-sc\u00e8ne-.jpg 900w, https:\/\/www.exclusifmag.com\/online\/wp-content\/uploads\/2019\/03\/Profs-Gr\u00e9goire-Courtine-et-Jocelyne-Bloch-saluant-David-Mzee-debout-sur-sc\u00e8ne--400x321.jpg 400w, https:\/\/www.exclusifmag.com\/online\/wp-content\/uploads\/2019\/03\/Profs-Gr\u00e9goire-Courtine-et-Jocelyne-Bloch-saluant-David-Mzee-debout-sur-sc\u00e8ne--768x616.jpg 768w, https:\/\/www.exclusifmag.com\/online\/wp-content\/uploads\/2019\/03\/Profs-Gr\u00e9goire-Courtine-et-Jocelyne-Bloch-saluant-David-Mzee-debout-sur-sc\u00e8ne--686x550.jpg 686w\" sizes=\"auto, (max-width: 300px) 100vw, 300px\" \/><\/a><em><strong>KALISPERA<\/strong><\/em> ! C\u2019est sous les couleurs de la Gr\u00e8ce lors d\u2019une soir\u00e9e radieuse en bleu et blanc que le Bal du Printemps 2019 s\u2019est tenu \u00e0 l\u2019H\u00f4tel Pr\u00e9sident Wilson \u00e0 Gen\u00e8ve. Sous l\u2019\u00e9gide de la Fondation Internationale pour la Recherche en Parapl\u00e9gie (IRP), la manifestation caritative genevoise a attir\u00e9 plus de 520 convives et c\u00e9l\u00e9brit\u00e9s venus soutenir la cause. Un v\u00e9ritable \u00e9moi a secou\u00e9 toute la salle \u00e0 l\u2019arriv\u00e9e de David Mzee debout sur sc\u00e8ne ! Il est l\u2019un des premiers patients \u00e0 b\u00e9n\u00e9ficier de l\u2019\u00e9tude STIMO, men\u00e9e par Gr\u00e9goire Courtine et Jocelyne Bloch. <em>D\u00e9sormais, l\u2019espoir c\u2019est aujourd\u2019hui !<\/em><\/p>\n<p>&nbsp;<\/p>\n\n\t\t<style type=\"text\/css\">\n\t\t\t#gallery-1 {\n\t\t\t\tmargin: auto;\n\t\t\t}\n\t\t\t#gallery-1 .gallery-item {\n\t\t\t\tfloat: left;\n\t\t\t\tmargin-top: 10px;\n\t\t\t\ttext-align: center;\n\t\t\t\twidth: 33%;\n\t\t\t}\n\t\t\t#gallery-1 img {\n\t\t\t\tborder: 2px solid #cfcfcf;\n\t\t\t}\n\t\t\t#gallery-1 .gallery-caption {\n\t\t\t\tmargin-left: 0;\n\t\t\t}\n\t\t\t\/* see gallery_shortcode() in wp-includes\/media.php *\/\n\t\t<\/style>\n\t\t<div id='gallery-1' class='gallery galleryid-4953 gallery-columns-3 gallery-size-full'><dl class='gallery-item'>\n\t\t\t<dt class='gallery-icon landscape'>\n\t\t\t\t<a href='https:\/\/www.exclusifmag.com\/online\/wp-content\/uploads\/2019\/03\/1.-Le-Comit\u00e9-dAction-entourant-Philippe-Boissonnas.jpg'><img loading=\"lazy\" decoding=\"async\" width=\"900\" height=\"600\" src=\"https:\/\/www.exclusifmag.com\/online\/wp-content\/uploads\/2019\/03\/1.-Le-Comit\u00e9-dAction-entourant-Philippe-Boissonnas.jpg\" class=\"attachment-full size-full\" alt=\"Le Comit\u00e9 d&#039;Action entourant Philippe Boissonnas\" srcset=\"https:\/\/www.exclusifmag.com\/online\/wp-content\/uploads\/2019\/03\/1.-Le-Comit\u00e9-dAction-entourant-Philippe-Boissonnas.jpg 900w, https:\/\/www.exclusifmag.com\/online\/wp-content\/uploads\/2019\/03\/1.-Le-Comit\u00e9-dAction-entourant-Philippe-Boissonnas-400x267.jpg 400w, https:\/\/www.exclusifmag.com\/online\/wp-content\/uploads\/2019\/03\/1.-Le-Comit\u00e9-dAction-entourant-Philippe-Boissonnas-768x512.jpg 768w, https:\/\/www.exclusifmag.com\/online\/wp-content\/uploads\/2019\/03\/1.-Le-Comit\u00e9-dAction-entourant-Philippe-Boissonnas-825x550.jpg 825w\" sizes=\"auto, (max-width: 900px) 100vw, 900px\" \/><\/a>\n\t\t\t<\/dt><\/dl><dl class='gallery-item'>\n\t\t\t<dt class='gallery-icon landscape'>\n\t\t\t\t<a href='https:\/\/www.exclusifmag.com\/online\/wp-content\/uploads\/2019\/03\/2.-Lauriane-Gilli\u00e9-J\u00e9r\u00e9my-Seydoux-Erika-Wanner-et-Philippe-Boissonnas-.jpg'><img loading=\"lazy\" decoding=\"async\" width=\"900\" height=\"600\" src=\"https:\/\/www.exclusifmag.com\/online\/wp-content\/uploads\/2019\/03\/2.-Lauriane-Gilli\u00e9-J\u00e9r\u00e9my-Seydoux-Erika-Wanner-et-Philippe-Boissonnas-.jpg\" class=\"attachment-full size-full\" alt=\"Lauriane Gilli\u00e9ron, J\u00e9r\u00e9my Seydoux, Erika Wanner et Philippe Boissonnas\" srcset=\"https:\/\/www.exclusifmag.com\/online\/wp-content\/uploads\/2019\/03\/2.-Lauriane-Gilli\u00e9-J\u00e9r\u00e9my-Seydoux-Erika-Wanner-et-Philippe-Boissonnas-.jpg 900w, https:\/\/www.exclusifmag.com\/online\/wp-content\/uploads\/2019\/03\/2.-Lauriane-Gilli\u00e9-J\u00e9r\u00e9my-Seydoux-Erika-Wanner-et-Philippe-Boissonnas--400x267.jpg 400w, https:\/\/www.exclusifmag.com\/online\/wp-content\/uploads\/2019\/03\/2.-Lauriane-Gilli\u00e9-J\u00e9r\u00e9my-Seydoux-Erika-Wanner-et-Philippe-Boissonnas--768x512.jpg 768w, https:\/\/www.exclusifmag.com\/online\/wp-content\/uploads\/2019\/03\/2.-Lauriane-Gilli\u00e9-J\u00e9r\u00e9my-Seydoux-Erika-Wanner-et-Philippe-Boissonnas--825x550.jpg 825w\" sizes=\"auto, (max-width: 900px) 100vw, 900px\" \/><\/a>\n\t\t\t<\/dt><\/dl><dl class='gallery-item'>\n\t\t\t<dt class='gallery-icon landscape'>\n\t\t\t\t<a href='https:\/\/www.exclusifmag.com\/online\/wp-content\/uploads\/2019\/03\/3.-Autour-de-Nana-Mouskouri-LE-Hara-Skolarikou-Ambassadeur-de-Gr\u00e8ce-en-Suisse-et-Thanos-Kafopoulos-Consul-G\u00e9n\u00e9ral-\u00e0-Gen\u00e8ve-.jpg'><img loading=\"lazy\" decoding=\"async\" width=\"900\" height=\"600\" src=\"https:\/\/www.exclusifmag.com\/online\/wp-content\/uploads\/2019\/03\/3.-Autour-de-Nana-Mouskouri-LE-Hara-Skolarikou-Ambassadeur-de-Gr\u00e8ce-en-Suisse-et-Thanos-Kafopoulos-Consul-G\u00e9n\u00e9ral-\u00e0-Gen\u00e8ve-.jpg\" class=\"attachment-full size-full\" alt=\"Autour de Nana Mouskouri, LE Hara Skolarikou Ambassadeur de Gr\u00e8ce en Suisse et Thanos Kafopoulos Consul G\u00e9n\u00e9ral \u00e0 Gen\u00e8ve\" srcset=\"https:\/\/www.exclusifmag.com\/online\/wp-content\/uploads\/2019\/03\/3.-Autour-de-Nana-Mouskouri-LE-Hara-Skolarikou-Ambassadeur-de-Gr\u00e8ce-en-Suisse-et-Thanos-Kafopoulos-Consul-G\u00e9n\u00e9ral-\u00e0-Gen\u00e8ve-.jpg 900w, https:\/\/www.exclusifmag.com\/online\/wp-content\/uploads\/2019\/03\/3.-Autour-de-Nana-Mouskouri-LE-Hara-Skolarikou-Ambassadeur-de-Gr\u00e8ce-en-Suisse-et-Thanos-Kafopoulos-Consul-G\u00e9n\u00e9ral-\u00e0-Gen\u00e8ve--400x267.jpg 400w, https:\/\/www.exclusifmag.com\/online\/wp-content\/uploads\/2019\/03\/3.-Autour-de-Nana-Mouskouri-LE-Hara-Skolarikou-Ambassadeur-de-Gr\u00e8ce-en-Suisse-et-Thanos-Kafopoulos-Consul-G\u00e9n\u00e9ral-\u00e0-Gen\u00e8ve--768x512.jpg 768w, https:\/\/www.exclusifmag.com\/online\/wp-content\/uploads\/2019\/03\/3.-Autour-de-Nana-Mouskouri-LE-Hara-Skolarikou-Ambassadeur-de-Gr\u00e8ce-en-Suisse-et-Thanos-Kafopoulos-Consul-G\u00e9n\u00e9ral-\u00e0-Gen\u00e8ve--825x550.jpg 825w\" sizes=\"auto, (max-width: 900px) 100vw, 900px\" \/><\/a>\n\t\t\t<\/dt><\/dl><br style=\"clear: both\" \/>\n\t\t<\/div>\n\n<p>Dons, ventes aux ench\u00e8res et tombolas ont permis au bal de r\u00e9colter plus de CHF 300&rsquo;000. Mettant la recherche en parapl\u00e9gie encore une fois en vedette, le montant financera les projets de recherche en neurosciences en Suisse et dans le monde. S\u00e9lectionn\u00e9e par le Comit\u00e9 scientifique IRP, il favorisera, notamment, l\u2019\u00e9tude clinique STIMO. Et quel plus beau symbole que le renouveau du printemps pour pr\u00e9senter ces avanc\u00e9es notoires partag\u00e9es cette ann\u00e9e par les Professeurs Jocelyne Bloch, neurochirurgienne au CHUV et Gr\u00e9goire Courtine, chercheur au Campus Biotech\/EPFL ?<\/p>\n\n\t\t<style type=\"text\/css\">\n\t\t\t#gallery-2 {\n\t\t\t\tmargin: auto;\n\t\t\t}\n\t\t\t#gallery-2 .gallery-item {\n\t\t\t\tfloat: left;\n\t\t\t\tmargin-top: 10px;\n\t\t\t\ttext-align: center;\n\t\t\t\twidth: 33%;\n\t\t\t}\n\t\t\t#gallery-2 img {\n\t\t\t\tborder: 2px solid #cfcfcf;\n\t\t\t}\n\t\t\t#gallery-2 .gallery-caption {\n\t\t\t\tmargin-left: 0;\n\t\t\t}\n\t\t\t\/* see gallery_shortcode() in wp-includes\/media.php *\/\n\t\t<\/style>\n\t\t<div id='gallery-2' class='gallery galleryid-4953 gallery-columns-3 gallery-size-full'><dl class='gallery-item'>\n\t\t\t<dt class='gallery-icon landscape'>\n\t\t\t\t<a href='https:\/\/www.exclusifmag.com\/online\/wp-content\/uploads\/2019\/03\/4.-Le-Comit\u00e9-de-Patronnage-du-Bal-.jpg'><img loading=\"lazy\" decoding=\"async\" width=\"900\" height=\"600\" src=\"https:\/\/www.exclusifmag.com\/online\/wp-content\/uploads\/2019\/03\/4.-Le-Comit\u00e9-de-Patronnage-du-Bal-.jpg\" class=\"attachment-full size-full\" alt=\"Le Comit\u00e9 de Patronnage du Bal\" srcset=\"https:\/\/www.exclusifmag.com\/online\/wp-content\/uploads\/2019\/03\/4.-Le-Comit\u00e9-de-Patronnage-du-Bal-.jpg 900w, https:\/\/www.exclusifmag.com\/online\/wp-content\/uploads\/2019\/03\/4.-Le-Comit\u00e9-de-Patronnage-du-Bal--400x267.jpg 400w, https:\/\/www.exclusifmag.com\/online\/wp-content\/uploads\/2019\/03\/4.-Le-Comit\u00e9-de-Patronnage-du-Bal--768x512.jpg 768w, https:\/\/www.exclusifmag.com\/online\/wp-content\/uploads\/2019\/03\/4.-Le-Comit\u00e9-de-Patronnage-du-Bal--825x550.jpg 825w\" sizes=\"auto, (max-width: 900px) 100vw, 900px\" \/><\/a>\n\t\t\t<\/dt><\/dl><dl class='gallery-item'>\n\t\t\t<dt class='gallery-icon landscape'>\n\t\t\t\t<a href='https:\/\/www.exclusifmag.com\/online\/wp-content\/uploads\/2019\/03\/Joker-Pablo-Pizzaro-D.G-du-Pr\u00e9sident-Wilson-avec-Shania-Twain-et-ses-invit\u00e9s-.jpg'><img loading=\"lazy\" decoding=\"async\" width=\"900\" height=\"600\" src=\"https:\/\/www.exclusifmag.com\/online\/wp-content\/uploads\/2019\/03\/Joker-Pablo-Pizzaro-D.G-du-Pr\u00e9sident-Wilson-avec-Shania-Twain-et-ses-invit\u00e9s-.jpg\" class=\"attachment-full size-full\" alt=\"Pablo Pizzaro D.G du Pr\u00e9sident Wilson avec Shania Twain et ses invit\u00e9s\" srcset=\"https:\/\/www.exclusifmag.com\/online\/wp-content\/uploads\/2019\/03\/Joker-Pablo-Pizzaro-D.G-du-Pr\u00e9sident-Wilson-avec-Shania-Twain-et-ses-invit\u00e9s-.jpg 900w, https:\/\/www.exclusifmag.com\/online\/wp-content\/uploads\/2019\/03\/Joker-Pablo-Pizzaro-D.G-du-Pr\u00e9sident-Wilson-avec-Shania-Twain-et-ses-invit\u00e9s--400x267.jpg 400w, https:\/\/www.exclusifmag.com\/online\/wp-content\/uploads\/2019\/03\/Joker-Pablo-Pizzaro-D.G-du-Pr\u00e9sident-Wilson-avec-Shania-Twain-et-ses-invit\u00e9s--768x512.jpg 768w, https:\/\/www.exclusifmag.com\/online\/wp-content\/uploads\/2019\/03\/Joker-Pablo-Pizzaro-D.G-du-Pr\u00e9sident-Wilson-avec-Shania-Twain-et-ses-invit\u00e9s--825x550.jpg 825w\" sizes=\"auto, (max-width: 900px) 100vw, 900px\" \/><\/a>\n\t\t\t<\/dt><\/dl><dl class='gallery-item'>\n\t\t\t<dt class='gallery-icon landscape'>\n\t\t\t\t<a href='https:\/\/www.exclusifmag.com\/online\/wp-content\/uploads\/2019\/03\/Joker-Tom-Leeb-et-le-groupe-None\u00efm-.jpg'><img loading=\"lazy\" decoding=\"async\" width=\"900\" height=\"600\" src=\"https:\/\/www.exclusifmag.com\/online\/wp-content\/uploads\/2019\/03\/Joker-Tom-Leeb-et-le-groupe-None\u00efm-.jpg\" class=\"attachment-full size-full\" alt=\"Tom Leeb et le groupe None\u00efm\" srcset=\"https:\/\/www.exclusifmag.com\/online\/wp-content\/uploads\/2019\/03\/Joker-Tom-Leeb-et-le-groupe-None\u00efm-.jpg 900w, https:\/\/www.exclusifmag.com\/online\/wp-content\/uploads\/2019\/03\/Joker-Tom-Leeb-et-le-groupe-None\u00efm--400x267.jpg 400w, https:\/\/www.exclusifmag.com\/online\/wp-content\/uploads\/2019\/03\/Joker-Tom-Leeb-et-le-groupe-None\u00efm--768x512.jpg 768w, https:\/\/www.exclusifmag.com\/online\/wp-content\/uploads\/2019\/03\/Joker-Tom-Leeb-et-le-groupe-None\u00efm--825x550.jpg 825w\" sizes=\"auto, (max-width: 900px) 100vw, 900px\" \/><\/a>\n\t\t\t<\/dt><\/dl><br style=\"clear: both\" \/>\n\t\t<\/div>\n\n<p>En pr\u00e9sence de l\u2019Ambassade de Gr\u00e8ce en Suisse, du Consulat de Gr\u00e8ce \u00e0 Gen\u00e8ve et, en pr\u00e9sence de celle qui a si merveilleusement chant\u00e9 son pays, Madame Nana Mouskouri, outre le monde scientifique, de nombreuses personnalit\u00e9s du Tout Gen\u00e8ve des affaires, du show business et des institutions n\u2019ont pas manqu\u00e9 d\u2019apporter leur soutien au Bal du Printemps. Le d\u00eener concoct\u00e9 par le Grand Chef Michel Roth et sa brigade de meilleurs ouvriers de France a enchant\u00e9 les convives par son raffinement et son inventivit\u00e9, cependant que d\u2019une main de ma\u00eetre maniant le marteau, Eric Valdieu orchestrait de son c\u00f4t\u00e9 des ventes aux ench\u00e8res tr\u00e8s convoit\u00e9es. Le groupe NONE\u00cfM, accompagn\u00e9 par le chanteur Tom Leeb, a prolong\u00e9 la soir\u00e9e en enflammant le dancefloor.<\/p>\n<p><em><strong>La prochaine \u00e9dition du Bal du printemps se tiendra le 21 mars 2020 !<\/strong><\/em><\/p>\n<p><a href=\"http:\/\/www.exclusifmag.com\/online\/wp-content\/uploads\/2019\/03\/5.-Michl-Roth-et-sa-brigade-de-lH\u00f4tel-Pr\u00e9sident-Wilson.jpg\"><img loading=\"lazy\" decoding=\"async\" class=\"alignnone wp-image-4965 size-full\" src=\"http:\/\/www.exclusifmag.com\/online\/wp-content\/uploads\/2019\/03\/5.-Michl-Roth-et-sa-brigade-de-lH\u00f4tel-Pr\u00e9sident-Wilson.jpg\" alt=\" Michel Roth et sa brigade de l'H\u00f4tel Pr\u00e9sident Wilson\" width=\"2048\" height=\"805\" srcset=\"https:\/\/www.exclusifmag.com\/online\/wp-content\/uploads\/2019\/03\/5.-Michl-Roth-et-sa-brigade-de-lH\u00f4tel-Pr\u00e9sident-Wilson.jpg 2048w, https:\/\/www.exclusifmag.com\/online\/wp-content\/uploads\/2019\/03\/5.-Michl-Roth-et-sa-brigade-de-lH\u00f4tel-Pr\u00e9sident-Wilson-400x157.jpg 400w, https:\/\/www.exclusifmag.com\/online\/wp-content\/uploads\/2019\/03\/5.-Michl-Roth-et-sa-brigade-de-lH\u00f4tel-Pr\u00e9sident-Wilson-768x302.jpg 768w, https:\/\/www.exclusifmag.com\/online\/wp-content\/uploads\/2019\/03\/5.-Michl-Roth-et-sa-brigade-de-lH\u00f4tel-Pr\u00e9sident-Wilson-1024x403.jpg 1024w, https:\/\/www.exclusifmag.com\/online\/wp-content\/uploads\/2019\/03\/5.-Michl-Roth-et-sa-brigade-de-lH\u00f4tel-Pr\u00e9sident-Wilson-900x354.jpg 900w\" sizes=\"auto, (max-width: 2048px) 100vw, 2048px\" \/><\/a><\/p>\n<p>&nbsp;<\/p>\n<p>.<\/p>\n","protected":false},"excerpt":{"rendered":"<p>BAL DU PRINTEMPS 21e \u00e9dition<br \/>\nFabuleux espoir pour les parapl\u00e9giques<br \/>\nL\u2019un d\u2019eux a march\u00e9 sur sc\u00e8ne<\/p>\n","protected":false},"author":1,"featured_media":4990,"comment_status":"open","ping_status":"open","sticky":false,"template":"","format":"standard","meta":{"footnotes":""},"categories":[4,2],"tags":[226,227,229,228],"class_list":["post-4953","post","type-post","status-publish","format-standard","has-post-thumbnail","hentry","category-events","category-people","tag-bal-du-printemps","tag-fondation-irp","tag-grece","tag-hotel-president-wilson"],"_links":{"self":[{"href":"https:\/\/www.exclusifmag.com\/online\/wp-json\/wp\/v2\/posts\/4953","targetHints":{"allow":["GET"]}}],"collection":[{"href":"https:\/\/www.exclusifmag.com\/online\/wp-json\/wp\/v2\/posts"}],"about":[{"href":"https:\/\/www.exclusifmag.com\/online\/wp-json\/wp\/v2\/types\/post"}],"author":[{"embeddable":true,"href":"https:\/\/www.exclusifmag.com\/online\/wp-json\/wp\/v2\/users\/1"}],"replies":[{"embeddable":true,"href":"https:\/\/www.exclusifmag.com\/online\/wp-json\/wp\/v2\/comments?post=4953"}],"version-history":[{"count":33,"href":"https:\/\/www.exclusifmag.com\/online\/wp-json\/wp\/v2\/posts\/4953\/revisions"}],"predecessor-version":[{"id":17617,"href":"https:\/\/www.exclusifmag.com\/online\/wp-json\/wp\/v2\/posts\/4953\/revisions\/17617"}],"wp:featuredmedia":[{"embeddable":true,"href":"https:\/\/www.exclusifmag.com\/online\/wp-json\/wp\/v2\/media\/4990"}],"wp:attachment":[{"href":"https:\/\/www.exclusifmag.com\/online\/wp-json\/wp\/v2\/media?parent=4953"}],"wp:term":[{"taxonomy":"category","embeddable":true,"href":"https:\/\/www.exclusifmag.com\/online\/wp-json\/wp\/v2\/categories?post=4953"},{"taxonomy":"post_tag","embeddable":true,"href":"https:\/\/www.exclusifmag.com\/online\/wp-json\/wp\/v2\/tags?post=4953"}],"curies":[{"name":"wp","href":"https:\/\/api.w.org\/{rel}","templated":true}]}}