{"id":5216,"date":"2019-04-15T09:30:33","date_gmt":"2019-04-15T07:30:33","guid":{"rendered":"http:\/\/www.exclusifmag.com\/online\/?p=5216"},"modified":"2021-11-29T17:44:44","modified_gmt":"2021-11-29T16:44:44","slug":"festival-madame-de-stael","status":"publish","type":"post","link":"https:\/\/www.exclusifmag.com\/online\/festival-madame-de-stael\/","title":{"rendered":"Festival Madame de Sta\u00ebl"},"content":{"rendered":"<h2><strong><em>Quand l\u2019esprit de Germaine<\/em><\/strong><\/h2>\n<h2><strong>rallume la flamme estivale du 17 au 20 juin<\/strong><\/h2>\n<p><strong><a href=\"http:\/\/www.exclusifmag.com\/online\/wp-content\/uploads\/2019\/04\/Me-Marc-Bonnant.jpg\"><img loading=\"lazy\" decoding=\"async\" class=\"alignleft wp-image-5227\" src=\"http:\/\/www.exclusifmag.com\/online\/wp-content\/uploads\/2019\/04\/Me-Marc-Bonnant.jpg\" alt=\"Me Marc Bonnant\" width=\"158\" height=\"211\" srcset=\"https:\/\/www.exclusifmag.com\/online\/wp-content\/uploads\/2019\/04\/Me-Marc-Bonnant.jpg 600w, https:\/\/www.exclusifmag.com\/online\/wp-content\/uploads\/2019\/04\/Me-Marc-Bonnant-300x400.jpg 300w, https:\/\/www.exclusifmag.com\/online\/wp-content\/uploads\/2019\/04\/Me-Marc-Bonnant-413x550.jpg 413w\" sizes=\"auto, (max-width: 158px) 100vw, 158px\" \/><\/a>A l\u2019arriv\u00e9e de la belle saison, le <em>Festival Madame de Sta\u00ebl<\/em> est l\u2019\u00e9v\u00e9nement culturel suivi avec ferveur. Une plong\u00e9e dans le monde effervescent de Germaine de Sta\u00ebl et du groupe de Coppet\u00a0 sur lesquels le style et l\u2019esprit impertinent de l\u2019in\u00e9narrable ch\u00e2telaine continuent \u00a0de r\u00e9gner en ma\u00eetres absolus. La rencontre propose des pi\u00e8ces de th\u00e9\u00e2tre\u00a0\u00a0\u00a0\u00a0\u00a0 &#8211; cr\u00e9ations et\u00a0 autres plaidoiries &#8211; inspir\u00e9es par l\u2019\u0153uvre de la Dame de Coppet.\u00a0 Sur le parvis du Ch\u00e2teau, deux figures phares tr\u00e8s attendues, Me Marc Bonnant et le metteur en sc\u00e8ne Alain Carr\u00e9 dont les seuls noms sur le programme galvanisent une foule de fans \u00e9clectiques et distingu\u00e9s. Ici, nul ne saurait bouder son plaisir\u00a0!<\/strong><\/p>\n<p>Chaque ann\u00e9e depuis sa cr\u00e9ation en 2011, en ouverture, le <em>Festival\u00a0Madame de Sta\u00eb<\/em>l a le privil\u00e8ge d\u2019accueillir Me Marc Bonnant.\u00a0 En parall\u00e8le \u00e0 ses activit\u00e9s juridiques, il plaide &#8211; hors pr\u00e9toire &#8211; des proc\u00e8s historiques ou fictifs qu\u2019il (r\u00e9)invente sur diff\u00e9rentes sc\u00e8nes connues entre Lausanne et Gen\u00e8ve dont il est, d\u00e9sormais, un habitu\u00e9. Sacr\u00e9 \u00e0 Paris lors de la Nuit de l\u2019Eloquence meilleur orateur francophone, le c\u00e9l\u00e8bre avocat donne \u00e9galement de nombreuses conf\u00e9rences sur l\u2019art oratoire. Il se produira mardi 18 juin en la Cour d\u2019Honneur du Ch\u00e2teau de Coppet o\u00f9 son public inconditionnel d\u00e9couvrira sa plaidoirie <em>Voltaire et Dieu <\/em>\u00e0 20h00. Un moment de pur bonheur annonc\u00e9\u00a0!<\/p>\n<p>Mis en sc\u00e8ne par Alain Carr\u00e9, le spectacle se poursuivra \u00e0 21h00 en cette m\u00eame Cour d\u2019Honneur\u00a0 par la cr\u00e9ation <em>Candide ou l\u2019optimisme de Voltaire<\/em>. C\u2019est une pi\u00e8ce, un conte, un spectacle multiple. Tenant du th\u00e9\u00e2tre, du cirque avec danse, piano et lyrique, un bijou de prose comique \u00e0 interpr\u00e9ter et jouer avec d\u00e9lectation que la troupe soutient avec brio. Une gageure que le talent de celui qui affronte r\u00e9guli\u00e8rement Marc Bonnant sur sc\u00e8ne dans ses plaidoiries remporte haut la main. Com\u00e9dien,\u00a0 interpr\u00e8te de r\u00e9pertoire classique ou contemporain, Alain Carr\u00e9 forme \u00e9galement des projets originaux qu\u2019il adapte \u00e0 la sc\u00e8ne entre la Belgique, la France, la Suisse, l\u2019Allemagne, la Pologne, ou encore au Br\u00e9sil, Maroc et en Isra\u00ebl\u2026 A compter de 2018, Alain Carr\u00e9, \u00e0 qui le Festival doit sa cr\u00e9ation, a \u00e9t\u00e9 sollicit\u00e9 pour en \u00a0reprendre la direction artistique.<\/p>\n\n\t\t<style type=\"text\/css\">\n\t\t\t#gallery-1 {\n\t\t\t\tmargin: auto;\n\t\t\t}\n\t\t\t#gallery-1 .gallery-item {\n\t\t\t\tfloat: left;\n\t\t\t\tmargin-top: 10px;\n\t\t\t\ttext-align: center;\n\t\t\t\twidth: 33%;\n\t\t\t}\n\t\t\t#gallery-1 img {\n\t\t\t\tborder: 2px solid #cfcfcf;\n\t\t\t}\n\t\t\t#gallery-1 .gallery-caption {\n\t\t\t\tmargin-left: 0;\n\t\t\t}\n\t\t\t\/* see gallery_shortcode() in wp-includes\/media.php *\/\n\t\t<\/style>\n\t\t<div id='gallery-1' class='gallery galleryid-5216 gallery-columns-3 gallery-size-thumbnail'><dl class='gallery-item'>\n\t\t\t<dt class='gallery-icon portrait'>\n\t\t\t\t<a href='https:\/\/www.exclusifmag.com\/online\/wp-content\/uploads\/2019\/04\/1.-Alain-Carr\u00e9-Directeur-artistique-du-Festival-de-Coppet.jpg'><img loading=\"lazy\" decoding=\"async\" width=\"250\" height=\"250\" src=\"https:\/\/www.exclusifmag.com\/online\/wp-content\/uploads\/2019\/04\/1.-Alain-Carr\u00e9-Directeur-artistique-du-Festival-de-Coppet-250x250.jpg\" class=\"attachment-thumbnail size-thumbnail\" alt=\"Alain Carr\u00e9 Directeur artistique du Festival de Coppet\" srcset=\"https:\/\/www.exclusifmag.com\/online\/wp-content\/uploads\/2019\/04\/1.-Alain-Carr\u00e9-Directeur-artistique-du-Festival-de-Coppet-250x250.jpg 250w, https:\/\/www.exclusifmag.com\/online\/wp-content\/uploads\/2019\/04\/1.-Alain-Carr\u00e9-Directeur-artistique-du-Festival-de-Coppet-400x400.jpg 400w\" sizes=\"auto, (max-width: 250px) 100vw, 250px\" \/><\/a>\n\t\t\t<\/dt><\/dl><dl class='gallery-item'>\n\t\t\t<dt class='gallery-icon portrait'>\n\t\t\t\t<a href='https:\/\/www.exclusifmag.com\/online\/wp-content\/uploads\/2019\/04\/St\u00e9phanie-Leclef.jpg'><img loading=\"lazy\" decoding=\"async\" width=\"250\" height=\"250\" src=\"https:\/\/www.exclusifmag.com\/online\/wp-content\/uploads\/2019\/04\/St\u00e9phanie-Leclef-250x250.jpg\" class=\"attachment-thumbnail size-thumbnail\" alt=\"St\u00e9phanie Leclef\" srcset=\"https:\/\/www.exclusifmag.com\/online\/wp-content\/uploads\/2019\/04\/St\u00e9phanie-Leclef-250x250.jpg 250w, https:\/\/www.exclusifmag.com\/online\/wp-content\/uploads\/2019\/04\/St\u00e9phanie-Leclef-400x400.jpg 400w\" sizes=\"auto, (max-width: 250px) 100vw, 250px\" \/><\/a>\n\t\t\t<\/dt><\/dl><dl class='gallery-item'>\n\t\t\t<dt class='gallery-icon portrait'>\n\t\t\t\t<a href='https:\/\/www.exclusifmag.com\/online\/wp-content\/uploads\/2019\/04\/A\u00efssa-Derrouaz-.jpg'><img loading=\"lazy\" decoding=\"async\" width=\"250\" height=\"250\" src=\"https:\/\/www.exclusifmag.com\/online\/wp-content\/uploads\/2019\/04\/A\u00efssa-Derrouaz--250x250.jpg\" class=\"attachment-thumbnail size-thumbnail\" alt=\"A\u00efssa Derrouaz\" srcset=\"https:\/\/www.exclusifmag.com\/online\/wp-content\/uploads\/2019\/04\/A\u00efssa-Derrouaz--250x250.jpg 250w, https:\/\/www.exclusifmag.com\/online\/wp-content\/uploads\/2019\/04\/A\u00efssa-Derrouaz--400x400.jpg 400w\" sizes=\"auto, (max-width: 250px) 100vw, 250px\" \/><\/a>\n\t\t\t<\/dt><\/dl><br style=\"clear: both\" \/>\n\t\t<\/div>\n\n<p><strong>L\u2019art de la conversation<\/strong><\/p>\n<p>S\u2019il est une qualit\u00e9 reconnue \u00e0 Mme de Sta\u00ebl, c\u2019est bien l\u2019art de la conversation. Par son verbe et son esprit, celle que ses intimes appelaient Minette,\u00a0\u00e9blouissait les personnalit\u00e9s fr\u00e9quentant son salon.<em> MINETTE,<\/em> une cr\u00e9ation d\u2019Alain Carr\u00e9 \u00e0 partir des lettres de Mme de Sta\u00ebl,\u00a0 le 19 juin \u00e0 20h00, c\u2019est Minette en personne qui donnera le ton de ses conversations. Le public croira l\u2019entendre parler, discuter, commenter,\u00a0 objecter, r\u00e9pondre\u2026 Proche d\u2019une George Sand, ce sont les propos d\u2019une femme libre qui s\u2019int\u00e9resse au monde et \u00e0 ces hommes et femmes hors du commun. Avec Isabelle Caillat,\u00a0 artiste-interpr\u00e8te et R\u00e9becca Chaillot, pianiste, que l\u2019on retrouve \u00e9galement avec les com\u00e9diens, St\u00e9phanie Leclef, et A\u00efssa Derrouaz dans <em>Candide ou l\u2019optimisme de Voltaire. <\/em>Une\u00a0 troupe \u00e0 l\u2019exp\u00e9rience internationale, \u00e0 la carri\u00e8re bien remplie entre cin\u00e9ma, th\u00e9\u00e2tre, t\u00e9l\u00e9vision et arts de la parole, habitu\u00e9e \u00e0 collaborer avec Alain Carr\u00e9.<\/p>\n<p><a href=\"http:\/\/www.exclusifmag.com\/online\/wp-content\/uploads\/2019\/04\/Bandeau-2.jpg\"><img loading=\"lazy\" decoding=\"async\" class=\"alignnone wp-image-5340 size-full\" src=\"http:\/\/www.exclusifmag.com\/online\/wp-content\/uploads\/2019\/04\/Bandeau-2.jpg\" alt=\"\" width=\"1400\" height=\"819\" srcset=\"https:\/\/www.exclusifmag.com\/online\/wp-content\/uploads\/2019\/04\/Bandeau-2.jpg 1400w, https:\/\/www.exclusifmag.com\/online\/wp-content\/uploads\/2019\/04\/Bandeau-2-400x234.jpg 400w, https:\/\/www.exclusifmag.com\/online\/wp-content\/uploads\/2019\/04\/Bandeau-2-768x449.jpg 768w, https:\/\/www.exclusifmag.com\/online\/wp-content\/uploads\/2019\/04\/Bandeau-2-1024x599.jpg 1024w, https:\/\/www.exclusifmag.com\/online\/wp-content\/uploads\/2019\/04\/Bandeau-2-900x527.jpg 900w\" sizes=\"auto, (max-width: 1400px) 100vw, 1400px\" \/><\/a><\/p>\n<p><a href=\"http:\/\/www.exclusifmag.com\/online\/wp-content\/uploads\/2019\/04\/3.jpg\"><img loading=\"lazy\" decoding=\"async\" class=\"alignleft wp-image-5243\" src=\"http:\/\/www.exclusifmag.com\/online\/wp-content\/uploads\/2019\/04\/3.jpg\" alt=\"\" width=\"131\" height=\"197\" srcset=\"https:\/\/www.exclusifmag.com\/online\/wp-content\/uploads\/2019\/04\/3.jpg 600w, https:\/\/www.exclusifmag.com\/online\/wp-content\/uploads\/2019\/04\/3-267x400.jpg 267w, https:\/\/www.exclusifmag.com\/online\/wp-content\/uploads\/2019\/04\/3-400x600.jpg 400w, https:\/\/www.exclusifmag.com\/online\/wp-content\/uploads\/2019\/04\/3-367x550.jpg 367w\" sizes=\"auto, (max-width: 131px) 100vw, 131px\" \/><\/a>Joyeuse confrontation entre chanteurs lyriques et com\u00e9diens, mise en sc\u00e8ne par Fr\u00e9d\u00e9ric Mairy, <em>FIGAROH !<\/em> d\u2019apr\u00e8s Mozart et Beaumarchais, prendra place dans la Cour d\u2019Honneur du Ch\u00e2teau le 20 juin. Apr\u00e8s avoir d\u00e9j\u00e0 travaill\u00e9 ensemble, les compagnies neuch\u00e2teloises <em>Comiqu\u2019op\u00e9ra<\/em> et <em>Sugar Cane<\/em>, signent ici leur premi\u00e8re coproduction. Une cr\u00e9ation collective, interpr\u00e9t\u00e9e par Davide Autieri, Lucas Buclin\/Guy-Fran\u00e7ois Leuenberger, Leana Durney, Mathias Glayre &amp; Carine Martin, emm\u00e8ne le public dans un chass\u00e9 crois\u00e9 d\u2019amoureux. Suzanne, Figaro, Ch\u00e9rubin avec le Comte et la Comtesse raviront les c\u0153urs en brouillant les pistes. Texte &amp; musique librement inspir\u00e9s des oeuvres de Beaumarchais &amp; W.A. Mozart.<\/p>\n<p><strong>Pour un jeune public<\/strong><\/p>\n<p>Enfin, dans le cadre des\u00a0 <em>Folles journ\u00e9es de Madame de Sta\u00ebl<\/em>, c\u2019est \u00e0 destination des \u00e9coles maternelles, primaires et coll\u00e8ge de Terre Sainte que\u00a0 le <em>Festival Madame de Sta\u00ebl<\/em> se produira d\u00e8s le 17 juin le matin et l\u2019apr\u00e8s-midi (le mercredi 19 seulement le matin).<\/p>\n<p>Une \u00e9dition 2019 p\u00e9tillante \u00e0 inscrire sans tarder \u00e0 l\u2019agenda.<\/p>\n","protected":false},"excerpt":{"rendered":"<p>Festival Madame de Sta\u00ebl<br \/>\nQuand l\u2019esprit de Germaine<br \/>\nrallume la flamme estivale du 17 au 20 juin<\/p>\n","protected":false},"author":1,"featured_media":5255,"comment_status":"open","ping_status":"open","sticky":false,"template":"","format":"standard","meta":{"footnotes":""},"categories":[11,4],"tags":[245,240,239,242,241],"class_list":["post-5216","post","type-post","status-publish","format-standard","has-post-thumbnail","hentry","category-art-culture","category-events","tag-alain-carre","tag-chateau","tag-coppet","tag-marc-bonnant","tag-mme-de-stael"],"_links":{"self":[{"href":"https:\/\/www.exclusifmag.com\/online\/wp-json\/wp\/v2\/posts\/5216","targetHints":{"allow":["GET"]}}],"collection":[{"href":"https:\/\/www.exclusifmag.com\/online\/wp-json\/wp\/v2\/posts"}],"about":[{"href":"https:\/\/www.exclusifmag.com\/online\/wp-json\/wp\/v2\/types\/post"}],"author":[{"embeddable":true,"href":"https:\/\/www.exclusifmag.com\/online\/wp-json\/wp\/v2\/users\/1"}],"replies":[{"embeddable":true,"href":"https:\/\/www.exclusifmag.com\/online\/wp-json\/wp\/v2\/comments?post=5216"}],"version-history":[{"count":35,"href":"https:\/\/www.exclusifmag.com\/online\/wp-json\/wp\/v2\/posts\/5216\/revisions"}],"predecessor-version":[{"id":17612,"href":"https:\/\/www.exclusifmag.com\/online\/wp-json\/wp\/v2\/posts\/5216\/revisions\/17612"}],"wp:featuredmedia":[{"embeddable":true,"href":"https:\/\/www.exclusifmag.com\/online\/wp-json\/wp\/v2\/media\/5255"}],"wp:attachment":[{"href":"https:\/\/www.exclusifmag.com\/online\/wp-json\/wp\/v2\/media?parent=5216"}],"wp:term":[{"taxonomy":"category","embeddable":true,"href":"https:\/\/www.exclusifmag.com\/online\/wp-json\/wp\/v2\/categories?post=5216"},{"taxonomy":"post_tag","embeddable":true,"href":"https:\/\/www.exclusifmag.com\/online\/wp-json\/wp\/v2\/tags?post=5216"}],"curies":[{"name":"wp","href":"https:\/\/api.w.org\/{rel}","templated":true}]}}