{"id":5730,"date":"2019-04-29T14:57:37","date_gmt":"2019-04-29T12:57:37","guid":{"rendered":"http:\/\/www.exclusifmag.com\/online\/?p=5730"},"modified":"2021-11-29T17:27:31","modified_gmt":"2021-11-29T16:27:31","slug":"5730-2","status":"publish","type":"post","link":"https:\/\/www.exclusifmag.com\/online\/5730-2\/","title":{"rendered":"S.Pellegrino Sapori Ticino"},"content":{"rendered":"<h2>S.Pellegrino Sapori Ticino<\/h2>\n<h3>Un savoureux voyage culinaire<br \/>\nA travers le Canton du Tessin<\/h3>\n<h2>HONNEUR A LA HAUTE CUISINE SUISSE<\/h2>\n<p><strong>La 13e \u00e9dition du <em>Festival S.Pellegrino Sapori Ticino<\/em> c\u00e9l\u00e9brant la richesse gastronomiques de la Suisse a d\u00e9marr\u00e9 par l\u2019\u00e9l\u00e9gant d\u00eener de gala tenu le 8 avril dernier au Four Season\u2019s Hotel des Bergues \u00e0 Gen\u00e8ve. Le coup d\u2019envoi pr\u00e9sentait pour l\u2019occasion les meilleurs Chefs tessinois consacrant sous le th\u00e8me<em> Suisse Superstar<\/em> la haute cuisine helv\u00e9tique. En effet, apr\u00e8s un tour du monde des cuisines internationales en 2018, la manifestation oeno-gastronomique tessinoise a d\u00e9cid\u00e9 cette ann\u00e9e d\u2019engager les passionn\u00e9s de haute cuisine dans le sillage des saveurs nationales. Un exceptionnel voyage culinaire \u00e0 suivre en plusieurs \u00e9tapes \u00e0 travers la Suisse italienne jusqu\u2019au 16 juin 2019.<\/strong><\/p>\n<p>Une plong\u00e9e dans la tradition locale ! Pour <em>S. Pellegrino Sapori Ticino<\/em> qui, d\u00e8s sa cr\u00e9ation, s\u2019\u00e9tait fait le chantre du Tessin et de son excellence touristique, gastronomique et h\u00f4teli\u00e8re, c\u2019est la mise en lumi\u00e8re de la r\u00e9gion et une meilleure exposition \u00e9tendue \u00e0 toute la nation. Voil\u00e0 13 ans d\u00e9j\u00e0 que les accords mets et vins jouent ici la partition du vignoble du Tessin. Si les plats des chefs s\u2019accompagnent des grandes appellations du Canton, le festival est loin d\u2019ignorer ces vins locaux si parfaitement capables d\u2019\u00eatre \u00e0 l\u2019unisson d\u2019une recherche raffin\u00e9e offrant le subtil \u00e9quilibre des go\u00fbts. En un mot, d\u2019imposer \u00e9galement leur place au sein de la haute cuisine!<\/p>\n\n\t\t<style type=\"text\/css\">\n\t\t\t#gallery-1 {\n\t\t\t\tmargin: auto;\n\t\t\t}\n\t\t\t#gallery-1 .gallery-item {\n\t\t\t\tfloat: left;\n\t\t\t\tmargin-top: 10px;\n\t\t\t\ttext-align: center;\n\t\t\t\twidth: 50%;\n\t\t\t}\n\t\t\t#gallery-1 img {\n\t\t\t\tborder: 2px solid #cfcfcf;\n\t\t\t}\n\t\t\t#gallery-1 .gallery-caption {\n\t\t\t\tmargin-left: 0;\n\t\t\t}\n\t\t\t\/* see gallery_shortcode() in wp-includes\/media.php *\/\n\t\t<\/style>\n\t\t<div id='gallery-1' class='gallery galleryid-5730 gallery-columns-2 gallery-size-full'><dl class='gallery-item'>\n\t\t\t<dt class='gallery-icon landscape'>\n\t\t\t\t<a href='https:\/\/www.exclusifmag.com\/online\/wp-content\/uploads\/2019\/04\/1.-A-Lugano-lexceptionnelle-table-de-la-Villa-Principe-Leopoldo-.jpg'><img loading=\"lazy\" decoding=\"async\" width=\"900\" height=\"600\" src=\"https:\/\/www.exclusifmag.com\/online\/wp-content\/uploads\/2019\/04\/1.-A-Lugano-lexceptionnelle-table-de-la-Villa-Principe-Leopoldo-.jpg\" class=\"attachment-full size-full\" alt=\"A Lugano l&#039;exceptionnelle table de la Villa Principe Leopoldo\" srcset=\"https:\/\/www.exclusifmag.com\/online\/wp-content\/uploads\/2019\/04\/1.-A-Lugano-lexceptionnelle-table-de-la-Villa-Principe-Leopoldo-.jpg 900w, https:\/\/www.exclusifmag.com\/online\/wp-content\/uploads\/2019\/04\/1.-A-Lugano-lexceptionnelle-table-de-la-Villa-Principe-Leopoldo--400x267.jpg 400w, https:\/\/www.exclusifmag.com\/online\/wp-content\/uploads\/2019\/04\/1.-A-Lugano-lexceptionnelle-table-de-la-Villa-Principe-Leopoldo--768x512.jpg 768w, https:\/\/www.exclusifmag.com\/online\/wp-content\/uploads\/2019\/04\/1.-A-Lugano-lexceptionnelle-table-de-la-Villa-Principe-Leopoldo--825x550.jpg 825w\" sizes=\"auto, (max-width: 900px) 100vw, 900px\" \/><\/a>\n\t\t\t<\/dt><\/dl><dl class='gallery-item'>\n\t\t\t<dt class='gallery-icon landscape'>\n\t\t\t\t<a href='https:\/\/www.exclusifmag.com\/online\/wp-content\/uploads\/2019\/04\/2.-Jadis-maison-historique-la-Villa-Principe-Leopoldo-est-une-des-meilleures-tables-du-Tessin-.jpg'><img loading=\"lazy\" decoding=\"async\" width=\"900\" height=\"600\" src=\"https:\/\/www.exclusifmag.com\/online\/wp-content\/uploads\/2019\/04\/2.-Jadis-maison-historique-la-Villa-Principe-Leopoldo-est-une-des-meilleures-tables-du-Tessin-.jpg\" class=\"attachment-full size-full\" alt=\"Jadis maison historique la Villa Principe Leopoldo est une des meilleures tables du Tessin\" srcset=\"https:\/\/www.exclusifmag.com\/online\/wp-content\/uploads\/2019\/04\/2.-Jadis-maison-historique-la-Villa-Principe-Leopoldo-est-une-des-meilleures-tables-du-Tessin-.jpg 900w, https:\/\/www.exclusifmag.com\/online\/wp-content\/uploads\/2019\/04\/2.-Jadis-maison-historique-la-Villa-Principe-Leopoldo-est-une-des-meilleures-tables-du-Tessin--400x267.jpg 400w, https:\/\/www.exclusifmag.com\/online\/wp-content\/uploads\/2019\/04\/2.-Jadis-maison-historique-la-Villa-Principe-Leopoldo-est-une-des-meilleures-tables-du-Tessin--768x512.jpg 768w, https:\/\/www.exclusifmag.com\/online\/wp-content\/uploads\/2019\/04\/2.-Jadis-maison-historique-la-Villa-Principe-Leopoldo-est-une-des-meilleures-tables-du-Tessin--825x550.jpg 825w\" sizes=\"auto, (max-width: 900px) 100vw, 900px\" \/><\/a>\n\t\t\t<\/dt><\/dl><br style=\"clear: both\" \/>\n\t\t<\/div>\n\n<p><strong>Une constellation d\u2019\u00e9toiles<\/strong><\/p>\n<p>Pour cette 13e brillante vol\u00e9e comptant un nombre impressionnant de points Gault &amp;Millau et d\u2019\u00e9toiles Michelin &#8211; outre une coop\u00e9ration avec Gault&amp; Millau &#8211; le festival a \u00e9galement choisi de collaborer avec<em> Les Grandes Tables de Suisse<\/em>, la plus prestigieuse association de cuisiniers, r\u00e9unissant les meilleurs chefs du pays. A cet effet, la prochaine soir\u00e9e r\u00e9serv\u00e9e \u00e0 Andr\u00e9 Jaegger \u00e0 la Villa Principe Leopoldo \u00e0 Lugano se d\u00e9roulera sous les auspices des Chefs Cristian Moreschi et Dario Ranza. Un grand moment en hommage \u00e0 celui qui pr\u00e9sida pendant plus de 20 ans <em>Les Grandes Tables de Suisse<\/em> et port\u00e9 haut la cuisine gastronomique nationale, le <em>Made in Suisse<\/em> avec tout son panache!<\/p>\n\n\t\t<style type=\"text\/css\">\n\t\t\t#gallery-2 {\n\t\t\t\tmargin: auto;\n\t\t\t}\n\t\t\t#gallery-2 .gallery-item {\n\t\t\t\tfloat: left;\n\t\t\t\tmargin-top: 10px;\n\t\t\t\ttext-align: center;\n\t\t\t\twidth: 33%;\n\t\t\t}\n\t\t\t#gallery-2 img {\n\t\t\t\tborder: 2px solid #cfcfcf;\n\t\t\t}\n\t\t\t#gallery-2 .gallery-caption {\n\t\t\t\tmargin-left: 0;\n\t\t\t}\n\t\t\t\/* see gallery_shortcode() in wp-includes\/media.php *\/\n\t\t<\/style>\n\t\t<div id='gallery-2' class='gallery galleryid-5730 gallery-columns-3 gallery-size-full'><dl class='gallery-item'>\n\t\t\t<dt class='gallery-icon landscape'>\n\t\t\t\t<a href='https:\/\/www.exclusifmag.com\/online\/wp-content\/uploads\/2019\/04\/3.-Coup-denvoi-de-la-13e-\u00e9dition-de-S.-Pellegrino-Sapori-Ticino-.jpg'><img loading=\"lazy\" decoding=\"async\" width=\"900\" height=\"600\" src=\"https:\/\/www.exclusifmag.com\/online\/wp-content\/uploads\/2019\/04\/3.-Coup-denvoi-de-la-13e-\u00e9dition-de-S.-Pellegrino-Sapori-Ticino-.jpg\" class=\"attachment-full size-full\" alt=\"Coup d&#039;envoi de la 13e \u00e9dition de S. Pellegrino Sapori Ticino au Four Saeson&#039;s Les Bergues Gen\u00e8ve\" srcset=\"https:\/\/www.exclusifmag.com\/online\/wp-content\/uploads\/2019\/04\/3.-Coup-denvoi-de-la-13e-\u00e9dition-de-S.-Pellegrino-Sapori-Ticino-.jpg 900w, https:\/\/www.exclusifmag.com\/online\/wp-content\/uploads\/2019\/04\/3.-Coup-denvoi-de-la-13e-\u00e9dition-de-S.-Pellegrino-Sapori-Ticino--400x267.jpg 400w, https:\/\/www.exclusifmag.com\/online\/wp-content\/uploads\/2019\/04\/3.-Coup-denvoi-de-la-13e-\u00e9dition-de-S.-Pellegrino-Sapori-Ticino--768x512.jpg 768w, https:\/\/www.exclusifmag.com\/online\/wp-content\/uploads\/2019\/04\/3.-Coup-denvoi-de-la-13e-\u00e9dition-de-S.-Pellegrino-Sapori-Ticino--825x550.jpg 825w\" sizes=\"auto, (max-width: 900px) 100vw, 900px\" \/><\/a>\n\t\t\t<\/dt><\/dl><dl class='gallery-item'>\n\t\t\t<dt class='gallery-icon landscape'>\n\t\t\t\t<a href='https:\/\/www.exclusifmag.com\/online\/wp-content\/uploads\/2019\/04\/4.-La-brigade-au-Four-Seasons-Les-Bergues-pour-S.-Pellegrino-Sapori-Ticino-.jpg'><img loading=\"lazy\" decoding=\"async\" width=\"900\" height=\"600\" src=\"https:\/\/www.exclusifmag.com\/online\/wp-content\/uploads\/2019\/04\/4.-La-brigade-au-Four-Seasons-Les-Bergues-pour-S.-Pellegrino-Sapori-Ticino-.jpg\" class=\"attachment-full size-full\" alt=\"La brigade au Four Season&#039;s Les Bergues Gen\u00e8ve pour S. Pellegrino Sapori Ticino\" srcset=\"https:\/\/www.exclusifmag.com\/online\/wp-content\/uploads\/2019\/04\/4.-La-brigade-au-Four-Seasons-Les-Bergues-pour-S.-Pellegrino-Sapori-Ticino-.jpg 900w, https:\/\/www.exclusifmag.com\/online\/wp-content\/uploads\/2019\/04\/4.-La-brigade-au-Four-Seasons-Les-Bergues-pour-S.-Pellegrino-Sapori-Ticino--400x267.jpg 400w, https:\/\/www.exclusifmag.com\/online\/wp-content\/uploads\/2019\/04\/4.-La-brigade-au-Four-Seasons-Les-Bergues-pour-S.-Pellegrino-Sapori-Ticino--768x512.jpg 768w, https:\/\/www.exclusifmag.com\/online\/wp-content\/uploads\/2019\/04\/4.-La-brigade-au-Four-Seasons-Les-Bergues-pour-S.-Pellegrino-Sapori-Ticino--825x550.jpg 825w\" sizes=\"auto, (max-width: 900px) 100vw, 900px\" \/><\/a>\n\t\t\t<\/dt><\/dl><dl class='gallery-item'>\n\t\t\t<dt class='gallery-icon landscape'>\n\t\t\t\t<a href='https:\/\/www.exclusifmag.com\/online\/wp-content\/uploads\/2019\/04\/5.-Cristian-Moreschi-et-son-mentor-Dario-Ranza-au-diner-de-lancement-13e-S.-Pellegrino-Sapori-Ticino-.jpg'><img loading=\"lazy\" decoding=\"async\" width=\"900\" height=\"600\" src=\"https:\/\/www.exclusifmag.com\/online\/wp-content\/uploads\/2019\/04\/5.-Cristian-Moreschi-et-son-mentor-Dario-Ranza-au-diner-de-lancement-13e-S.-Pellegrino-Sapori-Ticino-.jpg\" class=\"attachment-full size-full\" alt=\"Cristian Moreschi et son mentor Dario Ranza au diner de lancement 13e S. Pellegrino Sapori Ticino\" srcset=\"https:\/\/www.exclusifmag.com\/online\/wp-content\/uploads\/2019\/04\/5.-Cristian-Moreschi-et-son-mentor-Dario-Ranza-au-diner-de-lancement-13e-S.-Pellegrino-Sapori-Ticino-.jpg 900w, https:\/\/www.exclusifmag.com\/online\/wp-content\/uploads\/2019\/04\/5.-Cristian-Moreschi-et-son-mentor-Dario-Ranza-au-diner-de-lancement-13e-S.-Pellegrino-Sapori-Ticino--400x267.jpg 400w, https:\/\/www.exclusifmag.com\/online\/wp-content\/uploads\/2019\/04\/5.-Cristian-Moreschi-et-son-mentor-Dario-Ranza-au-diner-de-lancement-13e-S.-Pellegrino-Sapori-Ticino--768x512.jpg 768w, https:\/\/www.exclusifmag.com\/online\/wp-content\/uploads\/2019\/04\/5.-Cristian-Moreschi-et-son-mentor-Dario-Ranza-au-diner-de-lancement-13e-S.-Pellegrino-Sapori-Ticino--825x550.jpg 825w\" sizes=\"auto, (max-width: 900px) 100vw, 900px\" \/><\/a>\n\t\t\t<\/dt><\/dl><br style=\"clear: both\" \/>\n\t\t<\/div>\n\n<p>Toujours en l\u2019honneur de la Suisse culinaire, l\u2019\u00e9dition 2019 ne pouvait passer sous silence le <em>Cuisinier de l\u2019ann\u00e9e<\/em> Heiko Nieder (19 points Gault&amp;Millau \u2013 2**Michelin). Chef au The Dolder Grand \u00e0 Zurich, il a \u00e9t\u00e9 invit\u00e9 \u00e0 exercer ses talents aupr\u00e8s du Chef r\u00e9sident Dominico Ruberto (15 points Gault et Millau). Le rendez-vous a \u00e9t\u00e9 pris \u00e0 l\u2019H\u00f4tel Splendide Royal de Lugano faisant partie avec la Villa Principe Leopoldo de <em>Ticino Hotels Group<\/em>, l\u2019un des groupes h\u00f4teliers compos\u00e9s des cinq \u00e9tablissements les plus prestigieux 4**** et 5***** situ\u00e9s sur la lac de Lugano et le lac Majeur, fiert\u00e9s du Canton du Tessin en Suisse.<\/p>\n<p><span style=\"color: #333333;\"><em><strong>Interview du Chef Ex\u00e9cutif Cristian Moreschi<\/strong><\/em><\/span><br \/>\n<em>Villa Principe Leopoldo Lugano<\/em><\/p>\n<p><span style=\"color: #800080;\"><strong>Exclusif Magazine : \u00e0 37 ans, vous avez d\u00e9j\u00e0 20 ans d\u2019exp\u00e9rience, vous avez donc commenc\u00e9 tr\u00e8s jeune. Racontez-nous ce parcours ?<\/strong><\/span><\/p>\n<p><span style=\"color: #800080;\"><strong>Cristian Moreschi. :<\/strong><\/span> En effet, tr\u00e8s jeune j\u2019\u00e9tais d\u00e9j\u00e0 d\u00e9termin\u00e9 \u00e0 suivre ma passion et j\u2019ai postul\u00e9 \u00e0 l&rsquo;Ecole H\u00f4teli\u00e8re de Boario, en Italie, o\u00f9 j&rsquo;ai \u00e9tudi\u00e9 durant 5 ans. Persuad\u00e9 que vivre une exp\u00e9rience professionnelle sur le terrain pendant mes \u00e9tudes \u00e9tait tr\u00e8s important pour ma formation, durant mes vacances d\u2019\u00e9t\u00e9, j\u2019ai travaill\u00e9 \u00e0 l&rsquo;H\u00f4tel Mirandola ***S dans le Tonale pass et \u00e0 l&rsquo;H\u00f4tel Graffiti Park ***. Ces ann\u00e9es furent une \u00e9poque de progression et d\u2019exp\u00e9rience.<\/p>\n\n\t\t<style type=\"text\/css\">\n\t\t\t#gallery-3 {\n\t\t\t\tmargin: auto;\n\t\t\t}\n\t\t\t#gallery-3 .gallery-item {\n\t\t\t\tfloat: left;\n\t\t\t\tmargin-top: 10px;\n\t\t\t\ttext-align: center;\n\t\t\t\twidth: 50%;\n\t\t\t}\n\t\t\t#gallery-3 img {\n\t\t\t\tborder: 2px solid #cfcfcf;\n\t\t\t}\n\t\t\t#gallery-3 .gallery-caption {\n\t\t\t\tmargin-left: 0;\n\t\t\t}\n\t\t\t\/* see gallery_shortcode() in wp-includes\/media.php *\/\n\t\t<\/style>\n\t\t<div id='gallery-3' class='gallery galleryid-5730 gallery-columns-2 gallery-size-full'><dl class='gallery-item'>\n\t\t\t<dt class='gallery-icon landscape'>\n\t\t\t\t<a href='https:\/\/www.exclusifmag.com\/online\/wp-content\/uploads\/2019\/04\/6.-Cristian-Moreschi-Executif-Chef-Villa-Principe-Leopoldo-.jpg'><img loading=\"lazy\" decoding=\"async\" width=\"900\" height=\"600\" src=\"https:\/\/www.exclusifmag.com\/online\/wp-content\/uploads\/2019\/04\/6.-Cristian-Moreschi-Executif-Chef-Villa-Principe-Leopoldo-.jpg\" class=\"attachment-full size-full\" alt=\"Cristian Moreschi Executif Chef Villa Principe Leopoldo\" srcset=\"https:\/\/www.exclusifmag.com\/online\/wp-content\/uploads\/2019\/04\/6.-Cristian-Moreschi-Executif-Chef-Villa-Principe-Leopoldo-.jpg 900w, https:\/\/www.exclusifmag.com\/online\/wp-content\/uploads\/2019\/04\/6.-Cristian-Moreschi-Executif-Chef-Villa-Principe-Leopoldo--400x267.jpg 400w, https:\/\/www.exclusifmag.com\/online\/wp-content\/uploads\/2019\/04\/6.-Cristian-Moreschi-Executif-Chef-Villa-Principe-Leopoldo--768x512.jpg 768w, https:\/\/www.exclusifmag.com\/online\/wp-content\/uploads\/2019\/04\/6.-Cristian-Moreschi-Executif-Chef-Villa-Principe-Leopoldo--825x550.jpg 825w\" sizes=\"auto, (max-width: 900px) 100vw, 900px\" \/><\/a>\n\t\t\t<\/dt><\/dl><dl class='gallery-item'>\n\t\t\t<dt class='gallery-icon landscape'>\n\t\t\t\t<a href='https:\/\/www.exclusifmag.com\/online\/wp-content\/uploads\/2019\/04\/7.-Diner-13e-S.-Pellegrino-Sapori-Ticino-.jpg'><img loading=\"lazy\" decoding=\"async\" width=\"900\" height=\"600\" src=\"https:\/\/www.exclusifmag.com\/online\/wp-content\/uploads\/2019\/04\/7.-Diner-13e-S.-Pellegrino-Sapori-Ticino-.jpg\" class=\"attachment-full size-full\" alt=\"Diner 13e S. Pellegrino Sapori Ticino\" srcset=\"https:\/\/www.exclusifmag.com\/online\/wp-content\/uploads\/2019\/04\/7.-Diner-13e-S.-Pellegrino-Sapori-Ticino-.jpg 900w, https:\/\/www.exclusifmag.com\/online\/wp-content\/uploads\/2019\/04\/7.-Diner-13e-S.-Pellegrino-Sapori-Ticino--400x267.jpg 400w, https:\/\/www.exclusifmag.com\/online\/wp-content\/uploads\/2019\/04\/7.-Diner-13e-S.-Pellegrino-Sapori-Ticino--768x512.jpg 768w, https:\/\/www.exclusifmag.com\/online\/wp-content\/uploads\/2019\/04\/7.-Diner-13e-S.-Pellegrino-Sapori-Ticino--825x550.jpg 825w\" sizes=\"auto, (max-width: 900px) 100vw, 900px\" \/><\/a>\n\t\t\t<\/dt><\/dl><br style=\"clear: both\" \/>\n\t\t<\/div>\n\n<p>Apr\u00e8s cela, j\u2019ai choisi St Moritz, destination exclusive entre toutes, o\u00f9 j\u2019\u00e9tais r\u00e9solu \u00e0 continuer d\u2019apprendre et \u00e0 me former en travaillant au sein d\u2019une brigade. J&rsquo;ai ainsi pass\u00e9 6 ans \u00e0 St Moritz aupr\u00e8s d\u2019h\u00f4tels 4**** et 5*****, tel le c\u00e9l\u00e8bre H\u00f4tel Steffani. Au cours des saisons d\u2019\u00e9t\u00e9s, pour enrichir mon savoir-faire, je me d\u00e9pla\u00e7ais afin de vivre des exp\u00e9riences diff\u00e9rentes en travaillant en entreprise comme par exemple au Ristorante Corte Francesco en Italie.<\/p>\n<p>Arriv\u00e9 pour la premi\u00e8re fois au Tessin pour la saison estivale, c\u2019est en 2010, que j&rsquo;ai d\u00e9couvert la Villa Principe Leopoldo. En 2011, sans tarder, je prenais la d\u00e9cision de travailler et de vivre d\u00e9sormais au Tessin comprenant que j\u2019avais trouv\u00e9 l\u00e0 ma nouvelle \u201cmaison\u201d professionnelle, la Villa Principe Leopoldo!<\/p>\n<p><span style=\"color: #800080;\"><strong>EX. M.: Qu\u2019est ce qui vous a pouss\u00e9 vers les fourneaux ? D\u2019o\u00f9 vient votre vocation ?<\/strong><\/span><\/p>\n<p><span style=\"color: #800080;\"><strong>C.M.:<\/strong><\/span> C\u2019est certainement ma relation avec ma m\u00e8re, nous cuisinons ensemble depuis mon enfance. Ma famille avait une brasserie-boulangerie (1990-2018) : c&rsquo;\u00e9tait d&rsquo;abord l&rsquo;osteria italienne de ma grand-m\u00e8re, l&rsquo;Osteria del Bersagliere, o\u00f9 elle \u00e9tait le v\u00e9ritable \u00ab\u00a0Chef\u00a0\u00bb. Puis quand j\u2019ai eu 8 ans, mes parents ont repris la licence de ma grand-m\u00e8re et la maison familiale est devenue la taverne. A ce moment l\u00e0, mes parents se sont trouv\u00e9s \u00e0 la crois\u00e9e des chemins et mon p\u00e8re, comptable dans une grande entreprise, a d\u00e9cid\u00e9 de changer de vie et de reprendre l\u2019entreprise familiale. En bref, la vocation s\u2019est impos\u00e9e \u00e0 moi en vivant au sein d\u2019une vraie famille qui a toujours eu l\u2019hospitalit\u00e9 chevill\u00e9e au coeur. Aujourd\u2019hui encore, de g\u00e9n\u00e9ration en g\u00e9n\u00e9ration, mes parents et grands parents nous aident \u00e0 leur tour. (Gr\u00e2ce au ciel!)<\/p>\n\n\t\t<style type=\"text\/css\">\n\t\t\t#gallery-4 {\n\t\t\t\tmargin: auto;\n\t\t\t}\n\t\t\t#gallery-4 .gallery-item {\n\t\t\t\tfloat: left;\n\t\t\t\tmargin-top: 10px;\n\t\t\t\ttext-align: center;\n\t\t\t\twidth: 50%;\n\t\t\t}\n\t\t\t#gallery-4 img {\n\t\t\t\tborder: 2px solid #cfcfcf;\n\t\t\t}\n\t\t\t#gallery-4 .gallery-caption {\n\t\t\t\tmargin-left: 0;\n\t\t\t}\n\t\t\t\/* see gallery_shortcode() in wp-includes\/media.php *\/\n\t\t<\/style>\n\t\t<div id='gallery-4' class='gallery galleryid-5730 gallery-columns-2 gallery-size-full'><dl class='gallery-item'>\n\t\t\t<dt class='gallery-icon landscape'>\n\t\t\t\t<a href='https:\/\/www.exclusifmag.com\/online\/wp-content\/uploads\/2019\/04\/9.-Le-Chef-Dario-Ranza-mentor-de-Cristian-Moreschi-\u00e0-la-Villa-Principe-Leopoldo-.jpg'><img loading=\"lazy\" decoding=\"async\" width=\"900\" height=\"600\" src=\"https:\/\/www.exclusifmag.com\/online\/wp-content\/uploads\/2019\/04\/9.-Le-Chef-Dario-Ranza-mentor-de-Cristian-Moreschi-\u00e0-la-Villa-Principe-Leopoldo-.jpg\" class=\"attachment-full size-full\" alt=\"Le Chef Dario Ranza mentor de Cristian Moreschi \u00e0 la Villa Principe Leopoldo\" srcset=\"https:\/\/www.exclusifmag.com\/online\/wp-content\/uploads\/2019\/04\/9.-Le-Chef-Dario-Ranza-mentor-de-Cristian-Moreschi-\u00e0-la-Villa-Principe-Leopoldo-.jpg 900w, https:\/\/www.exclusifmag.com\/online\/wp-content\/uploads\/2019\/04\/9.-Le-Chef-Dario-Ranza-mentor-de-Cristian-Moreschi-\u00e0-la-Villa-Principe-Leopoldo--400x267.jpg 400w, https:\/\/www.exclusifmag.com\/online\/wp-content\/uploads\/2019\/04\/9.-Le-Chef-Dario-Ranza-mentor-de-Cristian-Moreschi-\u00e0-la-Villa-Principe-Leopoldo--768x512.jpg 768w, https:\/\/www.exclusifmag.com\/online\/wp-content\/uploads\/2019\/04\/9.-Le-Chef-Dario-Ranza-mentor-de-Cristian-Moreschi-\u00e0-la-Villa-Principe-Leopoldo--825x550.jpg 825w\" sizes=\"auto, (max-width: 900px) 100vw, 900px\" \/><\/a>\n\t\t\t<\/dt><\/dl><dl class='gallery-item'>\n\t\t\t<dt class='gallery-icon landscape'>\n\t\t\t\t<a href='https:\/\/www.exclusifmag.com\/online\/wp-content\/uploads\/2019\/04\/10.-Tradition-et-tendances-signature-des-restaurant-de-la-Villa-Principe-Leopoldo-.jpg'><img loading=\"lazy\" decoding=\"async\" width=\"900\" height=\"600\" src=\"https:\/\/www.exclusifmag.com\/online\/wp-content\/uploads\/2019\/04\/10.-Tradition-et-tendances-signature-des-restaurant-de-la-Villa-Principe-Leopoldo-.jpg\" class=\"attachment-full size-full\" alt=\"Tradition et tendances signature des restaurant de la Villa Principe Leopoldo\" srcset=\"https:\/\/www.exclusifmag.com\/online\/wp-content\/uploads\/2019\/04\/10.-Tradition-et-tendances-signature-des-restaurant-de-la-Villa-Principe-Leopoldo-.jpg 900w, https:\/\/www.exclusifmag.com\/online\/wp-content\/uploads\/2019\/04\/10.-Tradition-et-tendances-signature-des-restaurant-de-la-Villa-Principe-Leopoldo--400x267.jpg 400w, https:\/\/www.exclusifmag.com\/online\/wp-content\/uploads\/2019\/04\/10.-Tradition-et-tendances-signature-des-restaurant-de-la-Villa-Principe-Leopoldo--768x512.jpg 768w, https:\/\/www.exclusifmag.com\/online\/wp-content\/uploads\/2019\/04\/10.-Tradition-et-tendances-signature-des-restaurant-de-la-Villa-Principe-Leopoldo--825x550.jpg 825w\" sizes=\"auto, (max-width: 900px) 100vw, 900px\" \/><\/a>\n\t\t\t<\/dt><\/dl><br style=\"clear: both\" \/>\n\t\t<\/div>\n\n<p><span style=\"color: #800080;\"><strong>EX.M. : En arrivant \u00e0 Lugano saviez-vous que vous alliez vous trouver face au Chef Dario Ranza dont la contribution au restaurant du Principe Leopoldo est majeure (28 ans au moment de son d\u00e9part en 2019) ? Comment s\u2019est pass\u00e9e la rencontre ?<\/strong><\/span><\/p>\n<p><span style=\"color: #800080;\"><strong>C.M.:<\/strong><\/span> Je connaissais Ranza de nom. Mon \u00e9pouse &#8211; \u00e0 l&rsquo;\u00e9poque ma fianc\u00e9e &#8211; qui avait travaill\u00e9 pendant une saison \u00e0 Ascona, m\u2019avait rapport\u00e9 qu\u2019il \u00e9tait connu au Tessin. Je me souviens de notre premi\u00e8re rencontre, un entretien rapide et efficace. Peu de questions mais, tout de suite, un grand \u00e9lan, un d\u00e9sir, une volont\u00e9 de commencer \u00e0 travailler ensemble. D\u00e8s le premier jour &#8211; le 1er mai- j&rsquo;ai tout de suite compris que j\u2019aurais \u00e0 courir et \u00e0 m\u2019investir profond\u00e9ment mais j&rsquo;avais \u00e9galement le sentiment que c\u2019\u00e9tait, justement, ce travail intense que je recherchais.<\/p>\n<p><span style=\"color: #800080;\"><strong>EX. M.: La table du Principe Leopoldo, c\u00e9l\u00e9br\u00e9e par de nombreux guides, est intimement li\u00e9e au nom de Dario Ranza. Attach\u00e9 \u00e0 la tradition, inspir\u00e9 par ses origines italiennes (Bergamo), le Chef a ses inconditionnels, comment comptez-vous les s\u00e9duire ?<\/strong><\/span><\/p>\n<p><a href=\"http:\/\/www.exclusifmag.com\/online\/wp-content\/uploads\/2019\/04\/13.-Le-Chef-Cristian-Moreschi-diner-de-lancement-du-13e-S.-Pellegrino-Sapori-Ticino-.jpg\"><img loading=\"lazy\" decoding=\"async\" class=\"alignnone wp-image-5772 size-full\" src=\"http:\/\/www.exclusifmag.com\/online\/wp-content\/uploads\/2019\/04\/13.-Le-Chef-Cristian-Moreschi-diner-de-lancement-du-13e-S.-Pellegrino-Sapori-Ticino-.jpg\" alt=\"Le Chef Cristian Moreschi diner de lancement du 13e S. Pellegrino Sapori Ticino\" width=\"1400\" height=\"933\" srcset=\"https:\/\/www.exclusifmag.com\/online\/wp-content\/uploads\/2019\/04\/13.-Le-Chef-Cristian-Moreschi-diner-de-lancement-du-13e-S.-Pellegrino-Sapori-Ticino-.jpg 1400w, https:\/\/www.exclusifmag.com\/online\/wp-content\/uploads\/2019\/04\/13.-Le-Chef-Cristian-Moreschi-diner-de-lancement-du-13e-S.-Pellegrino-Sapori-Ticino--400x267.jpg 400w, https:\/\/www.exclusifmag.com\/online\/wp-content\/uploads\/2019\/04\/13.-Le-Chef-Cristian-Moreschi-diner-de-lancement-du-13e-S.-Pellegrino-Sapori-Ticino--768x512.jpg 768w, https:\/\/www.exclusifmag.com\/online\/wp-content\/uploads\/2019\/04\/13.-Le-Chef-Cristian-Moreschi-diner-de-lancement-du-13e-S.-Pellegrino-Sapori-Ticino--1024x682.jpg 1024w, https:\/\/www.exclusifmag.com\/online\/wp-content\/uploads\/2019\/04\/13.-Le-Chef-Cristian-Moreschi-diner-de-lancement-du-13e-S.-Pellegrino-Sapori-Ticino--825x550.jpg 825w\" sizes=\"auto, (max-width: 1400px) 100vw, 1400px\" \/><\/a><\/p>\n<p><span style=\"color: #800080;\"><strong>C.M.:<\/strong><\/span> En poursuivant le travail de Dario Ranza et en appliquant les principes qui rendent ses plats uniques, la qualit\u00e9 du produit et la vraie passion pour ce qui est non seulement un plat ou de la nourriture mais une authentique \u00ab\u00a0cr\u00e9ation d&rsquo;amour\u00a0\u00bb.<\/p>\n<p><strong><span style=\"color: #800080;\">Ex.M. : Continuation ou nouvelle inspiration ? Comment comptez-vous reproduire ou renouveler ce qui a \u00e9t\u00e9 cette \u00ab singularit\u00e9 \u00bb tant appr\u00e9ci\u00e9e de la Villa Principe Leopoldo et de sa table<\/span> ?<\/strong><\/p>\n<p><span style=\"color: #800080;\"><strong>C.M.:<\/strong><\/span> Par la continuit\u00e9 et de nouvelles inspirations! Sur la voie d&rsquo;une tradition gagnante, j\u2019y ajouterai la touche retra\u00e7ant ma propre histoire. Pas \u00e0 pas, j&rsquo;aimerais renouveler &#8211; sans abandonner &#8211; ce qui a rendu la cuisine de la Villa Principe Leopoldo unique et tellement appr\u00e9ci\u00e9e. Je me mets &#8211; et me mettrai &#8211; de plus en plus \u00e0 la recherche de nouveaux menus en \u00e9tudiant les derni\u00e8res tendances et en y ajoutant progressivement ma signature personnelle. Je tiens \u00e0 souligner la force exceptionelle de notre \u00e9quipe, un team \u00e0 l\u2019expertise et au savoir-faire, une brigade importante d\u00e9termin\u00e9e \u00e0 poursuivre une cr\u00e9ation unique qui a fait et qui fera toujours parler d&rsquo;elle.<\/p>\n<p><a href=\"http:\/\/www.exclusifmag.com\/online\/wp-content\/uploads\/2019\/04\/12.-Villa-Principe-Leopoldo-restaurant-.jpg\"><img loading=\"lazy\" decoding=\"async\" class=\"alignnone wp-image-5760 size-full\" src=\"http:\/\/www.exclusifmag.com\/online\/wp-content\/uploads\/2019\/04\/12.-Villa-Principe-Leopoldo-restaurant-.jpg\" alt=\" Villa Principe Leopoldo \u00e0 Lugano est membre Relais et Ch\u00e2teaux \" width=\"900\" height=\"600\" srcset=\"https:\/\/www.exclusifmag.com\/online\/wp-content\/uploads\/2019\/04\/12.-Villa-Principe-Leopoldo-restaurant-.jpg 900w, https:\/\/www.exclusifmag.com\/online\/wp-content\/uploads\/2019\/04\/12.-Villa-Principe-Leopoldo-restaurant--400x267.jpg 400w, https:\/\/www.exclusifmag.com\/online\/wp-content\/uploads\/2019\/04\/12.-Villa-Principe-Leopoldo-restaurant--768x512.jpg 768w, https:\/\/www.exclusifmag.com\/online\/wp-content\/uploads\/2019\/04\/12.-Villa-Principe-Leopoldo-restaurant--825x550.jpg 825w\" sizes=\"auto, (max-width: 900px) 100vw, 900px\" \/><\/a><\/p>\n<p><span style=\"color: #800080;\"><strong>Ex.M. : Quelle sont votre vision gastronomique pour cet \u00e9tablissement d\u2019excellence et vos projets \u00e0 court et long terme ?<\/strong><\/span><\/p>\n<p><span style=\"color: #800080;\"><strong>C.M.:<\/strong><\/span> Nous avons de nombreux projets, \u00e0 commencer l&rsquo;\u00e9tude et la cr\u00e9ation du nouveau menu. L&rsquo;objectif est de passer en revue des id\u00e9es de plats avec des r\u00e9interpr\u00e9tations originales sachant sugg\u00e9rer et rappeler les traditions acquises. Nous voulons reconfirmer nos 17 points Gault&amp;Millau et aller toujours plus loin. Chaque jour est un magnifique et passionnant d\u00e9fi. Celui de retrouver des saveurs perdues, les (re)d\u00e9couvrir et accompagner le convive en un voyage inoubliable.<\/p>\n<p><a href=\"http:\/\/www.exclusifmag.com\/online\/wp-content\/uploads\/2019\/04\/8.-Villa-Principe-Leopoldo-\u00e0-Lugano-une-table-dexception-.jpg\"><img loading=\"lazy\" decoding=\"async\" class=\"alignnone wp-image-5757 size-full\" src=\"http:\/\/www.exclusifmag.com\/online\/wp-content\/uploads\/2019\/04\/8.-Villa-Principe-Leopoldo-\u00e0-Lugano-une-table-dexception-.jpg\" alt=\"Villa Principe Leopoldo \u00e0 Lugano une table d'exception\" width=\"900\" height=\"422\" srcset=\"https:\/\/www.exclusifmag.com\/online\/wp-content\/uploads\/2019\/04\/8.-Villa-Principe-Leopoldo-\u00e0-Lugano-une-table-dexception-.jpg 900w, https:\/\/www.exclusifmag.com\/online\/wp-content\/uploads\/2019\/04\/8.-Villa-Principe-Leopoldo-\u00e0-Lugano-une-table-dexception--400x188.jpg 400w, https:\/\/www.exclusifmag.com\/online\/wp-content\/uploads\/2019\/04\/8.-Villa-Principe-Leopoldo-\u00e0-Lugano-une-table-dexception--768x360.jpg 768w\" sizes=\"auto, (max-width: 900px) 100vw, 900px\" \/><\/a><\/p>\n<p>&nbsp;<\/p>\n","protected":false},"excerpt":{"rendered":"<p>S.Pellegrino Sapori Ticino<br \/>\nUn savoureux voyage culinaire<br \/>\nA travers le Canton du Tessin<br \/>\nHONNEUR A LA HAUTE CUISINE SUISSE<\/p>\n","protected":false},"author":1,"featured_media":5793,"comment_status":"open","ping_status":"open","sticky":false,"template":"","format":"standard","meta":{"footnotes":""},"categories":[1],"tags":[272,269,42,273,275,270,271,274],"class_list":["post-5730","post","type-post","status-publish","format-standard","has-post-thumbnail","hentry","category-non-classe","tag-chefs-tessinois","tag-four-seasons","tag-geneve","tag-grande-cuisine","tag-lugano-o","tag-s-pellegrino-sapori","tag-tessin","tag-villa-principe-leopoldo"],"_links":{"self":[{"href":"https:\/\/www.exclusifmag.com\/online\/wp-json\/wp\/v2\/posts\/5730","targetHints":{"allow":["GET"]}}],"collection":[{"href":"https:\/\/www.exclusifmag.com\/online\/wp-json\/wp\/v2\/posts"}],"about":[{"href":"https:\/\/www.exclusifmag.com\/online\/wp-json\/wp\/v2\/types\/post"}],"author":[{"embeddable":true,"href":"https:\/\/www.exclusifmag.com\/online\/wp-json\/wp\/v2\/users\/1"}],"replies":[{"embeddable":true,"href":"https:\/\/www.exclusifmag.com\/online\/wp-json\/wp\/v2\/comments?post=5730"}],"version-history":[{"count":36,"href":"https:\/\/www.exclusifmag.com\/online\/wp-json\/wp\/v2\/posts\/5730\/revisions"}],"predecessor-version":[{"id":5795,"href":"https:\/\/www.exclusifmag.com\/online\/wp-json\/wp\/v2\/posts\/5730\/revisions\/5795"}],"wp:featuredmedia":[{"embeddable":true,"href":"https:\/\/www.exclusifmag.com\/online\/wp-json\/wp\/v2\/media\/5793"}],"wp:attachment":[{"href":"https:\/\/www.exclusifmag.com\/online\/wp-json\/wp\/v2\/media?parent=5730"}],"wp:term":[{"taxonomy":"category","embeddable":true,"href":"https:\/\/www.exclusifmag.com\/online\/wp-json\/wp\/v2\/categories?post=5730"},{"taxonomy":"post_tag","embeddable":true,"href":"https:\/\/www.exclusifmag.com\/online\/wp-json\/wp\/v2\/tags?post=5730"}],"curies":[{"name":"wp","href":"https:\/\/api.w.org\/{rel}","templated":true}]}}