{"id":653,"date":"2017-10-04T15:28:30","date_gmt":"2017-10-04T13:28:30","guid":{"rendered":"http:\/\/www.exclusifmag.com\/online\/?p=653"},"modified":"2022-07-27T17:18:09","modified_gmt":"2022-07-27T15:18:09","slug":"belek","status":"publish","type":"post","link":"https:\/\/www.exclusifmag.com\/online\/belek\/","title":{"rendered":"Belek"},"content":{"rendered":"<h1>Paradis du golf<\/h1>\n<h1><em>Belek joue le tierc\u00e9 gagnant<\/em><\/h1>\n<h3>ENTRE SOLEIL, MER ET CULTURE<\/h3>\n<p><strong>Sa m\u00e9moire remonte \u00e0 la plus haute antiquit\u00e9 et sa terre porte en son sillon les empreintes de ces \u00e2ges anciens racontant fastes et d\u00e9chirements sous le joug de ses conqu\u00e9rants. Entres autres autorit\u00e9s successives, la r\u00e9gion a connu celles des Perses ainsi que la toute puissance d\u2019Alexandre le Grand avant l\u2019entr\u00e9e d\u00e9finitive dans le giron de l\u2019Empire Ottoman en 1391! Gr\u00e2ce \u00e0 la beaut\u00e9 et particularit\u00e9s de ses paysages, sa luxueuse infrastructure h\u00f4teli\u00e8re et ses superbes greens, Belek, dans la province d\u2019Antalya, est aujourd\u2019hui la capitale du golf de la Riviera turque. D\u00e9couverte.<\/strong><\/p>\n<p><strong>Le golf en vedette<\/strong><\/p>\n<p>Entre ciel et mer, brossant la palette des bleus \u00e0 l\u2019infini, dot\u00e9e d\u2019une nature g\u00e9n\u00e9reuse, Belek est favoris\u00e9e par un climat id\u00e9al de septembre \u00e0 juin. C\u2019est dans ce cadre naturel d\u2019 exception, au c\u0153ur de sites flamboyants, que la Riviera turque est devenue une r\u00e9f\u00e9rence majeure en termes de golf. Une des destinations pr\u00e9f\u00e9r\u00e9es des passionn\u00e9s de drive et de put ! Imagin\u00e9s et dessin\u00e9s par les plus grands architectes sp\u00e9cialis\u00e9s, \u00e0 courte distance les uns des autres, les parcours de niveau international s\u00e9duisent ici joueurs aguerris et d\u00e9butants. Au voisinage d\u2019un a\u00e9roport international accessible depuis les principales villes d\u2019Europe, Belek est devenue sans conteste une capitale aux premiers rangs du tourisme turc\u2026<\/p>\n\n\t\t<style type=\"text\/css\">\n\t\t\t#gallery-1 {\n\t\t\t\tmargin: auto;\n\t\t\t}\n\t\t\t#gallery-1 .gallery-item {\n\t\t\t\tfloat: left;\n\t\t\t\tmargin-top: 10px;\n\t\t\t\ttext-align: center;\n\t\t\t\twidth: 50%;\n\t\t\t}\n\t\t\t#gallery-1 img {\n\t\t\t\tborder: 2px solid #cfcfcf;\n\t\t\t}\n\t\t\t#gallery-1 .gallery-caption {\n\t\t\t\tmargin-left: 0;\n\t\t\t}\n\t\t\t\/* see gallery_shortcode() in wp-includes\/media.php *\/\n\t\t<\/style>\n\t\t<div id='gallery-1' class='gallery galleryid-653 gallery-columns-2 gallery-size-medium'><dl class='gallery-item'>\n\t\t\t<dt class='gallery-icon landscape'>\n\t\t\t\t<a href='https:\/\/www.exclusifmag.com\/online\/wp-content\/uploads\/2018\/10\/1.-La-Riviera-turque-une-r\u00e9f\u00e9rence-majeure-du-Golf-C-G.A.-D..jpg'><img loading=\"lazy\" decoding=\"async\" width=\"400\" height=\"266\" src=\"https:\/\/www.exclusifmag.com\/online\/wp-content\/uploads\/2018\/10\/1.-La-Riviera-turque-une-r\u00e9f\u00e9rence-majeure-du-Golf-C-G.A.-D.-400x266.jpg\" class=\"attachment-medium size-medium\" alt=\"La Riviera turque, une r\u00e9f\u00e9rence majeure du Golf (C) G.A.-D.\" srcset=\"https:\/\/www.exclusifmag.com\/online\/wp-content\/uploads\/2018\/10\/1.-La-Riviera-turque-une-r\u00e9f\u00e9rence-majeure-du-Golf-C-G.A.-D.-400x266.jpg 400w, https:\/\/www.exclusifmag.com\/online\/wp-content\/uploads\/2018\/10\/1.-La-Riviera-turque-une-r\u00e9f\u00e9rence-majeure-du-Golf-C-G.A.-D.-768x510.jpg 768w, https:\/\/www.exclusifmag.com\/online\/wp-content\/uploads\/2018\/10\/1.-La-Riviera-turque-une-r\u00e9f\u00e9rence-majeure-du-Golf-C-G.A.-D.-828x550.jpg 828w, https:\/\/www.exclusifmag.com\/online\/wp-content\/uploads\/2018\/10\/1.-La-Riviera-turque-une-r\u00e9f\u00e9rence-majeure-du-Golf-C-G.A.-D..jpg 900w\" sizes=\"auto, (max-width: 400px) 100vw, 400px\" \/><\/a>\n\t\t\t<\/dt><\/dl><dl class='gallery-item'>\n\t\t\t<dt class='gallery-icon landscape'>\n\t\t\t\t<a href='https:\/\/www.exclusifmag.com\/online\/wp-content\/uploads\/2018\/10\/2.-Belek-la-capitale-du-golf-de-la-Riviera-turque-C-G.A.-D.jpg'><img loading=\"lazy\" decoding=\"async\" width=\"400\" height=\"266\" src=\"https:\/\/www.exclusifmag.com\/online\/wp-content\/uploads\/2018\/10\/2.-Belek-la-capitale-du-golf-de-la-Riviera-turque-C-G.A.-D-400x266.jpg\" class=\"attachment-medium size-medium\" alt=\"Belek la capitale du golf de la Riviera turque (C) G.A.-D.\" srcset=\"https:\/\/www.exclusifmag.com\/online\/wp-content\/uploads\/2018\/10\/2.-Belek-la-capitale-du-golf-de-la-Riviera-turque-C-G.A.-D-400x266.jpg 400w, https:\/\/www.exclusifmag.com\/online\/wp-content\/uploads\/2018\/10\/2.-Belek-la-capitale-du-golf-de-la-Riviera-turque-C-G.A.-D-768x510.jpg 768w, https:\/\/www.exclusifmag.com\/online\/wp-content\/uploads\/2018\/10\/2.-Belek-la-capitale-du-golf-de-la-Riviera-turque-C-G.A.-D-828x550.jpg 828w, https:\/\/www.exclusifmag.com\/online\/wp-content\/uploads\/2018\/10\/2.-Belek-la-capitale-du-golf-de-la-Riviera-turque-C-G.A.-D.jpg 900w\" sizes=\"auto, (max-width: 400px) 100vw, 400px\" \/><\/a>\n\t\t\t<\/dt><\/dl><br style=\"clear: both\" \/><dl class='gallery-item'>\n\t\t\t<dt class='gallery-icon landscape'>\n\t\t\t\t<a href='https:\/\/www.exclusifmag.com\/online\/wp-content\/uploads\/2018\/10\/3.-Antalya-Golf-Club-des-parcours-dessin\u00e9s-par-les-plus-grands-architectes-sp\u00e9cialis\u00e9s-C-G.A.-D.jpg'><img loading=\"lazy\" decoding=\"async\" width=\"400\" height=\"266\" src=\"https:\/\/www.exclusifmag.com\/online\/wp-content\/uploads\/2018\/10\/3.-Antalya-Golf-Club-des-parcours-dessin\u00e9s-par-les-plus-grands-architectes-sp\u00e9cialis\u00e9s-C-G.A.-D-400x266.jpg\" class=\"attachment-medium size-medium\" alt=\"Antalya Golf Club des parcours dessin\u00e9s par les plus grands architectes sp\u00e9cialis\u00e9s (C) G.A.-D.\" srcset=\"https:\/\/www.exclusifmag.com\/online\/wp-content\/uploads\/2018\/10\/3.-Antalya-Golf-Club-des-parcours-dessin\u00e9s-par-les-plus-grands-architectes-sp\u00e9cialis\u00e9s-C-G.A.-D-400x266.jpg 400w, https:\/\/www.exclusifmag.com\/online\/wp-content\/uploads\/2018\/10\/3.-Antalya-Golf-Club-des-parcours-dessin\u00e9s-par-les-plus-grands-architectes-sp\u00e9cialis\u00e9s-C-G.A.-D-768x510.jpg 768w, https:\/\/www.exclusifmag.com\/online\/wp-content\/uploads\/2018\/10\/3.-Antalya-Golf-Club-des-parcours-dessin\u00e9s-par-les-plus-grands-architectes-sp\u00e9cialis\u00e9s-C-G.A.-D-828x550.jpg 828w, https:\/\/www.exclusifmag.com\/online\/wp-content\/uploads\/2018\/10\/3.-Antalya-Golf-Club-des-parcours-dessin\u00e9s-par-les-plus-grands-architectes-sp\u00e9cialis\u00e9s-C-G.A.-D.jpg 900w\" sizes=\"auto, (max-width: 400px) 100vw, 400px\" \/><\/a>\n\t\t\t<\/dt><\/dl><dl class='gallery-item'>\n\t\t\t<dt class='gallery-icon landscape'>\n\t\t\t\t<a href='https:\/\/www.exclusifmag.com\/online\/wp-content\/uploads\/2018\/10\/5.-Sultan-Suite-de-lH\u00f4tel-Kempinski-The-Dome.jpg'><img loading=\"lazy\" decoding=\"async\" width=\"400\" height=\"266\" src=\"https:\/\/www.exclusifmag.com\/online\/wp-content\/uploads\/2018\/10\/5.-Sultan-Suite-de-lH\u00f4tel-Kempinski-The-Dome-400x266.jpg\" class=\"attachment-medium size-medium\" alt=\"Sultan Suite de l&#039;H\u00f4tel Kempinski The Dom\" srcset=\"https:\/\/www.exclusifmag.com\/online\/wp-content\/uploads\/2018\/10\/5.-Sultan-Suite-de-lH\u00f4tel-Kempinski-The-Dome-400x266.jpg 400w, https:\/\/www.exclusifmag.com\/online\/wp-content\/uploads\/2018\/10\/5.-Sultan-Suite-de-lH\u00f4tel-Kempinski-The-Dome-768x510.jpg 768w, https:\/\/www.exclusifmag.com\/online\/wp-content\/uploads\/2018\/10\/5.-Sultan-Suite-de-lH\u00f4tel-Kempinski-The-Dome-828x550.jpg 828w, https:\/\/www.exclusifmag.com\/online\/wp-content\/uploads\/2018\/10\/5.-Sultan-Suite-de-lH\u00f4tel-Kempinski-The-Dome.jpg 900w\" sizes=\"auto, (max-width: 400px) 100vw, 400px\" \/><\/a>\n\t\t\t<\/dt><\/dl><br style=\"clear: both\" \/>\n\t\t<\/div>\n\n\n\t\t<style type=\"text\/css\">\n\t\t\t#gallery-2 {\n\t\t\t\tmargin: auto;\n\t\t\t}\n\t\t\t#gallery-2 .gallery-item {\n\t\t\t\tfloat: left;\n\t\t\t\tmargin-top: 10px;\n\t\t\t\ttext-align: center;\n\t\t\t\twidth: 50%;\n\t\t\t}\n\t\t\t#gallery-2 img {\n\t\t\t\tborder: 2px solid #cfcfcf;\n\t\t\t}\n\t\t\t#gallery-2 .gallery-caption {\n\t\t\t\tmargin-left: 0;\n\t\t\t}\n\t\t\t\/* see gallery_shortcode() in wp-includes\/media.php *\/\n\t\t<\/style>\n\t\t<div id='gallery-2' class='gallery galleryid-653 gallery-columns-2 gallery-size-medium'><dl class='gallery-item'>\n\t\t\t<dt class='gallery-icon landscape'>\n\t\t\t\t<a href='https:\/\/www.exclusifmag.com\/online\/wp-content\/uploads\/2018\/10\/6.-Entre-ciel-et-mer-vue-g\u00e9n\u00e9rale-sur-le-Regnum-Carya-Golf-Spa-Resort.jpg'><img loading=\"lazy\" decoding=\"async\" width=\"400\" height=\"266\" src=\"https:\/\/www.exclusifmag.com\/online\/wp-content\/uploads\/2018\/10\/6.-Entre-ciel-et-mer-vue-g\u00e9n\u00e9rale-sur-le-Regnum-Carya-Golf-Spa-Resort-400x266.jpg\" class=\"attachment-medium size-medium\" alt=\"Entre ciel et mer vue g\u00e9n\u00e9rale sur le Regnum Carya Golf &amp; Spa Resort\" srcset=\"https:\/\/www.exclusifmag.com\/online\/wp-content\/uploads\/2018\/10\/6.-Entre-ciel-et-mer-vue-g\u00e9n\u00e9rale-sur-le-Regnum-Carya-Golf-Spa-Resort-400x266.jpg 400w, https:\/\/www.exclusifmag.com\/online\/wp-content\/uploads\/2018\/10\/6.-Entre-ciel-et-mer-vue-g\u00e9n\u00e9rale-sur-le-Regnum-Carya-Golf-Spa-Resort-768x510.jpg 768w, https:\/\/www.exclusifmag.com\/online\/wp-content\/uploads\/2018\/10\/6.-Entre-ciel-et-mer-vue-g\u00e9n\u00e9rale-sur-le-Regnum-Carya-Golf-Spa-Resort-828x550.jpg 828w, https:\/\/www.exclusifmag.com\/online\/wp-content\/uploads\/2018\/10\/6.-Entre-ciel-et-mer-vue-g\u00e9n\u00e9rale-sur-le-Regnum-Carya-Golf-Spa-Resort.jpg 900w\" sizes=\"auto, (max-width: 400px) 100vw, 400px\" \/><\/a>\n\t\t\t<\/dt><\/dl><dl class='gallery-item'>\n\t\t\t<dt class='gallery-icon landscape'>\n\t\t\t\t<a href='https:\/\/www.exclusifmag.com\/online\/wp-content\/uploads\/2018\/10\/7.-National-Golf-le-plus-ancien-golf-de-Belek.jpg'><img loading=\"lazy\" decoding=\"async\" width=\"400\" height=\"266\" src=\"https:\/\/www.exclusifmag.com\/online\/wp-content\/uploads\/2018\/10\/7.-National-Golf-le-plus-ancien-golf-de-Belek-400x266.jpg\" class=\"attachment-medium size-medium\" alt=\"National Golf le plus ancien golf de Belek\" srcset=\"https:\/\/www.exclusifmag.com\/online\/wp-content\/uploads\/2018\/10\/7.-National-Golf-le-plus-ancien-golf-de-Belek-400x266.jpg 400w, https:\/\/www.exclusifmag.com\/online\/wp-content\/uploads\/2018\/10\/7.-National-Golf-le-plus-ancien-golf-de-Belek-768x510.jpg 768w, https:\/\/www.exclusifmag.com\/online\/wp-content\/uploads\/2018\/10\/7.-National-Golf-le-plus-ancien-golf-de-Belek-828x550.jpg 828w, https:\/\/www.exclusifmag.com\/online\/wp-content\/uploads\/2018\/10\/7.-National-Golf-le-plus-ancien-golf-de-Belek.jpg 900w\" sizes=\"auto, (max-width: 400px) 100vw, 400px\" \/><\/a>\n\t\t\t<\/dt><\/dl><br style=\"clear: both\" \/><dl class='gallery-item'>\n\t\t\t<dt class='gallery-icon landscape'>\n\t\t\t\t<a href='https:\/\/www.exclusifmag.com\/online\/wp-content\/uploads\/2018\/10\/8.-National-Golf-Club-entre-monts-et-for\u00eats.jpg'><img loading=\"lazy\" decoding=\"async\" width=\"400\" height=\"266\" src=\"https:\/\/www.exclusifmag.com\/online\/wp-content\/uploads\/2018\/10\/8.-National-Golf-Club-entre-monts-et-for\u00eats-400x266.jpg\" class=\"attachment-medium size-medium\" alt=\"National Golf Club entre monts et for\u00eats\" srcset=\"https:\/\/www.exclusifmag.com\/online\/wp-content\/uploads\/2018\/10\/8.-National-Golf-Club-entre-monts-et-for\u00eats-400x266.jpg 400w, https:\/\/www.exclusifmag.com\/online\/wp-content\/uploads\/2018\/10\/8.-National-Golf-Club-entre-monts-et-for\u00eats-768x510.jpg 768w, https:\/\/www.exclusifmag.com\/online\/wp-content\/uploads\/2018\/10\/8.-National-Golf-Club-entre-monts-et-for\u00eats-828x550.jpg 828w, https:\/\/www.exclusifmag.com\/online\/wp-content\/uploads\/2018\/10\/8.-National-Golf-Club-entre-monts-et-for\u00eats.jpg 900w\" sizes=\"auto, (max-width: 400px) 100vw, 400px\" \/><\/a>\n\t\t\t<\/dt><\/dl><dl class='gallery-item'>\n\t\t\t<dt class='gallery-icon landscape'>\n\t\t\t\t<a href='https:\/\/www.exclusifmag.com\/online\/wp-content\/uploads\/2018\/11\/9.-Carya-Residence-aux-abords-du-golf-de-lH\u00f4tel-Regnum.jpg'><img loading=\"lazy\" decoding=\"async\" width=\"400\" height=\"266\" src=\"https:\/\/www.exclusifmag.com\/online\/wp-content\/uploads\/2018\/11\/9.-Carya-Residence-aux-abords-du-golf-de-lH\u00f4tel-Regnum-400x266.jpg\" class=\"attachment-medium size-medium\" alt=\"Carya Residence aux abords du golf de l&#039;H\u00f4tel Regnum\" srcset=\"https:\/\/www.exclusifmag.com\/online\/wp-content\/uploads\/2018\/11\/9.-Carya-Residence-aux-abords-du-golf-de-lH\u00f4tel-Regnum-400x266.jpg 400w, https:\/\/www.exclusifmag.com\/online\/wp-content\/uploads\/2018\/11\/9.-Carya-Residence-aux-abords-du-golf-de-lH\u00f4tel-Regnum-768x511.jpg 768w, https:\/\/www.exclusifmag.com\/online\/wp-content\/uploads\/2018\/11\/9.-Carya-Residence-aux-abords-du-golf-de-lH\u00f4tel-Regnum-1024x681.jpg 1024w, https:\/\/www.exclusifmag.com\/online\/wp-content\/uploads\/2018\/11\/9.-Carya-Residence-aux-abords-du-golf-de-lH\u00f4tel-Regnum-827x550.jpg 827w, https:\/\/www.exclusifmag.com\/online\/wp-content\/uploads\/2018\/11\/9.-Carya-Residence-aux-abords-du-golf-de-lH\u00f4tel-Regnum.jpg 1250w\" sizes=\"auto, (max-width: 400px) 100vw, 400px\" \/><\/a>\n\t\t\t<\/dt><\/dl><br style=\"clear: both\" \/>\n\t\t<\/div>\n\n<p>D\u00e8s 1998, avec l\u2019implantation de onze clubs et quinze terrains de golf dont quatre de dix-huit et vingt-sept trous, le profil de Belek s\u2019est notablement modifi\u00e9. Avec le golf, s\u2019ajoutant aux infrastructures somptueuses d\u2019h\u00f4tels 4**** et 5 *****, spas et centres de bien-\u00eatre ont essaim\u00e9 au c\u0153ur des palaces, en m\u00eame temps que le littoral offrait aux visiteurs les activit\u00e9s et les commerces d\u2019une station baln\u00e9aire moderne. A l\u2019initiative des autorit\u00e9s touristiques turques, Belek est appel\u00e9 \u00e0 devenir le plus grand territoire de golf du monde, l\u2019empire des golfeurs avec un ensemble de pr\u00e8s de 300 trous au total ! Entre ports, plages de sable fin et de galets, montagne et cit\u00e9s antiques, entre visions historiques et sportives, au c\u0153ur d\u2019un d\u00e9cor naturel \u00e9poustouflant, une exp\u00e9rience unique !<\/p>\n<p><strong>Fastueux et intime<\/strong><br \/>\nPoint de d\u00e9part de ce paradis du golf, Belek Kempinki The Dome, un bijou d\u2019h\u00f4tel. Exceptionnel par son architecture inspir\u00e9e de l\u2019art traditionnel turc en continuit\u00e9 avec la ligne d\u2019inspiration seldjoukide, c\u2019est un palace fastueux et intime \u00e0 la fois. Son portail, r\u00e9plique d\u2019une porte de Mosqu\u00e9e \u00e0 Konya construite en 1297, repr\u00e9sente fi\u00e8rement cette influence. Ici, colonnes et bois sont des \u00e9l\u00e9ments majeurs, travaill\u00e9s et grav\u00e9s avec d\u00e9licatesse en des motifs g\u00e9om\u00e9triques ou sculpt\u00e9s d\u2019arabesques \u00e9l\u00e9gantes, jusqu\u2019\u00e0 l\u2019aigle \u00e0 deux t\u00eates symbolisant le r\u00e8gne de l\u2019Empire Seldjouk. Somptueux, le d\u00f4me du lobby recouvert de tuiles et mosa\u00efques turquoise, bleu et noir\u2026 toute la d\u00e9coration suit ce sch\u00e9ma raffin\u00e9, chambres, vo\u00fbtes, sols discr\u00e8tement majestueux jusqu\u2019\u00e0 l\u2019immense piscine aux carreaux sous gla\u00e7ures\u2026 Pur style !<\/p>\n\n\t\t<style type=\"text\/css\">\n\t\t\t#gallery-3 {\n\t\t\t\tmargin: auto;\n\t\t\t}\n\t\t\t#gallery-3 .gallery-item {\n\t\t\t\tfloat: left;\n\t\t\t\tmargin-top: 10px;\n\t\t\t\ttext-align: center;\n\t\t\t\twidth: 50%;\n\t\t\t}\n\t\t\t#gallery-3 img {\n\t\t\t\tborder: 2px solid #cfcfcf;\n\t\t\t}\n\t\t\t#gallery-3 .gallery-caption {\n\t\t\t\tmargin-left: 0;\n\t\t\t}\n\t\t\t\/* see gallery_shortcode() in wp-includes\/media.php *\/\n\t\t<\/style>\n\t\t<div id='gallery-3' class='gallery galleryid-653 gallery-columns-2 gallery-size-medium'><dl class='gallery-item'>\n\t\t\t<dt class='gallery-icon landscape'>\n\t\t\t\t<a href='https:\/\/www.exclusifmag.com\/online\/wp-content\/uploads\/2018\/10\/1.-Belek-Kempinski-The-Dome-\u00e0-larchitecture-inspir\u00e9e-de-l\u00e9poque-Seldjoukide.jpg'><img loading=\"lazy\" decoding=\"async\" width=\"400\" height=\"266\" src=\"https:\/\/www.exclusifmag.com\/online\/wp-content\/uploads\/2018\/10\/1.-Belek-Kempinski-The-Dome-\u00e0-larchitecture-inspir\u00e9e-de-l\u00e9poque-Seldjoukide-400x266.jpg\" class=\"attachment-medium size-medium\" alt=\"Belek Kempinski The Dome \u00e0 l&#039;architecture inspir\u00e9e de l&#039;\u00e9poque Seldjoukide\" srcset=\"https:\/\/www.exclusifmag.com\/online\/wp-content\/uploads\/2018\/10\/1.-Belek-Kempinski-The-Dome-\u00e0-larchitecture-inspir\u00e9e-de-l\u00e9poque-Seldjoukide-400x266.jpg 400w, https:\/\/www.exclusifmag.com\/online\/wp-content\/uploads\/2018\/10\/1.-Belek-Kempinski-The-Dome-\u00e0-larchitecture-inspir\u00e9e-de-l\u00e9poque-Seldjoukide-768x510.jpg 768w, https:\/\/www.exclusifmag.com\/online\/wp-content\/uploads\/2018\/10\/1.-Belek-Kempinski-The-Dome-\u00e0-larchitecture-inspir\u00e9e-de-l\u00e9poque-Seldjoukide-828x550.jpg 828w, https:\/\/www.exclusifmag.com\/online\/wp-content\/uploads\/2018\/10\/1.-Belek-Kempinski-The-Dome-\u00e0-larchitecture-inspir\u00e9e-de-l\u00e9poque-Seldjoukide.jpg 900w\" sizes=\"auto, (max-width: 400px) 100vw, 400px\" \/><\/a>\n\t\t\t<\/dt><\/dl><dl class='gallery-item'>\n\t\t\t<dt class='gallery-icon landscape'>\n\t\t\t\t<a href='https:\/\/www.exclusifmag.com\/online\/wp-content\/uploads\/2018\/10\/2.-Un-accueil-monumental-avec-un-majestueux-d\u00f4me-ouvrag\u00e9-c-G.A.-D.jpg'><img loading=\"lazy\" decoding=\"async\" width=\"400\" height=\"266\" src=\"https:\/\/www.exclusifmag.com\/online\/wp-content\/uploads\/2018\/10\/2.-Un-accueil-monumental-avec-un-majestueux-d\u00f4me-ouvrag\u00e9-c-G.A.-D-400x266.jpg\" class=\"attachment-medium size-medium\" alt=\"Un accueil monumental avec un majestueux d\u00f4me ouvrag\u00e9 (c) G.A.-D.\" srcset=\"https:\/\/www.exclusifmag.com\/online\/wp-content\/uploads\/2018\/10\/2.-Un-accueil-monumental-avec-un-majestueux-d\u00f4me-ouvrag\u00e9-c-G.A.-D-400x266.jpg 400w, https:\/\/www.exclusifmag.com\/online\/wp-content\/uploads\/2018\/10\/2.-Un-accueil-monumental-avec-un-majestueux-d\u00f4me-ouvrag\u00e9-c-G.A.-D-828x550.jpg 828w, https:\/\/www.exclusifmag.com\/online\/wp-content\/uploads\/2018\/10\/2.-Un-accueil-monumental-avec-un-majestueux-d\u00f4me-ouvrag\u00e9-c-G.A.-D-768x510.jpg 768w, https:\/\/www.exclusifmag.com\/online\/wp-content\/uploads\/2018\/10\/2.-Un-accueil-monumental-avec-un-majestueux-d\u00f4me-ouvrag\u00e9-c-G.A.-D.jpg 900w\" sizes=\"auto, (max-width: 400px) 100vw, 400px\" \/><\/a>\n\t\t\t<\/dt><\/dl><br style=\"clear: both\" \/><dl class='gallery-item'>\n\t\t\t<dt class='gallery-icon landscape'>\n\t\t\t\t<a href='https:\/\/www.exclusifmag.com\/online\/wp-content\/uploads\/2018\/10\/3.-Le-Pasha-Antalya-Golf-Club-du-Belek-Kempinski-The-Dome.jpg'><img loading=\"lazy\" decoding=\"async\" width=\"400\" height=\"266\" src=\"https:\/\/www.exclusifmag.com\/online\/wp-content\/uploads\/2018\/10\/3.-Le-Pasha-Antalya-Golf-Club-du-Belek-Kempinski-The-Dome-400x266.jpg\" class=\"attachment-medium size-medium\" alt=\"Le Pasha Antalya Golf Club du Belek Kempinski The Dome\" srcset=\"https:\/\/www.exclusifmag.com\/online\/wp-content\/uploads\/2018\/10\/3.-Le-Pasha-Antalya-Golf-Club-du-Belek-Kempinski-The-Dome-400x266.jpg 400w, https:\/\/www.exclusifmag.com\/online\/wp-content\/uploads\/2018\/10\/3.-Le-Pasha-Antalya-Golf-Club-du-Belek-Kempinski-The-Dome-828x550.jpg 828w, https:\/\/www.exclusifmag.com\/online\/wp-content\/uploads\/2018\/10\/3.-Le-Pasha-Antalya-Golf-Club-du-Belek-Kempinski-The-Dome-768x510.jpg 768w, https:\/\/www.exclusifmag.com\/online\/wp-content\/uploads\/2018\/10\/3.-Le-Pasha-Antalya-Golf-Club-du-Belek-Kempinski-The-Dome.jpg 900w\" sizes=\"auto, (max-width: 400px) 100vw, 400px\" \/><\/a>\n\t\t\t<\/dt><\/dl><dl class='gallery-item'>\n\t\t\t<dt class='gallery-icon landscape'>\n\t\t\t\t<a href='https:\/\/www.exclusifmag.com\/online\/wp-content\/uploads\/2018\/10\/9.-Vue-de-la-fa\u00e7ade-lH\u00f4tel-Kempinski-The-Dome-face-\u00e0-la-mer-cG.A.-D.jpg'><img loading=\"lazy\" decoding=\"async\" width=\"400\" height=\"266\" src=\"https:\/\/www.exclusifmag.com\/online\/wp-content\/uploads\/2018\/10\/9.-Vue-de-la-fa\u00e7ade-lH\u00f4tel-Kempinski-The-Dome-face-\u00e0-la-mer-cG.A.-D-400x266.jpg\" class=\"attachment-medium size-medium\" alt=\"Vue de la fa\u00e7ade l&#039;H\u00f4tel Kempinski The Dome face \u00e0 la mer (c)G.A.-D.\" srcset=\"https:\/\/www.exclusifmag.com\/online\/wp-content\/uploads\/2018\/10\/9.-Vue-de-la-fa\u00e7ade-lH\u00f4tel-Kempinski-The-Dome-face-\u00e0-la-mer-cG.A.-D-400x266.jpg 400w, https:\/\/www.exclusifmag.com\/online\/wp-content\/uploads\/2018\/10\/9.-Vue-de-la-fa\u00e7ade-lH\u00f4tel-Kempinski-The-Dome-face-\u00e0-la-mer-cG.A.-D-828x550.jpg 828w, https:\/\/www.exclusifmag.com\/online\/wp-content\/uploads\/2018\/10\/9.-Vue-de-la-fa\u00e7ade-lH\u00f4tel-Kempinski-The-Dome-face-\u00e0-la-mer-cG.A.-D-768x510.jpg 768w, https:\/\/www.exclusifmag.com\/online\/wp-content\/uploads\/2018\/10\/9.-Vue-de-la-fa\u00e7ade-lH\u00f4tel-Kempinski-The-Dome-face-\u00e0-la-mer-cG.A.-D.jpg 900w\" sizes=\"auto, (max-width: 400px) 100vw, 400px\" \/><\/a>\n\t\t\t<\/dt><\/dl><br style=\"clear: both\" \/><dl class='gallery-item'>\n\t\t\t<dt class='gallery-icon landscape'>\n\t\t\t\t<a href='https:\/\/www.exclusifmag.com\/online\/wp-content\/uploads\/2018\/10\/5.-Confort-du-Club-House-de-lAntalya-Golf-Course-C-G.A.-D..jpg'><img loading=\"lazy\" decoding=\"async\" width=\"400\" height=\"266\" src=\"https:\/\/www.exclusifmag.com\/online\/wp-content\/uploads\/2018\/10\/5.-Confort-du-Club-House-de-lAntalya-Golf-Course-C-G.A.-D.-400x266.jpg\" class=\"attachment-medium size-medium\" alt=\"Confort du Club House de l&#039;Antalya Golf Course (C) G.A.-D.\" srcset=\"https:\/\/www.exclusifmag.com\/online\/wp-content\/uploads\/2018\/10\/5.-Confort-du-Club-House-de-lAntalya-Golf-Course-C-G.A.-D.-400x266.jpg 400w, https:\/\/www.exclusifmag.com\/online\/wp-content\/uploads\/2018\/10\/5.-Confort-du-Club-House-de-lAntalya-Golf-Course-C-G.A.-D.-828x550.jpg 828w, https:\/\/www.exclusifmag.com\/online\/wp-content\/uploads\/2018\/10\/5.-Confort-du-Club-House-de-lAntalya-Golf-Course-C-G.A.-D.-768x510.jpg 768w, https:\/\/www.exclusifmag.com\/online\/wp-content\/uploads\/2018\/10\/5.-Confort-du-Club-House-de-lAntalya-Golf-Course-C-G.A.-D..jpg 900w\" sizes=\"auto, (max-width: 400px) 100vw, 400px\" \/><\/a>\n\t\t\t<\/dt><\/dl><dl class='gallery-item'>\n\t\t\t<dt class='gallery-icon landscape'>\n\t\t\t\t<a href='https:\/\/www.exclusifmag.com\/online\/wp-content\/uploads\/2018\/10\/8.-El\u00e9gance-et-raffinement-dinspiration-traditionnelle-Kempinski-The-Dome.jpg'><img loading=\"lazy\" decoding=\"async\" width=\"400\" height=\"266\" src=\"https:\/\/www.exclusifmag.com\/online\/wp-content\/uploads\/2018\/10\/8.-El\u00e9gance-et-raffinement-dinspiration-traditionnelle-Kempinski-The-Dome-400x266.jpg\" class=\"attachment-medium size-medium\" alt=\"El\u00e9gance et raffinement d&#039;inspiration traditionnelle Kempinski The Dome\" srcset=\"https:\/\/www.exclusifmag.com\/online\/wp-content\/uploads\/2018\/10\/8.-El\u00e9gance-et-raffinement-dinspiration-traditionnelle-Kempinski-The-Dome-400x266.jpg 400w, https:\/\/www.exclusifmag.com\/online\/wp-content\/uploads\/2018\/10\/8.-El\u00e9gance-et-raffinement-dinspiration-traditionnelle-Kempinski-The-Dome-768x510.jpg 768w, https:\/\/www.exclusifmag.com\/online\/wp-content\/uploads\/2018\/10\/8.-El\u00e9gance-et-raffinement-dinspiration-traditionnelle-Kempinski-The-Dome-828x550.jpg 828w, https:\/\/www.exclusifmag.com\/online\/wp-content\/uploads\/2018\/10\/8.-El\u00e9gance-et-raffinement-dinspiration-traditionnelle-Kempinski-The-Dome.jpg 900w\" sizes=\"auto, (max-width: 400px) 100vw, 400px\" \/><\/a>\n\t\t\t<\/dt><\/dl><br style=\"clear: both\" \/>\n\t\t<\/div>\n\n<p>Situ\u00e9 sur le domaine du Kempinski The Dome, l\u2019Antalya Golf Club offre le privil\u00e8ge de jouer sur deux 18 trous \u00e0 difficult\u00e9s vari\u00e9es, le PGA Sultan Course et le Pasha Course. Ces terrains d\u2019exception, dessin\u00e9s par les architectes de l\u2019European Golf Design sous la houlette avis\u00e9e de David Jones, proposent des parcours compl\u00e9mentaires hautement \u00e9tudi\u00e9s s\u2019int\u00e9grant avec virtuosit\u00e9 au sein d\u2019un opulent paysage forestier. Si le PGA Sultan compte sur l\u2019habilet\u00e9 et le discernement du golfeur exp\u00e9riment\u00e9 ainsi que sur son plaisir \u00e0 affronter et contourner les obstacles, Pasha Course encourage le joueur n\u00e9ophyte en le poussant hors de sa zone de confort ! Les clients du Dome peuvent b\u00e9n\u00e9ficier d\u2019arrangements avec d\u2019autres golfs de la proche r\u00e9gion et jouer indiff\u00e9remment \u00e0 l\u2019Antalya Golf Club tout comme en voisins, \u00e0 l\u2019H\u00f4tel Regnum.<\/p>\n<p><strong>Un vaste choix de loisirs<\/strong><\/p>\n<p>Distingu\u00e9 par l\u2019International Leed Gold Certificate en faveur de l\u2019environnement, le Regnum Carya Golf &amp;Spa Resort g\u00e8re depuis 2014 le National Golf Club, le plus ancien parcours de la r\u00e9gion cr\u00e9\u00e9 en 1994 dans le cadre d\u2019une vaste for\u00eat de pins et d\u2019eucalyptus. Tout en \u00e9l\u00e9gance, le club house du National a d\u00e9lib\u00e9r\u00e9ment pr\u00e9serv\u00e9 un raffinement d\u00e9suet\u2026 Egalement sous l\u2019\u00e9gide du Regnum, tout aussi exceptionnel, le Carya Golf Club, le seul golf illumin\u00e9 en Europe, accueille entre autres r\u00e9guli\u00e8rement des comp\u00e9titions internationales. Du 2 au 5 novembre 2017s\u2019y d\u00e9roulera pour la 2e fois le Turkish Airlines Open Golf Tournament , la 6e rencontre sur les 8 s\u00e9ries programm\u00e9es dans le cadre du Europan Tour\u2019s Rolex \u2026<\/p>\n\n\t\t<style type=\"text\/css\">\n\t\t\t#gallery-4 {\n\t\t\t\tmargin: auto;\n\t\t\t}\n\t\t\t#gallery-4 .gallery-item {\n\t\t\t\tfloat: left;\n\t\t\t\tmargin-top: 10px;\n\t\t\t\ttext-align: center;\n\t\t\t\twidth: 50%;\n\t\t\t}\n\t\t\t#gallery-4 img {\n\t\t\t\tborder: 2px solid #cfcfcf;\n\t\t\t}\n\t\t\t#gallery-4 .gallery-caption {\n\t\t\t\tmargin-left: 0;\n\t\t\t}\n\t\t\t\/* see gallery_shortcode() in wp-includes\/media.php *\/\n\t\t<\/style>\n\t\t<div id='gallery-4' class='gallery galleryid-653 gallery-columns-2 gallery-size-medium'><dl class='gallery-item'>\n\t\t\t<dt class='gallery-icon landscape'>\n\t\t\t\t<a href='https:\/\/www.exclusifmag.com\/online\/wp-content\/uploads\/2018\/11\/1.-National-Golf-Club-le-plus-ancien-parcours-de-la-r\u00e9gion.jpg'><img loading=\"lazy\" decoding=\"async\" width=\"400\" height=\"266\" src=\"https:\/\/www.exclusifmag.com\/online\/wp-content\/uploads\/2018\/11\/1.-National-Golf-Club-le-plus-ancien-parcours-de-la-r\u00e9gion-400x266.jpg\" class=\"attachment-medium size-medium\" alt=\"National Golf Club le plus ancien parcours de la r\u00e9gion\" srcset=\"https:\/\/www.exclusifmag.com\/online\/wp-content\/uploads\/2018\/11\/1.-National-Golf-Club-le-plus-ancien-parcours-de-la-r\u00e9gion-400x266.jpg 400w, https:\/\/www.exclusifmag.com\/online\/wp-content\/uploads\/2018\/11\/1.-National-Golf-Club-le-plus-ancien-parcours-de-la-r\u00e9gion-768x510.jpg 768w, https:\/\/www.exclusifmag.com\/online\/wp-content\/uploads\/2018\/11\/1.-National-Golf-Club-le-plus-ancien-parcours-de-la-r\u00e9gion-828x550.jpg 828w, https:\/\/www.exclusifmag.com\/online\/wp-content\/uploads\/2018\/11\/1.-National-Golf-Club-le-plus-ancien-parcours-de-la-r\u00e9gion.jpg 900w\" sizes=\"auto, (max-width: 400px) 100vw, 400px\" \/><\/a>\n\t\t\t<\/dt><\/dl><dl class='gallery-item'>\n\t\t\t<dt class='gallery-icon landscape'>\n\t\t\t\t<a href='https:\/\/www.exclusifmag.com\/online\/wp-content\/uploads\/2018\/11\/2.-National-Golf-Club-dans-une-vaste-for\u00eat-de-pins-et-deucalyptus.jpg'><img loading=\"lazy\" decoding=\"async\" width=\"400\" height=\"266\" src=\"https:\/\/www.exclusifmag.com\/online\/wp-content\/uploads\/2018\/11\/2.-National-Golf-Club-dans-une-vaste-for\u00eat-de-pins-et-deucalyptus-400x266.jpg\" class=\"attachment-medium size-medium\" alt=\"National Golf Club dans une vaste for\u00eat de pins et d&#039;eucalyptus\" srcset=\"https:\/\/www.exclusifmag.com\/online\/wp-content\/uploads\/2018\/11\/2.-National-Golf-Club-dans-une-vaste-for\u00eat-de-pins-et-deucalyptus-400x266.jpg 400w, https:\/\/www.exclusifmag.com\/online\/wp-content\/uploads\/2018\/11\/2.-National-Golf-Club-dans-une-vaste-for\u00eat-de-pins-et-deucalyptus-768x510.jpg 768w, https:\/\/www.exclusifmag.com\/online\/wp-content\/uploads\/2018\/11\/2.-National-Golf-Club-dans-une-vaste-for\u00eat-de-pins-et-deucalyptus-828x550.jpg 828w, https:\/\/www.exclusifmag.com\/online\/wp-content\/uploads\/2018\/11\/2.-National-Golf-Club-dans-une-vaste-for\u00eat-de-pins-et-deucalyptus.jpg 900w\" sizes=\"auto, (max-width: 400px) 100vw, 400px\" \/><\/a>\n\t\t\t<\/dt><\/dl><br style=\"clear: both\" \/><dl class='gallery-item'>\n\t\t\t<dt class='gallery-icon landscape'>\n\t\t\t\t<a href='https:\/\/www.exclusifmag.com\/online\/wp-content\/uploads\/2018\/11\/3.-Carya-Golf-le-seul-golf-illumin\u00e9-la-nuit.jpg'><img loading=\"lazy\" decoding=\"async\" width=\"400\" height=\"266\" src=\"https:\/\/www.exclusifmag.com\/online\/wp-content\/uploads\/2018\/11\/3.-Carya-Golf-le-seul-golf-illumin\u00e9-la-nuit-400x266.jpg\" class=\"attachment-medium size-medium\" alt=\"Carya Golf le seul golf illumin\u00e9 la nuit\" srcset=\"https:\/\/www.exclusifmag.com\/online\/wp-content\/uploads\/2018\/11\/3.-Carya-Golf-le-seul-golf-illumin\u00e9-la-nuit-400x266.jpg 400w, https:\/\/www.exclusifmag.com\/online\/wp-content\/uploads\/2018\/11\/3.-Carya-Golf-le-seul-golf-illumin\u00e9-la-nuit-768x510.jpg 768w, https:\/\/www.exclusifmag.com\/online\/wp-content\/uploads\/2018\/11\/3.-Carya-Golf-le-seul-golf-illumin\u00e9-la-nuit-828x550.jpg 828w, https:\/\/www.exclusifmag.com\/online\/wp-content\/uploads\/2018\/11\/3.-Carya-Golf-le-seul-golf-illumin\u00e9-la-nuit.jpg 900w\" sizes=\"auto, (max-width: 400px) 100vw, 400px\" \/><\/a>\n\t\t\t<\/dt><\/dl><dl class='gallery-item'>\n\t\t\t<dt class='gallery-icon landscape'>\n\t\t\t\t<a href='https:\/\/www.exclusifmag.com\/online\/wp-content\/uploads\/2018\/11\/4.-Une-ambiance-unique-pour-golfer-de-nuit-Carya-Golf.jpg'><img loading=\"lazy\" decoding=\"async\" width=\"400\" height=\"266\" src=\"https:\/\/www.exclusifmag.com\/online\/wp-content\/uploads\/2018\/11\/4.-Une-ambiance-unique-pour-golfer-de-nuit-Carya-Golf-400x266.jpg\" class=\"attachment-medium size-medium\" alt=\"Une ambiance unique pour golfer de nuit Carya Golf\" srcset=\"https:\/\/www.exclusifmag.com\/online\/wp-content\/uploads\/2018\/11\/4.-Une-ambiance-unique-pour-golfer-de-nuit-Carya-Golf-400x266.jpg 400w, https:\/\/www.exclusifmag.com\/online\/wp-content\/uploads\/2018\/11\/4.-Une-ambiance-unique-pour-golfer-de-nuit-Carya-Golf-768x510.jpg 768w, https:\/\/www.exclusifmag.com\/online\/wp-content\/uploads\/2018\/11\/4.-Une-ambiance-unique-pour-golfer-de-nuit-Carya-Golf-828x550.jpg 828w, https:\/\/www.exclusifmag.com\/online\/wp-content\/uploads\/2018\/11\/4.-Une-ambiance-unique-pour-golfer-de-nuit-Carya-Golf.jpg 900w\" sizes=\"auto, (max-width: 400px) 100vw, 400px\" \/><\/a>\n\t\t\t<\/dt><\/dl><br style=\"clear: both\" \/>\n\t\t<\/div>\n\n\n\t\t<style type=\"text\/css\">\n\t\t\t#gallery-5 {\n\t\t\t\tmargin: auto;\n\t\t\t}\n\t\t\t#gallery-5 .gallery-item {\n\t\t\t\tfloat: left;\n\t\t\t\tmargin-top: 10px;\n\t\t\t\ttext-align: center;\n\t\t\t\twidth: 50%;\n\t\t\t}\n\t\t\t#gallery-5 img {\n\t\t\t\tborder: 2px solid #cfcfcf;\n\t\t\t}\n\t\t\t#gallery-5 .gallery-caption {\n\t\t\t\tmargin-left: 0;\n\t\t\t}\n\t\t\t\/* see gallery_shortcode() in wp-includes\/media.php *\/\n\t\t<\/style>\n\t\t<div id='gallery-5' class='gallery galleryid-653 gallery-columns-2 gallery-size-medium'><dl class='gallery-item'>\n\t\t\t<dt class='gallery-icon landscape'>\n\t\t\t\t<a href='https:\/\/www.exclusifmag.com\/online\/wp-content\/uploads\/2018\/11\/5.-Vue-sur-Carya-Golf-du-Regnum-Carya-Golf-Spa-Resort.jpg'><img loading=\"lazy\" decoding=\"async\" width=\"400\" height=\"266\" src=\"https:\/\/www.exclusifmag.com\/online\/wp-content\/uploads\/2018\/11\/5.-Vue-sur-Carya-Golf-du-Regnum-Carya-Golf-Spa-Resort-400x266.jpg\" class=\"attachment-medium size-medium\" alt=\"Vue sur Carya Golf du Regnum Carya Golf &amp; Spa Resort\" srcset=\"https:\/\/www.exclusifmag.com\/online\/wp-content\/uploads\/2018\/11\/5.-Vue-sur-Carya-Golf-du-Regnum-Carya-Golf-Spa-Resort-400x266.jpg 400w, https:\/\/www.exclusifmag.com\/online\/wp-content\/uploads\/2018\/11\/5.-Vue-sur-Carya-Golf-du-Regnum-Carya-Golf-Spa-Resort-768x510.jpg 768w, https:\/\/www.exclusifmag.com\/online\/wp-content\/uploads\/2018\/11\/5.-Vue-sur-Carya-Golf-du-Regnum-Carya-Golf-Spa-Resort-828x550.jpg 828w, https:\/\/www.exclusifmag.com\/online\/wp-content\/uploads\/2018\/11\/5.-Vue-sur-Carya-Golf-du-Regnum-Carya-Golf-Spa-Resort.jpg 900w\" sizes=\"auto, (max-width: 400px) 100vw, 400px\" \/><\/a>\n\t\t\t<\/dt><\/dl><dl class='gallery-item'>\n\t\t\t<dt class='gallery-icon landscape'>\n\t\t\t\t<a href='https:\/\/www.exclusifmag.com\/online\/wp-content\/uploads\/2018\/11\/6.-Belek-soigne-les-enfants-Kids-Aqua-du-Regnum-H\u00f4tel.jpg'><img loading=\"lazy\" decoding=\"async\" width=\"400\" height=\"266\" src=\"https:\/\/www.exclusifmag.com\/online\/wp-content\/uploads\/2018\/11\/6.-Belek-soigne-les-enfants-Kids-Aqua-du-Regnum-H\u00f4tel-400x266.jpg\" class=\"attachment-medium size-medium\" alt=\"Belek soigne les enfants Kids Aqua du Regnum H\u00f4tel\" srcset=\"https:\/\/www.exclusifmag.com\/online\/wp-content\/uploads\/2018\/11\/6.-Belek-soigne-les-enfants-Kids-Aqua-du-Regnum-H\u00f4tel-400x266.jpg 400w, https:\/\/www.exclusifmag.com\/online\/wp-content\/uploads\/2018\/11\/6.-Belek-soigne-les-enfants-Kids-Aqua-du-Regnum-H\u00f4tel-768x510.jpg 768w, https:\/\/www.exclusifmag.com\/online\/wp-content\/uploads\/2018\/11\/6.-Belek-soigne-les-enfants-Kids-Aqua-du-Regnum-H\u00f4tel-828x550.jpg 828w, https:\/\/www.exclusifmag.com\/online\/wp-content\/uploads\/2018\/11\/6.-Belek-soigne-les-enfants-Kids-Aqua-du-Regnum-H\u00f4tel.jpg 900w\" sizes=\"auto, (max-width: 400px) 100vw, 400px\" \/><\/a>\n\t\t\t<\/dt><\/dl><br style=\"clear: both\" \/><dl class='gallery-item'>\n\t\t\t<dt class='gallery-icon landscape'>\n\t\t\t\t<a href='https:\/\/www.exclusifmag.com\/online\/wp-content\/uploads\/2018\/11\/7.-Toutes-les-attractions-sont-\u00e0-proximit\u00e9-des-h\u00f4tels-vue-sur-lAquaworld-du-Regnum.jpg'><img loading=\"lazy\" decoding=\"async\" width=\"400\" height=\"266\" src=\"https:\/\/www.exclusifmag.com\/online\/wp-content\/uploads\/2018\/11\/7.-Toutes-les-attractions-sont-\u00e0-proximit\u00e9-des-h\u00f4tels-vue-sur-lAquaworld-du-Regnum-400x266.jpg\" class=\"attachment-medium size-medium\" alt=\"Toutes les attractions sont \u00e0 proximit\u00e9 des h\u00f4tels vue sur l&#039;Aquaworld du Regnum\" srcset=\"https:\/\/www.exclusifmag.com\/online\/wp-content\/uploads\/2018\/11\/7.-Toutes-les-attractions-sont-\u00e0-proximit\u00e9-des-h\u00f4tels-vue-sur-lAquaworld-du-Regnum-400x266.jpg 400w, https:\/\/www.exclusifmag.com\/online\/wp-content\/uploads\/2018\/11\/7.-Toutes-les-attractions-sont-\u00e0-proximit\u00e9-des-h\u00f4tels-vue-sur-lAquaworld-du-Regnum-768x510.jpg 768w, https:\/\/www.exclusifmag.com\/online\/wp-content\/uploads\/2018\/11\/7.-Toutes-les-attractions-sont-\u00e0-proximit\u00e9-des-h\u00f4tels-vue-sur-lAquaworld-du-Regnum-828x550.jpg 828w, https:\/\/www.exclusifmag.com\/online\/wp-content\/uploads\/2018\/11\/7.-Toutes-les-attractions-sont-\u00e0-proximit\u00e9-des-h\u00f4tels-vue-sur-lAquaworld-du-Regnum.jpg 900w\" sizes=\"auto, (max-width: 400px) 100vw, 400px\" \/><\/a>\n\t\t\t<\/dt><\/dl><dl class='gallery-item'>\n\t\t\t<dt class='gallery-icon landscape'>\n\t\t\t\t<a href='https:\/\/www.exclusifmag.com\/online\/wp-content\/uploads\/2018\/11\/8.-De-la-vieille-ville-dAntalya-vue-sur-la-cit\u00e9-moderne-cG.A.-D..jpg'><img loading=\"lazy\" decoding=\"async\" width=\"400\" height=\"266\" src=\"https:\/\/www.exclusifmag.com\/online\/wp-content\/uploads\/2018\/11\/8.-De-la-vieille-ville-dAntalya-vue-sur-la-cit\u00e9-moderne-cG.A.-D.-400x266.jpg\" class=\"attachment-medium size-medium\" alt=\"De la vieille ville d&#039;Antalya, vue sur la cit\u00e9 moderne (c)G.A.-D\" srcset=\"https:\/\/www.exclusifmag.com\/online\/wp-content\/uploads\/2018\/11\/8.-De-la-vieille-ville-dAntalya-vue-sur-la-cit\u00e9-moderne-cG.A.-D.-400x266.jpg 400w, https:\/\/www.exclusifmag.com\/online\/wp-content\/uploads\/2018\/11\/8.-De-la-vieille-ville-dAntalya-vue-sur-la-cit\u00e9-moderne-cG.A.-D.-768x510.jpg 768w, https:\/\/www.exclusifmag.com\/online\/wp-content\/uploads\/2018\/11\/8.-De-la-vieille-ville-dAntalya-vue-sur-la-cit\u00e9-moderne-cG.A.-D.-828x550.jpg 828w, https:\/\/www.exclusifmag.com\/online\/wp-content\/uploads\/2018\/11\/8.-De-la-vieille-ville-dAntalya-vue-sur-la-cit\u00e9-moderne-cG.A.-D..jpg 900w\" sizes=\"auto, (max-width: 400px) 100vw, 400px\" \/><\/a>\n\t\t\t<\/dt><\/dl><br style=\"clear: both\" \/>\n\t\t<\/div>\n\n<p>Si la vocation de Belek s\u2019oriente vers le golf jusqu\u2019\u00e0 en faire le plus luxueux passage oblig\u00e9 pour tout passionn\u00e9 de greens, la r\u00e9gion offre de nombreux autres loisirs \u00e0 savourer. Tr\u00e8s orient\u00e9e famille, Antalya, ville et province, est une destination r\u00eav\u00e9e pour les enfants. Jeux, parcs d\u2019attractions attenant aux h\u00f4tels, s\u2019\u00e9tirant sur des plages interminables en bordure de la Mer Eg\u00e9e, ici les vacances sont une promesse de bonheur pour petits et grands. La Vieille Ville d\u2019Antalya, nich\u00e9e en contrebas de son ancien port, s\u2019enorgueillit de son intr\u00e9pide pass\u00e9 au cours duquel sous les Romains, les Byzantins ou les Seldjoukides\u2026 la ville a toujours \u00e9t\u00e9 peupl\u00e9e. Aujourd\u2019hui encore, la Cit\u00e9 Moderne avec son bazar authentique, ses boutiques branch\u00e9es et restaurants tendances n\u2019a pas cess\u00e9 de s\u00e9duire !<\/p>\n<p><strong>Culture et Nature<\/strong><\/p>\n<p>Pour les amateurs de patrimoine historique et culturel, l\u2019h\u00e9ritage de la r\u00e9gion est exceptionnel. Dominant une petite rivi\u00e8re, Aspendos &#8211; dont les spectacles d\u2019\u00e9t\u00e9 attirent de nombreux touristes &#8211; est une ville gr\u00e9co-romaine poss\u00e9dant le th\u00e9\u00e2tre le mieux pr\u00e9serv\u00e9 d\u2019Asie Mineure. A 18km seulement d\u2019Antalya, Perge d\u2019o\u00f9 Saint Paul fit son premier sermon, proche d\u2019un stade et d\u2019une Agora, la cit\u00e9 \u00e9tait elle aussi, dot\u00e9e d\u2019un th\u00e9\u00e2tre pouvant accueillir jadis jusqu\u2019\u00e0 12 000 spectateurs\u2026 Situ\u00e9e sur une p\u00e9ninsule, la ville antique de Sid\u00e9 fut gr\u00e2ce \u00e0 son port un centre commercial important. Aujourd\u2019hui encore, ponctu\u00e9e de boutiques avenantes et de restaurants typiques, la cit\u00e9 est une destination \u00e0 d\u00e9couvrir avec son all\u00e9e de colonnes, son agora et les vestiges \u00e9lanc\u00e9s du temple d\u2019Apollon, magnifiques au coucher du soleil.<\/p>\n\n\t\t<style type=\"text\/css\">\n\t\t\t#gallery-6 {\n\t\t\t\tmargin: auto;\n\t\t\t}\n\t\t\t#gallery-6 .gallery-item {\n\t\t\t\tfloat: left;\n\t\t\t\tmargin-top: 10px;\n\t\t\t\ttext-align: center;\n\t\t\t\twidth: 50%;\n\t\t\t}\n\t\t\t#gallery-6 img {\n\t\t\t\tborder: 2px solid #cfcfcf;\n\t\t\t}\n\t\t\t#gallery-6 .gallery-caption {\n\t\t\t\tmargin-left: 0;\n\t\t\t}\n\t\t\t\/* see gallery_shortcode() in wp-includes\/media.php *\/\n\t\t<\/style>\n\t\t<div id='gallery-6' class='gallery galleryid-653 gallery-columns-2 gallery-size-medium'><dl class='gallery-item'>\n\t\t\t<dt class='gallery-icon landscape'>\n\t\t\t\t<a href='https:\/\/www.exclusifmag.com\/online\/wp-content\/uploads\/2018\/11\/1.-Aspendos-la-ville-greco-romaine-poss\u00e8de-un-th\u00e9\u00e2tre-accueillant-de-nombreux-spectacles-en-\u00e9t\u00e9-c-G.A.-D..jpg'><img loading=\"lazy\" decoding=\"async\" width=\"400\" height=\"266\" src=\"https:\/\/www.exclusifmag.com\/online\/wp-content\/uploads\/2018\/11\/1.-Aspendos-la-ville-greco-romaine-poss\u00e8de-un-th\u00e9\u00e2tre-accueillant-de-nombreux-spectacles-en-\u00e9t\u00e9-c-G.A.-D.-400x266.jpg\" class=\"attachment-medium size-medium\" alt=\"Aspendos la ville greco-romaine poss\u00e8de un th\u00e9\u00e2tre accueillant de nombreux spectacles en \u00e9t\u00e9 (c) G.A.-D..\" srcset=\"https:\/\/www.exclusifmag.com\/online\/wp-content\/uploads\/2018\/11\/1.-Aspendos-la-ville-greco-romaine-poss\u00e8de-un-th\u00e9\u00e2tre-accueillant-de-nombreux-spectacles-en-\u00e9t\u00e9-c-G.A.-D.-400x266.jpg 400w, https:\/\/www.exclusifmag.com\/online\/wp-content\/uploads\/2018\/11\/1.-Aspendos-la-ville-greco-romaine-poss\u00e8de-un-th\u00e9\u00e2tre-accueillant-de-nombreux-spectacles-en-\u00e9t\u00e9-c-G.A.-D.-768x510.jpg 768w, https:\/\/www.exclusifmag.com\/online\/wp-content\/uploads\/2018\/11\/1.-Aspendos-la-ville-greco-romaine-poss\u00e8de-un-th\u00e9\u00e2tre-accueillant-de-nombreux-spectacles-en-\u00e9t\u00e9-c-G.A.-D.-828x550.jpg 828w, https:\/\/www.exclusifmag.com\/online\/wp-content\/uploads\/2018\/11\/1.-Aspendos-la-ville-greco-romaine-poss\u00e8de-un-th\u00e9\u00e2tre-accueillant-de-nombreux-spectacles-en-\u00e9t\u00e9-c-G.A.-D..jpg 900w\" sizes=\"auto, (max-width: 400px) 100vw, 400px\" \/><\/a>\n\t\t\t<\/dt><\/dl><dl class='gallery-item'>\n\t\t\t<dt class='gallery-icon landscape'>\n\t\t\t\t<a href='https:\/\/www.exclusifmag.com\/online\/wp-content\/uploads\/2018\/11\/4.-Perge-lall\u00e9e-des-colonnades-c-G.A.-D..jpg'><img loading=\"lazy\" decoding=\"async\" width=\"400\" height=\"266\" src=\"https:\/\/www.exclusifmag.com\/online\/wp-content\/uploads\/2018\/11\/4.-Perge-lall\u00e9e-des-colonnades-c-G.A.-D.-400x266.jpg\" class=\"attachment-medium size-medium\" alt=\"Perge l&#039;all\u00e9e des colonnades (c) G.A.-D.\" srcset=\"https:\/\/www.exclusifmag.com\/online\/wp-content\/uploads\/2018\/11\/4.-Perge-lall\u00e9e-des-colonnades-c-G.A.-D.-400x266.jpg 400w, https:\/\/www.exclusifmag.com\/online\/wp-content\/uploads\/2018\/11\/4.-Perge-lall\u00e9e-des-colonnades-c-G.A.-D.-768x510.jpg 768w, https:\/\/www.exclusifmag.com\/online\/wp-content\/uploads\/2018\/11\/4.-Perge-lall\u00e9e-des-colonnades-c-G.A.-D.-828x550.jpg 828w, https:\/\/www.exclusifmag.com\/online\/wp-content\/uploads\/2018\/11\/4.-Perge-lall\u00e9e-des-colonnades-c-G.A.-D..jpg 900w\" sizes=\"auto, (max-width: 400px) 100vw, 400px\" \/><\/a>\n\t\t\t<\/dt><\/dl><br style=\"clear: both\" \/><dl class='gallery-item'>\n\t\t\t<dt class='gallery-icon landscape'>\n\t\t\t\t<a href='https:\/\/www.exclusifmag.com\/online\/wp-content\/uploads\/2018\/11\/3.-Perge-un-enchev\u00eatrement-de-vestiges-qui-en-disent-long-sur-limportance-de-la-cit\u00e9-cG.A.-D..jpg'><img loading=\"lazy\" decoding=\"async\" width=\"400\" height=\"266\" src=\"https:\/\/www.exclusifmag.com\/online\/wp-content\/uploads\/2018\/11\/3.-Perge-un-enchev\u00eatrement-de-vestiges-qui-en-disent-long-sur-limportance-de-la-cit\u00e9-cG.A.-D.-400x266.jpg\" class=\"attachment-medium size-medium\" alt=\"Perge un enchev\u00eatrement de vestiges qui en disent long sur l&#039;importance de la cit\u00e9 (c)G.A.-D.\" srcset=\"https:\/\/www.exclusifmag.com\/online\/wp-content\/uploads\/2018\/11\/3.-Perge-un-enchev\u00eatrement-de-vestiges-qui-en-disent-long-sur-limportance-de-la-cit\u00e9-cG.A.-D.-400x266.jpg 400w, https:\/\/www.exclusifmag.com\/online\/wp-content\/uploads\/2018\/11\/3.-Perge-un-enchev\u00eatrement-de-vestiges-qui-en-disent-long-sur-limportance-de-la-cit\u00e9-cG.A.-D.-768x510.jpg 768w, https:\/\/www.exclusifmag.com\/online\/wp-content\/uploads\/2018\/11\/3.-Perge-un-enchev\u00eatrement-de-vestiges-qui-en-disent-long-sur-limportance-de-la-cit\u00e9-cG.A.-D.-828x550.jpg 828w, https:\/\/www.exclusifmag.com\/online\/wp-content\/uploads\/2018\/11\/3.-Perge-un-enchev\u00eatrement-de-vestiges-qui-en-disent-long-sur-limportance-de-la-cit\u00e9-cG.A.-D..jpg 900w\" sizes=\"auto, (max-width: 400px) 100vw, 400px\" \/><\/a>\n\t\t\t<\/dt><\/dl><dl class='gallery-item'>\n\t\t\t<dt class='gallery-icon landscape'>\n\t\t\t\t<a href='https:\/\/www.exclusifmag.com\/online\/wp-content\/uploads\/2018\/11\/2.-Perge-lAgora-cG.A.-D..jpg'><img loading=\"lazy\" decoding=\"async\" width=\"400\" height=\"266\" src=\"https:\/\/www.exclusifmag.com\/online\/wp-content\/uploads\/2018\/11\/2.-Perge-lAgora-cG.A.-D.-400x266.jpg\" class=\"attachment-medium size-medium\" alt=\"Perge l&#039;Agora (c)G.A.-D.\" srcset=\"https:\/\/www.exclusifmag.com\/online\/wp-content\/uploads\/2018\/11\/2.-Perge-lAgora-cG.A.-D.-400x266.jpg 400w, https:\/\/www.exclusifmag.com\/online\/wp-content\/uploads\/2018\/11\/2.-Perge-lAgora-cG.A.-D.-768x510.jpg 768w, https:\/\/www.exclusifmag.com\/online\/wp-content\/uploads\/2018\/11\/2.-Perge-lAgora-cG.A.-D.-828x550.jpg 828w, https:\/\/www.exclusifmag.com\/online\/wp-content\/uploads\/2018\/11\/2.-Perge-lAgora-cG.A.-D..jpg 900w\" sizes=\"auto, (max-width: 400px) 100vw, 400px\" \/><\/a>\n\t\t\t<\/dt><\/dl><br style=\"clear: both\" \/>\n\t\t<\/div>\n\n\n\t\t<style type=\"text\/css\">\n\t\t\t#gallery-7 {\n\t\t\t\tmargin: auto;\n\t\t\t}\n\t\t\t#gallery-7 .gallery-item {\n\t\t\t\tfloat: left;\n\t\t\t\tmargin-top: 10px;\n\t\t\t\ttext-align: center;\n\t\t\t\twidth: 50%;\n\t\t\t}\n\t\t\t#gallery-7 img {\n\t\t\t\tborder: 2px solid #cfcfcf;\n\t\t\t}\n\t\t\t#gallery-7 .gallery-caption {\n\t\t\t\tmargin-left: 0;\n\t\t\t}\n\t\t\t\/* see gallery_shortcode() in wp-includes\/media.php *\/\n\t\t<\/style>\n\t\t<div id='gallery-7' class='gallery galleryid-653 gallery-columns-2 gallery-size-medium'><dl class='gallery-item'>\n\t\t\t<dt class='gallery-icon landscape'>\n\t\t\t\t<a href='https:\/\/www.exclusifmag.com\/online\/wp-content\/uploads\/2018\/11\/5.-Side-promenade-en-bord-de-mer-une-corniche-appr\u00e9ci\u00e9e-des-touristes-c-G.A.-D..jpg'><img loading=\"lazy\" decoding=\"async\" width=\"400\" height=\"266\" src=\"https:\/\/www.exclusifmag.com\/online\/wp-content\/uploads\/2018\/11\/5.-Side-promenade-en-bord-de-mer-une-corniche-appr\u00e9ci\u00e9e-des-touristes-c-G.A.-D.-400x266.jpg\" class=\"attachment-medium size-medium\" alt=\"Side promenade en bord de mer, une corniche appr\u00e9ci\u00e9e des touristes (c) G.A.-D.\" srcset=\"https:\/\/www.exclusifmag.com\/online\/wp-content\/uploads\/2018\/11\/5.-Side-promenade-en-bord-de-mer-une-corniche-appr\u00e9ci\u00e9e-des-touristes-c-G.A.-D.-400x266.jpg 400w, https:\/\/www.exclusifmag.com\/online\/wp-content\/uploads\/2018\/11\/5.-Side-promenade-en-bord-de-mer-une-corniche-appr\u00e9ci\u00e9e-des-touristes-c-G.A.-D.-768x510.jpg 768w, https:\/\/www.exclusifmag.com\/online\/wp-content\/uploads\/2018\/11\/5.-Side-promenade-en-bord-de-mer-une-corniche-appr\u00e9ci\u00e9e-des-touristes-c-G.A.-D.-828x550.jpg 828w, https:\/\/www.exclusifmag.com\/online\/wp-content\/uploads\/2018\/11\/5.-Side-promenade-en-bord-de-mer-une-corniche-appr\u00e9ci\u00e9e-des-touristes-c-G.A.-D..jpg 900w\" sizes=\"auto, (max-width: 400px) 100vw, 400px\" \/><\/a>\n\t\t\t<\/dt><\/dl><dl class='gallery-item'>\n\t\t\t<dt class='gallery-icon landscape'>\n\t\t\t\t<a href='https:\/\/www.exclusifmag.com\/online\/wp-content\/uploads\/2018\/11\/6.-Side-face-\u00e0-la-mer-les-colonnes-du-Temple-dApollon-c-G.A.-D..jpg'><img loading=\"lazy\" decoding=\"async\" width=\"400\" height=\"266\" src=\"https:\/\/www.exclusifmag.com\/online\/wp-content\/uploads\/2018\/11\/6.-Side-face-\u00e0-la-mer-les-colonnes-du-Temple-dApollon-c-G.A.-D.-400x266.jpg\" class=\"attachment-medium size-medium\" alt=\"Side face \u00e0 la mer les colonnes du Temple d&#039;Apollon (c) G.A.-D.\" srcset=\"https:\/\/www.exclusifmag.com\/online\/wp-content\/uploads\/2018\/11\/6.-Side-face-\u00e0-la-mer-les-colonnes-du-Temple-dApollon-c-G.A.-D.-400x266.jpg 400w, https:\/\/www.exclusifmag.com\/online\/wp-content\/uploads\/2018\/11\/6.-Side-face-\u00e0-la-mer-les-colonnes-du-Temple-dApollon-c-G.A.-D.-768x510.jpg 768w, https:\/\/www.exclusifmag.com\/online\/wp-content\/uploads\/2018\/11\/6.-Side-face-\u00e0-la-mer-les-colonnes-du-Temple-dApollon-c-G.A.-D.-828x550.jpg 828w, https:\/\/www.exclusifmag.com\/online\/wp-content\/uploads\/2018\/11\/6.-Side-face-\u00e0-la-mer-les-colonnes-du-Temple-dApollon-c-G.A.-D..jpg 900w\" sizes=\"auto, (max-width: 400px) 100vw, 400px\" \/><\/a>\n\t\t\t<\/dt><\/dl><br style=\"clear: both\" \/><dl class='gallery-item'>\n\t\t\t<dt class='gallery-icon landscape'>\n\t\t\t\t<a href='https:\/\/www.exclusifmag.com\/online\/wp-content\/uploads\/2018\/11\/7.-Tr\u00e8s-recherch\u00e9s-Side-accueille-de-petits-restaurants-et-caf\u00e9s-le-long-de-la-mer-c-G.A.-D..jpg'><img loading=\"lazy\" decoding=\"async\" width=\"400\" height=\"266\" src=\"https:\/\/www.exclusifmag.com\/online\/wp-content\/uploads\/2018\/11\/7.-Tr\u00e8s-recherch\u00e9s-Side-accueille-de-petits-restaurants-et-caf\u00e9s-le-long-de-la-mer-c-G.A.-D.-400x266.jpg\" class=\"attachment-medium size-medium\" alt=\"Tr\u00e8s recherch\u00e9s Side accueille de petits restaurants et caf\u00e9s le long de la mer (c) G.A.-D.\" srcset=\"https:\/\/www.exclusifmag.com\/online\/wp-content\/uploads\/2018\/11\/7.-Tr\u00e8s-recherch\u00e9s-Side-accueille-de-petits-restaurants-et-caf\u00e9s-le-long-de-la-mer-c-G.A.-D.-400x266.jpg 400w, https:\/\/www.exclusifmag.com\/online\/wp-content\/uploads\/2018\/11\/7.-Tr\u00e8s-recherch\u00e9s-Side-accueille-de-petits-restaurants-et-caf\u00e9s-le-long-de-la-mer-c-G.A.-D.-768x510.jpg 768w, https:\/\/www.exclusifmag.com\/online\/wp-content\/uploads\/2018\/11\/7.-Tr\u00e8s-recherch\u00e9s-Side-accueille-de-petits-restaurants-et-caf\u00e9s-le-long-de-la-mer-c-G.A.-D.-828x550.jpg 828w, https:\/\/www.exclusifmag.com\/online\/wp-content\/uploads\/2018\/11\/7.-Tr\u00e8s-recherch\u00e9s-Side-accueille-de-petits-restaurants-et-caf\u00e9s-le-long-de-la-mer-c-G.A.-D..jpg 900w\" sizes=\"auto, (max-width: 400px) 100vw, 400px\" \/><\/a>\n\t\t\t<\/dt><\/dl><dl class='gallery-item'>\n\t\t\t<dt class='gallery-icon landscape'>\n\t\t\t\t<a href='https:\/\/www.exclusifmag.com\/online\/wp-content\/uploads\/2018\/11\/9.-Manavgat-connue-pour-ses-rapides-et-chutes-deau-c-G.A.-D.jpg'><img loading=\"lazy\" decoding=\"async\" width=\"400\" height=\"266\" src=\"https:\/\/www.exclusifmag.com\/online\/wp-content\/uploads\/2018\/11\/9.-Manavgat-connue-pour-ses-rapides-et-chutes-deau-c-G.A.-D-400x266.jpg\" class=\"attachment-medium size-medium\" alt=\"Manavgat connue pour ses rapides et chutes d&#039;eau (c) G.A.-D.\" srcset=\"https:\/\/www.exclusifmag.com\/online\/wp-content\/uploads\/2018\/11\/9.-Manavgat-connue-pour-ses-rapides-et-chutes-deau-c-G.A.-D-400x266.jpg 400w, https:\/\/www.exclusifmag.com\/online\/wp-content\/uploads\/2018\/11\/9.-Manavgat-connue-pour-ses-rapides-et-chutes-deau-c-G.A.-D-768x510.jpg 768w, https:\/\/www.exclusifmag.com\/online\/wp-content\/uploads\/2018\/11\/9.-Manavgat-connue-pour-ses-rapides-et-chutes-deau-c-G.A.-D-828x550.jpg 828w, https:\/\/www.exclusifmag.com\/online\/wp-content\/uploads\/2018\/11\/9.-Manavgat-connue-pour-ses-rapides-et-chutes-deau-c-G.A.-D.jpg 900w\" sizes=\"auto, (max-width: 400px) 100vw, 400px\" \/><\/a>\n\t\t\t<\/dt><\/dl><br style=\"clear: both\" \/>\n\t\t<\/div>\n\n<p>Entre cypr\u00e8s, c\u00e8dres et pins parasols, \u00e0 quelques km d\u2019Antalya au croisement d\u2019une vall\u00e9e fertile typiquement m\u00e9diterran\u00e9enne, sur une \u00e9tendue de 400 ha, le Parc National K\u00f6pr\u00fcl\u00fc Canyon est le plus populaire des sites \u00e0 visiter. Ici, randonn\u00e9e, exploration de vieilles ruines, rafting &#8211; 14km sur la rivi\u00e8re Kopru regorgeant de truites saumon\u00e9es \u2013 sont autant d\u2019activit\u00e9s tr\u00e8s pris\u00e9es ! Les amateurs de sensations fortes s\u2019en donnent \u00e0 c\u0153ur joie bravant les chutes et les embruns de la cette descente de rivi\u00e8re parfaitement encadr\u00e9e, suivie d&rsquo;un sympathique buffet de sp\u00e9cialit\u00e9s traditionnelles\u2026 Autre curiosit\u00e9 naturelle tr\u00e8s fr\u00e9quent\u00e9e, au pied des pentes douces du Mont Taurus, Manavgat une petite ville dans le delta du fleuve \u00e9ponyme connu pour ses rapides et chutes d\u2019eau\u2026 Si Belek est le paradis du golf, les plaisirs sont nombreux\u2026 Le paradis se d\u00e9cline et se partage !<\/p>\n<p>&nbsp;<\/p>\n<p>&nbsp;<\/p>\n","protected":false},"excerpt":{"rendered":"<p>Paradis du golf<br \/>\nBelek joue le tierc\u00e9 gagnant<br \/>\nENTRE SOLEIL, MER ET CULTUR<\/p>\n","protected":false},"author":1,"featured_media":336,"comment_status":"open","ping_status":"open","sticky":false,"template":"","format":"standard","meta":{"footnotes":""},"categories":[19,17,5,14],"tags":[39,38,131],"class_list":["post-653","post","type-post","status-publish","format-standard","has-post-thumbnail","hentry","category-bien-etre-wellness","category-decouvertes","category-life-art-de-vivre","category-voyages","tag-belek","tag-golf","tag-turquie"],"_links":{"self":[{"href":"https:\/\/www.exclusifmag.com\/online\/wp-json\/wp\/v2\/posts\/653","targetHints":{"allow":["GET"]}}],"collection":[{"href":"https:\/\/www.exclusifmag.com\/online\/wp-json\/wp\/v2\/posts"}],"about":[{"href":"https:\/\/www.exclusifmag.com\/online\/wp-json\/wp\/v2\/types\/post"}],"author":[{"embeddable":true,"href":"https:\/\/www.exclusifmag.com\/online\/wp-json\/wp\/v2\/users\/1"}],"replies":[{"embeddable":true,"href":"https:\/\/www.exclusifmag.com\/online\/wp-json\/wp\/v2\/comments?post=653"}],"version-history":[{"count":31,"href":"https:\/\/www.exclusifmag.com\/online\/wp-json\/wp\/v2\/posts\/653\/revisions"}],"predecessor-version":[{"id":19285,"href":"https:\/\/www.exclusifmag.com\/online\/wp-json\/wp\/v2\/posts\/653\/revisions\/19285"}],"wp:featuredmedia":[{"embeddable":true,"href":"https:\/\/www.exclusifmag.com\/online\/wp-json\/wp\/v2\/media\/336"}],"wp:attachment":[{"href":"https:\/\/www.exclusifmag.com\/online\/wp-json\/wp\/v2\/media?parent=653"}],"wp:term":[{"taxonomy":"category","embeddable":true,"href":"https:\/\/www.exclusifmag.com\/online\/wp-json\/wp\/v2\/categories?post=653"},{"taxonomy":"post_tag","embeddable":true,"href":"https:\/\/www.exclusifmag.com\/online\/wp-json\/wp\/v2\/tags?post=653"}],"curies":[{"name":"wp","href":"https:\/\/api.w.org\/{rel}","templated":true}]}}